
{"id":24302,"date":"2025-02-06T00:46:31","date_gmt":"2025-02-06T00:46:31","guid":{"rendered":"https:\/\/msconectado.com.br\/?p=24302"},"modified":"2025-02-06T00:51:40","modified_gmt":"2025-02-06T00:51:40","slug":"vereador-gringo-visita-secretario-de-cultura-fala-de-projetos-e-solta-a-voz-na-moda-sertaneja","status":"publish","type":"post","link":"https:\/\/msconectado.com.br\/?p=24302","title":{"rendered":"Vereador Gringo visita Secret\u00e1rio de Cultura, fala de projetos e solta a voz na moda sertaneja"},"content":{"rendered":"\n<p>Na tarde desta quarta-feira, o presidente da C\u00e2mara Municipal de Sidrol\u00e2ndia, vereador Gringo, realizou uma visita ao Secret\u00e1rio Municipal de Cultura, Alex Nantes, para discutir as principais demandas da pasta. Durante o encontro, al\u00e9m dos debates sobre projetos e iniciativas culturais para o munic\u00edpio, os dois surpreenderam ao protagonizar um dueto sertanejo.<\/p>\n\n\n\n<p>O vereador Gringo, que al\u00e9m da pol\u00edtica \u00e9 m\u00fasico, cantor e compositor, n\u00e3o hesitou em pegar o viol\u00e3o e, junto com Alex Nantes, interpretar uma can\u00e7\u00e3o de forma espont\u00e2nea. O momento descontra\u00eddo foi registrado em v\u00eddeo e j\u00e1 circula nas redes sociais, mostrando a sintonia entre os dois representantes p\u00fablicos n\u00e3o apenas na gest\u00e3o, mas tamb\u00e9m na arte.<\/p>\n\n\n\n<p>A visita teve como objetivo alinhar estrat\u00e9gias para o fortalecimento da cultura em Sidrol\u00e2ndia, incluindo a valoriza\u00e7\u00e3o de artistas locais, o fomento de eventos culturais e a capta\u00e7\u00e3o de recursos para novos projetos.<\/p>\n\n\n\n<p>&#8220;A cultura tem um papel fundamental no desenvolvimento da nossa cidade, e nossa inten\u00e7\u00e3o \u00e9 buscar formas de incentivar cada vez mais os talentos locais. Foi uma conversa muito produtiva, e esse dueto foi uma forma simb\u00f3lica de mostrar que cultura e pol\u00edtica podem andar juntas&#8221;, afirmou o vereador Gringo.<\/p>\n\n\n\n<p>O Secret\u00e1rio Alex Nantes tamb\u00e9m destacou a import\u00e2ncia do encontro e refor\u00e7ou o compromisso da pasta com o fortalecimento das atividades culturais no munic\u00edpio. &#8220;Foi uma conversa muito positiva, onde pudemos tratar de projetos que podem beneficiar toda nossa comunidade. E ainda tivemos esse momento musical especial, mostrando que a arte est\u00e1 presente em todas as esferas&#8221;, comentou.<\/p>\n\n\n\n<p>O v\u00eddeo do dueto entre o vereador Gringo e o Secret\u00e1rio de Cultura est\u00e1 dispon\u00edvel nas redes sociais e j\u00e1 tem repercutido entre os moradores, que elogiaram a iniciativa e a proximidade dos gestores com a comunidade cultural local.<\/p>\n\n\n\n<figure class=\"wp-block-embed is-type-video is-provider-youtube wp-block-embed-youtube wp-embed-aspect-16-9 wp-has-aspect-ratio\"><div class=\"wp-block-embed__wrapper\">\n<iframe title=\"Vereador Gringo visita Secret\u00e1rio de Cultura, fala de projetos e solta a voz na moda sertaneja\" width=\"640\" height=\"360\" src=\"https:\/\/www.youtube.com\/embed\/gJ-KJEiPHf8?feature=oembed\" frameborder=\"0\" allow=\"accelerometer; autoplay; clipboard-write; encrypted-media; gyroscope; picture-in-picture; web-share\" referrerpolicy=\"strict-origin-when-cross-origin\" allowfullscreen><\/iframe>\n<\/div><\/figure>\n\n\n\n<p>Por: Jeferson Silveira &#8211; DRT 001808\/MS<\/p>\n\n\n<div class=\"wp-block-image\">\n<figure class=\"aligncenter size-full\"><img fetchpriority=\"high\" decoding=\"async\" width=\"900\" height=\"100\" src=\"https:\/\/msconectado.com.br\/wp-content\/uploads\/2025\/01\/900x100_GOV_DENGUE.gif\" alt=\"\" class=\"wp-image-24210\"\/><\/figure>\n<\/div>\n\n\n<p><\/p>\n","protected":false},"excerpt":{"rendered":"<p>Na tarde desta quarta-feira, o presidente da C\u00e2mara Municipal de Sidrol\u00e2ndia, vereador Gringo, realizou uma visita ao Secret\u00e1rio Municipal de Cultura, Alex Nantes, para discutir as principais demandas da pasta. Durante o encontro, al\u00e9m dos debates sobre projetos e iniciativas culturais para o munic\u00edpio, os dois surpreenderam ao protagonizar um dueto sertanejo. O vereador Gringo, [&hellip;]<\/p>\n","protected":false},"author":3,"featured_media":24303,"comment_status":"open","ping_status":"closed","sticky":false,"template":"","format":"standard","meta":{"footnotes":""},"categories":[35,1,33],"tags":[],"class_list":["post-24302","post","type-post","status-publish","format-standard","has-post-thumbnail","hentry","category-cidades","category-noticia","category-politica"],"yoast_head":"<!-- This site is optimized with the Yoast SEO plugin v27.5 - https:\/\/yoast.com\/product\/yoast-seo-wordpress\/ -->\n<title>Vereador Gringo visita Secret\u00e1rio de Cultura, fala de projetos e solta a voz na moda sertaneja - MsConectado<\/title>\n<meta name=\"robots\" content=\"index, follow, max-snippet:-1, max-image-preview:large, max-video-preview:-1\" \/>\n<link rel=\"canonical\" href=\"https:\/\/msconectado.com.br\/?p=24302\" \/>\n<meta property=\"og:locale\" content=\"pt_BR\" \/>\n<meta property=\"og:type\" content=\"article\" \/>\n<meta property=\"og:title\" content=\"Vereador Gringo visita Secret\u00e1rio de Cultura, fala de projetos e solta a voz na moda sertaneja - MsConectado\" \/>\n<meta property=\"og:description\" content=\"Na tarde desta quarta-feira, o presidente da C\u00e2mara Municipal de Sidrol\u00e2ndia, vereador Gringo, realizou uma visita ao Secret\u00e1rio Municipal de Cultura, Alex Nantes, para discutir as principais demandas da pasta. Durante o encontro, al\u00e9m dos debates sobre projetos e iniciativas culturais para o munic\u00edpio, os dois surpreenderam ao protagonizar um dueto sertanejo. O vereador Gringo, [&hellip;]\" \/>\n<meta property=\"og:url\" content=\"https:\/\/msconectado.com.br\/?p=24302\" \/>\n<meta property=\"og:site_name\" content=\"MsConectado\" \/>\n<meta property=\"article:published_time\" content=\"2025-02-06T00:46:31+00:00\" \/>\n<meta property=\"article:modified_time\" content=\"2025-02-06T00:51:40+00:00\" \/>\n<meta property=\"og:image\" content=\"https:\/\/msconectado.com.br\/wp-content\/uploads\/2025\/02\/rodrigo-1.jpg\" \/>\n\t<meta property=\"og:image:width\" content=\"466\" \/>\n\t<meta property=\"og:image:height\" content=\"287\" \/>\n\t<meta property=\"og:image:type\" content=\"image\/jpeg\" \/>\n<meta name=\"author\" content=\"Jeferson\" \/>\n<meta name=\"twitter:card\" content=\"summary_large_image\" \/>\n<meta name=\"twitter:label1\" content=\"Escrito por\" \/>\n\t<meta name=\"twitter:data1\" content=\"Jeferson\" \/>\n\t<meta name=\"twitter:label2\" content=\"Est. tempo de leitura\" \/>\n\t<meta name=\"twitter:data2\" content=\"3 minutos\" \/>\n<script type=\"application\/ld+json\" class=\"yoast-schema-graph\">{\"@context\":\"https:\\\/\\\/schema.org\",\"@graph\":[{\"@type\":\"Article\",\"@id\":\"https:\\\/\\\/msconectado.com.br\\\/?p=24302#article\",\"isPartOf\":{\"@id\":\"https:\\\/\\\/msconectado.com.br\\\/?p=24302\"},\"author\":{\"name\":\"Jeferson\",\"@id\":\"https:\\\/\\\/msconectado.com.br\\\/#\\\/schema\\\/person\\\/feb123a95a93eebea36f0ed6a2e5ba48\"},\"headline\":\"Vereador Gringo visita Secret\u00e1rio de Cultura, fala de projetos e solta a voz na moda sertaneja\",\"datePublished\":\"2025-02-06T00:46:31+00:00\",\"dateModified\":\"2025-02-06T00:51:40+00:00\",\"mainEntityOfPage\":{\"@id\":\"https:\\\/\\\/msconectado.com.br\\\/?p=24302\"},\"wordCount\":350,\"commentCount\":0,\"publisher\":{\"@id\":\"https:\\\/\\\/msconectado.com.br\\\/#organization\"},\"image\":{\"@id\":\"https:\\\/\\\/msconectado.com.br\\\/?p=24302#primaryimage\"},\"thumbnailUrl\":\"https:\\\/\\\/msconectado.com.br\\\/wp-content\\\/uploads\\\/2025\\\/02\\\/rodrigo-1.jpg\",\"articleSection\":[\"Cidades\",\"Not\u00edcia\",\"Pol\u00edtica\"],\"inLanguage\":\"pt-BR\",\"potentialAction\":[{\"@type\":\"CommentAction\",\"name\":\"Comment\",\"target\":[\"https:\\\/\\\/msconectado.com.br\\\/?p=24302#respond\"]}]},{\"@type\":\"WebPage\",\"@id\":\"https:\\\/\\\/msconectado.com.br\\\/?p=24302\",\"url\":\"https:\\\/\\\/msconectado.com.br\\\/?p=24302\",\"name\":\"Vereador Gringo visita Secret\u00e1rio de Cultura, fala de projetos e solta a voz na moda sertaneja - MsConectado\",\"isPartOf\":{\"@id\":\"https:\\\/\\\/msconectado.com.br\\\/#website\"},\"primaryImageOfPage\":{\"@id\":\"https:\\\/\\\/msconectado.com.br\\\/?p=24302#primaryimage\"},\"image\":{\"@id\":\"https:\\\/\\\/msconectado.com.br\\\/?p=24302#primaryimage\"},\"thumbnailUrl\":\"https:\\\/\\\/msconectado.com.br\\\/wp-content\\\/uploads\\\/2025\\\/02\\\/rodrigo-1.jpg\",\"datePublished\":\"2025-02-06T00:46:31+00:00\",\"dateModified\":\"2025-02-06T00:51:40+00:00\",\"breadcrumb\":{\"@id\":\"https:\\\/\\\/msconectado.com.br\\\/?p=24302#breadcrumb\"},\"inLanguage\":\"pt-BR\",\"potentialAction\":[{\"@type\":\"ReadAction\",\"target\":[\"https:\\\/\\\/msconectado.com.br\\\/?p=24302\"]}]},{\"@type\":\"ImageObject\",\"inLanguage\":\"pt-BR\",\"@id\":\"https:\\\/\\\/msconectado.com.br\\\/?p=24302#primaryimage\",\"url\":\"https:\\\/\\\/msconectado.com.br\\\/wp-content\\\/uploads\\\/2025\\\/02\\\/rodrigo-1.jpg\",\"contentUrl\":\"https:\\\/\\\/msconectado.com.br\\\/wp-content\\\/uploads\\\/2025\\\/02\\\/rodrigo-1.jpg\",\"width\":466,\"height\":287},{\"@type\":\"BreadcrumbList\",\"@id\":\"https:\\\/\\\/msconectado.com.br\\\/?p=24302#breadcrumb\",\"itemListElement\":[{\"@type\":\"ListItem\",\"position\":1,\"name\":\"In\u00edcio\",\"item\":\"https:\\\/\\\/msconectado.com.br\\\/\"},{\"@type\":\"ListItem\",\"position\":2,\"name\":\"Vereador Gringo visita Secret\u00e1rio de Cultura, fala de projetos e solta a voz na moda sertaneja\"}]},{\"@type\":\"WebSite\",\"@id\":\"https:\\\/\\\/msconectado.com.br\\\/#website\",\"url\":\"https:\\\/\\\/msconectado.com.br\\\/\",\"name\":\"MsConectado\",\"description\":\"Voc\u00ea Conectado com a Not\u00edcia!\",\"publisher\":{\"@id\":\"https:\\\/\\\/msconectado.com.br\\\/#organization\"},\"potentialAction\":[{\"@type\":\"SearchAction\",\"target\":{\"@type\":\"EntryPoint\",\"urlTemplate\":\"https:\\\/\\\/msconectado.com.br\\\/?s={search_term_string}\"},\"query-input\":{\"@type\":\"PropertyValueSpecification\",\"valueRequired\":true,\"valueName\":\"search_term_string\"}}],\"inLanguage\":\"pt-BR\"},{\"@type\":\"Organization\",\"@id\":\"https:\\\/\\\/msconectado.com.br\\\/#organization\",\"name\":\"MsConectado\",\"url\":\"https:\\\/\\\/msconectado.com.br\\\/\",\"logo\":{\"@type\":\"ImageObject\",\"inLanguage\":\"pt-BR\",\"@id\":\"https:\\\/\\\/msconectado.com.br\\\/#\\\/schema\\\/logo\\\/image\\\/\",\"url\":\"https:\\\/\\\/msconectado.com.br\\\/wp-content\\\/uploads\\\/2023\\\/01\\\/cropped-noticia-2.png\",\"contentUrl\":\"https:\\\/\\\/msconectado.com.br\\\/wp-content\\\/uploads\\\/2023\\\/01\\\/cropped-noticia-2.png\",\"width\":720,\"height\":157,\"caption\":\"MsConectado\"},\"image\":{\"@id\":\"https:\\\/\\\/msconectado.com.br\\\/#\\\/schema\\\/logo\\\/image\\\/\"}},{\"@type\":\"Person\",\"@id\":\"https:\\\/\\\/msconectado.com.br\\\/#\\\/schema\\\/person\\\/feb123a95a93eebea36f0ed6a2e5ba48\",\"name\":\"Jeferson\",\"image\":{\"@type\":\"ImageObject\",\"inLanguage\":\"pt-BR\",\"@id\":\"https:\\\/\\\/secure.gravatar.com\\\/avatar\\\/e23e8901c88f0cdc0ad479ef7a39bf3e4c806344549c087c00b721a65549a328?s=96&d=mm&r=g\",\"url\":\"https:\\\/\\\/secure.gravatar.com\\\/avatar\\\/e23e8901c88f0cdc0ad479ef7a39bf3e4c806344549c087c00b721a65549a328?s=96&d=mm&r=g\",\"contentUrl\":\"https:\\\/\\\/secure.gravatar.com\\\/avatar\\\/e23e8901c88f0cdc0ad479ef7a39bf3e4c806344549c087c00b721a65549a328?s=96&d=mm&r=g\",\"caption\":\"Jeferson\"},\"url\":\"https:\\\/\\\/msconectado.com.br\\\/?author=3\"}]}<\/script>\n<!-- \/ Yoast SEO plugin. -->","yoast_head_json":{"title":"Vereador Gringo visita Secret\u00e1rio de Cultura, fala de projetos e solta a voz na moda sertaneja - MsConectado","robots":{"index":"index","follow":"follow","max-snippet":"max-snippet:-1","max-image-preview":"max-image-preview:large","max-video-preview":"max-video-preview:-1"},"canonical":"https:\/\/msconectado.com.br\/?p=24302","og_locale":"pt_BR","og_type":"article","og_title":"Vereador Gringo visita Secret\u00e1rio de Cultura, fala de projetos e solta a voz na moda sertaneja - MsConectado","og_description":"Na tarde desta quarta-feira, o presidente da C\u00e2mara Municipal de Sidrol\u00e2ndia, vereador Gringo, realizou uma visita ao Secret\u00e1rio Municipal de Cultura, Alex Nantes, para discutir as principais demandas da pasta. Durante o encontro, al\u00e9m dos debates sobre projetos e iniciativas culturais para o munic\u00edpio, os dois surpreenderam ao protagonizar um dueto sertanejo. O vereador Gringo, [&hellip;]","og_url":"https:\/\/msconectado.com.br\/?p=24302","og_site_name":"MsConectado","article_published_time":"2025-02-06T00:46:31+00:00","article_modified_time":"2025-02-06T00:51:40+00:00","og_image":[{"width":466,"height":287,"url":"https:\/\/msconectado.com.br\/wp-content\/uploads\/2025\/02\/rodrigo-1.jpg","type":"image\/jpeg"}],"author":"Jeferson","twitter_card":"summary_large_image","twitter_misc":{"Escrito por":"Jeferson","Est. tempo de leitura":"3 minutos"},"schema":{"@context":"https:\/\/schema.org","@graph":[{"@type":"Article","@id":"https:\/\/msconectado.com.br\/?p=24302#article","isPartOf":{"@id":"https:\/\/msconectado.com.br\/?p=24302"},"author":{"name":"Jeferson","@id":"https:\/\/msconectado.com.br\/#\/schema\/person\/feb123a95a93eebea36f0ed6a2e5ba48"},"headline":"Vereador Gringo visita Secret\u00e1rio de Cultura, fala de projetos e solta a voz na moda sertaneja","datePublished":"2025-02-06T00:46:31+00:00","dateModified":"2025-02-06T00:51:40+00:00","mainEntityOfPage":{"@id":"https:\/\/msconectado.com.br\/?p=24302"},"wordCount":350,"commentCount":0,"publisher":{"@id":"https:\/\/msconectado.com.br\/#organization"},"image":{"@id":"https:\/\/msconectado.com.br\/?p=24302#primaryimage"},"thumbnailUrl":"https:\/\/msconectado.com.br\/wp-content\/uploads\/2025\/02\/rodrigo-1.jpg","articleSection":["Cidades","Not\u00edcia","Pol\u00edtica"],"inLanguage":"pt-BR","potentialAction":[{"@type":"CommentAction","name":"Comment","target":["https:\/\/msconectado.com.br\/?p=24302#respond"]}]},{"@type":"WebPage","@id":"https:\/\/msconectado.com.br\/?p=24302","url":"https:\/\/msconectado.com.br\/?p=24302","name":"Vereador Gringo visita Secret\u00e1rio de Cultura, fala de projetos e solta a voz na moda sertaneja - MsConectado","isPartOf":{"@id":"https:\/\/msconectado.com.br\/#website"},"primaryImageOfPage":{"@id":"https:\/\/msconectado.com.br\/?p=24302#primaryimage"},"image":{"@id":"https:\/\/msconectado.com.br\/?p=24302#primaryimage"},"thumbnailUrl":"https:\/\/msconectado.com.br\/wp-content\/uploads\/2025\/02\/rodrigo-1.jpg","datePublished":"2025-02-06T00:46:31+00:00","dateModified":"2025-02-06T00:51:40+00:00","breadcrumb":{"@id":"https:\/\/msconectado.com.br\/?p=24302#breadcrumb"},"inLanguage":"pt-BR","potentialAction":[{"@type":"ReadAction","target":["https:\/\/msconectado.com.br\/?p=24302"]}]},{"@type":"ImageObject","inLanguage":"pt-BR","@id":"https:\/\/msconectado.com.br\/?p=24302#primaryimage","url":"https:\/\/msconectado.com.br\/wp-content\/uploads\/2025\/02\/rodrigo-1.jpg","contentUrl":"https:\/\/msconectado.com.br\/wp-content\/uploads\/2025\/02\/rodrigo-1.jpg","width":466,"height":287},{"@type":"BreadcrumbList","@id":"https:\/\/msconectado.com.br\/?p=24302#breadcrumb","itemListElement":[{"@type":"ListItem","position":1,"name":"In\u00edcio","item":"https:\/\/msconectado.com.br\/"},{"@type":"ListItem","position":2,"name":"Vereador Gringo visita Secret\u00e1rio de Cultura, fala de projetos e solta a voz na moda sertaneja"}]},{"@type":"WebSite","@id":"https:\/\/msconectado.com.br\/#website","url":"https:\/\/msconectado.com.br\/","name":"MsConectado","description":"Voc\u00ea Conectado com a Not\u00edcia!","publisher":{"@id":"https:\/\/msconectado.com.br\/#organization"},"potentialAction":[{"@type":"SearchAction","target":{"@type":"EntryPoint","urlTemplate":"https:\/\/msconectado.com.br\/?s={search_term_string}"},"query-input":{"@type":"PropertyValueSpecification","valueRequired":true,"valueName":"search_term_string"}}],"inLanguage":"pt-BR"},{"@type":"Organization","@id":"https:\/\/msconectado.com.br\/#organization","name":"MsConectado","url":"https:\/\/msconectado.com.br\/","logo":{"@type":"ImageObject","inLanguage":"pt-BR","@id":"https:\/\/msconectado.com.br\/#\/schema\/logo\/image\/","url":"https:\/\/msconectado.com.br\/wp-content\/uploads\/2023\/01\/cropped-noticia-2.png","contentUrl":"https:\/\/msconectado.com.br\/wp-content\/uploads\/2023\/01\/cropped-noticia-2.png","width":720,"height":157,"caption":"MsConectado"},"image":{"@id":"https:\/\/msconectado.com.br\/#\/schema\/logo\/image\/"}},{"@type":"Person","@id":"https:\/\/msconectado.com.br\/#\/schema\/person\/feb123a95a93eebea36f0ed6a2e5ba48","name":"Jeferson","image":{"@type":"ImageObject","inLanguage":"pt-BR","@id":"https:\/\/secure.gravatar.com\/avatar\/e23e8901c88f0cdc0ad479ef7a39bf3e4c806344549c087c00b721a65549a328?s=96&d=mm&r=g","url":"https:\/\/secure.gravatar.com\/avatar\/e23e8901c88f0cdc0ad479ef7a39bf3e4c806344549c087c00b721a65549a328?s=96&d=mm&r=g","contentUrl":"https:\/\/secure.gravatar.com\/avatar\/e23e8901c88f0cdc0ad479ef7a39bf3e4c806344549c087c00b721a65549a328?s=96&d=mm&r=g","caption":"Jeferson"},"url":"https:\/\/msconectado.com.br\/?author=3"}]}},"_links":{"self":[{"href":"https:\/\/msconectado.com.br\/index.php?rest_route=\/wp\/v2\/posts\/24302","targetHints":{"allow":["GET"]}}],"collection":[{"href":"https:\/\/msconectado.com.br\/index.php?rest_route=\/wp\/v2\/posts"}],"about":[{"href":"https:\/\/msconectado.com.br\/index.php?rest_route=\/wp\/v2\/types\/post"}],"author":[{"embeddable":true,"href":"https:\/\/msconectado.com.br\/index.php?rest_route=\/wp\/v2\/users\/3"}],"replies":[{"embeddable":true,"href":"https:\/\/msconectado.com.br\/index.php?rest_route=%2Fwp%2Fv2%2Fcomments&post=24302"}],"version-history":[{"count":2,"href":"https:\/\/msconectado.com.br\/index.php?rest_route=\/wp\/v2\/posts\/24302\/revisions"}],"predecessor-version":[{"id":24306,"href":"https:\/\/msconectado.com.br\/index.php?rest_route=\/wp\/v2\/posts\/24302\/revisions\/24306"}],"wp:featuredmedia":[{"embeddable":true,"href":"https:\/\/msconectado.com.br\/index.php?rest_route=\/wp\/v2\/media\/24303"}],"wp:attachment":[{"href":"https:\/\/msconectado.com.br\/index.php?rest_route=%2Fwp%2Fv2%2Fmedia&parent=24302"}],"wp:term":[{"taxonomy":"category","embeddable":true,"href":"https:\/\/msconectado.com.br\/index.php?rest_route=%2Fwp%2Fv2%2Fcategories&post=24302"},{"taxonomy":"post_tag","embeddable":true,"href":"https:\/\/msconectado.com.br\/index.php?rest_route=%2Fwp%2Fv2%2Ftags&post=24302"}],"curies":[{"name":"wp","href":"https:\/\/api.w.org\/{rel}","templated":true}]}}