{"id":24404,"date":"2025-02-16T19:11:32","date_gmt":"2025-02-16T19:11:32","guid":{"rendered":"https:\/\/msconectado.com.br\/?p=24404"},"modified":"2025-02-16T19:11:34","modified_gmt":"2025-02-16T19:11:34","slug":"deputada-pede-dispensa-de-exigencia-em-edital-da-lei-aldir-blanc","status":"publish","type":"post","link":"https:\/\/msconectado.com.br\/?p=24404","title":{"rendered":"Deputada pede dispensa de exig\u00eancia em edital da Lei Aldir Blanc"},"content":{"rendered":"\n<p>A dispensa de exig\u00eancia da comprova\u00e7\u00e3o de regularidade fiscal no edital vigente para execu\u00e7\u00e3o da Lei Aldir Blanc (n\u00ba 14.017\/20) e da Lei Paulo Gustavo (n\u00ba 195\/22) foi solicitada ao governo estadual na sess\u00e3o de hoje (30), pela deputada estadual Mara Caseiro (PSDB). Assinada juntamente com o deputado estadual Jo\u00e3o Mattogrosso (PSDB), a indica\u00e7\u00e3o atende pedido de profissionais da Cultura que se sentem prejudicados com a exig\u00eancia de certid\u00f5es negativas de d\u00e9bito no \u00e2mbito federal, estadual e municipal para a habilita\u00e7\u00e3o no edital.<\/p>\n\n\n\n<p>Editadas no per\u00edodo da pandemia da COVID-19, as leis Aldir Blanc e Paulo Gustavo tiveram como prop\u00f3sito, o fomento do fomentar o setor cultural de estados e munic\u00edpios, com a destina\u00e7\u00e3o anual de valores para incentivar atividades culturais que podem ser contempladas por meio de editais, chamadas p\u00fablicas, pr\u00eamios, compra de bens e servi\u00e7os, cursos e outros procedimentos. Por meio destas leis o Estado de Mato Grosso do Sul recebe recursos financeiros para serem destinados na realiza\u00e7\u00e3o de a\u00e7\u00f5es culturais escolhidas por meio de sele\u00e7\u00e3o p\u00fablica.<\/p>\n\n\n\n<p>\u201cO que ocorre \u00e9 que os artistas interessados s\u00e3o justamente os mais necessitados e que possivelmente n\u00e3o contemplam a exig\u00eancia do edital\u201d, destacou a deputada Mara Caseiro que foi diretora-presidente da Funda\u00e7\u00e3o de Cultura de Mato Grosso do Sul na \u00e9poca da pandemia.<\/p>\n\n\n\n<p>Conforme edital, os artistas sul-mato-grossenses que desejarem ter acesso aos recursos federais, precisar\u00e3o apresentar certid\u00f5es de d\u00e9bitos relativos \u00e0 cr\u00e9ditos tribut\u00e1rios federais, D\u00edvida Ativa da Uni\u00e3o, certid\u00e3o negativa de d\u00e9bitos estaduais, certid\u00e3o negativa de d\u00e9bitos municipais e certid\u00e3o de d\u00e9bitos trabalhistas. \u201cEste requisito tem se tornado um grande obst\u00e1culo para a participa\u00e7\u00e3o e acesso dos profissionais da Cultura aos recursos federais, al\u00e9m de injusta cl\u00e1usula de barreira \u00e0queles para quem a lei foi editada\u201d, afirmou a parlamentar.<\/p>\n\n\n\n<p>Al\u00e9m da retifica\u00e7\u00e3o do edital vigente, Mara Caseiro solicitou tamb\u00e9m, que o Governo do Estado, por meio da Funda\u00e7\u00e3o de Cultura, n\u00e3o coloque nos editais futuros, a exig\u00eancia de apresenta\u00e7\u00e3o de certid\u00e3o negativa. \u201cEstes crit\u00e9rios ferem a natureza e o objetivo das leis federais Aldir Blanc e Paulo Gustavo que s\u00e3o de auxiliar os artistas regionais para a promo\u00e7\u00e3o e fomento da cultura local\u201d, concluiu ela.<\/p>\n\n\n\n<p>Assessoria<\/p>\n\n\n<div class=\"wp-block-image\">\n<figure class=\"aligncenter size-full\"><img fetchpriority=\"high\" decoding=\"async\" width=\"900\" height=\"100\" src=\"https:\/\/msconectado.com.br\/wp-content\/uploads\/2025\/02\/Sicredi-Web-Banner-900x100-min.png\" alt=\"\" class=\"wp-image-24308\" srcset=\"https:\/\/msconectado.com.br\/wp-content\/uploads\/2025\/02\/Sicredi-Web-Banner-900x100-min.png 900w, https:\/\/msconectado.com.br\/wp-content\/uploads\/2025\/02\/Sicredi-Web-Banner-900x100-min-300x33.png 300w, https:\/\/msconectado.com.br\/wp-content\/uploads\/2025\/02\/Sicredi-Web-Banner-900x100-min-768x85.png 768w\" sizes=\"(max-width: 900px) 100vw, 900px\" \/><\/figure>\n<\/div>","protected":false},"excerpt":{"rendered":"<p>A dispensa de exig\u00eancia da comprova\u00e7\u00e3o de regularidade fiscal no edital vigente para execu\u00e7\u00e3o da Lei Aldir Blanc (n\u00ba 14.017\/20) e da Lei Paulo Gustavo (n\u00ba 195\/22) foi solicitada ao governo estadual na sess\u00e3o de hoje (30), pela deputada estadual Mara Caseiro (PSDB). Assinada juntamente com o deputado estadual Jo\u00e3o Mattogrosso (PSDB), a indica\u00e7\u00e3o atende [&hellip;]<\/p>\n","protected":false},"author":3,"featured_media":24405,"comment_status":"open","ping_status":"closed","sticky":false,"template":"","format":"standard","meta":{"footnotes":""},"categories":[38,35,1,33],"tags":[],"class_list":["post-24404","post","type-post","status-publish","format-standard","has-post-thumbnail","hentry","category-assembleia-legislativa","category-cidades","category-noticia","category-politica"],"yoast_head":"<!-- This site is optimized with the Yoast SEO plugin v27.5 - https:\/\/yoast.com\/product\/yoast-seo-wordpress\/ -->\n<title>Deputada pede dispensa de exig\u00eancia em edital da Lei Aldir Blanc - MsConectado<\/title>\n<meta name=\"robots\" content=\"index, follow, max-snippet:-1, max-image-preview:large, max-video-preview:-1\" \/>\n<link rel=\"canonical\" href=\"https:\/\/msconectado.com.br\/?p=24404\" \/>\n<meta property=\"og:locale\" content=\"pt_BR\" \/>\n<meta property=\"og:type\" content=\"article\" \/>\n<meta property=\"og:title\" content=\"Deputada pede dispensa de exig\u00eancia em edital da Lei Aldir Blanc - MsConectado\" \/>\n<meta property=\"og:description\" content=\"A dispensa de exig\u00eancia da comprova\u00e7\u00e3o de regularidade fiscal no edital vigente para execu\u00e7\u00e3o da Lei Aldir Blanc (n\u00ba 14.017\/20) e da Lei Paulo Gustavo (n\u00ba 195\/22) foi solicitada ao governo estadual na sess\u00e3o de hoje (30), pela deputada estadual Mara Caseiro (PSDB). Assinada juntamente com o deputado estadual Jo\u00e3o Mattogrosso (PSDB), a indica\u00e7\u00e3o atende [&hellip;]\" \/>\n<meta property=\"og:url\" content=\"https:\/\/msconectado.com.br\/?p=24404\" \/>\n<meta property=\"og:site_name\" content=\"MsConectado\" \/>\n<meta property=\"article:published_time\" content=\"2025-02-16T19:11:32+00:00\" \/>\n<meta property=\"article:modified_time\" content=\"2025-02-16T19:11:34+00:00\" \/>\n<meta property=\"og:image\" content=\"https:\/\/msconectado.com.br\/wp-content\/uploads\/2025\/02\/rodrigo-6.jpg\" \/>\n\t<meta property=\"og:image:width\" content=\"1023\" \/>\n\t<meta property=\"og:image:height\" content=\"449\" \/>\n\t<meta property=\"og:image:type\" content=\"image\/jpeg\" \/>\n<meta name=\"author\" content=\"Jeferson\" \/>\n<meta name=\"twitter:card\" content=\"summary_large_image\" \/>\n<meta name=\"twitter:label1\" content=\"Escrito por\" \/>\n\t<meta name=\"twitter:data1\" content=\"Jeferson\" \/>\n\t<meta name=\"twitter:label2\" content=\"Est. tempo de leitura\" \/>\n\t<meta name=\"twitter:data2\" content=\"3 minutos\" \/>\n<script type=\"application\/ld+json\" class=\"yoast-schema-graph\">{\"@context\":\"https:\\\/\\\/schema.org\",\"@graph\":[{\"@type\":\"Article\",\"@id\":\"https:\\\/\\\/msconectado.com.br\\\/?p=24404#article\",\"isPartOf\":{\"@id\":\"https:\\\/\\\/msconectado.com.br\\\/?p=24404\"},\"author\":{\"name\":\"Jeferson\",\"@id\":\"https:\\\/\\\/msconectado.com.br\\\/#\\\/schema\\\/person\\\/feb123a95a93eebea36f0ed6a2e5ba48\"},\"headline\":\"Deputada pede dispensa de exig\u00eancia em edital da Lei Aldir Blanc\",\"datePublished\":\"2025-02-16T19:11:32+00:00\",\"dateModified\":\"2025-02-16T19:11:34+00:00\",\"mainEntityOfPage\":{\"@id\":\"https:\\\/\\\/msconectado.com.br\\\/?p=24404\"},\"wordCount\":416,\"commentCount\":0,\"publisher\":{\"@id\":\"https:\\\/\\\/msconectado.com.br\\\/#organization\"},\"image\":{\"@id\":\"https:\\\/\\\/msconectado.com.br\\\/?p=24404#primaryimage\"},\"thumbnailUrl\":\"https:\\\/\\\/msconectado.com.br\\\/wp-content\\\/uploads\\\/2025\\\/02\\\/rodrigo-6.jpg\",\"articleSection\":[\"Assembleia Legislativa\",\"Cidades\",\"Not\u00edcia\",\"Pol\u00edtica\"],\"inLanguage\":\"pt-BR\",\"potentialAction\":[{\"@type\":\"CommentAction\",\"name\":\"Comment\",\"target\":[\"https:\\\/\\\/msconectado.com.br\\\/?p=24404#respond\"]}]},{\"@type\":\"WebPage\",\"@id\":\"https:\\\/\\\/msconectado.com.br\\\/?p=24404\",\"url\":\"https:\\\/\\\/msconectado.com.br\\\/?p=24404\",\"name\":\"Deputada pede dispensa de exig\u00eancia em edital da Lei Aldir Blanc - MsConectado\",\"isPartOf\":{\"@id\":\"https:\\\/\\\/msconectado.com.br\\\/#website\"},\"primaryImageOfPage\":{\"@id\":\"https:\\\/\\\/msconectado.com.br\\\/?p=24404#primaryimage\"},\"image\":{\"@id\":\"https:\\\/\\\/msconectado.com.br\\\/?p=24404#primaryimage\"},\"thumbnailUrl\":\"https:\\\/\\\/msconectado.com.br\\\/wp-content\\\/uploads\\\/2025\\\/02\\\/rodrigo-6.jpg\",\"datePublished\":\"2025-02-16T19:11:32+00:00\",\"dateModified\":\"2025-02-16T19:11:34+00:00\",\"breadcrumb\":{\"@id\":\"https:\\\/\\\/msconectado.com.br\\\/?p=24404#breadcrumb\"},\"inLanguage\":\"pt-BR\",\"potentialAction\":[{\"@type\":\"ReadAction\",\"target\":[\"https:\\\/\\\/msconectado.com.br\\\/?p=24404\"]}]},{\"@type\":\"ImageObject\",\"inLanguage\":\"pt-BR\",\"@id\":\"https:\\\/\\\/msconectado.com.br\\\/?p=24404#primaryimage\",\"url\":\"https:\\\/\\\/msconectado.com.br\\\/wp-content\\\/uploads\\\/2025\\\/02\\\/rodrigo-6.jpg\",\"contentUrl\":\"https:\\\/\\\/msconectado.com.br\\\/wp-content\\\/uploads\\\/2025\\\/02\\\/rodrigo-6.jpg\",\"width\":1023,\"height\":449},{\"@type\":\"BreadcrumbList\",\"@id\":\"https:\\\/\\\/msconectado.com.br\\\/?p=24404#breadcrumb\",\"itemListElement\":[{\"@type\":\"ListItem\",\"position\":1,\"name\":\"In\u00edcio\",\"item\":\"https:\\\/\\\/msconectado.com.br\\\/?page_id=105\"},{\"@type\":\"ListItem\",\"position\":2,\"name\":\"Deputada pede dispensa de exig\u00eancia em edital da Lei Aldir Blanc\"}]},{\"@type\":\"WebSite\",\"@id\":\"https:\\\/\\\/msconectado.com.br\\\/#website\",\"url\":\"https:\\\/\\\/msconectado.com.br\\\/\",\"name\":\"MsConectado\",\"description\":\"Voc\u00ea Conectado com a Not\u00edcia!\",\"publisher\":{\"@id\":\"https:\\\/\\\/msconectado.com.br\\\/#organization\"},\"potentialAction\":[{\"@type\":\"SearchAction\",\"target\":{\"@type\":\"EntryPoint\",\"urlTemplate\":\"https:\\\/\\\/msconectado.com.br\\\/?s={search_term_string}\"},\"query-input\":{\"@type\":\"PropertyValueSpecification\",\"valueRequired\":true,\"valueName\":\"search_term_string\"}}],\"inLanguage\":\"pt-BR\"},{\"@type\":\"Organization\",\"@id\":\"https:\\\/\\\/msconectado.com.br\\\/#organization\",\"name\":\"MsConectado\",\"url\":\"https:\\\/\\\/msconectado.com.br\\\/\",\"logo\":{\"@type\":\"ImageObject\",\"inLanguage\":\"pt-BR\",\"@id\":\"https:\\\/\\\/msconectado.com.br\\\/#\\\/schema\\\/logo\\\/image\\\/\",\"url\":\"https:\\\/\\\/msconectado.com.br\\\/wp-content\\\/uploads\\\/2023\\\/01\\\/cropped-noticia-2.png\",\"contentUrl\":\"https:\\\/\\\/msconectado.com.br\\\/wp-content\\\/uploads\\\/2023\\\/01\\\/cropped-noticia-2.png\",\"width\":720,\"height\":157,\"caption\":\"MsConectado\"},\"image\":{\"@id\":\"https:\\\/\\\/msconectado.com.br\\\/#\\\/schema\\\/logo\\\/image\\\/\"}},{\"@type\":\"Person\",\"@id\":\"https:\\\/\\\/msconectado.com.br\\\/#\\\/schema\\\/person\\\/feb123a95a93eebea36f0ed6a2e5ba48\",\"name\":\"Jeferson\",\"image\":{\"@type\":\"ImageObject\",\"inLanguage\":\"pt-BR\",\"@id\":\"https:\\\/\\\/secure.gravatar.com\\\/avatar\\\/e23e8901c88f0cdc0ad479ef7a39bf3e4c806344549c087c00b721a65549a328?s=96&d=mm&r=g\",\"url\":\"https:\\\/\\\/secure.gravatar.com\\\/avatar\\\/e23e8901c88f0cdc0ad479ef7a39bf3e4c806344549c087c00b721a65549a328?s=96&d=mm&r=g\",\"contentUrl\":\"https:\\\/\\\/secure.gravatar.com\\\/avatar\\\/e23e8901c88f0cdc0ad479ef7a39bf3e4c806344549c087c00b721a65549a328?s=96&d=mm&r=g\",\"caption\":\"Jeferson\"},\"url\":\"https:\\\/\\\/msconectado.com.br\\\/?author=3\"}]}<\/script>\n<!-- \/ Yoast SEO plugin. -->","yoast_head_json":{"title":"Deputada pede dispensa de exig\u00eancia em edital da Lei Aldir Blanc - MsConectado","robots":{"index":"index","follow":"follow","max-snippet":"max-snippet:-1","max-image-preview":"max-image-preview:large","max-video-preview":"max-video-preview:-1"},"canonical":"https:\/\/msconectado.com.br\/?p=24404","og_locale":"pt_BR","og_type":"article","og_title":"Deputada pede dispensa de exig\u00eancia em edital da Lei Aldir Blanc - MsConectado","og_description":"A dispensa de exig\u00eancia da comprova\u00e7\u00e3o de regularidade fiscal no edital vigente para execu\u00e7\u00e3o da Lei Aldir Blanc (n\u00ba 14.017\/20) e da Lei Paulo Gustavo (n\u00ba 195\/22) foi solicitada ao governo estadual na sess\u00e3o de hoje (30), pela deputada estadual Mara Caseiro (PSDB). Assinada juntamente com o deputado estadual Jo\u00e3o Mattogrosso (PSDB), a indica\u00e7\u00e3o atende [&hellip;]","og_url":"https:\/\/msconectado.com.br\/?p=24404","og_site_name":"MsConectado","article_published_time":"2025-02-16T19:11:32+00:00","article_modified_time":"2025-02-16T19:11:34+00:00","og_image":[{"width":1023,"height":449,"url":"https:\/\/msconectado.com.br\/wp-content\/uploads\/2025\/02\/rodrigo-6.jpg","type":"image\/jpeg"}],"author":"Jeferson","twitter_card":"summary_large_image","twitter_misc":{"Escrito por":"Jeferson","Est. tempo de leitura":"3 minutos"},"schema":{"@context":"https:\/\/schema.org","@graph":[{"@type":"Article","@id":"https:\/\/msconectado.com.br\/?p=24404#article","isPartOf":{"@id":"https:\/\/msconectado.com.br\/?p=24404"},"author":{"name":"Jeferson","@id":"https:\/\/msconectado.com.br\/#\/schema\/person\/feb123a95a93eebea36f0ed6a2e5ba48"},"headline":"Deputada pede dispensa de exig\u00eancia em edital da Lei Aldir Blanc","datePublished":"2025-02-16T19:11:32+00:00","dateModified":"2025-02-16T19:11:34+00:00","mainEntityOfPage":{"@id":"https:\/\/msconectado.com.br\/?p=24404"},"wordCount":416,"commentCount":0,"publisher":{"@id":"https:\/\/msconectado.com.br\/#organization"},"image":{"@id":"https:\/\/msconectado.com.br\/?p=24404#primaryimage"},"thumbnailUrl":"https:\/\/msconectado.com.br\/wp-content\/uploads\/2025\/02\/rodrigo-6.jpg","articleSection":["Assembleia Legislativa","Cidades","Not\u00edcia","Pol\u00edtica"],"inLanguage":"pt-BR","potentialAction":[{"@type":"CommentAction","name":"Comment","target":["https:\/\/msconectado.com.br\/?p=24404#respond"]}]},{"@type":"WebPage","@id":"https:\/\/msconectado.com.br\/?p=24404","url":"https:\/\/msconectado.com.br\/?p=24404","name":"Deputada pede dispensa de exig\u00eancia em edital da Lei Aldir Blanc - MsConectado","isPartOf":{"@id":"https:\/\/msconectado.com.br\/#website"},"primaryImageOfPage":{"@id":"https:\/\/msconectado.com.br\/?p=24404#primaryimage"},"image":{"@id":"https:\/\/msconectado.com.br\/?p=24404#primaryimage"},"thumbnailUrl":"https:\/\/msconectado.com.br\/wp-content\/uploads\/2025\/02\/rodrigo-6.jpg","datePublished":"2025-02-16T19:11:32+00:00","dateModified":"2025-02-16T19:11:34+00:00","breadcrumb":{"@id":"https:\/\/msconectado.com.br\/?p=24404#breadcrumb"},"inLanguage":"pt-BR","potentialAction":[{"@type":"ReadAction","target":["https:\/\/msconectado.com.br\/?p=24404"]}]},{"@type":"ImageObject","inLanguage":"pt-BR","@id":"https:\/\/msconectado.com.br\/?p=24404#primaryimage","url":"https:\/\/msconectado.com.br\/wp-content\/uploads\/2025\/02\/rodrigo-6.jpg","contentUrl":"https:\/\/msconectado.com.br\/wp-content\/uploads\/2025\/02\/rodrigo-6.jpg","width":1023,"height":449},{"@type":"BreadcrumbList","@id":"https:\/\/msconectado.com.br\/?p=24404#breadcrumb","itemListElement":[{"@type":"ListItem","position":1,"name":"In\u00edcio","item":"https:\/\/msconectado.com.br\/?page_id=105"},{"@type":"ListItem","position":2,"name":"Deputada pede dispensa de exig\u00eancia em edital da Lei Aldir Blanc"}]},{"@type":"WebSite","@id":"https:\/\/msconectado.com.br\/#website","url":"https:\/\/msconectado.com.br\/","name":"MsConectado","description":"Voc\u00ea Conectado com a Not\u00edcia!","publisher":{"@id":"https:\/\/msconectado.com.br\/#organization"},"potentialAction":[{"@type":"SearchAction","target":{"@type":"EntryPoint","urlTemplate":"https:\/\/msconectado.com.br\/?s={search_term_string}"},"query-input":{"@type":"PropertyValueSpecification","valueRequired":true,"valueName":"search_term_string"}}],"inLanguage":"pt-BR"},{"@type":"Organization","@id":"https:\/\/msconectado.com.br\/#organization","name":"MsConectado","url":"https:\/\/msconectado.com.br\/","logo":{"@type":"ImageObject","inLanguage":"pt-BR","@id":"https:\/\/msconectado.com.br\/#\/schema\/logo\/image\/","url":"https:\/\/msconectado.com.br\/wp-content\/uploads\/2023\/01\/cropped-noticia-2.png","contentUrl":"https:\/\/msconectado.com.br\/wp-content\/uploads\/2023\/01\/cropped-noticia-2.png","width":720,"height":157,"caption":"MsConectado"},"image":{"@id":"https:\/\/msconectado.com.br\/#\/schema\/logo\/image\/"}},{"@type":"Person","@id":"https:\/\/msconectado.com.br\/#\/schema\/person\/feb123a95a93eebea36f0ed6a2e5ba48","name":"Jeferson","image":{"@type":"ImageObject","inLanguage":"pt-BR","@id":"https:\/\/secure.gravatar.com\/avatar\/e23e8901c88f0cdc0ad479ef7a39bf3e4c806344549c087c00b721a65549a328?s=96&d=mm&r=g","url":"https:\/\/secure.gravatar.com\/avatar\/e23e8901c88f0cdc0ad479ef7a39bf3e4c806344549c087c00b721a65549a328?s=96&d=mm&r=g","contentUrl":"https:\/\/secure.gravatar.com\/avatar\/e23e8901c88f0cdc0ad479ef7a39bf3e4c806344549c087c00b721a65549a328?s=96&d=mm&r=g","caption":"Jeferson"},"url":"https:\/\/msconectado.com.br\/?author=3"}]}},"_links":{"self":[{"href":"https:\/\/msconectado.com.br\/index.php?rest_route=\/wp\/v2\/posts\/24404","targetHints":{"allow":["GET"]}}],"collection":[{"href":"https:\/\/msconectado.com.br\/index.php?rest_route=\/wp\/v2\/posts"}],"about":[{"href":"https:\/\/msconectado.com.br\/index.php?rest_route=\/wp\/v2\/types\/post"}],"author":[{"embeddable":true,"href":"https:\/\/msconectado.com.br\/index.php?rest_route=\/wp\/v2\/users\/3"}],"replies":[{"embeddable":true,"href":"https:\/\/msconectado.com.br\/index.php?rest_route=%2Fwp%2Fv2%2Fcomments&post=24404"}],"version-history":[{"count":1,"href":"https:\/\/msconectado.com.br\/index.php?rest_route=\/wp\/v2\/posts\/24404\/revisions"}],"predecessor-version":[{"id":24406,"href":"https:\/\/msconectado.com.br\/index.php?rest_route=\/wp\/v2\/posts\/24404\/revisions\/24406"}],"wp:featuredmedia":[{"embeddable":true,"href":"https:\/\/msconectado.com.br\/index.php?rest_route=\/wp\/v2\/media\/24405"}],"wp:attachment":[{"href":"https:\/\/msconectado.com.br\/index.php?rest_route=%2Fwp%2Fv2%2Fmedia&parent=24404"}],"wp:term":[{"taxonomy":"category","embeddable":true,"href":"https:\/\/msconectado.com.br\/index.php?rest_route=%2Fwp%2Fv2%2Fcategories&post=24404"},{"taxonomy":"post_tag","embeddable":true,"href":"https:\/\/msconectado.com.br\/index.php?rest_route=%2Fwp%2Fv2%2Ftags&post=24404"}],"curies":[{"name":"wp","href":"https:\/\/api.w.org\/{rel}","templated":true}]}}