
{"id":24474,"date":"2025-02-24T00:10:12","date_gmt":"2025-02-24T00:10:12","guid":{"rendered":"https:\/\/msconectado.com.br\/?p=24474"},"modified":"2025-02-24T00:10:14","modified_gmt":"2025-02-24T00:10:14","slug":"com-foco-no-empreendedorismo-feminino-sicredi-pantanal-ms-lanca-programa-empreender-juntas","status":"publish","type":"post","link":"https:\/\/msconectado.com.br\/?p=24474","title":{"rendered":"Com foco no empreendedorismo feminino, Sicredi Pantanal MS lan\u00e7a programa Empreender Juntas"},"content":{"rendered":"\n<p>O munic\u00edpio de Maracaju \u00e9 pioneiro em um programa da Sicredi Pantanal MS que vai levar informa\u00e7\u00e3o, networking e desenvolvimento para 20 mulheres que foram selecionadas para participar da primeira edi\u00e7\u00e3o do Programa Empreender Juntas.<\/p>\n\n\n\n<p>A iniciativa desenvolvida pela Sicredi Pantanal MS tem como intuito de fortalecer relacionamentos comerciais entre as empreendedoras locais, levar temas voltados ao desenvolvimento profissional e pessoal e promover o crescimento de suas empresas, de diversos portes e \u00e1reas.<\/p>\n\n\n\n<p>A iniciativa ser\u00e1 lan\u00e7ada neste s\u00e1bado (08 de mar\u00e7o) com a presen\u00e7a de todas as colaboradoras da cooperativa e lideran\u00e7as locais. \u201cNossa miss\u00e3o \u00e9 dar suporte para que essas mulheres consigam se desenvolver de forma efetiva. Vamos, juntas, nos apoiar e crescer\u201d, afirma a gerente de Relacionamento da Sicredi Pantanal MS, Ana Brito.<\/p>\n\n\n\n<p>Dados da&nbsp;Global Emtrepreneurship Monitor, copilados pelo Sebrae, apontam que o&nbsp;Brasil \u00e9 o 7\u00b0 pais com maior n\u00famero de empreendedoras; e dos 52 milh\u00f5es de empreendedores existentes no pa\u00eds, 32 milh\u00f5es s\u00e3o mulheres.<\/p>\n\n\n\n<p>\u201cPor\u00e9m o que mais nos chama aten\u00e7\u00e3o \u00e9 que mesmo em um cen\u00e1rio com tantas mulheres nesta posi\u00e7\u00e3o, mais de 80% empreendem por necessidade e n\u00e3o necessariamente por voca\u00e7\u00e3o. Ent\u00e3o, esse projeto vem ao encontro da necessidade local de procurar conhecimento para o desenvolvimento\u201d, ressalta a Gerente Administrativo e Financeiro da cooperativa, Eliana Portela.<\/p>\n\n\n\n<p>Eliana refor\u00e7a que as empreendedoras foram escolhidas por terem seus neg\u00f3cios localizados na regi\u00e3o da ag\u00eancia do Sicredi localizada no bairro Paraguai, inaugurada em novembro do ano passado. \u201cFoi uma promessa do nosso presidente, Emerson Perosa, para promover o desenvolvimento local, sendo este um dos princ\u00edpios do cooperativismo\u201d.<\/p>\n\n\n\n<p>O programa contar\u00e1 com seis m\u00f3dulos de capacita\u00e7\u00e3o, entre empreendedorismo, imagem pessoal, comunica\u00e7\u00e3o, entre outros e iniciar\u00e1 a partir do m\u00eas de abril.<\/p>\n\n\n\n<p>Durante o evento de lan\u00e7amento que acontecer\u00e1 no Espa\u00e7o Sicredi dentro do Sindicato Rural de Maracaju, ser\u00e1 realizada a palestra Linguagem Corporal como Estrat\u00e9gia de Vendas, com a especialista em comunica\u00e7\u00e3o, Carol Portilho, especialista em linguagem corporal e perita forense em microexpress\u00f5es faciais, atuando como uma das maiores autoridades na \u00e1rea no Brasil. Al\u00e9m disso, \u00e9 formada em Programa\u00e7\u00e3o Neurolingu\u00edstica, utilizando suas habilidades para decifrar pessoas em contextos de justi\u00e7a.<\/p>\n\n\n\n<p>Assessoria<\/p>\n\n\n<div class=\"wp-block-image\">\n<figure class=\"aligncenter size-full\"><img fetchpriority=\"high\" decoding=\"async\" width=\"900\" height=\"100\" src=\"https:\/\/msconectado.com.br\/wp-content\/uploads\/2025\/02\/Sicredi-Web-Banner-900x100-min.png\" alt=\"\" class=\"wp-image-24308\" srcset=\"https:\/\/msconectado.com.br\/wp-content\/uploads\/2025\/02\/Sicredi-Web-Banner-900x100-min.png 900w, https:\/\/msconectado.com.br\/wp-content\/uploads\/2025\/02\/Sicredi-Web-Banner-900x100-min-300x33.png 300w, https:\/\/msconectado.com.br\/wp-content\/uploads\/2025\/02\/Sicredi-Web-Banner-900x100-min-768x85.png 768w\" sizes=\"(max-width: 900px) 100vw, 900px\" \/><\/figure>\n<\/div>","protected":false},"excerpt":{"rendered":"<p>O munic\u00edpio de Maracaju \u00e9 pioneiro em um programa da Sicredi Pantanal MS que vai levar informa\u00e7\u00e3o, networking e desenvolvimento para 20 mulheres que foram selecionadas para participar da primeira edi\u00e7\u00e3o do Programa Empreender Juntas. A iniciativa desenvolvida pela Sicredi Pantanal MS tem como intuito de fortalecer relacionamentos comerciais entre as empreendedoras locais, levar temas [&hellip;]<\/p>\n","protected":false},"author":3,"featured_media":24475,"comment_status":"open","ping_status":"closed","sticky":false,"template":"","format":"standard","meta":{"footnotes":""},"categories":[34],"tags":[],"class_list":["post-24474","post","type-post","status-publish","format-standard","has-post-thumbnail","hentry","category-comercio"],"yoast_head":"<!-- This site is optimized with the Yoast SEO plugin v27.5 - https:\/\/yoast.com\/product\/yoast-seo-wordpress\/ -->\n<title>Com foco no empreendedorismo feminino, Sicredi Pantanal MS lan\u00e7a programa Empreender Juntas - MsConectado<\/title>\n<meta name=\"robots\" content=\"index, follow, max-snippet:-1, max-image-preview:large, max-video-preview:-1\" \/>\n<link rel=\"canonical\" href=\"https:\/\/msconectado.com.br\/?p=24474\" \/>\n<meta property=\"og:locale\" content=\"pt_BR\" \/>\n<meta property=\"og:type\" content=\"article\" \/>\n<meta property=\"og:title\" content=\"Com foco no empreendedorismo feminino, Sicredi Pantanal MS lan\u00e7a programa Empreender Juntas - MsConectado\" \/>\n<meta property=\"og:description\" content=\"O munic\u00edpio de Maracaju \u00e9 pioneiro em um programa da Sicredi Pantanal MS que vai levar informa\u00e7\u00e3o, networking e desenvolvimento para 20 mulheres que foram selecionadas para participar da primeira edi\u00e7\u00e3o do Programa Empreender Juntas. A iniciativa desenvolvida pela Sicredi Pantanal MS tem como intuito de fortalecer relacionamentos comerciais entre as empreendedoras locais, levar temas [&hellip;]\" \/>\n<meta property=\"og:url\" content=\"https:\/\/msconectado.com.br\/?p=24474\" \/>\n<meta property=\"og:site_name\" content=\"MsConectado\" \/>\n<meta property=\"article:published_time\" content=\"2025-02-24T00:10:12+00:00\" \/>\n<meta property=\"article:modified_time\" content=\"2025-02-24T00:10:14+00:00\" \/>\n<meta property=\"og:image\" content=\"https:\/\/msconectado.com.br\/wp-content\/uploads\/2025\/02\/42284-REV-Campanha-Historias-PJ-Geral_Banner.jpg\" \/>\n\t<meta property=\"og:image:width\" content=\"1300\" \/>\n\t<meta property=\"og:image:height\" content=\"400\" \/>\n\t<meta property=\"og:image:type\" content=\"image\/jpeg\" \/>\n<meta name=\"author\" content=\"Jeferson\" \/>\n<meta name=\"twitter:card\" content=\"summary_large_image\" \/>\n<meta name=\"twitter:label1\" content=\"Escrito por\" \/>\n\t<meta name=\"twitter:data1\" content=\"Jeferson\" \/>\n\t<meta name=\"twitter:label2\" content=\"Est. tempo de leitura\" \/>\n\t<meta name=\"twitter:data2\" content=\"3 minutos\" \/>\n<script type=\"application\/ld+json\" class=\"yoast-schema-graph\">{\"@context\":\"https:\\\/\\\/schema.org\",\"@graph\":[{\"@type\":\"Article\",\"@id\":\"https:\\\/\\\/msconectado.com.br\\\/?p=24474#article\",\"isPartOf\":{\"@id\":\"https:\\\/\\\/msconectado.com.br\\\/?p=24474\"},\"author\":{\"name\":\"Jeferson\",\"@id\":\"https:\\\/\\\/msconectado.com.br\\\/#\\\/schema\\\/person\\\/feb123a95a93eebea36f0ed6a2e5ba48\"},\"headline\":\"Com foco no empreendedorismo feminino, Sicredi Pantanal MS lan\u00e7a programa Empreender Juntas\",\"datePublished\":\"2025-02-24T00:10:12+00:00\",\"dateModified\":\"2025-02-24T00:10:14+00:00\",\"mainEntityOfPage\":{\"@id\":\"https:\\\/\\\/msconectado.com.br\\\/?p=24474\"},\"wordCount\":399,\"commentCount\":0,\"publisher\":{\"@id\":\"https:\\\/\\\/msconectado.com.br\\\/#organization\"},\"image\":{\"@id\":\"https:\\\/\\\/msconectado.com.br\\\/?p=24474#primaryimage\"},\"thumbnailUrl\":\"https:\\\/\\\/msconectado.com.br\\\/wp-content\\\/uploads\\\/2025\\\/02\\\/42284-REV-Campanha-Historias-PJ-Geral_Banner.jpg\",\"articleSection\":[\"Com\u00e9rcio\"],\"inLanguage\":\"pt-BR\",\"potentialAction\":[{\"@type\":\"CommentAction\",\"name\":\"Comment\",\"target\":[\"https:\\\/\\\/msconectado.com.br\\\/?p=24474#respond\"]}]},{\"@type\":\"WebPage\",\"@id\":\"https:\\\/\\\/msconectado.com.br\\\/?p=24474\",\"url\":\"https:\\\/\\\/msconectado.com.br\\\/?p=24474\",\"name\":\"Com foco no empreendedorismo feminino, Sicredi Pantanal MS lan\u00e7a programa Empreender Juntas - MsConectado\",\"isPartOf\":{\"@id\":\"https:\\\/\\\/msconectado.com.br\\\/#website\"},\"primaryImageOfPage\":{\"@id\":\"https:\\\/\\\/msconectado.com.br\\\/?p=24474#primaryimage\"},\"image\":{\"@id\":\"https:\\\/\\\/msconectado.com.br\\\/?p=24474#primaryimage\"},\"thumbnailUrl\":\"https:\\\/\\\/msconectado.com.br\\\/wp-content\\\/uploads\\\/2025\\\/02\\\/42284-REV-Campanha-Historias-PJ-Geral_Banner.jpg\",\"datePublished\":\"2025-02-24T00:10:12+00:00\",\"dateModified\":\"2025-02-24T00:10:14+00:00\",\"breadcrumb\":{\"@id\":\"https:\\\/\\\/msconectado.com.br\\\/?p=24474#breadcrumb\"},\"inLanguage\":\"pt-BR\",\"potentialAction\":[{\"@type\":\"ReadAction\",\"target\":[\"https:\\\/\\\/msconectado.com.br\\\/?p=24474\"]}]},{\"@type\":\"ImageObject\",\"inLanguage\":\"pt-BR\",\"@id\":\"https:\\\/\\\/msconectado.com.br\\\/?p=24474#primaryimage\",\"url\":\"https:\\\/\\\/msconectado.com.br\\\/wp-content\\\/uploads\\\/2025\\\/02\\\/42284-REV-Campanha-Historias-PJ-Geral_Banner.jpg\",\"contentUrl\":\"https:\\\/\\\/msconectado.com.br\\\/wp-content\\\/uploads\\\/2025\\\/02\\\/42284-REV-Campanha-Historias-PJ-Geral_Banner.jpg\",\"width\":1300,\"height\":400},{\"@type\":\"BreadcrumbList\",\"@id\":\"https:\\\/\\\/msconectado.com.br\\\/?p=24474#breadcrumb\",\"itemListElement\":[{\"@type\":\"ListItem\",\"position\":1,\"name\":\"In\u00edcio\",\"item\":\"https:\\\/\\\/msconectado.com.br\\\/?page_id=105\"},{\"@type\":\"ListItem\",\"position\":2,\"name\":\"Com foco no empreendedorismo feminino, Sicredi Pantanal MS lan\u00e7a programa Empreender Juntas\"}]},{\"@type\":\"WebSite\",\"@id\":\"https:\\\/\\\/msconectado.com.br\\\/#website\",\"url\":\"https:\\\/\\\/msconectado.com.br\\\/\",\"name\":\"MsConectado\",\"description\":\"Voc\u00ea Conectado com a Not\u00edcia!\",\"publisher\":{\"@id\":\"https:\\\/\\\/msconectado.com.br\\\/#organization\"},\"potentialAction\":[{\"@type\":\"SearchAction\",\"target\":{\"@type\":\"EntryPoint\",\"urlTemplate\":\"https:\\\/\\\/msconectado.com.br\\\/?s={search_term_string}\"},\"query-input\":{\"@type\":\"PropertyValueSpecification\",\"valueRequired\":true,\"valueName\":\"search_term_string\"}}],\"inLanguage\":\"pt-BR\"},{\"@type\":\"Organization\",\"@id\":\"https:\\\/\\\/msconectado.com.br\\\/#organization\",\"name\":\"MsConectado\",\"url\":\"https:\\\/\\\/msconectado.com.br\\\/\",\"logo\":{\"@type\":\"ImageObject\",\"inLanguage\":\"pt-BR\",\"@id\":\"https:\\\/\\\/msconectado.com.br\\\/#\\\/schema\\\/logo\\\/image\\\/\",\"url\":\"https:\\\/\\\/msconectado.com.br\\\/wp-content\\\/uploads\\\/2023\\\/01\\\/cropped-noticia-2.png\",\"contentUrl\":\"https:\\\/\\\/msconectado.com.br\\\/wp-content\\\/uploads\\\/2023\\\/01\\\/cropped-noticia-2.png\",\"width\":720,\"height\":157,\"caption\":\"MsConectado\"},\"image\":{\"@id\":\"https:\\\/\\\/msconectado.com.br\\\/#\\\/schema\\\/logo\\\/image\\\/\"}},{\"@type\":\"Person\",\"@id\":\"https:\\\/\\\/msconectado.com.br\\\/#\\\/schema\\\/person\\\/feb123a95a93eebea36f0ed6a2e5ba48\",\"name\":\"Jeferson\",\"image\":{\"@type\":\"ImageObject\",\"inLanguage\":\"pt-BR\",\"@id\":\"https:\\\/\\\/secure.gravatar.com\\\/avatar\\\/e23e8901c88f0cdc0ad479ef7a39bf3e4c806344549c087c00b721a65549a328?s=96&d=mm&r=g\",\"url\":\"https:\\\/\\\/secure.gravatar.com\\\/avatar\\\/e23e8901c88f0cdc0ad479ef7a39bf3e4c806344549c087c00b721a65549a328?s=96&d=mm&r=g\",\"contentUrl\":\"https:\\\/\\\/secure.gravatar.com\\\/avatar\\\/e23e8901c88f0cdc0ad479ef7a39bf3e4c806344549c087c00b721a65549a328?s=96&d=mm&r=g\",\"caption\":\"Jeferson\"},\"url\":\"https:\\\/\\\/msconectado.com.br\\\/?author=3\"}]}<\/script>\n<!-- \/ Yoast SEO plugin. -->","yoast_head_json":{"title":"Com foco no empreendedorismo feminino, Sicredi Pantanal MS lan\u00e7a programa Empreender Juntas - MsConectado","robots":{"index":"index","follow":"follow","max-snippet":"max-snippet:-1","max-image-preview":"max-image-preview:large","max-video-preview":"max-video-preview:-1"},"canonical":"https:\/\/msconectado.com.br\/?p=24474","og_locale":"pt_BR","og_type":"article","og_title":"Com foco no empreendedorismo feminino, Sicredi Pantanal MS lan\u00e7a programa Empreender Juntas - MsConectado","og_description":"O munic\u00edpio de Maracaju \u00e9 pioneiro em um programa da Sicredi Pantanal MS que vai levar informa\u00e7\u00e3o, networking e desenvolvimento para 20 mulheres que foram selecionadas para participar da primeira edi\u00e7\u00e3o do Programa Empreender Juntas. A iniciativa desenvolvida pela Sicredi Pantanal MS tem como intuito de fortalecer relacionamentos comerciais entre as empreendedoras locais, levar temas [&hellip;]","og_url":"https:\/\/msconectado.com.br\/?p=24474","og_site_name":"MsConectado","article_published_time":"2025-02-24T00:10:12+00:00","article_modified_time":"2025-02-24T00:10:14+00:00","og_image":[{"width":1300,"height":400,"url":"https:\/\/msconectado.com.br\/wp-content\/uploads\/2025\/02\/42284-REV-Campanha-Historias-PJ-Geral_Banner.jpg","type":"image\/jpeg"}],"author":"Jeferson","twitter_card":"summary_large_image","twitter_misc":{"Escrito por":"Jeferson","Est. tempo de leitura":"3 minutos"},"schema":{"@context":"https:\/\/schema.org","@graph":[{"@type":"Article","@id":"https:\/\/msconectado.com.br\/?p=24474#article","isPartOf":{"@id":"https:\/\/msconectado.com.br\/?p=24474"},"author":{"name":"Jeferson","@id":"https:\/\/msconectado.com.br\/#\/schema\/person\/feb123a95a93eebea36f0ed6a2e5ba48"},"headline":"Com foco no empreendedorismo feminino, Sicredi Pantanal MS lan\u00e7a programa Empreender Juntas","datePublished":"2025-02-24T00:10:12+00:00","dateModified":"2025-02-24T00:10:14+00:00","mainEntityOfPage":{"@id":"https:\/\/msconectado.com.br\/?p=24474"},"wordCount":399,"commentCount":0,"publisher":{"@id":"https:\/\/msconectado.com.br\/#organization"},"image":{"@id":"https:\/\/msconectado.com.br\/?p=24474#primaryimage"},"thumbnailUrl":"https:\/\/msconectado.com.br\/wp-content\/uploads\/2025\/02\/42284-REV-Campanha-Historias-PJ-Geral_Banner.jpg","articleSection":["Com\u00e9rcio"],"inLanguage":"pt-BR","potentialAction":[{"@type":"CommentAction","name":"Comment","target":["https:\/\/msconectado.com.br\/?p=24474#respond"]}]},{"@type":"WebPage","@id":"https:\/\/msconectado.com.br\/?p=24474","url":"https:\/\/msconectado.com.br\/?p=24474","name":"Com foco no empreendedorismo feminino, Sicredi Pantanal MS lan\u00e7a programa Empreender Juntas - MsConectado","isPartOf":{"@id":"https:\/\/msconectado.com.br\/#website"},"primaryImageOfPage":{"@id":"https:\/\/msconectado.com.br\/?p=24474#primaryimage"},"image":{"@id":"https:\/\/msconectado.com.br\/?p=24474#primaryimage"},"thumbnailUrl":"https:\/\/msconectado.com.br\/wp-content\/uploads\/2025\/02\/42284-REV-Campanha-Historias-PJ-Geral_Banner.jpg","datePublished":"2025-02-24T00:10:12+00:00","dateModified":"2025-02-24T00:10:14+00:00","breadcrumb":{"@id":"https:\/\/msconectado.com.br\/?p=24474#breadcrumb"},"inLanguage":"pt-BR","potentialAction":[{"@type":"ReadAction","target":["https:\/\/msconectado.com.br\/?p=24474"]}]},{"@type":"ImageObject","inLanguage":"pt-BR","@id":"https:\/\/msconectado.com.br\/?p=24474#primaryimage","url":"https:\/\/msconectado.com.br\/wp-content\/uploads\/2025\/02\/42284-REV-Campanha-Historias-PJ-Geral_Banner.jpg","contentUrl":"https:\/\/msconectado.com.br\/wp-content\/uploads\/2025\/02\/42284-REV-Campanha-Historias-PJ-Geral_Banner.jpg","width":1300,"height":400},{"@type":"BreadcrumbList","@id":"https:\/\/msconectado.com.br\/?p=24474#breadcrumb","itemListElement":[{"@type":"ListItem","position":1,"name":"In\u00edcio","item":"https:\/\/msconectado.com.br\/?page_id=105"},{"@type":"ListItem","position":2,"name":"Com foco no empreendedorismo feminino, Sicredi Pantanal MS lan\u00e7a programa Empreender Juntas"}]},{"@type":"WebSite","@id":"https:\/\/msconectado.com.br\/#website","url":"https:\/\/msconectado.com.br\/","name":"MsConectado","description":"Voc\u00ea Conectado com a Not\u00edcia!","publisher":{"@id":"https:\/\/msconectado.com.br\/#organization"},"potentialAction":[{"@type":"SearchAction","target":{"@type":"EntryPoint","urlTemplate":"https:\/\/msconectado.com.br\/?s={search_term_string}"},"query-input":{"@type":"PropertyValueSpecification","valueRequired":true,"valueName":"search_term_string"}}],"inLanguage":"pt-BR"},{"@type":"Organization","@id":"https:\/\/msconectado.com.br\/#organization","name":"MsConectado","url":"https:\/\/msconectado.com.br\/","logo":{"@type":"ImageObject","inLanguage":"pt-BR","@id":"https:\/\/msconectado.com.br\/#\/schema\/logo\/image\/","url":"https:\/\/msconectado.com.br\/wp-content\/uploads\/2023\/01\/cropped-noticia-2.png","contentUrl":"https:\/\/msconectado.com.br\/wp-content\/uploads\/2023\/01\/cropped-noticia-2.png","width":720,"height":157,"caption":"MsConectado"},"image":{"@id":"https:\/\/msconectado.com.br\/#\/schema\/logo\/image\/"}},{"@type":"Person","@id":"https:\/\/msconectado.com.br\/#\/schema\/person\/feb123a95a93eebea36f0ed6a2e5ba48","name":"Jeferson","image":{"@type":"ImageObject","inLanguage":"pt-BR","@id":"https:\/\/secure.gravatar.com\/avatar\/e23e8901c88f0cdc0ad479ef7a39bf3e4c806344549c087c00b721a65549a328?s=96&d=mm&r=g","url":"https:\/\/secure.gravatar.com\/avatar\/e23e8901c88f0cdc0ad479ef7a39bf3e4c806344549c087c00b721a65549a328?s=96&d=mm&r=g","contentUrl":"https:\/\/secure.gravatar.com\/avatar\/e23e8901c88f0cdc0ad479ef7a39bf3e4c806344549c087c00b721a65549a328?s=96&d=mm&r=g","caption":"Jeferson"},"url":"https:\/\/msconectado.com.br\/?author=3"}]}},"_links":{"self":[{"href":"https:\/\/msconectado.com.br\/index.php?rest_route=\/wp\/v2\/posts\/24474","targetHints":{"allow":["GET"]}}],"collection":[{"href":"https:\/\/msconectado.com.br\/index.php?rest_route=\/wp\/v2\/posts"}],"about":[{"href":"https:\/\/msconectado.com.br\/index.php?rest_route=\/wp\/v2\/types\/post"}],"author":[{"embeddable":true,"href":"https:\/\/msconectado.com.br\/index.php?rest_route=\/wp\/v2\/users\/3"}],"replies":[{"embeddable":true,"href":"https:\/\/msconectado.com.br\/index.php?rest_route=%2Fwp%2Fv2%2Fcomments&post=24474"}],"version-history":[{"count":1,"href":"https:\/\/msconectado.com.br\/index.php?rest_route=\/wp\/v2\/posts\/24474\/revisions"}],"predecessor-version":[{"id":24476,"href":"https:\/\/msconectado.com.br\/index.php?rest_route=\/wp\/v2\/posts\/24474\/revisions\/24476"}],"wp:featuredmedia":[{"embeddable":true,"href":"https:\/\/msconectado.com.br\/index.php?rest_route=\/wp\/v2\/media\/24475"}],"wp:attachment":[{"href":"https:\/\/msconectado.com.br\/index.php?rest_route=%2Fwp%2Fv2%2Fmedia&parent=24474"}],"wp:term":[{"taxonomy":"category","embeddable":true,"href":"https:\/\/msconectado.com.br\/index.php?rest_route=%2Fwp%2Fv2%2Fcategories&post=24474"},{"taxonomy":"post_tag","embeddable":true,"href":"https:\/\/msconectado.com.br\/index.php?rest_route=%2Fwp%2Fv2%2Ftags&post=24474"}],"curies":[{"name":"wp","href":"https:\/\/api.w.org\/{rel}","templated":true}]}}