
{"id":24481,"date":"2025-02-24T22:50:50","date_gmt":"2025-02-24T22:50:50","guid":{"rendered":"https:\/\/msconectado.com.br\/?p=24481"},"modified":"2025-02-24T22:56:43","modified_gmt":"2025-02-24T22:56:43","slug":"sr-acaizeiro-chega-a-maracaju-a-primeiro-acaiteria-self-service-da-regiao-agora-na-cidade","status":"publish","type":"post","link":"https:\/\/msconectado.com.br\/?p=24481","title":{"rendered":"Sr. A\u00e7aizeiro chega a Maracaju: A primeira a\u00e7a\u00edteria self-service da regi\u00e3o agora na cidade"},"content":{"rendered":"\n<p>Maracaju agora tem um novo destino para os amantes de a\u00e7a\u00ed! Ap\u00f3s conquistar os cora\u00e7\u00f5es de Dourados e Rio Brilhante, o Sr. A\u00e7aizeiro est\u00e1 de portas abertas na cidade, trazendo seu conceito inovador, tradi\u00e7\u00e3o e atendimento diferenciado.<\/p>\n\n\n\n<p>Com um modelo pioneiro na regi\u00e3o, o Sr. A\u00e7aizeiro foi a primeira a\u00e7a\u00edteria self-service a oferecer aos clientes a liberdade de montar sua pr\u00f3pria combina\u00e7\u00e3o perfeita. Com a promessa de qualidade e capricho em cada detalhe, a marca se tornou refer\u00eancia quando o assunto \u00e9 a\u00e7a\u00ed e sobremesas refrescantes.<\/p>\n\n\n<div class=\"wp-block-image\">\n<figure class=\"aligncenter size-large\"><img fetchpriority=\"high\" decoding=\"async\" width=\"1024\" height=\"700\" src=\"https:\/\/msconectado.com.br\/wp-content\/uploads\/2025\/02\/2-5-1024x700.jpg\" alt=\"\" class=\"wp-image-24482\" srcset=\"https:\/\/msconectado.com.br\/wp-content\/uploads\/2025\/02\/2-5-1024x700.jpg 1024w, https:\/\/msconectado.com.br\/wp-content\/uploads\/2025\/02\/2-5-300x205.jpg 300w, https:\/\/msconectado.com.br\/wp-content\/uploads\/2025\/02\/2-5-768x525.jpg 768w, https:\/\/msconectado.com.br\/wp-content\/uploads\/2025\/02\/2-5-1536x1049.jpg 1536w, https:\/\/msconectado.com.br\/wp-content\/uploads\/2025\/02\/2-5.jpg 1600w\" sizes=\"(max-width: 1024px) 100vw, 1024px\" \/><\/figure>\n<\/div>\n\n\n<p>O Sr. A\u00e7aizeiro se destaca n\u00e3o apenas pela variedade, mas tamb\u00e9m pela qualidade de seus complementos e frutas selecionadas, sempre fresquinhas. Com um sabor irresist\u00edvel, quem experimenta uma vez se encanta e volta para mais.<\/p>\n\n\n\n<p>A nova unidade em Maracaju segue o mesmo padr\u00e3o de excel\u00eancia j\u00e1 conhecido nas duas lojas de Dourados e uma loja em Rio Brilhante. Os clientes poder\u00e3o desfrutar de uma ampla variedade de op\u00e7\u00f5es, incluindo diferentes tipos de a\u00e7a\u00ed, sorvetes e mais de 40 complementos para personalizar cada cria\u00e7\u00e3o ao seu gosto.<\/p>\n\n\n\n<p>Al\u00e9m do produto de alta qualidade, o Sr. A\u00e7aizeiro se destaca pelo atendimento, proporcionando uma experi\u00eancia \u00fanica. Seja para um lanche r\u00e1pido, uma pausa refrescante ou um momento especial com amigos e fam\u00edlia, a nova unidade promete se tornar um ponto de encontro imperd\u00edvel em Maracaju.<\/p>\n\n\n<div class=\"wp-block-image\">\n<figure class=\"aligncenter size-large\"><img decoding=\"async\" width=\"1024\" height=\"682\" src=\"https:\/\/msconectado.com.br\/wp-content\/uploads\/2025\/02\/3-5-1024x682.jpg\" alt=\"\" class=\"wp-image-24483\" srcset=\"https:\/\/msconectado.com.br\/wp-content\/uploads\/2025\/02\/3-5-1024x682.jpg 1024w, https:\/\/msconectado.com.br\/wp-content\/uploads\/2025\/02\/3-5-300x200.jpg 300w, https:\/\/msconectado.com.br\/wp-content\/uploads\/2025\/02\/3-5-768x512.jpg 768w, https:\/\/msconectado.com.br\/wp-content\/uploads\/2025\/02\/3-5-1536x1023.jpg 1536w, https:\/\/msconectado.com.br\/wp-content\/uploads\/2025\/02\/3-5-360x240.jpg 360w, https:\/\/msconectado.com.br\/wp-content\/uploads\/2025\/02\/3-5.jpg 1600w\" sizes=\"(max-width: 1024px) 100vw, 1024px\" \/><\/figure>\n<\/div>\n\n\n<p>Agora ficou ainda mais f\u00e1cil encontrar o Sr. A\u00e7aizeiro! A nova unidade est\u00e1 localizada na R. 11 de Junho, 740 &#8211; Centro, Maracaju &#8211; MS, subindo a pra\u00e7a central e pr\u00f3ximo \u00e0 Gazim. De segunda a sexta feira das 12:30 as 22:30 aos S\u00e1bado das 12:30 as 23:00 e aos Domingo das 14:00 as 23:00h.<\/p>\n\n\n\n<p>Se voc\u00ea ainda n\u00e3o conhece, essa \u00e9 a oportunidade perfeita para experimentar e entender por que o Sr. A\u00e7aizeiro j\u00e1 conquistou tantas cidades. Passe na nova unidade e monte seu a\u00e7a\u00ed do seu jeito!<\/p>\n\n\n\n<p>Sr. A\u00e7aizeiro &#8211; Bons momentos t\u00eam sabor.<\/p>\n\n\n\n<p>Assessoria<\/p>\n\n\n<div class=\"wp-block-image\">\n<figure class=\"aligncenter size-full\"><img decoding=\"async\" width=\"900\" height=\"100\" src=\"https:\/\/msconectado.com.br\/wp-content\/uploads\/2025\/02\/BANNER-WEB-900X100.gif\" alt=\"\" class=\"wp-image-24323\"\/><\/figure>\n<\/div>","protected":false},"excerpt":{"rendered":"<p>Maracaju agora tem um novo destino para os amantes de a\u00e7a\u00ed! Ap\u00f3s conquistar os cora\u00e7\u00f5es de Dourados e Rio Brilhante, o Sr. A\u00e7aizeiro est\u00e1 de portas abertas na cidade, trazendo seu conceito inovador, tradi\u00e7\u00e3o e atendimento diferenciado. Com um modelo pioneiro na regi\u00e3o, o Sr. A\u00e7aizeiro foi a primeira a\u00e7a\u00edteria self-service a oferecer aos clientes [&hellip;]<\/p>\n","protected":false},"author":3,"featured_media":24484,"comment_status":"open","ping_status":"closed","sticky":false,"template":"","format":"standard","meta":{"footnotes":""},"categories":[35,34,1],"tags":[],"class_list":["post-24481","post","type-post","status-publish","format-standard","has-post-thumbnail","hentry","category-cidades","category-comercio","category-noticia"],"yoast_head":"<!-- This site is optimized with the Yoast SEO plugin v27.5 - https:\/\/yoast.com\/product\/yoast-seo-wordpress\/ -->\n<title>Sr. A\u00e7aizeiro chega a Maracaju: A primeira a\u00e7a\u00edteria self-service da regi\u00e3o agora na cidade - MsConectado<\/title>\n<meta name=\"robots\" content=\"index, follow, max-snippet:-1, max-image-preview:large, max-video-preview:-1\" \/>\n<link rel=\"canonical\" href=\"https:\/\/msconectado.com.br\/?p=24481\" \/>\n<meta property=\"og:locale\" content=\"pt_BR\" \/>\n<meta property=\"og:type\" content=\"article\" \/>\n<meta property=\"og:title\" content=\"Sr. A\u00e7aizeiro chega a Maracaju: A primeira a\u00e7a\u00edteria self-service da regi\u00e3o agora na cidade - MsConectado\" \/>\n<meta property=\"og:description\" content=\"Maracaju agora tem um novo destino para os amantes de a\u00e7a\u00ed! Ap\u00f3s conquistar os cora\u00e7\u00f5es de Dourados e Rio Brilhante, o Sr. A\u00e7aizeiro est\u00e1 de portas abertas na cidade, trazendo seu conceito inovador, tradi\u00e7\u00e3o e atendimento diferenciado. Com um modelo pioneiro na regi\u00e3o, o Sr. A\u00e7aizeiro foi a primeira a\u00e7a\u00edteria self-service a oferecer aos clientes [&hellip;]\" \/>\n<meta property=\"og:url\" content=\"https:\/\/msconectado.com.br\/?p=24481\" \/>\n<meta property=\"og:site_name\" content=\"MsConectado\" \/>\n<meta property=\"article:published_time\" content=\"2025-02-24T22:50:50+00:00\" \/>\n<meta property=\"article:modified_time\" content=\"2025-02-24T22:56:43+00:00\" \/>\n<meta property=\"og:image\" content=\"https:\/\/msconectado.com.br\/wp-content\/uploads\/2025\/02\/1.jpg\" \/>\n\t<meta property=\"og:image:width\" content=\"1600\" \/>\n\t<meta property=\"og:image:height\" content=\"1118\" \/>\n\t<meta property=\"og:image:type\" content=\"image\/jpeg\" \/>\n<meta name=\"author\" content=\"Jeferson\" \/>\n<meta name=\"twitter:card\" content=\"summary_large_image\" \/>\n<meta name=\"twitter:label1\" content=\"Escrito por\" \/>\n\t<meta name=\"twitter:data1\" content=\"Jeferson\" \/>\n\t<meta name=\"twitter:label2\" content=\"Est. tempo de leitura\" \/>\n\t<meta name=\"twitter:data2\" content=\"3 minutos\" \/>\n<script type=\"application\/ld+json\" class=\"yoast-schema-graph\">{\"@context\":\"https:\\\/\\\/schema.org\",\"@graph\":[{\"@type\":\"Article\",\"@id\":\"https:\\\/\\\/msconectado.com.br\\\/?p=24481#article\",\"isPartOf\":{\"@id\":\"https:\\\/\\\/msconectado.com.br\\\/?p=24481\"},\"author\":{\"name\":\"Jeferson\",\"@id\":\"https:\\\/\\\/msconectado.com.br\\\/#\\\/schema\\\/person\\\/feb123a95a93eebea36f0ed6a2e5ba48\"},\"headline\":\"Sr. A\u00e7aizeiro chega a Maracaju: A primeira a\u00e7a\u00edteria self-service da regi\u00e3o agora na cidade\",\"datePublished\":\"2025-02-24T22:50:50+00:00\",\"dateModified\":\"2025-02-24T22:56:43+00:00\",\"mainEntityOfPage\":{\"@id\":\"https:\\\/\\\/msconectado.com.br\\\/?p=24481\"},\"wordCount\":362,\"commentCount\":0,\"publisher\":{\"@id\":\"https:\\\/\\\/msconectado.com.br\\\/#organization\"},\"image\":{\"@id\":\"https:\\\/\\\/msconectado.com.br\\\/?p=24481#primaryimage\"},\"thumbnailUrl\":\"https:\\\/\\\/msconectado.com.br\\\/wp-content\\\/uploads\\\/2025\\\/02\\\/1.jpg\",\"articleSection\":[\"Cidades\",\"Com\u00e9rcio\",\"Not\u00edcia\"],\"inLanguage\":\"pt-BR\",\"potentialAction\":[{\"@type\":\"CommentAction\",\"name\":\"Comment\",\"target\":[\"https:\\\/\\\/msconectado.com.br\\\/?p=24481#respond\"]}]},{\"@type\":\"WebPage\",\"@id\":\"https:\\\/\\\/msconectado.com.br\\\/?p=24481\",\"url\":\"https:\\\/\\\/msconectado.com.br\\\/?p=24481\",\"name\":\"Sr. A\u00e7aizeiro chega a Maracaju: A primeira a\u00e7a\u00edteria self-service da regi\u00e3o agora na cidade - MsConectado\",\"isPartOf\":{\"@id\":\"https:\\\/\\\/msconectado.com.br\\\/#website\"},\"primaryImageOfPage\":{\"@id\":\"https:\\\/\\\/msconectado.com.br\\\/?p=24481#primaryimage\"},\"image\":{\"@id\":\"https:\\\/\\\/msconectado.com.br\\\/?p=24481#primaryimage\"},\"thumbnailUrl\":\"https:\\\/\\\/msconectado.com.br\\\/wp-content\\\/uploads\\\/2025\\\/02\\\/1.jpg\",\"datePublished\":\"2025-02-24T22:50:50+00:00\",\"dateModified\":\"2025-02-24T22:56:43+00:00\",\"breadcrumb\":{\"@id\":\"https:\\\/\\\/msconectado.com.br\\\/?p=24481#breadcrumb\"},\"inLanguage\":\"pt-BR\",\"potentialAction\":[{\"@type\":\"ReadAction\",\"target\":[\"https:\\\/\\\/msconectado.com.br\\\/?p=24481\"]}]},{\"@type\":\"ImageObject\",\"inLanguage\":\"pt-BR\",\"@id\":\"https:\\\/\\\/msconectado.com.br\\\/?p=24481#primaryimage\",\"url\":\"https:\\\/\\\/msconectado.com.br\\\/wp-content\\\/uploads\\\/2025\\\/02\\\/1.jpg\",\"contentUrl\":\"https:\\\/\\\/msconectado.com.br\\\/wp-content\\\/uploads\\\/2025\\\/02\\\/1.jpg\",\"width\":1600,\"height\":1118},{\"@type\":\"BreadcrumbList\",\"@id\":\"https:\\\/\\\/msconectado.com.br\\\/?p=24481#breadcrumb\",\"itemListElement\":[{\"@type\":\"ListItem\",\"position\":1,\"name\":\"In\u00edcio\",\"item\":\"https:\\\/\\\/msconectado.com.br\\\/?page_id=105\"},{\"@type\":\"ListItem\",\"position\":2,\"name\":\"Sr. A\u00e7aizeiro chega a Maracaju: A primeira a\u00e7a\u00edteria self-service da regi\u00e3o agora na cidade\"}]},{\"@type\":\"WebSite\",\"@id\":\"https:\\\/\\\/msconectado.com.br\\\/#website\",\"url\":\"https:\\\/\\\/msconectado.com.br\\\/\",\"name\":\"MsConectado\",\"description\":\"Voc\u00ea Conectado com a Not\u00edcia!\",\"publisher\":{\"@id\":\"https:\\\/\\\/msconectado.com.br\\\/#organization\"},\"potentialAction\":[{\"@type\":\"SearchAction\",\"target\":{\"@type\":\"EntryPoint\",\"urlTemplate\":\"https:\\\/\\\/msconectado.com.br\\\/?s={search_term_string}\"},\"query-input\":{\"@type\":\"PropertyValueSpecification\",\"valueRequired\":true,\"valueName\":\"search_term_string\"}}],\"inLanguage\":\"pt-BR\"},{\"@type\":\"Organization\",\"@id\":\"https:\\\/\\\/msconectado.com.br\\\/#organization\",\"name\":\"MsConectado\",\"url\":\"https:\\\/\\\/msconectado.com.br\\\/\",\"logo\":{\"@type\":\"ImageObject\",\"inLanguage\":\"pt-BR\",\"@id\":\"https:\\\/\\\/msconectado.com.br\\\/#\\\/schema\\\/logo\\\/image\\\/\",\"url\":\"https:\\\/\\\/msconectado.com.br\\\/wp-content\\\/uploads\\\/2023\\\/01\\\/cropped-noticia-2.png\",\"contentUrl\":\"https:\\\/\\\/msconectado.com.br\\\/wp-content\\\/uploads\\\/2023\\\/01\\\/cropped-noticia-2.png\",\"width\":720,\"height\":157,\"caption\":\"MsConectado\"},\"image\":{\"@id\":\"https:\\\/\\\/msconectado.com.br\\\/#\\\/schema\\\/logo\\\/image\\\/\"}},{\"@type\":\"Person\",\"@id\":\"https:\\\/\\\/msconectado.com.br\\\/#\\\/schema\\\/person\\\/feb123a95a93eebea36f0ed6a2e5ba48\",\"name\":\"Jeferson\",\"image\":{\"@type\":\"ImageObject\",\"inLanguage\":\"pt-BR\",\"@id\":\"https:\\\/\\\/secure.gravatar.com\\\/avatar\\\/e23e8901c88f0cdc0ad479ef7a39bf3e4c806344549c087c00b721a65549a328?s=96&d=mm&r=g\",\"url\":\"https:\\\/\\\/secure.gravatar.com\\\/avatar\\\/e23e8901c88f0cdc0ad479ef7a39bf3e4c806344549c087c00b721a65549a328?s=96&d=mm&r=g\",\"contentUrl\":\"https:\\\/\\\/secure.gravatar.com\\\/avatar\\\/e23e8901c88f0cdc0ad479ef7a39bf3e4c806344549c087c00b721a65549a328?s=96&d=mm&r=g\",\"caption\":\"Jeferson\"},\"url\":\"https:\\\/\\\/msconectado.com.br\\\/?author=3\"}]}<\/script>\n<!-- \/ Yoast SEO plugin. -->","yoast_head_json":{"title":"Sr. A\u00e7aizeiro chega a Maracaju: A primeira a\u00e7a\u00edteria self-service da regi\u00e3o agora na cidade - MsConectado","robots":{"index":"index","follow":"follow","max-snippet":"max-snippet:-1","max-image-preview":"max-image-preview:large","max-video-preview":"max-video-preview:-1"},"canonical":"https:\/\/msconectado.com.br\/?p=24481","og_locale":"pt_BR","og_type":"article","og_title":"Sr. A\u00e7aizeiro chega a Maracaju: A primeira a\u00e7a\u00edteria self-service da regi\u00e3o agora na cidade - MsConectado","og_description":"Maracaju agora tem um novo destino para os amantes de a\u00e7a\u00ed! Ap\u00f3s conquistar os cora\u00e7\u00f5es de Dourados e Rio Brilhante, o Sr. A\u00e7aizeiro est\u00e1 de portas abertas na cidade, trazendo seu conceito inovador, tradi\u00e7\u00e3o e atendimento diferenciado. Com um modelo pioneiro na regi\u00e3o, o Sr. A\u00e7aizeiro foi a primeira a\u00e7a\u00edteria self-service a oferecer aos clientes [&hellip;]","og_url":"https:\/\/msconectado.com.br\/?p=24481","og_site_name":"MsConectado","article_published_time":"2025-02-24T22:50:50+00:00","article_modified_time":"2025-02-24T22:56:43+00:00","og_image":[{"width":1600,"height":1118,"url":"https:\/\/msconectado.com.br\/wp-content\/uploads\/2025\/02\/1.jpg","type":"image\/jpeg"}],"author":"Jeferson","twitter_card":"summary_large_image","twitter_misc":{"Escrito por":"Jeferson","Est. tempo de leitura":"3 minutos"},"schema":{"@context":"https:\/\/schema.org","@graph":[{"@type":"Article","@id":"https:\/\/msconectado.com.br\/?p=24481#article","isPartOf":{"@id":"https:\/\/msconectado.com.br\/?p=24481"},"author":{"name":"Jeferson","@id":"https:\/\/msconectado.com.br\/#\/schema\/person\/feb123a95a93eebea36f0ed6a2e5ba48"},"headline":"Sr. A\u00e7aizeiro chega a Maracaju: A primeira a\u00e7a\u00edteria self-service da regi\u00e3o agora na cidade","datePublished":"2025-02-24T22:50:50+00:00","dateModified":"2025-02-24T22:56:43+00:00","mainEntityOfPage":{"@id":"https:\/\/msconectado.com.br\/?p=24481"},"wordCount":362,"commentCount":0,"publisher":{"@id":"https:\/\/msconectado.com.br\/#organization"},"image":{"@id":"https:\/\/msconectado.com.br\/?p=24481#primaryimage"},"thumbnailUrl":"https:\/\/msconectado.com.br\/wp-content\/uploads\/2025\/02\/1.jpg","articleSection":["Cidades","Com\u00e9rcio","Not\u00edcia"],"inLanguage":"pt-BR","potentialAction":[{"@type":"CommentAction","name":"Comment","target":["https:\/\/msconectado.com.br\/?p=24481#respond"]}]},{"@type":"WebPage","@id":"https:\/\/msconectado.com.br\/?p=24481","url":"https:\/\/msconectado.com.br\/?p=24481","name":"Sr. A\u00e7aizeiro chega a Maracaju: A primeira a\u00e7a\u00edteria self-service da regi\u00e3o agora na cidade - MsConectado","isPartOf":{"@id":"https:\/\/msconectado.com.br\/#website"},"primaryImageOfPage":{"@id":"https:\/\/msconectado.com.br\/?p=24481#primaryimage"},"image":{"@id":"https:\/\/msconectado.com.br\/?p=24481#primaryimage"},"thumbnailUrl":"https:\/\/msconectado.com.br\/wp-content\/uploads\/2025\/02\/1.jpg","datePublished":"2025-02-24T22:50:50+00:00","dateModified":"2025-02-24T22:56:43+00:00","breadcrumb":{"@id":"https:\/\/msconectado.com.br\/?p=24481#breadcrumb"},"inLanguage":"pt-BR","potentialAction":[{"@type":"ReadAction","target":["https:\/\/msconectado.com.br\/?p=24481"]}]},{"@type":"ImageObject","inLanguage":"pt-BR","@id":"https:\/\/msconectado.com.br\/?p=24481#primaryimage","url":"https:\/\/msconectado.com.br\/wp-content\/uploads\/2025\/02\/1.jpg","contentUrl":"https:\/\/msconectado.com.br\/wp-content\/uploads\/2025\/02\/1.jpg","width":1600,"height":1118},{"@type":"BreadcrumbList","@id":"https:\/\/msconectado.com.br\/?p=24481#breadcrumb","itemListElement":[{"@type":"ListItem","position":1,"name":"In\u00edcio","item":"https:\/\/msconectado.com.br\/?page_id=105"},{"@type":"ListItem","position":2,"name":"Sr. A\u00e7aizeiro chega a Maracaju: A primeira a\u00e7a\u00edteria self-service da regi\u00e3o agora na cidade"}]},{"@type":"WebSite","@id":"https:\/\/msconectado.com.br\/#website","url":"https:\/\/msconectado.com.br\/","name":"MsConectado","description":"Voc\u00ea Conectado com a Not\u00edcia!","publisher":{"@id":"https:\/\/msconectado.com.br\/#organization"},"potentialAction":[{"@type":"SearchAction","target":{"@type":"EntryPoint","urlTemplate":"https:\/\/msconectado.com.br\/?s={search_term_string}"},"query-input":{"@type":"PropertyValueSpecification","valueRequired":true,"valueName":"search_term_string"}}],"inLanguage":"pt-BR"},{"@type":"Organization","@id":"https:\/\/msconectado.com.br\/#organization","name":"MsConectado","url":"https:\/\/msconectado.com.br\/","logo":{"@type":"ImageObject","inLanguage":"pt-BR","@id":"https:\/\/msconectado.com.br\/#\/schema\/logo\/image\/","url":"https:\/\/msconectado.com.br\/wp-content\/uploads\/2023\/01\/cropped-noticia-2.png","contentUrl":"https:\/\/msconectado.com.br\/wp-content\/uploads\/2023\/01\/cropped-noticia-2.png","width":720,"height":157,"caption":"MsConectado"},"image":{"@id":"https:\/\/msconectado.com.br\/#\/schema\/logo\/image\/"}},{"@type":"Person","@id":"https:\/\/msconectado.com.br\/#\/schema\/person\/feb123a95a93eebea36f0ed6a2e5ba48","name":"Jeferson","image":{"@type":"ImageObject","inLanguage":"pt-BR","@id":"https:\/\/secure.gravatar.com\/avatar\/e23e8901c88f0cdc0ad479ef7a39bf3e4c806344549c087c00b721a65549a328?s=96&d=mm&r=g","url":"https:\/\/secure.gravatar.com\/avatar\/e23e8901c88f0cdc0ad479ef7a39bf3e4c806344549c087c00b721a65549a328?s=96&d=mm&r=g","contentUrl":"https:\/\/secure.gravatar.com\/avatar\/e23e8901c88f0cdc0ad479ef7a39bf3e4c806344549c087c00b721a65549a328?s=96&d=mm&r=g","caption":"Jeferson"},"url":"https:\/\/msconectado.com.br\/?author=3"}]}},"_links":{"self":[{"href":"https:\/\/msconectado.com.br\/index.php?rest_route=\/wp\/v2\/posts\/24481","targetHints":{"allow":["GET"]}}],"collection":[{"href":"https:\/\/msconectado.com.br\/index.php?rest_route=\/wp\/v2\/posts"}],"about":[{"href":"https:\/\/msconectado.com.br\/index.php?rest_route=\/wp\/v2\/types\/post"}],"author":[{"embeddable":true,"href":"https:\/\/msconectado.com.br\/index.php?rest_route=\/wp\/v2\/users\/3"}],"replies":[{"embeddable":true,"href":"https:\/\/msconectado.com.br\/index.php?rest_route=%2Fwp%2Fv2%2Fcomments&post=24481"}],"version-history":[{"count":3,"href":"https:\/\/msconectado.com.br\/index.php?rest_route=\/wp\/v2\/posts\/24481\/revisions"}],"predecessor-version":[{"id":24488,"href":"https:\/\/msconectado.com.br\/index.php?rest_route=\/wp\/v2\/posts\/24481\/revisions\/24488"}],"wp:featuredmedia":[{"embeddable":true,"href":"https:\/\/msconectado.com.br\/index.php?rest_route=\/wp\/v2\/media\/24484"}],"wp:attachment":[{"href":"https:\/\/msconectado.com.br\/index.php?rest_route=%2Fwp%2Fv2%2Fmedia&parent=24481"}],"wp:term":[{"taxonomy":"category","embeddable":true,"href":"https:\/\/msconectado.com.br\/index.php?rest_route=%2Fwp%2Fv2%2Fcategories&post=24481"},{"taxonomy":"post_tag","embeddable":true,"href":"https:\/\/msconectado.com.br\/index.php?rest_route=%2Fwp%2Fv2%2Ftags&post=24481"}],"curies":[{"name":"wp","href":"https:\/\/api.w.org\/{rel}","templated":true}]}}