
{"id":24539,"date":"2025-03-06T19:16:36","date_gmt":"2025-03-06T19:16:36","guid":{"rendered":"https:\/\/msconectado.com.br\/?p=24539"},"modified":"2025-03-06T19:39:20","modified_gmt":"2025-03-06T19:39:20","slug":"vereadoras-de-sidrolandia-se-unem-em-campanha-contra-o-feminicidio","status":"publish","type":"post","link":"https:\/\/msconectado.com.br\/?p=24539","title":{"rendered":"Vereadoras de Sidrol\u00e2ndia se unem em campanha contra o feminic\u00eddio"},"content":{"rendered":"\n<p>Na sess\u00e3o ordin\u00e1ria realizada nesta quinta-feira (6), ap\u00f3s o feriado, as vereadoras Joana Michalski, Carol Terra, Elaine, Juscinei Claro, Edilaine e Shirlei Basso uniram for\u00e7as na campanha de combate ao feminic\u00eddio em Sidrol\u00e2ndia. A iniciativa refor\u00e7a a luta pela erradica\u00e7\u00e3o da viol\u00eancia contra a mulher no munic\u00edpio e em todo o estado de Mato Grosso do Sul.<\/p>\n\n\n\n<p>Dados alarmantes divulgados recentemente pelo Boletim do Observat\u00f3rio da Mulher de Campo Grande, da Secretaria de Estado de Justi\u00e7a e Seguran\u00e7a P\u00fablica (SEJUSP-MS), apontam que, entre janeiro e 19 de novembro de 2024, o estado registrou 31 feminic\u00eddios e outras 78 tentativas. Apenas em Campo Grande, foram contabilizadas 15 tentativas e 9 casos consumados.<\/p>\n\n\n\n<p>A sess\u00e3o contou com a presen\u00e7a de vereadores, vereadoras e representantes da Coordenadoria da Mulher de Sidrol\u00e2ndia, que refor\u00e7aram a necessidade de intensificar a\u00e7\u00f5es preventivas e fortalecer a rede de apoio \u00e0s v\u00edtimas de viol\u00eancia dom\u00e9stica.<\/p>\n\n\n\n<p>A vereadora Joana Michalski destacou a import\u00e2ncia da uni\u00e3o entre o legislativo e a sociedade no enfrentamento desse problema. \u201cN\u00e3o podemos mais tolerar que tantas mulheres percam suas vidas para a viol\u00eancia. Precisamos de pol\u00edticas p\u00fablicas efetivas, de mais prote\u00e7\u00e3o para as v\u00edtimas e de um trabalho cont\u00ednuo de conscientiza\u00e7\u00e3o. Essa campanha n\u00e3o pode ser apenas um momento, mas uma luta di\u00e1ria por justi\u00e7a e seguran\u00e7a para todas as mulheres\u201d, afirmou.<\/p>\n\n\n\n<p>O movimento das vereadoras visa ampliar o debate sobre o feminic\u00eddio e promover a\u00e7\u00f5es concretas que garantam mais seguran\u00e7a e acolhimento \u00e0s v\u00edtimas no munic\u00edpio. A mobiliza\u00e7\u00e3o segue em sintonia com as estrat\u00e9gias estaduais e nacionais de enfrentamento \u00e0 viol\u00eancia contra a mulher.<\/p>\n\n\n\n<p>Por: Jeferson Silveira &#8211; DRT 001808\/MS<\/p>\n\n\n<div class=\"wp-block-image\">\n<figure class=\"aligncenter size-large\"><img fetchpriority=\"high\" decoding=\"async\" width=\"1024\" height=\"114\" src=\"https:\/\/msconectado.com.br\/wp-content\/uploads\/2025\/03\/WhatsApp-Image-2025-03-06-at-08.12.01-1-1024x114.jpeg\" alt=\"\" class=\"wp-image-24530\" srcset=\"https:\/\/msconectado.com.br\/wp-content\/uploads\/2025\/03\/WhatsApp-Image-2025-03-06-at-08.12.01-1-1024x114.jpeg 1024w, https:\/\/msconectado.com.br\/wp-content\/uploads\/2025\/03\/WhatsApp-Image-2025-03-06-at-08.12.01-1-300x33.jpeg 300w, https:\/\/msconectado.com.br\/wp-content\/uploads\/2025\/03\/WhatsApp-Image-2025-03-06-at-08.12.01-1-768x85.jpeg 768w, https:\/\/msconectado.com.br\/wp-content\/uploads\/2025\/03\/WhatsApp-Image-2025-03-06-at-08.12.01-1-1536x171.jpeg 1536w, https:\/\/msconectado.com.br\/wp-content\/uploads\/2025\/03\/WhatsApp-Image-2025-03-06-at-08.12.01-1.jpeg 1600w\" sizes=\"(max-width: 1024px) 100vw, 1024px\" \/><\/figure>\n<\/div>","protected":false},"excerpt":{"rendered":"<p>Na sess\u00e3o ordin\u00e1ria realizada nesta quinta-feira (6), ap\u00f3s o feriado, as vereadoras Joana Michalski, Carol Terra, Elaine, Juscinei Claro, Edilaine e Shirlei Basso uniram for\u00e7as na campanha de combate ao feminic\u00eddio em Sidrol\u00e2ndia. A iniciativa refor\u00e7a a luta pela erradica\u00e7\u00e3o da viol\u00eancia contra a mulher no munic\u00edpio e em todo o estado de Mato Grosso [&hellip;]<\/p>\n","protected":false},"author":3,"featured_media":24540,"comment_status":"open","ping_status":"closed","sticky":false,"template":"","format":"standard","meta":{"footnotes":""},"categories":[35,1,33],"tags":[],"class_list":["post-24539","post","type-post","status-publish","format-standard","has-post-thumbnail","hentry","category-cidades","category-noticia","category-politica"],"yoast_head":"<!-- This site is optimized with the Yoast SEO plugin v27.5 - https:\/\/yoast.com\/product\/yoast-seo-wordpress\/ -->\n<title>Vereadoras de Sidrol\u00e2ndia se unem em campanha contra o feminic\u00eddio - MsConectado<\/title>\n<meta name=\"robots\" content=\"index, follow, max-snippet:-1, max-image-preview:large, max-video-preview:-1\" \/>\n<link rel=\"canonical\" href=\"https:\/\/msconectado.com.br\/?p=24539\" \/>\n<meta property=\"og:locale\" content=\"pt_BR\" \/>\n<meta property=\"og:type\" content=\"article\" \/>\n<meta property=\"og:title\" content=\"Vereadoras de Sidrol\u00e2ndia se unem em campanha contra o feminic\u00eddio - MsConectado\" \/>\n<meta property=\"og:description\" content=\"Na sess\u00e3o ordin\u00e1ria realizada nesta quinta-feira (6), ap\u00f3s o feriado, as vereadoras Joana Michalski, Carol Terra, Elaine, Juscinei Claro, Edilaine e Shirlei Basso uniram for\u00e7as na campanha de combate ao feminic\u00eddio em Sidrol\u00e2ndia. A iniciativa refor\u00e7a a luta pela erradica\u00e7\u00e3o da viol\u00eancia contra a mulher no munic\u00edpio e em todo o estado de Mato Grosso [&hellip;]\" \/>\n<meta property=\"og:url\" content=\"https:\/\/msconectado.com.br\/?p=24539\" \/>\n<meta property=\"og:site_name\" content=\"MsConectado\" \/>\n<meta property=\"article:published_time\" content=\"2025-03-06T19:16:36+00:00\" \/>\n<meta property=\"article:modified_time\" content=\"2025-03-06T19:39:20+00:00\" \/>\n<meta property=\"og:image\" content=\"https:\/\/msconectado.com.br\/wp-content\/uploads\/2025\/03\/PAT_5491-2.jpg\" \/>\n\t<meta property=\"og:image:width\" content=\"900\" \/>\n\t<meta property=\"og:image:height\" content=\"699\" \/>\n\t<meta property=\"og:image:type\" content=\"image\/jpeg\" \/>\n<meta name=\"author\" content=\"Jeferson\" \/>\n<meta name=\"twitter:card\" content=\"summary_large_image\" \/>\n<meta name=\"twitter:label1\" content=\"Escrito por\" \/>\n\t<meta name=\"twitter:data1\" content=\"Jeferson\" \/>\n\t<meta name=\"twitter:label2\" content=\"Est. tempo de leitura\" \/>\n\t<meta name=\"twitter:data2\" content=\"2 minutos\" \/>\n<script type=\"application\/ld+json\" class=\"yoast-schema-graph\">{\"@context\":\"https:\\\/\\\/schema.org\",\"@graph\":[{\"@type\":\"Article\",\"@id\":\"https:\\\/\\\/msconectado.com.br\\\/?p=24539#article\",\"isPartOf\":{\"@id\":\"https:\\\/\\\/msconectado.com.br\\\/?p=24539\"},\"author\":{\"name\":\"Jeferson\",\"@id\":\"https:\\\/\\\/msconectado.com.br\\\/#\\\/schema\\\/person\\\/feb123a95a93eebea36f0ed6a2e5ba48\"},\"headline\":\"Vereadoras de Sidrol\u00e2ndia se unem em campanha contra o feminic\u00eddio\",\"datePublished\":\"2025-03-06T19:16:36+00:00\",\"dateModified\":\"2025-03-06T19:39:20+00:00\",\"mainEntityOfPage\":{\"@id\":\"https:\\\/\\\/msconectado.com.br\\\/?p=24539\"},\"wordCount\":316,\"commentCount\":0,\"publisher\":{\"@id\":\"https:\\\/\\\/msconectado.com.br\\\/#organization\"},\"image\":{\"@id\":\"https:\\\/\\\/msconectado.com.br\\\/?p=24539#primaryimage\"},\"thumbnailUrl\":\"https:\\\/\\\/msconectado.com.br\\\/wp-content\\\/uploads\\\/2025\\\/03\\\/PAT_5491-2.jpg\",\"articleSection\":[\"Cidades\",\"Not\u00edcia\",\"Pol\u00edtica\"],\"inLanguage\":\"pt-BR\",\"potentialAction\":[{\"@type\":\"CommentAction\",\"name\":\"Comment\",\"target\":[\"https:\\\/\\\/msconectado.com.br\\\/?p=24539#respond\"]}]},{\"@type\":\"WebPage\",\"@id\":\"https:\\\/\\\/msconectado.com.br\\\/?p=24539\",\"url\":\"https:\\\/\\\/msconectado.com.br\\\/?p=24539\",\"name\":\"Vereadoras de Sidrol\u00e2ndia se unem em campanha contra o feminic\u00eddio - MsConectado\",\"isPartOf\":{\"@id\":\"https:\\\/\\\/msconectado.com.br\\\/#website\"},\"primaryImageOfPage\":{\"@id\":\"https:\\\/\\\/msconectado.com.br\\\/?p=24539#primaryimage\"},\"image\":{\"@id\":\"https:\\\/\\\/msconectado.com.br\\\/?p=24539#primaryimage\"},\"thumbnailUrl\":\"https:\\\/\\\/msconectado.com.br\\\/wp-content\\\/uploads\\\/2025\\\/03\\\/PAT_5491-2.jpg\",\"datePublished\":\"2025-03-06T19:16:36+00:00\",\"dateModified\":\"2025-03-06T19:39:20+00:00\",\"breadcrumb\":{\"@id\":\"https:\\\/\\\/msconectado.com.br\\\/?p=24539#breadcrumb\"},\"inLanguage\":\"pt-BR\",\"potentialAction\":[{\"@type\":\"ReadAction\",\"target\":[\"https:\\\/\\\/msconectado.com.br\\\/?p=24539\"]}]},{\"@type\":\"ImageObject\",\"inLanguage\":\"pt-BR\",\"@id\":\"https:\\\/\\\/msconectado.com.br\\\/?p=24539#primaryimage\",\"url\":\"https:\\\/\\\/msconectado.com.br\\\/wp-content\\\/uploads\\\/2025\\\/03\\\/PAT_5491-2.jpg\",\"contentUrl\":\"https:\\\/\\\/msconectado.com.br\\\/wp-content\\\/uploads\\\/2025\\\/03\\\/PAT_5491-2.jpg\",\"width\":900,\"height\":699},{\"@type\":\"BreadcrumbList\",\"@id\":\"https:\\\/\\\/msconectado.com.br\\\/?p=24539#breadcrumb\",\"itemListElement\":[{\"@type\":\"ListItem\",\"position\":1,\"name\":\"In\u00edcio\",\"item\":\"https:\\\/\\\/msconectado.com.br\\\/?page_id=105\"},{\"@type\":\"ListItem\",\"position\":2,\"name\":\"Vereadoras de Sidrol\u00e2ndia se unem em campanha contra o feminic\u00eddio\"}]},{\"@type\":\"WebSite\",\"@id\":\"https:\\\/\\\/msconectado.com.br\\\/#website\",\"url\":\"https:\\\/\\\/msconectado.com.br\\\/\",\"name\":\"MsConectado\",\"description\":\"Voc\u00ea Conectado com a Not\u00edcia!\",\"publisher\":{\"@id\":\"https:\\\/\\\/msconectado.com.br\\\/#organization\"},\"potentialAction\":[{\"@type\":\"SearchAction\",\"target\":{\"@type\":\"EntryPoint\",\"urlTemplate\":\"https:\\\/\\\/msconectado.com.br\\\/?s={search_term_string}\"},\"query-input\":{\"@type\":\"PropertyValueSpecification\",\"valueRequired\":true,\"valueName\":\"search_term_string\"}}],\"inLanguage\":\"pt-BR\"},{\"@type\":\"Organization\",\"@id\":\"https:\\\/\\\/msconectado.com.br\\\/#organization\",\"name\":\"MsConectado\",\"url\":\"https:\\\/\\\/msconectado.com.br\\\/\",\"logo\":{\"@type\":\"ImageObject\",\"inLanguage\":\"pt-BR\",\"@id\":\"https:\\\/\\\/msconectado.com.br\\\/#\\\/schema\\\/logo\\\/image\\\/\",\"url\":\"https:\\\/\\\/msconectado.com.br\\\/wp-content\\\/uploads\\\/2023\\\/01\\\/cropped-noticia-2.png\",\"contentUrl\":\"https:\\\/\\\/msconectado.com.br\\\/wp-content\\\/uploads\\\/2023\\\/01\\\/cropped-noticia-2.png\",\"width\":720,\"height\":157,\"caption\":\"MsConectado\"},\"image\":{\"@id\":\"https:\\\/\\\/msconectado.com.br\\\/#\\\/schema\\\/logo\\\/image\\\/\"}},{\"@type\":\"Person\",\"@id\":\"https:\\\/\\\/msconectado.com.br\\\/#\\\/schema\\\/person\\\/feb123a95a93eebea36f0ed6a2e5ba48\",\"name\":\"Jeferson\",\"image\":{\"@type\":\"ImageObject\",\"inLanguage\":\"pt-BR\",\"@id\":\"https:\\\/\\\/secure.gravatar.com\\\/avatar\\\/e23e8901c88f0cdc0ad479ef7a39bf3e4c806344549c087c00b721a65549a328?s=96&d=mm&r=g\",\"url\":\"https:\\\/\\\/secure.gravatar.com\\\/avatar\\\/e23e8901c88f0cdc0ad479ef7a39bf3e4c806344549c087c00b721a65549a328?s=96&d=mm&r=g\",\"contentUrl\":\"https:\\\/\\\/secure.gravatar.com\\\/avatar\\\/e23e8901c88f0cdc0ad479ef7a39bf3e4c806344549c087c00b721a65549a328?s=96&d=mm&r=g\",\"caption\":\"Jeferson\"},\"url\":\"https:\\\/\\\/msconectado.com.br\\\/?author=3\"}]}<\/script>\n<!-- \/ Yoast SEO plugin. -->","yoast_head_json":{"title":"Vereadoras de Sidrol\u00e2ndia se unem em campanha contra o feminic\u00eddio - MsConectado","robots":{"index":"index","follow":"follow","max-snippet":"max-snippet:-1","max-image-preview":"max-image-preview:large","max-video-preview":"max-video-preview:-1"},"canonical":"https:\/\/msconectado.com.br\/?p=24539","og_locale":"pt_BR","og_type":"article","og_title":"Vereadoras de Sidrol\u00e2ndia se unem em campanha contra o feminic\u00eddio - MsConectado","og_description":"Na sess\u00e3o ordin\u00e1ria realizada nesta quinta-feira (6), ap\u00f3s o feriado, as vereadoras Joana Michalski, Carol Terra, Elaine, Juscinei Claro, Edilaine e Shirlei Basso uniram for\u00e7as na campanha de combate ao feminic\u00eddio em Sidrol\u00e2ndia. A iniciativa refor\u00e7a a luta pela erradica\u00e7\u00e3o da viol\u00eancia contra a mulher no munic\u00edpio e em todo o estado de Mato Grosso [&hellip;]","og_url":"https:\/\/msconectado.com.br\/?p=24539","og_site_name":"MsConectado","article_published_time":"2025-03-06T19:16:36+00:00","article_modified_time":"2025-03-06T19:39:20+00:00","og_image":[{"width":900,"height":699,"url":"https:\/\/msconectado.com.br\/wp-content\/uploads\/2025\/03\/PAT_5491-2.jpg","type":"image\/jpeg"}],"author":"Jeferson","twitter_card":"summary_large_image","twitter_misc":{"Escrito por":"Jeferson","Est. tempo de leitura":"2 minutos"},"schema":{"@context":"https:\/\/schema.org","@graph":[{"@type":"Article","@id":"https:\/\/msconectado.com.br\/?p=24539#article","isPartOf":{"@id":"https:\/\/msconectado.com.br\/?p=24539"},"author":{"name":"Jeferson","@id":"https:\/\/msconectado.com.br\/#\/schema\/person\/feb123a95a93eebea36f0ed6a2e5ba48"},"headline":"Vereadoras de Sidrol\u00e2ndia se unem em campanha contra o feminic\u00eddio","datePublished":"2025-03-06T19:16:36+00:00","dateModified":"2025-03-06T19:39:20+00:00","mainEntityOfPage":{"@id":"https:\/\/msconectado.com.br\/?p=24539"},"wordCount":316,"commentCount":0,"publisher":{"@id":"https:\/\/msconectado.com.br\/#organization"},"image":{"@id":"https:\/\/msconectado.com.br\/?p=24539#primaryimage"},"thumbnailUrl":"https:\/\/msconectado.com.br\/wp-content\/uploads\/2025\/03\/PAT_5491-2.jpg","articleSection":["Cidades","Not\u00edcia","Pol\u00edtica"],"inLanguage":"pt-BR","potentialAction":[{"@type":"CommentAction","name":"Comment","target":["https:\/\/msconectado.com.br\/?p=24539#respond"]}]},{"@type":"WebPage","@id":"https:\/\/msconectado.com.br\/?p=24539","url":"https:\/\/msconectado.com.br\/?p=24539","name":"Vereadoras de Sidrol\u00e2ndia se unem em campanha contra o feminic\u00eddio - MsConectado","isPartOf":{"@id":"https:\/\/msconectado.com.br\/#website"},"primaryImageOfPage":{"@id":"https:\/\/msconectado.com.br\/?p=24539#primaryimage"},"image":{"@id":"https:\/\/msconectado.com.br\/?p=24539#primaryimage"},"thumbnailUrl":"https:\/\/msconectado.com.br\/wp-content\/uploads\/2025\/03\/PAT_5491-2.jpg","datePublished":"2025-03-06T19:16:36+00:00","dateModified":"2025-03-06T19:39:20+00:00","breadcrumb":{"@id":"https:\/\/msconectado.com.br\/?p=24539#breadcrumb"},"inLanguage":"pt-BR","potentialAction":[{"@type":"ReadAction","target":["https:\/\/msconectado.com.br\/?p=24539"]}]},{"@type":"ImageObject","inLanguage":"pt-BR","@id":"https:\/\/msconectado.com.br\/?p=24539#primaryimage","url":"https:\/\/msconectado.com.br\/wp-content\/uploads\/2025\/03\/PAT_5491-2.jpg","contentUrl":"https:\/\/msconectado.com.br\/wp-content\/uploads\/2025\/03\/PAT_5491-2.jpg","width":900,"height":699},{"@type":"BreadcrumbList","@id":"https:\/\/msconectado.com.br\/?p=24539#breadcrumb","itemListElement":[{"@type":"ListItem","position":1,"name":"In\u00edcio","item":"https:\/\/msconectado.com.br\/?page_id=105"},{"@type":"ListItem","position":2,"name":"Vereadoras de Sidrol\u00e2ndia se unem em campanha contra o feminic\u00eddio"}]},{"@type":"WebSite","@id":"https:\/\/msconectado.com.br\/#website","url":"https:\/\/msconectado.com.br\/","name":"MsConectado","description":"Voc\u00ea Conectado com a Not\u00edcia!","publisher":{"@id":"https:\/\/msconectado.com.br\/#organization"},"potentialAction":[{"@type":"SearchAction","target":{"@type":"EntryPoint","urlTemplate":"https:\/\/msconectado.com.br\/?s={search_term_string}"},"query-input":{"@type":"PropertyValueSpecification","valueRequired":true,"valueName":"search_term_string"}}],"inLanguage":"pt-BR"},{"@type":"Organization","@id":"https:\/\/msconectado.com.br\/#organization","name":"MsConectado","url":"https:\/\/msconectado.com.br\/","logo":{"@type":"ImageObject","inLanguage":"pt-BR","@id":"https:\/\/msconectado.com.br\/#\/schema\/logo\/image\/","url":"https:\/\/msconectado.com.br\/wp-content\/uploads\/2023\/01\/cropped-noticia-2.png","contentUrl":"https:\/\/msconectado.com.br\/wp-content\/uploads\/2023\/01\/cropped-noticia-2.png","width":720,"height":157,"caption":"MsConectado"},"image":{"@id":"https:\/\/msconectado.com.br\/#\/schema\/logo\/image\/"}},{"@type":"Person","@id":"https:\/\/msconectado.com.br\/#\/schema\/person\/feb123a95a93eebea36f0ed6a2e5ba48","name":"Jeferson","image":{"@type":"ImageObject","inLanguage":"pt-BR","@id":"https:\/\/secure.gravatar.com\/avatar\/e23e8901c88f0cdc0ad479ef7a39bf3e4c806344549c087c00b721a65549a328?s=96&d=mm&r=g","url":"https:\/\/secure.gravatar.com\/avatar\/e23e8901c88f0cdc0ad479ef7a39bf3e4c806344549c087c00b721a65549a328?s=96&d=mm&r=g","contentUrl":"https:\/\/secure.gravatar.com\/avatar\/e23e8901c88f0cdc0ad479ef7a39bf3e4c806344549c087c00b721a65549a328?s=96&d=mm&r=g","caption":"Jeferson"},"url":"https:\/\/msconectado.com.br\/?author=3"}]}},"_links":{"self":[{"href":"https:\/\/msconectado.com.br\/index.php?rest_route=\/wp\/v2\/posts\/24539","targetHints":{"allow":["GET"]}}],"collection":[{"href":"https:\/\/msconectado.com.br\/index.php?rest_route=\/wp\/v2\/posts"}],"about":[{"href":"https:\/\/msconectado.com.br\/index.php?rest_route=\/wp\/v2\/types\/post"}],"author":[{"embeddable":true,"href":"https:\/\/msconectado.com.br\/index.php?rest_route=\/wp\/v2\/users\/3"}],"replies":[{"embeddable":true,"href":"https:\/\/msconectado.com.br\/index.php?rest_route=%2Fwp%2Fv2%2Fcomments&post=24539"}],"version-history":[{"count":2,"href":"https:\/\/msconectado.com.br\/index.php?rest_route=\/wp\/v2\/posts\/24539\/revisions"}],"predecessor-version":[{"id":24543,"href":"https:\/\/msconectado.com.br\/index.php?rest_route=\/wp\/v2\/posts\/24539\/revisions\/24543"}],"wp:featuredmedia":[{"embeddable":true,"href":"https:\/\/msconectado.com.br\/index.php?rest_route=\/wp\/v2\/media\/24540"}],"wp:attachment":[{"href":"https:\/\/msconectado.com.br\/index.php?rest_route=%2Fwp%2Fv2%2Fmedia&parent=24539"}],"wp:term":[{"taxonomy":"category","embeddable":true,"href":"https:\/\/msconectado.com.br\/index.php?rest_route=%2Fwp%2Fv2%2Fcategories&post=24539"},{"taxonomy":"post_tag","embeddable":true,"href":"https:\/\/msconectado.com.br\/index.php?rest_route=%2Fwp%2Fv2%2Ftags&post=24539"}],"curies":[{"name":"wp","href":"https:\/\/api.w.org\/{rel}","templated":true}]}}