
{"id":24548,"date":"2025-03-08T10:38:43","date_gmt":"2025-03-08T10:38:43","guid":{"rendered":"https:\/\/msconectado.com.br\/?p=24548"},"modified":"2025-03-08T10:41:19","modified_gmt":"2025-03-08T10:41:19","slug":"laboratorio-bioanalise-inaugura-nova-unidade-e-reforca-compromisso-com-maracaju","status":"publish","type":"post","link":"https:\/\/msconectado.com.br\/?p=24548","title":{"rendered":"Laborat\u00f3rio Bioan\u00e1lise inaugura nova unidade e refor\u00e7a compromisso com Maracaju"},"content":{"rendered":"\n<p>Nesta sexta-feira (07), a cidade de Maracaju celebrou um importante avan\u00e7o na \u00e1rea da sa\u00fade com a inaugura\u00e7\u00e3o da segunda unidade do Laborat\u00f3rio Bioan\u00e1lise, localizada na Vila Juquita. O evento contou com a presen\u00e7a de autoridades locais, familiares e amigos, que acompanharam com emo\u00e7\u00e3o esse novo cap\u00edtulo na hist\u00f3ria do servi\u00e7o de sa\u00fade no munic\u00edpio.<\/p>\n\n\n\n<p>Os propriet\u00e1rios da Bioan\u00e1lise, Juliano e Aline, expressaram sua gratid\u00e3o pelo apoio e carinho da comunidade. Durante a cerim\u00f4nia, relembraram a trajet\u00f3ria de desafios e conquistas que os levaram a construir uma refer\u00eancia em diagn\u00f3stico laboratorial na regi\u00e3o. &#8220;Em 10 de outubro, nasceu um sonho em Maracaju. Um sonho de transformar vidas por meio da sa\u00fade, constru\u00eddo com dedica\u00e7\u00e3o, conhecimento e compromisso&#8221;, afirmaram.<\/p>\n\n\n<div class=\"wp-block-image\">\n<figure class=\"alignleft size-large is-resized\"><img fetchpriority=\"high\" decoding=\"async\" width=\"1600\" height=\"1066\" src=\"https:\/\/msconectado.com.br\/wp-content\/uploads\/2025\/03\/2-1024x682.jpg\" alt=\"\" class=\"wp-image-24549\" style=\"width:458px;height:auto\" srcset=\"https:\/\/msconectado.com.br\/wp-content\/uploads\/2025\/03\/2-1024x682.jpg 1024w, https:\/\/msconectado.com.br\/wp-content\/uploads\/2025\/03\/2-300x200.jpg 300w, https:\/\/msconectado.com.br\/wp-content\/uploads\/2025\/03\/2-768x512.jpg 768w, https:\/\/msconectado.com.br\/wp-content\/uploads\/2025\/03\/2-1536x1023.jpg 1536w, https:\/\/msconectado.com.br\/wp-content\/uploads\/2025\/03\/2-360x240.jpg 360w, https:\/\/msconectado.com.br\/wp-content\/uploads\/2025\/03\/2.jpg 1600w\" sizes=\"(max-width: 1600px) 100vw, 1600px\" \/><\/figure>\n<\/div>\n\n\n<p>Ao longo de 12 anos, o Laborat\u00f3rio Bioan\u00e1lise tem investido em inova\u00e7\u00e3o e tecnologia de ponta para oferecer diagn\u00f3sticos r\u00e1pidos e precisos, garantindo confian\u00e7a e excel\u00eancia no atendimento aos pacientes. Com a nova unidade, a institui\u00e7\u00e3o refor\u00e7a seu compromisso com a comunidade, ampliando sua capacidade de atendimento e proporcionando ainda mais comodidade aos moradores de Maracaju.<\/p>\n\n\n\n<p>O propriet\u00e1rio Juliano ressaltou a import\u00e2ncia desse novo passo para o crescimento do laborat\u00f3rio e para a popula\u00e7\u00e3o local: &#8220;Esse momento representa a realiza\u00e7\u00e3o de um sonho que foi constru\u00eddo com muito trabalho e dedica\u00e7\u00e3o. Queremos continuar oferecendo servi\u00e7os de qualidade, com atendimento humanizado e precis\u00e3o nos diagn\u00f3sticos.&#8221;<\/p>\n\n\n\n<p>A biom\u00e9dica e propriet\u00e1ria Aline tamb\u00e9m enfatizou o impacto positivo da nova unidade para a sa\u00fade da comunidade: &#8220;Cada exame realizado aqui significa uma vida que pode ser cuidada com mais efici\u00eancia e seguran\u00e7a. Nosso compromisso \u00e9 levar tecnologia de ponta aliada ao acolhimento, proporcionando confian\u00e7a e tranquilidade para nossos pacientes.&#8221;<\/p>\n\n\n<div class=\"wp-block-image\">\n<figure class=\"aligncenter size-large is-resized\"><img decoding=\"async\" width=\"1024\" height=\"768\" src=\"https:\/\/msconectado.com.br\/wp-content\/uploads\/2025\/03\/b38ca0dd-afb2-466c-ab73-55ce3faa1b27-1024x768.jpg\" alt=\"\" class=\"wp-image-24551\" style=\"width:742px;height:auto\" srcset=\"https:\/\/msconectado.com.br\/wp-content\/uploads\/2025\/03\/b38ca0dd-afb2-466c-ab73-55ce3faa1b27-1024x768.jpg 1024w, https:\/\/msconectado.com.br\/wp-content\/uploads\/2025\/03\/b38ca0dd-afb2-466c-ab73-55ce3faa1b27-300x225.jpg 300w, https:\/\/msconectado.com.br\/wp-content\/uploads\/2025\/03\/b38ca0dd-afb2-466c-ab73-55ce3faa1b27-768x576.jpg 768w, https:\/\/msconectado.com.br\/wp-content\/uploads\/2025\/03\/b38ca0dd-afb2-466c-ab73-55ce3faa1b27-1536x1152.jpg 1536w, https:\/\/msconectado.com.br\/wp-content\/uploads\/2025\/03\/b38ca0dd-afb2-466c-ab73-55ce3faa1b27.jpg 1600w\" sizes=\"(max-width: 1024px) 100vw, 1024px\" \/><\/figure>\n<\/div>\n\n\n<p>&#8220;Essa conquista s\u00f3 foi poss\u00edvel porque Maracaju confiou e caminhou ao nosso lado. Seguimos juntos, com o mesmo prop\u00f3sito e dedica\u00e7\u00e3o&#8221;, destacaram os fundadores, emocionados.<\/p>\n\n\n\n<p>Com mais essa expans\u00e3o, o Laborat\u00f3rio Bioan\u00e1lise reafirma sua miss\u00e3o de estar sempre a servi\u00e7o da sa\u00fade da popula\u00e7\u00e3o, garantindo qualidade e seguran\u00e7a nos servi\u00e7os prestados. Maracaju ganha, assim, mais um importante refor\u00e7o na \u00e1rea da sa\u00fade, fortalecendo o acesso da comunidade a exames laboratoriais modernos e eficazes.<\/p>\n\n\n\n<p>Por: Jeferson Silveira &#8211; DRT 001808\/MS<\/p>\n\n\n<div class=\"wp-block-image\">\n<figure class=\"aligncenter size-large\"><img decoding=\"async\" width=\"1024\" height=\"114\" src=\"https:\/\/msconectado.com.br\/wp-content\/uploads\/2025\/03\/WhatsApp-Image-2025-03-06-at-08.12.01-1-1024x114.jpeg\" alt=\"\" class=\"wp-image-24530\" srcset=\"https:\/\/msconectado.com.br\/wp-content\/uploads\/2025\/03\/WhatsApp-Image-2025-03-06-at-08.12.01-1-1024x114.jpeg 1024w, https:\/\/msconectado.com.br\/wp-content\/uploads\/2025\/03\/WhatsApp-Image-2025-03-06-at-08.12.01-1-300x33.jpeg 300w, https:\/\/msconectado.com.br\/wp-content\/uploads\/2025\/03\/WhatsApp-Image-2025-03-06-at-08.12.01-1-768x85.jpeg 768w, https:\/\/msconectado.com.br\/wp-content\/uploads\/2025\/03\/WhatsApp-Image-2025-03-06-at-08.12.01-1-1536x171.jpeg 1536w, https:\/\/msconectado.com.br\/wp-content\/uploads\/2025\/03\/WhatsApp-Image-2025-03-06-at-08.12.01-1.jpeg 1600w\" sizes=\"(max-width: 1024px) 100vw, 1024px\" \/><\/figure>\n<\/div>","protected":false},"excerpt":{"rendered":"<p>Nesta sexta-feira (07), a cidade de Maracaju celebrou um importante avan\u00e7o na \u00e1rea da sa\u00fade com a inaugura\u00e7\u00e3o da segunda unidade do Laborat\u00f3rio Bioan\u00e1lise, localizada na Vila Juquita. O evento contou com a presen\u00e7a de autoridades locais, familiares e amigos, que acompanharam com emo\u00e7\u00e3o esse novo cap\u00edtulo na hist\u00f3ria do servi\u00e7o de sa\u00fade no munic\u00edpio. [&hellip;]<\/p>\n","protected":false},"author":3,"featured_media":24550,"comment_status":"open","ping_status":"closed","sticky":false,"template":"","format":"standard","meta":{"footnotes":""},"categories":[35,34,1],"tags":[],"class_list":["post-24548","post","type-post","status-publish","format-standard","has-post-thumbnail","hentry","category-cidades","category-comercio","category-noticia"],"yoast_head":"<!-- This site is optimized with the Yoast SEO plugin v27.5 - https:\/\/yoast.com\/product\/yoast-seo-wordpress\/ -->\n<title>Laborat\u00f3rio Bioan\u00e1lise inaugura nova unidade e refor\u00e7a compromisso com Maracaju - MsConectado<\/title>\n<meta name=\"robots\" content=\"index, follow, max-snippet:-1, max-image-preview:large, max-video-preview:-1\" \/>\n<link rel=\"canonical\" href=\"https:\/\/msconectado.com.br\/?p=24548\" \/>\n<meta property=\"og:locale\" content=\"pt_BR\" \/>\n<meta property=\"og:type\" content=\"article\" \/>\n<meta property=\"og:title\" content=\"Laborat\u00f3rio Bioan\u00e1lise inaugura nova unidade e refor\u00e7a compromisso com Maracaju - MsConectado\" \/>\n<meta property=\"og:description\" content=\"Nesta sexta-feira (07), a cidade de Maracaju celebrou um importante avan\u00e7o na \u00e1rea da sa\u00fade com a inaugura\u00e7\u00e3o da segunda unidade do Laborat\u00f3rio Bioan\u00e1lise, localizada na Vila Juquita. O evento contou com a presen\u00e7a de autoridades locais, familiares e amigos, que acompanharam com emo\u00e7\u00e3o esse novo cap\u00edtulo na hist\u00f3ria do servi\u00e7o de sa\u00fade no munic\u00edpio. [&hellip;]\" \/>\n<meta property=\"og:url\" content=\"https:\/\/msconectado.com.br\/?p=24548\" \/>\n<meta property=\"og:site_name\" content=\"MsConectado\" \/>\n<meta property=\"article:published_time\" content=\"2025-03-08T10:38:43+00:00\" \/>\n<meta property=\"article:modified_time\" content=\"2025-03-08T10:41:19+00:00\" \/>\n<meta property=\"og:image\" content=\"https:\/\/msconectado.com.br\/wp-content\/uploads\/2025\/03\/6a8fe50c-6c59-4b20-97c8-7ce02b09e2ce.jpg\" \/>\n\t<meta property=\"og:image:width\" content=\"1600\" \/>\n\t<meta property=\"og:image:height\" content=\"900\" \/>\n\t<meta property=\"og:image:type\" content=\"image\/jpeg\" \/>\n<meta name=\"author\" content=\"Jeferson\" \/>\n<meta name=\"twitter:card\" content=\"summary_large_image\" \/>\n<meta name=\"twitter:label1\" content=\"Escrito por\" \/>\n\t<meta name=\"twitter:data1\" content=\"Jeferson\" \/>\n\t<meta name=\"twitter:label2\" content=\"Est. tempo de leitura\" \/>\n\t<meta name=\"twitter:data2\" content=\"3 minutos\" \/>\n<script type=\"application\/ld+json\" class=\"yoast-schema-graph\">{\"@context\":\"https:\\\/\\\/schema.org\",\"@graph\":[{\"@type\":\"Article\",\"@id\":\"https:\\\/\\\/msconectado.com.br\\\/?p=24548#article\",\"isPartOf\":{\"@id\":\"https:\\\/\\\/msconectado.com.br\\\/?p=24548\"},\"author\":{\"name\":\"Jeferson\",\"@id\":\"https:\\\/\\\/msconectado.com.br\\\/#\\\/schema\\\/person\\\/feb123a95a93eebea36f0ed6a2e5ba48\"},\"headline\":\"Laborat\u00f3rio Bioan\u00e1lise inaugura nova unidade e refor\u00e7a compromisso com Maracaju\",\"datePublished\":\"2025-03-08T10:38:43+00:00\",\"dateModified\":\"2025-03-08T10:41:19+00:00\",\"mainEntityOfPage\":{\"@id\":\"https:\\\/\\\/msconectado.com.br\\\/?p=24548\"},\"wordCount\":424,\"commentCount\":0,\"publisher\":{\"@id\":\"https:\\\/\\\/msconectado.com.br\\\/#organization\"},\"image\":{\"@id\":\"https:\\\/\\\/msconectado.com.br\\\/?p=24548#primaryimage\"},\"thumbnailUrl\":\"https:\\\/\\\/msconectado.com.br\\\/wp-content\\\/uploads\\\/2025\\\/03\\\/6a8fe50c-6c59-4b20-97c8-7ce02b09e2ce.jpg\",\"articleSection\":[\"Cidades\",\"Com\u00e9rcio\",\"Not\u00edcia\"],\"inLanguage\":\"pt-BR\",\"potentialAction\":[{\"@type\":\"CommentAction\",\"name\":\"Comment\",\"target\":[\"https:\\\/\\\/msconectado.com.br\\\/?p=24548#respond\"]}]},{\"@type\":\"WebPage\",\"@id\":\"https:\\\/\\\/msconectado.com.br\\\/?p=24548\",\"url\":\"https:\\\/\\\/msconectado.com.br\\\/?p=24548\",\"name\":\"Laborat\u00f3rio Bioan\u00e1lise inaugura nova unidade e refor\u00e7a compromisso com Maracaju - MsConectado\",\"isPartOf\":{\"@id\":\"https:\\\/\\\/msconectado.com.br\\\/#website\"},\"primaryImageOfPage\":{\"@id\":\"https:\\\/\\\/msconectado.com.br\\\/?p=24548#primaryimage\"},\"image\":{\"@id\":\"https:\\\/\\\/msconectado.com.br\\\/?p=24548#primaryimage\"},\"thumbnailUrl\":\"https:\\\/\\\/msconectado.com.br\\\/wp-content\\\/uploads\\\/2025\\\/03\\\/6a8fe50c-6c59-4b20-97c8-7ce02b09e2ce.jpg\",\"datePublished\":\"2025-03-08T10:38:43+00:00\",\"dateModified\":\"2025-03-08T10:41:19+00:00\",\"breadcrumb\":{\"@id\":\"https:\\\/\\\/msconectado.com.br\\\/?p=24548#breadcrumb\"},\"inLanguage\":\"pt-BR\",\"potentialAction\":[{\"@type\":\"ReadAction\",\"target\":[\"https:\\\/\\\/msconectado.com.br\\\/?p=24548\"]}]},{\"@type\":\"ImageObject\",\"inLanguage\":\"pt-BR\",\"@id\":\"https:\\\/\\\/msconectado.com.br\\\/?p=24548#primaryimage\",\"url\":\"https:\\\/\\\/msconectado.com.br\\\/wp-content\\\/uploads\\\/2025\\\/03\\\/6a8fe50c-6c59-4b20-97c8-7ce02b09e2ce.jpg\",\"contentUrl\":\"https:\\\/\\\/msconectado.com.br\\\/wp-content\\\/uploads\\\/2025\\\/03\\\/6a8fe50c-6c59-4b20-97c8-7ce02b09e2ce.jpg\",\"width\":1600,\"height\":900},{\"@type\":\"BreadcrumbList\",\"@id\":\"https:\\\/\\\/msconectado.com.br\\\/?p=24548#breadcrumb\",\"itemListElement\":[{\"@type\":\"ListItem\",\"position\":1,\"name\":\"In\u00edcio\",\"item\":\"https:\\\/\\\/msconectado.com.br\\\/?page_id=105\"},{\"@type\":\"ListItem\",\"position\":2,\"name\":\"Laborat\u00f3rio Bioan\u00e1lise inaugura nova unidade e refor\u00e7a compromisso com Maracaju\"}]},{\"@type\":\"WebSite\",\"@id\":\"https:\\\/\\\/msconectado.com.br\\\/#website\",\"url\":\"https:\\\/\\\/msconectado.com.br\\\/\",\"name\":\"MsConectado\",\"description\":\"Voc\u00ea Conectado com a Not\u00edcia!\",\"publisher\":{\"@id\":\"https:\\\/\\\/msconectado.com.br\\\/#organization\"},\"potentialAction\":[{\"@type\":\"SearchAction\",\"target\":{\"@type\":\"EntryPoint\",\"urlTemplate\":\"https:\\\/\\\/msconectado.com.br\\\/?s={search_term_string}\"},\"query-input\":{\"@type\":\"PropertyValueSpecification\",\"valueRequired\":true,\"valueName\":\"search_term_string\"}}],\"inLanguage\":\"pt-BR\"},{\"@type\":\"Organization\",\"@id\":\"https:\\\/\\\/msconectado.com.br\\\/#organization\",\"name\":\"MsConectado\",\"url\":\"https:\\\/\\\/msconectado.com.br\\\/\",\"logo\":{\"@type\":\"ImageObject\",\"inLanguage\":\"pt-BR\",\"@id\":\"https:\\\/\\\/msconectado.com.br\\\/#\\\/schema\\\/logo\\\/image\\\/\",\"url\":\"https:\\\/\\\/msconectado.com.br\\\/wp-content\\\/uploads\\\/2023\\\/01\\\/cropped-noticia-2.png\",\"contentUrl\":\"https:\\\/\\\/msconectado.com.br\\\/wp-content\\\/uploads\\\/2023\\\/01\\\/cropped-noticia-2.png\",\"width\":720,\"height\":157,\"caption\":\"MsConectado\"},\"image\":{\"@id\":\"https:\\\/\\\/msconectado.com.br\\\/#\\\/schema\\\/logo\\\/image\\\/\"}},{\"@type\":\"Person\",\"@id\":\"https:\\\/\\\/msconectado.com.br\\\/#\\\/schema\\\/person\\\/feb123a95a93eebea36f0ed6a2e5ba48\",\"name\":\"Jeferson\",\"image\":{\"@type\":\"ImageObject\",\"inLanguage\":\"pt-BR\",\"@id\":\"https:\\\/\\\/secure.gravatar.com\\\/avatar\\\/e23e8901c88f0cdc0ad479ef7a39bf3e4c806344549c087c00b721a65549a328?s=96&d=mm&r=g\",\"url\":\"https:\\\/\\\/secure.gravatar.com\\\/avatar\\\/e23e8901c88f0cdc0ad479ef7a39bf3e4c806344549c087c00b721a65549a328?s=96&d=mm&r=g\",\"contentUrl\":\"https:\\\/\\\/secure.gravatar.com\\\/avatar\\\/e23e8901c88f0cdc0ad479ef7a39bf3e4c806344549c087c00b721a65549a328?s=96&d=mm&r=g\",\"caption\":\"Jeferson\"},\"url\":\"https:\\\/\\\/msconectado.com.br\\\/?author=3\"}]}<\/script>\n<!-- \/ Yoast SEO plugin. -->","yoast_head_json":{"title":"Laborat\u00f3rio Bioan\u00e1lise inaugura nova unidade e refor\u00e7a compromisso com Maracaju - MsConectado","robots":{"index":"index","follow":"follow","max-snippet":"max-snippet:-1","max-image-preview":"max-image-preview:large","max-video-preview":"max-video-preview:-1"},"canonical":"https:\/\/msconectado.com.br\/?p=24548","og_locale":"pt_BR","og_type":"article","og_title":"Laborat\u00f3rio Bioan\u00e1lise inaugura nova unidade e refor\u00e7a compromisso com Maracaju - MsConectado","og_description":"Nesta sexta-feira (07), a cidade de Maracaju celebrou um importante avan\u00e7o na \u00e1rea da sa\u00fade com a inaugura\u00e7\u00e3o da segunda unidade do Laborat\u00f3rio Bioan\u00e1lise, localizada na Vila Juquita. O evento contou com a presen\u00e7a de autoridades locais, familiares e amigos, que acompanharam com emo\u00e7\u00e3o esse novo cap\u00edtulo na hist\u00f3ria do servi\u00e7o de sa\u00fade no munic\u00edpio. [&hellip;]","og_url":"https:\/\/msconectado.com.br\/?p=24548","og_site_name":"MsConectado","article_published_time":"2025-03-08T10:38:43+00:00","article_modified_time":"2025-03-08T10:41:19+00:00","og_image":[{"width":1600,"height":900,"url":"https:\/\/msconectado.com.br\/wp-content\/uploads\/2025\/03\/6a8fe50c-6c59-4b20-97c8-7ce02b09e2ce.jpg","type":"image\/jpeg"}],"author":"Jeferson","twitter_card":"summary_large_image","twitter_misc":{"Escrito por":"Jeferson","Est. tempo de leitura":"3 minutos"},"schema":{"@context":"https:\/\/schema.org","@graph":[{"@type":"Article","@id":"https:\/\/msconectado.com.br\/?p=24548#article","isPartOf":{"@id":"https:\/\/msconectado.com.br\/?p=24548"},"author":{"name":"Jeferson","@id":"https:\/\/msconectado.com.br\/#\/schema\/person\/feb123a95a93eebea36f0ed6a2e5ba48"},"headline":"Laborat\u00f3rio Bioan\u00e1lise inaugura nova unidade e refor\u00e7a compromisso com Maracaju","datePublished":"2025-03-08T10:38:43+00:00","dateModified":"2025-03-08T10:41:19+00:00","mainEntityOfPage":{"@id":"https:\/\/msconectado.com.br\/?p=24548"},"wordCount":424,"commentCount":0,"publisher":{"@id":"https:\/\/msconectado.com.br\/#organization"},"image":{"@id":"https:\/\/msconectado.com.br\/?p=24548#primaryimage"},"thumbnailUrl":"https:\/\/msconectado.com.br\/wp-content\/uploads\/2025\/03\/6a8fe50c-6c59-4b20-97c8-7ce02b09e2ce.jpg","articleSection":["Cidades","Com\u00e9rcio","Not\u00edcia"],"inLanguage":"pt-BR","potentialAction":[{"@type":"CommentAction","name":"Comment","target":["https:\/\/msconectado.com.br\/?p=24548#respond"]}]},{"@type":"WebPage","@id":"https:\/\/msconectado.com.br\/?p=24548","url":"https:\/\/msconectado.com.br\/?p=24548","name":"Laborat\u00f3rio Bioan\u00e1lise inaugura nova unidade e refor\u00e7a compromisso com Maracaju - MsConectado","isPartOf":{"@id":"https:\/\/msconectado.com.br\/#website"},"primaryImageOfPage":{"@id":"https:\/\/msconectado.com.br\/?p=24548#primaryimage"},"image":{"@id":"https:\/\/msconectado.com.br\/?p=24548#primaryimage"},"thumbnailUrl":"https:\/\/msconectado.com.br\/wp-content\/uploads\/2025\/03\/6a8fe50c-6c59-4b20-97c8-7ce02b09e2ce.jpg","datePublished":"2025-03-08T10:38:43+00:00","dateModified":"2025-03-08T10:41:19+00:00","breadcrumb":{"@id":"https:\/\/msconectado.com.br\/?p=24548#breadcrumb"},"inLanguage":"pt-BR","potentialAction":[{"@type":"ReadAction","target":["https:\/\/msconectado.com.br\/?p=24548"]}]},{"@type":"ImageObject","inLanguage":"pt-BR","@id":"https:\/\/msconectado.com.br\/?p=24548#primaryimage","url":"https:\/\/msconectado.com.br\/wp-content\/uploads\/2025\/03\/6a8fe50c-6c59-4b20-97c8-7ce02b09e2ce.jpg","contentUrl":"https:\/\/msconectado.com.br\/wp-content\/uploads\/2025\/03\/6a8fe50c-6c59-4b20-97c8-7ce02b09e2ce.jpg","width":1600,"height":900},{"@type":"BreadcrumbList","@id":"https:\/\/msconectado.com.br\/?p=24548#breadcrumb","itemListElement":[{"@type":"ListItem","position":1,"name":"In\u00edcio","item":"https:\/\/msconectado.com.br\/?page_id=105"},{"@type":"ListItem","position":2,"name":"Laborat\u00f3rio Bioan\u00e1lise inaugura nova unidade e refor\u00e7a compromisso com Maracaju"}]},{"@type":"WebSite","@id":"https:\/\/msconectado.com.br\/#website","url":"https:\/\/msconectado.com.br\/","name":"MsConectado","description":"Voc\u00ea Conectado com a Not\u00edcia!","publisher":{"@id":"https:\/\/msconectado.com.br\/#organization"},"potentialAction":[{"@type":"SearchAction","target":{"@type":"EntryPoint","urlTemplate":"https:\/\/msconectado.com.br\/?s={search_term_string}"},"query-input":{"@type":"PropertyValueSpecification","valueRequired":true,"valueName":"search_term_string"}}],"inLanguage":"pt-BR"},{"@type":"Organization","@id":"https:\/\/msconectado.com.br\/#organization","name":"MsConectado","url":"https:\/\/msconectado.com.br\/","logo":{"@type":"ImageObject","inLanguage":"pt-BR","@id":"https:\/\/msconectado.com.br\/#\/schema\/logo\/image\/","url":"https:\/\/msconectado.com.br\/wp-content\/uploads\/2023\/01\/cropped-noticia-2.png","contentUrl":"https:\/\/msconectado.com.br\/wp-content\/uploads\/2023\/01\/cropped-noticia-2.png","width":720,"height":157,"caption":"MsConectado"},"image":{"@id":"https:\/\/msconectado.com.br\/#\/schema\/logo\/image\/"}},{"@type":"Person","@id":"https:\/\/msconectado.com.br\/#\/schema\/person\/feb123a95a93eebea36f0ed6a2e5ba48","name":"Jeferson","image":{"@type":"ImageObject","inLanguage":"pt-BR","@id":"https:\/\/secure.gravatar.com\/avatar\/e23e8901c88f0cdc0ad479ef7a39bf3e4c806344549c087c00b721a65549a328?s=96&d=mm&r=g","url":"https:\/\/secure.gravatar.com\/avatar\/e23e8901c88f0cdc0ad479ef7a39bf3e4c806344549c087c00b721a65549a328?s=96&d=mm&r=g","contentUrl":"https:\/\/secure.gravatar.com\/avatar\/e23e8901c88f0cdc0ad479ef7a39bf3e4c806344549c087c00b721a65549a328?s=96&d=mm&r=g","caption":"Jeferson"},"url":"https:\/\/msconectado.com.br\/?author=3"}]}},"_links":{"self":[{"href":"https:\/\/msconectado.com.br\/index.php?rest_route=\/wp\/v2\/posts\/24548","targetHints":{"allow":["GET"]}}],"collection":[{"href":"https:\/\/msconectado.com.br\/index.php?rest_route=\/wp\/v2\/posts"}],"about":[{"href":"https:\/\/msconectado.com.br\/index.php?rest_route=\/wp\/v2\/types\/post"}],"author":[{"embeddable":true,"href":"https:\/\/msconectado.com.br\/index.php?rest_route=\/wp\/v2\/users\/3"}],"replies":[{"embeddable":true,"href":"https:\/\/msconectado.com.br\/index.php?rest_route=%2Fwp%2Fv2%2Fcomments&post=24548"}],"version-history":[{"count":2,"href":"https:\/\/msconectado.com.br\/index.php?rest_route=\/wp\/v2\/posts\/24548\/revisions"}],"predecessor-version":[{"id":24554,"href":"https:\/\/msconectado.com.br\/index.php?rest_route=\/wp\/v2\/posts\/24548\/revisions\/24554"}],"wp:featuredmedia":[{"embeddable":true,"href":"https:\/\/msconectado.com.br\/index.php?rest_route=\/wp\/v2\/media\/24550"}],"wp:attachment":[{"href":"https:\/\/msconectado.com.br\/index.php?rest_route=%2Fwp%2Fv2%2Fmedia&parent=24548"}],"wp:term":[{"taxonomy":"category","embeddable":true,"href":"https:\/\/msconectado.com.br\/index.php?rest_route=%2Fwp%2Fv2%2Fcategories&post=24548"},{"taxonomy":"post_tag","embeddable":true,"href":"https:\/\/msconectado.com.br\/index.php?rest_route=%2Fwp%2Fv2%2Ftags&post=24548"}],"curies":[{"name":"wp","href":"https:\/\/api.w.org\/{rel}","templated":true}]}}