
{"id":24558,"date":"2025-03-10T15:24:56","date_gmt":"2025-03-10T15:24:56","guid":{"rendered":"https:\/\/msconectado.com.br\/?p=24558"},"modified":"2025-03-10T15:26:34","modified_gmt":"2025-03-10T15:26:34","slug":"vereador-robert-ziemann-apresenta-mocao-de-parabenizacao-ao-laboratorio-bioanalise-pela-inauguracao-de-nova-unidade-em-maracaju","status":"publish","type":"post","link":"https:\/\/msconectado.com.br\/?p=24558","title":{"rendered":"Vereador Robert Ziemann apresenta &#8220;Mo\u00e7\u00e3o de Parabeniza\u00e7\u00e3o&#8221; ao Laborat\u00f3rio Bioan\u00e1lise pela inaugura\u00e7\u00e3o de nova unidade em Maracaju"},"content":{"rendered":"\n<p>Na sess\u00e3o ordin\u00e1ria da C\u00e2mara Municipal de Vereadores, realizada nesta segunda-feira (10), o vereador Robert Ziemann apresentou um pedido de Mo\u00e7\u00e3o de Parabeniza\u00e7\u00e3o aos propriet\u00e1rios do Laborat\u00f3rio Bioan\u00e1lise, Juliano e Aline, pela inaugura\u00e7\u00e3o da nova unidade da empresa em Maracaju.<\/p>\n\n\n\n<p>Durante a justificativa da Mo\u00e7\u00e3o, o parlamentar destacou a import\u00e2ncia do laborat\u00f3rio para o munic\u00edpio, ressaltando os 12 anos de atua\u00e7\u00e3o da empresa, que se tornou refer\u00eancia em inova\u00e7\u00e3o e qualidade na realiza\u00e7\u00e3o de exames laboratoriais.<\/p>\n\n\n\n<p>Al\u00e9m da excel\u00eancia nos servi\u00e7os prestados \u00e0 popula\u00e7\u00e3o, o Laborat\u00f3rio Bioan\u00e1lise tamb\u00e9m \u00e9 reconhecido por contribuir ativamente para o desenvolvimento econ\u00f4mico de Maracaju, gerando empregos diretos e indiretos e movimentando a economia local.<\/p>\n\n\n\n<p>\u201cA Bioan\u00e1lise \u00e9 um exemplo de empresa comprometida com a sa\u00fade da nossa popula\u00e7\u00e3o, sempre buscando inova\u00e7\u00e3o e qualidade. A nova unidade representa mais um avan\u00e7o, refor\u00e7ando o compromisso dos empres\u00e1rios Juliano e Anile com Maracaju e com o bem-estar da nossa gente\u201d, destacou o vereador Robert Ziemann.<\/p>\n\n\n\n<p>A Mo\u00e7\u00e3o de Parabeniza\u00e7\u00e3o, foi aprovada, e oficializou o reconhecimento do Poder Legislativo Municipal \u00e0 contribui\u00e7\u00e3o significativa do Laborat\u00f3rio Bioan\u00e1lise para a cidade, especialmente no que se refere \u00e0&nbsp;<strong>amplia\u00e7\u00e3o dos servi\u00e7os de sa\u00fade, gera\u00e7\u00e3o de emprego e fomento \u00e0 economia local<\/strong>.<\/p>\n\n\n\n<p>A inaugura\u00e7\u00e3o da nova unidade do laborat\u00f3rio vem ao encontro das necessidades da popula\u00e7\u00e3o, ampliando o acesso a exames com tecnologia de ponta e atendimento humanizado, consolidando ainda mais a posi\u00e7\u00e3o da empresa como uma das principais refer\u00eancias na \u00e1rea da sa\u00fade em Maracaju.<\/p>\n\n\n\n<p>Por: Jeferson Silveira \u2013 DRT 001808\/MS<\/p>\n\n\n<div class=\"wp-block-image\">\n<figure class=\"aligncenter size-large\"><img fetchpriority=\"high\" decoding=\"async\" width=\"1024\" height=\"114\" src=\"https:\/\/msconectado.com.br\/wp-content\/uploads\/2025\/03\/WhatsApp-Image-2025-03-06-at-08.12.01-1-1024x114.jpeg\" alt=\"\" class=\"wp-image-24530\" srcset=\"https:\/\/msconectado.com.br\/wp-content\/uploads\/2025\/03\/WhatsApp-Image-2025-03-06-at-08.12.01-1-1024x114.jpeg 1024w, https:\/\/msconectado.com.br\/wp-content\/uploads\/2025\/03\/WhatsApp-Image-2025-03-06-at-08.12.01-1-300x33.jpeg 300w, https:\/\/msconectado.com.br\/wp-content\/uploads\/2025\/03\/WhatsApp-Image-2025-03-06-at-08.12.01-1-768x85.jpeg 768w, https:\/\/msconectado.com.br\/wp-content\/uploads\/2025\/03\/WhatsApp-Image-2025-03-06-at-08.12.01-1-1536x171.jpeg 1536w, https:\/\/msconectado.com.br\/wp-content\/uploads\/2025\/03\/WhatsApp-Image-2025-03-06-at-08.12.01-1.jpeg 1600w\" sizes=\"(max-width: 1024px) 100vw, 1024px\" \/><\/figure>\n<\/div>\n\n\n<p><\/p>\n","protected":false},"excerpt":{"rendered":"<p>Na sess\u00e3o ordin\u00e1ria da C\u00e2mara Municipal de Vereadores, realizada nesta segunda-feira (10), o vereador Robert Ziemann apresentou um pedido de Mo\u00e7\u00e3o de Parabeniza\u00e7\u00e3o aos propriet\u00e1rios do Laborat\u00f3rio Bioan\u00e1lise, Juliano e Aline, pela inaugura\u00e7\u00e3o da nova unidade da empresa em Maracaju. Durante a justificativa da Mo\u00e7\u00e3o, o parlamentar destacou a import\u00e2ncia do laborat\u00f3rio para o munic\u00edpio, [&hellip;]<\/p>\n","protected":false},"author":3,"featured_media":24561,"comment_status":"open","ping_status":"closed","sticky":false,"template":"","format":"standard","meta":{"footnotes":""},"categories":[35,34,1],"tags":[],"class_list":["post-24558","post","type-post","status-publish","format-standard","has-post-thumbnail","hentry","category-cidades","category-comercio","category-noticia"],"yoast_head":"<!-- This site is optimized with the Yoast SEO plugin v27.5 - https:\/\/yoast.com\/product\/yoast-seo-wordpress\/ -->\n<title>Vereador Robert Ziemann apresenta &quot;Mo\u00e7\u00e3o de Parabeniza\u00e7\u00e3o&quot; ao Laborat\u00f3rio Bioan\u00e1lise pela inaugura\u00e7\u00e3o de nova unidade em Maracaju - MsConectado<\/title>\n<meta name=\"robots\" content=\"index, follow, max-snippet:-1, max-image-preview:large, max-video-preview:-1\" \/>\n<link rel=\"canonical\" href=\"https:\/\/msconectado.com.br\/?p=24558\" \/>\n<meta property=\"og:locale\" content=\"pt_BR\" \/>\n<meta property=\"og:type\" content=\"article\" \/>\n<meta property=\"og:title\" content=\"Vereador Robert Ziemann apresenta &quot;Mo\u00e7\u00e3o de Parabeniza\u00e7\u00e3o&quot; ao Laborat\u00f3rio Bioan\u00e1lise pela inaugura\u00e7\u00e3o de nova unidade em Maracaju - MsConectado\" \/>\n<meta property=\"og:description\" content=\"Na sess\u00e3o ordin\u00e1ria da C\u00e2mara Municipal de Vereadores, realizada nesta segunda-feira (10), o vereador Robert Ziemann apresentou um pedido de Mo\u00e7\u00e3o de Parabeniza\u00e7\u00e3o aos propriet\u00e1rios do Laborat\u00f3rio Bioan\u00e1lise, Juliano e Aline, pela inaugura\u00e7\u00e3o da nova unidade da empresa em Maracaju. Durante a justificativa da Mo\u00e7\u00e3o, o parlamentar destacou a import\u00e2ncia do laborat\u00f3rio para o munic\u00edpio, [&hellip;]\" \/>\n<meta property=\"og:url\" content=\"https:\/\/msconectado.com.br\/?p=24558\" \/>\n<meta property=\"og:site_name\" content=\"MsConectado\" \/>\n<meta property=\"article:published_time\" content=\"2025-03-10T15:24:56+00:00\" \/>\n<meta property=\"article:modified_time\" content=\"2025-03-10T15:26:34+00:00\" \/>\n<meta property=\"og:image\" content=\"https:\/\/msconectado.com.br\/wp-content\/uploads\/2025\/03\/PAT_5491-4.jpg\" \/>\n\t<meta property=\"og:image:width\" content=\"1600\" \/>\n\t<meta property=\"og:image:height\" content=\"1200\" \/>\n\t<meta property=\"og:image:type\" content=\"image\/jpeg\" \/>\n<meta name=\"author\" content=\"Jeferson\" \/>\n<meta name=\"twitter:card\" content=\"summary_large_image\" \/>\n<meta name=\"twitter:label1\" content=\"Escrito por\" \/>\n\t<meta name=\"twitter:data1\" content=\"Jeferson\" \/>\n\t<meta name=\"twitter:label2\" content=\"Est. tempo de leitura\" \/>\n\t<meta name=\"twitter:data2\" content=\"2 minutos\" \/>\n<script type=\"application\/ld+json\" class=\"yoast-schema-graph\">{\"@context\":\"https:\\\/\\\/schema.org\",\"@graph\":[{\"@type\":\"Article\",\"@id\":\"https:\\\/\\\/msconectado.com.br\\\/?p=24558#article\",\"isPartOf\":{\"@id\":\"https:\\\/\\\/msconectado.com.br\\\/?p=24558\"},\"author\":{\"name\":\"Jeferson\",\"@id\":\"https:\\\/\\\/msconectado.com.br\\\/#\\\/schema\\\/person\\\/feb123a95a93eebea36f0ed6a2e5ba48\"},\"headline\":\"Vereador Robert Ziemann apresenta &#8220;Mo\u00e7\u00e3o de Parabeniza\u00e7\u00e3o&#8221; ao Laborat\u00f3rio Bioan\u00e1lise pela inaugura\u00e7\u00e3o de nova unidade em Maracaju\",\"datePublished\":\"2025-03-10T15:24:56+00:00\",\"dateModified\":\"2025-03-10T15:26:34+00:00\",\"mainEntityOfPage\":{\"@id\":\"https:\\\/\\\/msconectado.com.br\\\/?p=24558\"},\"wordCount\":310,\"commentCount\":0,\"publisher\":{\"@id\":\"https:\\\/\\\/msconectado.com.br\\\/#organization\"},\"image\":{\"@id\":\"https:\\\/\\\/msconectado.com.br\\\/?p=24558#primaryimage\"},\"thumbnailUrl\":\"https:\\\/\\\/msconectado.com.br\\\/wp-content\\\/uploads\\\/2025\\\/03\\\/PAT_5491-4.jpg\",\"articleSection\":[\"Cidades\",\"Com\u00e9rcio\",\"Not\u00edcia\"],\"inLanguage\":\"pt-BR\",\"potentialAction\":[{\"@type\":\"CommentAction\",\"name\":\"Comment\",\"target\":[\"https:\\\/\\\/msconectado.com.br\\\/?p=24558#respond\"]}]},{\"@type\":\"WebPage\",\"@id\":\"https:\\\/\\\/msconectado.com.br\\\/?p=24558\",\"url\":\"https:\\\/\\\/msconectado.com.br\\\/?p=24558\",\"name\":\"Vereador Robert Ziemann apresenta \\\"Mo\u00e7\u00e3o de Parabeniza\u00e7\u00e3o\\\" ao Laborat\u00f3rio Bioan\u00e1lise pela inaugura\u00e7\u00e3o de nova unidade em Maracaju - MsConectado\",\"isPartOf\":{\"@id\":\"https:\\\/\\\/msconectado.com.br\\\/#website\"},\"primaryImageOfPage\":{\"@id\":\"https:\\\/\\\/msconectado.com.br\\\/?p=24558#primaryimage\"},\"image\":{\"@id\":\"https:\\\/\\\/msconectado.com.br\\\/?p=24558#primaryimage\"},\"thumbnailUrl\":\"https:\\\/\\\/msconectado.com.br\\\/wp-content\\\/uploads\\\/2025\\\/03\\\/PAT_5491-4.jpg\",\"datePublished\":\"2025-03-10T15:24:56+00:00\",\"dateModified\":\"2025-03-10T15:26:34+00:00\",\"breadcrumb\":{\"@id\":\"https:\\\/\\\/msconectado.com.br\\\/?p=24558#breadcrumb\"},\"inLanguage\":\"pt-BR\",\"potentialAction\":[{\"@type\":\"ReadAction\",\"target\":[\"https:\\\/\\\/msconectado.com.br\\\/?p=24558\"]}]},{\"@type\":\"ImageObject\",\"inLanguage\":\"pt-BR\",\"@id\":\"https:\\\/\\\/msconectado.com.br\\\/?p=24558#primaryimage\",\"url\":\"https:\\\/\\\/msconectado.com.br\\\/wp-content\\\/uploads\\\/2025\\\/03\\\/PAT_5491-4.jpg\",\"contentUrl\":\"https:\\\/\\\/msconectado.com.br\\\/wp-content\\\/uploads\\\/2025\\\/03\\\/PAT_5491-4.jpg\",\"width\":1600,\"height\":1200},{\"@type\":\"BreadcrumbList\",\"@id\":\"https:\\\/\\\/msconectado.com.br\\\/?p=24558#breadcrumb\",\"itemListElement\":[{\"@type\":\"ListItem\",\"position\":1,\"name\":\"In\u00edcio\",\"item\":\"https:\\\/\\\/msconectado.com.br\\\/?page_id=105\"},{\"@type\":\"ListItem\",\"position\":2,\"name\":\"Vereador Robert Ziemann apresenta &#8220;Mo\u00e7\u00e3o de Parabeniza\u00e7\u00e3o&#8221; ao Laborat\u00f3rio Bioan\u00e1lise pela inaugura\u00e7\u00e3o de nova unidade em Maracaju\"}]},{\"@type\":\"WebSite\",\"@id\":\"https:\\\/\\\/msconectado.com.br\\\/#website\",\"url\":\"https:\\\/\\\/msconectado.com.br\\\/\",\"name\":\"MsConectado\",\"description\":\"Voc\u00ea Conectado com a Not\u00edcia!\",\"publisher\":{\"@id\":\"https:\\\/\\\/msconectado.com.br\\\/#organization\"},\"potentialAction\":[{\"@type\":\"SearchAction\",\"target\":{\"@type\":\"EntryPoint\",\"urlTemplate\":\"https:\\\/\\\/msconectado.com.br\\\/?s={search_term_string}\"},\"query-input\":{\"@type\":\"PropertyValueSpecification\",\"valueRequired\":true,\"valueName\":\"search_term_string\"}}],\"inLanguage\":\"pt-BR\"},{\"@type\":\"Organization\",\"@id\":\"https:\\\/\\\/msconectado.com.br\\\/#organization\",\"name\":\"MsConectado\",\"url\":\"https:\\\/\\\/msconectado.com.br\\\/\",\"logo\":{\"@type\":\"ImageObject\",\"inLanguage\":\"pt-BR\",\"@id\":\"https:\\\/\\\/msconectado.com.br\\\/#\\\/schema\\\/logo\\\/image\\\/\",\"url\":\"https:\\\/\\\/msconectado.com.br\\\/wp-content\\\/uploads\\\/2023\\\/01\\\/cropped-noticia-2.png\",\"contentUrl\":\"https:\\\/\\\/msconectado.com.br\\\/wp-content\\\/uploads\\\/2023\\\/01\\\/cropped-noticia-2.png\",\"width\":720,\"height\":157,\"caption\":\"MsConectado\"},\"image\":{\"@id\":\"https:\\\/\\\/msconectado.com.br\\\/#\\\/schema\\\/logo\\\/image\\\/\"}},{\"@type\":\"Person\",\"@id\":\"https:\\\/\\\/msconectado.com.br\\\/#\\\/schema\\\/person\\\/feb123a95a93eebea36f0ed6a2e5ba48\",\"name\":\"Jeferson\",\"image\":{\"@type\":\"ImageObject\",\"inLanguage\":\"pt-BR\",\"@id\":\"https:\\\/\\\/secure.gravatar.com\\\/avatar\\\/e23e8901c88f0cdc0ad479ef7a39bf3e4c806344549c087c00b721a65549a328?s=96&d=mm&r=g\",\"url\":\"https:\\\/\\\/secure.gravatar.com\\\/avatar\\\/e23e8901c88f0cdc0ad479ef7a39bf3e4c806344549c087c00b721a65549a328?s=96&d=mm&r=g\",\"contentUrl\":\"https:\\\/\\\/secure.gravatar.com\\\/avatar\\\/e23e8901c88f0cdc0ad479ef7a39bf3e4c806344549c087c00b721a65549a328?s=96&d=mm&r=g\",\"caption\":\"Jeferson\"},\"url\":\"https:\\\/\\\/msconectado.com.br\\\/?author=3\"}]}<\/script>\n<!-- \/ Yoast SEO plugin. -->","yoast_head_json":{"title":"Vereador Robert Ziemann apresenta \"Mo\u00e7\u00e3o de Parabeniza\u00e7\u00e3o\" ao Laborat\u00f3rio Bioan\u00e1lise pela inaugura\u00e7\u00e3o de nova unidade em Maracaju - MsConectado","robots":{"index":"index","follow":"follow","max-snippet":"max-snippet:-1","max-image-preview":"max-image-preview:large","max-video-preview":"max-video-preview:-1"},"canonical":"https:\/\/msconectado.com.br\/?p=24558","og_locale":"pt_BR","og_type":"article","og_title":"Vereador Robert Ziemann apresenta \"Mo\u00e7\u00e3o de Parabeniza\u00e7\u00e3o\" ao Laborat\u00f3rio Bioan\u00e1lise pela inaugura\u00e7\u00e3o de nova unidade em Maracaju - MsConectado","og_description":"Na sess\u00e3o ordin\u00e1ria da C\u00e2mara Municipal de Vereadores, realizada nesta segunda-feira (10), o vereador Robert Ziemann apresentou um pedido de Mo\u00e7\u00e3o de Parabeniza\u00e7\u00e3o aos propriet\u00e1rios do Laborat\u00f3rio Bioan\u00e1lise, Juliano e Aline, pela inaugura\u00e7\u00e3o da nova unidade da empresa em Maracaju. Durante a justificativa da Mo\u00e7\u00e3o, o parlamentar destacou a import\u00e2ncia do laborat\u00f3rio para o munic\u00edpio, [&hellip;]","og_url":"https:\/\/msconectado.com.br\/?p=24558","og_site_name":"MsConectado","article_published_time":"2025-03-10T15:24:56+00:00","article_modified_time":"2025-03-10T15:26:34+00:00","og_image":[{"width":1600,"height":1200,"url":"https:\/\/msconectado.com.br\/wp-content\/uploads\/2025\/03\/PAT_5491-4.jpg","type":"image\/jpeg"}],"author":"Jeferson","twitter_card":"summary_large_image","twitter_misc":{"Escrito por":"Jeferson","Est. tempo de leitura":"2 minutos"},"schema":{"@context":"https:\/\/schema.org","@graph":[{"@type":"Article","@id":"https:\/\/msconectado.com.br\/?p=24558#article","isPartOf":{"@id":"https:\/\/msconectado.com.br\/?p=24558"},"author":{"name":"Jeferson","@id":"https:\/\/msconectado.com.br\/#\/schema\/person\/feb123a95a93eebea36f0ed6a2e5ba48"},"headline":"Vereador Robert Ziemann apresenta &#8220;Mo\u00e7\u00e3o de Parabeniza\u00e7\u00e3o&#8221; ao Laborat\u00f3rio Bioan\u00e1lise pela inaugura\u00e7\u00e3o de nova unidade em Maracaju","datePublished":"2025-03-10T15:24:56+00:00","dateModified":"2025-03-10T15:26:34+00:00","mainEntityOfPage":{"@id":"https:\/\/msconectado.com.br\/?p=24558"},"wordCount":310,"commentCount":0,"publisher":{"@id":"https:\/\/msconectado.com.br\/#organization"},"image":{"@id":"https:\/\/msconectado.com.br\/?p=24558#primaryimage"},"thumbnailUrl":"https:\/\/msconectado.com.br\/wp-content\/uploads\/2025\/03\/PAT_5491-4.jpg","articleSection":["Cidades","Com\u00e9rcio","Not\u00edcia"],"inLanguage":"pt-BR","potentialAction":[{"@type":"CommentAction","name":"Comment","target":["https:\/\/msconectado.com.br\/?p=24558#respond"]}]},{"@type":"WebPage","@id":"https:\/\/msconectado.com.br\/?p=24558","url":"https:\/\/msconectado.com.br\/?p=24558","name":"Vereador Robert Ziemann apresenta \"Mo\u00e7\u00e3o de Parabeniza\u00e7\u00e3o\" ao Laborat\u00f3rio Bioan\u00e1lise pela inaugura\u00e7\u00e3o de nova unidade em Maracaju - MsConectado","isPartOf":{"@id":"https:\/\/msconectado.com.br\/#website"},"primaryImageOfPage":{"@id":"https:\/\/msconectado.com.br\/?p=24558#primaryimage"},"image":{"@id":"https:\/\/msconectado.com.br\/?p=24558#primaryimage"},"thumbnailUrl":"https:\/\/msconectado.com.br\/wp-content\/uploads\/2025\/03\/PAT_5491-4.jpg","datePublished":"2025-03-10T15:24:56+00:00","dateModified":"2025-03-10T15:26:34+00:00","breadcrumb":{"@id":"https:\/\/msconectado.com.br\/?p=24558#breadcrumb"},"inLanguage":"pt-BR","potentialAction":[{"@type":"ReadAction","target":["https:\/\/msconectado.com.br\/?p=24558"]}]},{"@type":"ImageObject","inLanguage":"pt-BR","@id":"https:\/\/msconectado.com.br\/?p=24558#primaryimage","url":"https:\/\/msconectado.com.br\/wp-content\/uploads\/2025\/03\/PAT_5491-4.jpg","contentUrl":"https:\/\/msconectado.com.br\/wp-content\/uploads\/2025\/03\/PAT_5491-4.jpg","width":1600,"height":1200},{"@type":"BreadcrumbList","@id":"https:\/\/msconectado.com.br\/?p=24558#breadcrumb","itemListElement":[{"@type":"ListItem","position":1,"name":"In\u00edcio","item":"https:\/\/msconectado.com.br\/?page_id=105"},{"@type":"ListItem","position":2,"name":"Vereador Robert Ziemann apresenta &#8220;Mo\u00e7\u00e3o de Parabeniza\u00e7\u00e3o&#8221; ao Laborat\u00f3rio Bioan\u00e1lise pela inaugura\u00e7\u00e3o de nova unidade em Maracaju"}]},{"@type":"WebSite","@id":"https:\/\/msconectado.com.br\/#website","url":"https:\/\/msconectado.com.br\/","name":"MsConectado","description":"Voc\u00ea Conectado com a Not\u00edcia!","publisher":{"@id":"https:\/\/msconectado.com.br\/#organization"},"potentialAction":[{"@type":"SearchAction","target":{"@type":"EntryPoint","urlTemplate":"https:\/\/msconectado.com.br\/?s={search_term_string}"},"query-input":{"@type":"PropertyValueSpecification","valueRequired":true,"valueName":"search_term_string"}}],"inLanguage":"pt-BR"},{"@type":"Organization","@id":"https:\/\/msconectado.com.br\/#organization","name":"MsConectado","url":"https:\/\/msconectado.com.br\/","logo":{"@type":"ImageObject","inLanguage":"pt-BR","@id":"https:\/\/msconectado.com.br\/#\/schema\/logo\/image\/","url":"https:\/\/msconectado.com.br\/wp-content\/uploads\/2023\/01\/cropped-noticia-2.png","contentUrl":"https:\/\/msconectado.com.br\/wp-content\/uploads\/2023\/01\/cropped-noticia-2.png","width":720,"height":157,"caption":"MsConectado"},"image":{"@id":"https:\/\/msconectado.com.br\/#\/schema\/logo\/image\/"}},{"@type":"Person","@id":"https:\/\/msconectado.com.br\/#\/schema\/person\/feb123a95a93eebea36f0ed6a2e5ba48","name":"Jeferson","image":{"@type":"ImageObject","inLanguage":"pt-BR","@id":"https:\/\/secure.gravatar.com\/avatar\/e23e8901c88f0cdc0ad479ef7a39bf3e4c806344549c087c00b721a65549a328?s=96&d=mm&r=g","url":"https:\/\/secure.gravatar.com\/avatar\/e23e8901c88f0cdc0ad479ef7a39bf3e4c806344549c087c00b721a65549a328?s=96&d=mm&r=g","contentUrl":"https:\/\/secure.gravatar.com\/avatar\/e23e8901c88f0cdc0ad479ef7a39bf3e4c806344549c087c00b721a65549a328?s=96&d=mm&r=g","caption":"Jeferson"},"url":"https:\/\/msconectado.com.br\/?author=3"}]}},"_links":{"self":[{"href":"https:\/\/msconectado.com.br\/index.php?rest_route=\/wp\/v2\/posts\/24558","targetHints":{"allow":["GET"]}}],"collection":[{"href":"https:\/\/msconectado.com.br\/index.php?rest_route=\/wp\/v2\/posts"}],"about":[{"href":"https:\/\/msconectado.com.br\/index.php?rest_route=\/wp\/v2\/types\/post"}],"author":[{"embeddable":true,"href":"https:\/\/msconectado.com.br\/index.php?rest_route=\/wp\/v2\/users\/3"}],"replies":[{"embeddable":true,"href":"https:\/\/msconectado.com.br\/index.php?rest_route=%2Fwp%2Fv2%2Fcomments&post=24558"}],"version-history":[{"count":1,"href":"https:\/\/msconectado.com.br\/index.php?rest_route=\/wp\/v2\/posts\/24558\/revisions"}],"predecessor-version":[{"id":24560,"href":"https:\/\/msconectado.com.br\/index.php?rest_route=\/wp\/v2\/posts\/24558\/revisions\/24560"}],"wp:featuredmedia":[{"embeddable":true,"href":"https:\/\/msconectado.com.br\/index.php?rest_route=\/wp\/v2\/media\/24561"}],"wp:attachment":[{"href":"https:\/\/msconectado.com.br\/index.php?rest_route=%2Fwp%2Fv2%2Fmedia&parent=24558"}],"wp:term":[{"taxonomy":"category","embeddable":true,"href":"https:\/\/msconectado.com.br\/index.php?rest_route=%2Fwp%2Fv2%2Fcategories&post=24558"},{"taxonomy":"post_tag","embeddable":true,"href":"https:\/\/msconectado.com.br\/index.php?rest_route=%2Fwp%2Fv2%2Ftags&post=24558"}],"curies":[{"name":"wp","href":"https:\/\/api.w.org\/{rel}","templated":true}]}}