{"id":24651,"date":"2025-03-19T15:10:35","date_gmt":"2025-03-19T15:10:35","guid":{"rendered":"https:\/\/msconectado.com.br\/?p=24651"},"modified":"2025-03-19T15:10:37","modified_gmt":"2025-03-19T15:10:37","slug":"para-itapora-mara-caseiro-solicita-construcao-de-trevo-na-ms-157","status":"publish","type":"post","link":"https:\/\/msconectado.com.br\/?p=24651","title":{"rendered":"Para Itapor\u00e3, Mara Caseiro solicita constru\u00e7\u00e3o de trevo na MS-157"},"content":{"rendered":"\n<p>A deputada estadual Mara Caseiro (PSDB) apresentou pedido de constru\u00e7\u00e3o de um trevo na rodovia MS-157, facilitando o acesso ao Distrito de Santa Terezinha, localizado no munic\u00edpio de Itapor\u00e3 &#8211; MS. A indica\u00e7\u00e3o feita ao governador Eduardo Corr\u00eaa Riedel, ao Secret\u00e1rio de Estado de Infraestrutura e Log\u00edstica, Guilherme Alc\u00e2ntara e ao diretor-presidente da AGESUL, Mauro Azambuja, atende solicita\u00e7\u00e3o do vereador Lindomar de Freitas.<\/p>\n\n\n\n<p>O parlamentar destacou que a popula\u00e7\u00e3o local, especialmente os moradores do distrito, tem manifestado crescente preocupa\u00e7\u00e3o com a seguran\u00e7a no trecho da rodovia. O acesso atual est\u00e1 localizado em uma curva acentuada, o que compromete a visibilidade e aumenta significativamente o risco de acidentes, afetando tanto os motoristas que trafegam de Maracaju em dire\u00e7\u00e3o ao distrito, quanto aqueles que seguem no sentido oposto.<\/p>\n\n\n\n<p>Segundo a justificativa apresentada pela deputada, a constru\u00e7\u00e3o do trevo \u00e9 essencial para organizar o fluxo de tr\u00e2nsito, especialmente de caminh\u00f5es e ve\u00edculos de carga que utilizam a rodovia para transporte de insumos e escoamento da produ\u00e7\u00e3o agropecu\u00e1ria. &#8220;A falta de um trevo tem contribu\u00eddo para a ocorr\u00eancia de acidentes, inclusive com v\u00edtimas fatais. Precisamos garantir maior seguran\u00e7a para os motoristas e moradores da regi\u00e3o&#8221;, argumentou Mara Caseiro.<\/p>\n\n\n\n<p>Al\u00e9m da quest\u00e3o da seguran\u00e7a, a parlamentar ressaltou que a infraestrutura contribuir\u00e1 para o desenvolvimento da comunidade local, melhorando o acesso ao Distrito de Santa Terezinha e proporcionando mais bem-estar \u00e0 popula\u00e7\u00e3o que depende da MS-157 para suas atividades di\u00e1rias.<\/p>\n\n\n\n<p>ALEMS<\/p>\n\n\n\n<p>\u00a0<strong>Foto:<\/strong>\u00a0Victor Chileno<\/p>\n\n\n<div class=\"wp-block-image\">\n<figure class=\"aligncenter size-full\"><img fetchpriority=\"high\" decoding=\"async\" width=\"900\" height=\"100\" src=\"https:\/\/msconectado.com.br\/wp-content\/uploads\/2025\/03\/900X100.gif\" alt=\"\" class=\"wp-image-24628\"\/><\/figure>\n<\/div>","protected":false},"excerpt":{"rendered":"<p>A deputada estadual Mara Caseiro (PSDB) apresentou pedido de constru\u00e7\u00e3o de um trevo na rodovia MS-157, facilitando o acesso ao Distrito de Santa Terezinha, localizado no munic\u00edpio de Itapor\u00e3 &#8211; MS. A indica\u00e7\u00e3o feita ao governador Eduardo Corr\u00eaa Riedel, ao Secret\u00e1rio de Estado de Infraestrutura e Log\u00edstica, Guilherme Alc\u00e2ntara e ao diretor-presidente da AGESUL, Mauro [&hellip;]<\/p>\n","protected":false},"author":3,"featured_media":24652,"comment_status":"open","ping_status":"closed","sticky":false,"template":"","format":"standard","meta":{"footnotes":""},"categories":[38,33],"tags":[],"class_list":["post-24651","post","type-post","status-publish","format-standard","has-post-thumbnail","hentry","category-assembleia-legislativa","category-politica"],"yoast_head":"<!-- This site is optimized with the Yoast SEO plugin v27.5 - https:\/\/yoast.com\/product\/yoast-seo-wordpress\/ -->\n<title>Para Itapor\u00e3, Mara Caseiro solicita constru\u00e7\u00e3o de trevo na MS-157 - MsConectado<\/title>\n<meta name=\"robots\" content=\"index, follow, max-snippet:-1, max-image-preview:large, max-video-preview:-1\" \/>\n<link rel=\"canonical\" href=\"https:\/\/msconectado.com.br\/?p=24651\" \/>\n<meta property=\"og:locale\" content=\"pt_BR\" \/>\n<meta property=\"og:type\" content=\"article\" \/>\n<meta property=\"og:title\" content=\"Para Itapor\u00e3, Mara Caseiro solicita constru\u00e7\u00e3o de trevo na MS-157 - MsConectado\" \/>\n<meta property=\"og:description\" content=\"A deputada estadual Mara Caseiro (PSDB) apresentou pedido de constru\u00e7\u00e3o de um trevo na rodovia MS-157, facilitando o acesso ao Distrito de Santa Terezinha, localizado no munic\u00edpio de Itapor\u00e3 &#8211; MS. A indica\u00e7\u00e3o feita ao governador Eduardo Corr\u00eaa Riedel, ao Secret\u00e1rio de Estado de Infraestrutura e Log\u00edstica, Guilherme Alc\u00e2ntara e ao diretor-presidente da AGESUL, Mauro [&hellip;]\" \/>\n<meta property=\"og:url\" content=\"https:\/\/msconectado.com.br\/?p=24651\" \/>\n<meta property=\"og:site_name\" content=\"MsConectado\" \/>\n<meta property=\"article:published_time\" content=\"2025-03-19T15:10:35+00:00\" \/>\n<meta property=\"article:modified_time\" content=\"2025-03-19T15:10:37+00:00\" \/>\n<meta property=\"og:image\" content=\"https:\/\/msconectado.com.br\/wp-content\/uploads\/2025\/03\/2025_03_19_09_50_00_3ab81a26-fcca-4a17-86a8-4045d32e79fd.jpeg\" \/>\n\t<meta property=\"og:image:width\" content=\"740\" \/>\n\t<meta property=\"og:image:height\" content=\"493\" \/>\n\t<meta property=\"og:image:type\" content=\"image\/jpeg\" \/>\n<meta name=\"author\" content=\"Jeferson\" \/>\n<meta name=\"twitter:card\" content=\"summary_large_image\" \/>\n<meta name=\"twitter:label1\" content=\"Escrito por\" \/>\n\t<meta name=\"twitter:data1\" content=\"Jeferson\" \/>\n\t<meta name=\"twitter:label2\" content=\"Est. tempo de leitura\" \/>\n\t<meta name=\"twitter:data2\" content=\"2 minutos\" \/>\n<script type=\"application\/ld+json\" class=\"yoast-schema-graph\">{\"@context\":\"https:\\\/\\\/schema.org\",\"@graph\":[{\"@type\":\"Article\",\"@id\":\"https:\\\/\\\/msconectado.com.br\\\/?p=24651#article\",\"isPartOf\":{\"@id\":\"https:\\\/\\\/msconectado.com.br\\\/?p=24651\"},\"author\":{\"name\":\"Jeferson\",\"@id\":\"https:\\\/\\\/msconectado.com.br\\\/#\\\/schema\\\/person\\\/feb123a95a93eebea36f0ed6a2e5ba48\"},\"headline\":\"Para Itapor\u00e3, Mara Caseiro solicita constru\u00e7\u00e3o de trevo na MS-157\",\"datePublished\":\"2025-03-19T15:10:35+00:00\",\"dateModified\":\"2025-03-19T15:10:37+00:00\",\"mainEntityOfPage\":{\"@id\":\"https:\\\/\\\/msconectado.com.br\\\/?p=24651\"},\"wordCount\":275,\"commentCount\":0,\"publisher\":{\"@id\":\"https:\\\/\\\/msconectado.com.br\\\/#organization\"},\"image\":{\"@id\":\"https:\\\/\\\/msconectado.com.br\\\/?p=24651#primaryimage\"},\"thumbnailUrl\":\"https:\\\/\\\/msconectado.com.br\\\/wp-content\\\/uploads\\\/2025\\\/03\\\/2025_03_19_09_50_00_3ab81a26-fcca-4a17-86a8-4045d32e79fd.jpeg\",\"articleSection\":[\"Assembleia Legislativa\",\"Pol\u00edtica\"],\"inLanguage\":\"pt-BR\",\"potentialAction\":[{\"@type\":\"CommentAction\",\"name\":\"Comment\",\"target\":[\"https:\\\/\\\/msconectado.com.br\\\/?p=24651#respond\"]}]},{\"@type\":\"WebPage\",\"@id\":\"https:\\\/\\\/msconectado.com.br\\\/?p=24651\",\"url\":\"https:\\\/\\\/msconectado.com.br\\\/?p=24651\",\"name\":\"Para Itapor\u00e3, Mara Caseiro solicita constru\u00e7\u00e3o de trevo na MS-157 - MsConectado\",\"isPartOf\":{\"@id\":\"https:\\\/\\\/msconectado.com.br\\\/#website\"},\"primaryImageOfPage\":{\"@id\":\"https:\\\/\\\/msconectado.com.br\\\/?p=24651#primaryimage\"},\"image\":{\"@id\":\"https:\\\/\\\/msconectado.com.br\\\/?p=24651#primaryimage\"},\"thumbnailUrl\":\"https:\\\/\\\/msconectado.com.br\\\/wp-content\\\/uploads\\\/2025\\\/03\\\/2025_03_19_09_50_00_3ab81a26-fcca-4a17-86a8-4045d32e79fd.jpeg\",\"datePublished\":\"2025-03-19T15:10:35+00:00\",\"dateModified\":\"2025-03-19T15:10:37+00:00\",\"breadcrumb\":{\"@id\":\"https:\\\/\\\/msconectado.com.br\\\/?p=24651#breadcrumb\"},\"inLanguage\":\"pt-BR\",\"potentialAction\":[{\"@type\":\"ReadAction\",\"target\":[\"https:\\\/\\\/msconectado.com.br\\\/?p=24651\"]}]},{\"@type\":\"ImageObject\",\"inLanguage\":\"pt-BR\",\"@id\":\"https:\\\/\\\/msconectado.com.br\\\/?p=24651#primaryimage\",\"url\":\"https:\\\/\\\/msconectado.com.br\\\/wp-content\\\/uploads\\\/2025\\\/03\\\/2025_03_19_09_50_00_3ab81a26-fcca-4a17-86a8-4045d32e79fd.jpeg\",\"contentUrl\":\"https:\\\/\\\/msconectado.com.br\\\/wp-content\\\/uploads\\\/2025\\\/03\\\/2025_03_19_09_50_00_3ab81a26-fcca-4a17-86a8-4045d32e79fd.jpeg\",\"width\":740,\"height\":493},{\"@type\":\"BreadcrumbList\",\"@id\":\"https:\\\/\\\/msconectado.com.br\\\/?p=24651#breadcrumb\",\"itemListElement\":[{\"@type\":\"ListItem\",\"position\":1,\"name\":\"In\u00edcio\",\"item\":\"https:\\\/\\\/msconectado.com.br\\\/?page_id=105\"},{\"@type\":\"ListItem\",\"position\":2,\"name\":\"Para Itapor\u00e3, Mara Caseiro solicita constru\u00e7\u00e3o de trevo na MS-157\"}]},{\"@type\":\"WebSite\",\"@id\":\"https:\\\/\\\/msconectado.com.br\\\/#website\",\"url\":\"https:\\\/\\\/msconectado.com.br\\\/\",\"name\":\"MsConectado\",\"description\":\"Voc\u00ea Conectado com a Not\u00edcia!\",\"publisher\":{\"@id\":\"https:\\\/\\\/msconectado.com.br\\\/#organization\"},\"potentialAction\":[{\"@type\":\"SearchAction\",\"target\":{\"@type\":\"EntryPoint\",\"urlTemplate\":\"https:\\\/\\\/msconectado.com.br\\\/?s={search_term_string}\"},\"query-input\":{\"@type\":\"PropertyValueSpecification\",\"valueRequired\":true,\"valueName\":\"search_term_string\"}}],\"inLanguage\":\"pt-BR\"},{\"@type\":\"Organization\",\"@id\":\"https:\\\/\\\/msconectado.com.br\\\/#organization\",\"name\":\"MsConectado\",\"url\":\"https:\\\/\\\/msconectado.com.br\\\/\",\"logo\":{\"@type\":\"ImageObject\",\"inLanguage\":\"pt-BR\",\"@id\":\"https:\\\/\\\/msconectado.com.br\\\/#\\\/schema\\\/logo\\\/image\\\/\",\"url\":\"https:\\\/\\\/msconectado.com.br\\\/wp-content\\\/uploads\\\/2023\\\/01\\\/cropped-noticia-2.png\",\"contentUrl\":\"https:\\\/\\\/msconectado.com.br\\\/wp-content\\\/uploads\\\/2023\\\/01\\\/cropped-noticia-2.png\",\"width\":720,\"height\":157,\"caption\":\"MsConectado\"},\"image\":{\"@id\":\"https:\\\/\\\/msconectado.com.br\\\/#\\\/schema\\\/logo\\\/image\\\/\"}},{\"@type\":\"Person\",\"@id\":\"https:\\\/\\\/msconectado.com.br\\\/#\\\/schema\\\/person\\\/feb123a95a93eebea36f0ed6a2e5ba48\",\"name\":\"Jeferson\",\"image\":{\"@type\":\"ImageObject\",\"inLanguage\":\"pt-BR\",\"@id\":\"https:\\\/\\\/secure.gravatar.com\\\/avatar\\\/e23e8901c88f0cdc0ad479ef7a39bf3e4c806344549c087c00b721a65549a328?s=96&d=mm&r=g\",\"url\":\"https:\\\/\\\/secure.gravatar.com\\\/avatar\\\/e23e8901c88f0cdc0ad479ef7a39bf3e4c806344549c087c00b721a65549a328?s=96&d=mm&r=g\",\"contentUrl\":\"https:\\\/\\\/secure.gravatar.com\\\/avatar\\\/e23e8901c88f0cdc0ad479ef7a39bf3e4c806344549c087c00b721a65549a328?s=96&d=mm&r=g\",\"caption\":\"Jeferson\"},\"url\":\"https:\\\/\\\/msconectado.com.br\\\/?author=3\"}]}<\/script>\n<!-- \/ Yoast SEO plugin. -->","yoast_head_json":{"title":"Para Itapor\u00e3, Mara Caseiro solicita constru\u00e7\u00e3o de trevo na MS-157 - MsConectado","robots":{"index":"index","follow":"follow","max-snippet":"max-snippet:-1","max-image-preview":"max-image-preview:large","max-video-preview":"max-video-preview:-1"},"canonical":"https:\/\/msconectado.com.br\/?p=24651","og_locale":"pt_BR","og_type":"article","og_title":"Para Itapor\u00e3, Mara Caseiro solicita constru\u00e7\u00e3o de trevo na MS-157 - MsConectado","og_description":"A deputada estadual Mara Caseiro (PSDB) apresentou pedido de constru\u00e7\u00e3o de um trevo na rodovia MS-157, facilitando o acesso ao Distrito de Santa Terezinha, localizado no munic\u00edpio de Itapor\u00e3 &#8211; MS. A indica\u00e7\u00e3o feita ao governador Eduardo Corr\u00eaa Riedel, ao Secret\u00e1rio de Estado de Infraestrutura e Log\u00edstica, Guilherme Alc\u00e2ntara e ao diretor-presidente da AGESUL, Mauro [&hellip;]","og_url":"https:\/\/msconectado.com.br\/?p=24651","og_site_name":"MsConectado","article_published_time":"2025-03-19T15:10:35+00:00","article_modified_time":"2025-03-19T15:10:37+00:00","og_image":[{"width":740,"height":493,"url":"https:\/\/msconectado.com.br\/wp-content\/uploads\/2025\/03\/2025_03_19_09_50_00_3ab81a26-fcca-4a17-86a8-4045d32e79fd.jpeg","type":"image\/jpeg"}],"author":"Jeferson","twitter_card":"summary_large_image","twitter_misc":{"Escrito por":"Jeferson","Est. tempo de leitura":"2 minutos"},"schema":{"@context":"https:\/\/schema.org","@graph":[{"@type":"Article","@id":"https:\/\/msconectado.com.br\/?p=24651#article","isPartOf":{"@id":"https:\/\/msconectado.com.br\/?p=24651"},"author":{"name":"Jeferson","@id":"https:\/\/msconectado.com.br\/#\/schema\/person\/feb123a95a93eebea36f0ed6a2e5ba48"},"headline":"Para Itapor\u00e3, Mara Caseiro solicita constru\u00e7\u00e3o de trevo na MS-157","datePublished":"2025-03-19T15:10:35+00:00","dateModified":"2025-03-19T15:10:37+00:00","mainEntityOfPage":{"@id":"https:\/\/msconectado.com.br\/?p=24651"},"wordCount":275,"commentCount":0,"publisher":{"@id":"https:\/\/msconectado.com.br\/#organization"},"image":{"@id":"https:\/\/msconectado.com.br\/?p=24651#primaryimage"},"thumbnailUrl":"https:\/\/msconectado.com.br\/wp-content\/uploads\/2025\/03\/2025_03_19_09_50_00_3ab81a26-fcca-4a17-86a8-4045d32e79fd.jpeg","articleSection":["Assembleia Legislativa","Pol\u00edtica"],"inLanguage":"pt-BR","potentialAction":[{"@type":"CommentAction","name":"Comment","target":["https:\/\/msconectado.com.br\/?p=24651#respond"]}]},{"@type":"WebPage","@id":"https:\/\/msconectado.com.br\/?p=24651","url":"https:\/\/msconectado.com.br\/?p=24651","name":"Para Itapor\u00e3, Mara Caseiro solicita constru\u00e7\u00e3o de trevo na MS-157 - MsConectado","isPartOf":{"@id":"https:\/\/msconectado.com.br\/#website"},"primaryImageOfPage":{"@id":"https:\/\/msconectado.com.br\/?p=24651#primaryimage"},"image":{"@id":"https:\/\/msconectado.com.br\/?p=24651#primaryimage"},"thumbnailUrl":"https:\/\/msconectado.com.br\/wp-content\/uploads\/2025\/03\/2025_03_19_09_50_00_3ab81a26-fcca-4a17-86a8-4045d32e79fd.jpeg","datePublished":"2025-03-19T15:10:35+00:00","dateModified":"2025-03-19T15:10:37+00:00","breadcrumb":{"@id":"https:\/\/msconectado.com.br\/?p=24651#breadcrumb"},"inLanguage":"pt-BR","potentialAction":[{"@type":"ReadAction","target":["https:\/\/msconectado.com.br\/?p=24651"]}]},{"@type":"ImageObject","inLanguage":"pt-BR","@id":"https:\/\/msconectado.com.br\/?p=24651#primaryimage","url":"https:\/\/msconectado.com.br\/wp-content\/uploads\/2025\/03\/2025_03_19_09_50_00_3ab81a26-fcca-4a17-86a8-4045d32e79fd.jpeg","contentUrl":"https:\/\/msconectado.com.br\/wp-content\/uploads\/2025\/03\/2025_03_19_09_50_00_3ab81a26-fcca-4a17-86a8-4045d32e79fd.jpeg","width":740,"height":493},{"@type":"BreadcrumbList","@id":"https:\/\/msconectado.com.br\/?p=24651#breadcrumb","itemListElement":[{"@type":"ListItem","position":1,"name":"In\u00edcio","item":"https:\/\/msconectado.com.br\/?page_id=105"},{"@type":"ListItem","position":2,"name":"Para Itapor\u00e3, Mara Caseiro solicita constru\u00e7\u00e3o de trevo na MS-157"}]},{"@type":"WebSite","@id":"https:\/\/msconectado.com.br\/#website","url":"https:\/\/msconectado.com.br\/","name":"MsConectado","description":"Voc\u00ea Conectado com a Not\u00edcia!","publisher":{"@id":"https:\/\/msconectado.com.br\/#organization"},"potentialAction":[{"@type":"SearchAction","target":{"@type":"EntryPoint","urlTemplate":"https:\/\/msconectado.com.br\/?s={search_term_string}"},"query-input":{"@type":"PropertyValueSpecification","valueRequired":true,"valueName":"search_term_string"}}],"inLanguage":"pt-BR"},{"@type":"Organization","@id":"https:\/\/msconectado.com.br\/#organization","name":"MsConectado","url":"https:\/\/msconectado.com.br\/","logo":{"@type":"ImageObject","inLanguage":"pt-BR","@id":"https:\/\/msconectado.com.br\/#\/schema\/logo\/image\/","url":"https:\/\/msconectado.com.br\/wp-content\/uploads\/2023\/01\/cropped-noticia-2.png","contentUrl":"https:\/\/msconectado.com.br\/wp-content\/uploads\/2023\/01\/cropped-noticia-2.png","width":720,"height":157,"caption":"MsConectado"},"image":{"@id":"https:\/\/msconectado.com.br\/#\/schema\/logo\/image\/"}},{"@type":"Person","@id":"https:\/\/msconectado.com.br\/#\/schema\/person\/feb123a95a93eebea36f0ed6a2e5ba48","name":"Jeferson","image":{"@type":"ImageObject","inLanguage":"pt-BR","@id":"https:\/\/secure.gravatar.com\/avatar\/e23e8901c88f0cdc0ad479ef7a39bf3e4c806344549c087c00b721a65549a328?s=96&d=mm&r=g","url":"https:\/\/secure.gravatar.com\/avatar\/e23e8901c88f0cdc0ad479ef7a39bf3e4c806344549c087c00b721a65549a328?s=96&d=mm&r=g","contentUrl":"https:\/\/secure.gravatar.com\/avatar\/e23e8901c88f0cdc0ad479ef7a39bf3e4c806344549c087c00b721a65549a328?s=96&d=mm&r=g","caption":"Jeferson"},"url":"https:\/\/msconectado.com.br\/?author=3"}]}},"_links":{"self":[{"href":"https:\/\/msconectado.com.br\/index.php?rest_route=\/wp\/v2\/posts\/24651","targetHints":{"allow":["GET"]}}],"collection":[{"href":"https:\/\/msconectado.com.br\/index.php?rest_route=\/wp\/v2\/posts"}],"about":[{"href":"https:\/\/msconectado.com.br\/index.php?rest_route=\/wp\/v2\/types\/post"}],"author":[{"embeddable":true,"href":"https:\/\/msconectado.com.br\/index.php?rest_route=\/wp\/v2\/users\/3"}],"replies":[{"embeddable":true,"href":"https:\/\/msconectado.com.br\/index.php?rest_route=%2Fwp%2Fv2%2Fcomments&post=24651"}],"version-history":[{"count":1,"href":"https:\/\/msconectado.com.br\/index.php?rest_route=\/wp\/v2\/posts\/24651\/revisions"}],"predecessor-version":[{"id":24653,"href":"https:\/\/msconectado.com.br\/index.php?rest_route=\/wp\/v2\/posts\/24651\/revisions\/24653"}],"wp:featuredmedia":[{"embeddable":true,"href":"https:\/\/msconectado.com.br\/index.php?rest_route=\/wp\/v2\/media\/24652"}],"wp:attachment":[{"href":"https:\/\/msconectado.com.br\/index.php?rest_route=%2Fwp%2Fv2%2Fmedia&parent=24651"}],"wp:term":[{"taxonomy":"category","embeddable":true,"href":"https:\/\/msconectado.com.br\/index.php?rest_route=%2Fwp%2Fv2%2Fcategories&post=24651"},{"taxonomy":"post_tag","embeddable":true,"href":"https:\/\/msconectado.com.br\/index.php?rest_route=%2Fwp%2Fv2%2Ftags&post=24651"}],"curies":[{"name":"wp","href":"https:\/\/api.w.org\/{rel}","templated":true}]}}