{"id":24712,"date":"2025-03-26T22:39:08","date_gmt":"2025-03-26T22:39:08","guid":{"rendered":"https:\/\/msconectado.com.br\/?p=24712"},"modified":"2025-03-26T22:39:10","modified_gmt":"2025-03-26T22:39:10","slug":"mara-caseiro-trabalha-pela-reativacao-da-sala-lilas-em-camapua","status":"publish","type":"post","link":"https:\/\/msconectado.com.br\/?p=24712","title":{"rendered":"Mara Caseiro trabalha pela reativa\u00e7\u00e3o da Sala Lil\u00e1s em Camapu\u00e3"},"content":{"rendered":"\n<p>A deputada estadual Mara Caseiro (PSDB) pediu, nesta ter\u00e7a-feira (26), a reativa\u00e7\u00e3o da Sala Lil\u00e1s no munic\u00edpio de Camapu\u00e3. O pedido foi encaminhado ao governador Eduardo Riedel e ao secret\u00e1rio de Justi\u00e7a e Seguran\u00e7a P\u00fablica, Antonio Carlos Videira. A solicita\u00e7\u00e3o atende pedido da vereadora Dayane Fernandes.<\/p>\n\n\n\n<p>Para a deputada, a Sala Lil\u00e1s \u00e9 um espa\u00e7o essencial para o atendimento especializado de mulheres v\u00edtimas de viol\u00eancia dom\u00e9stica e sexual. \u201cCriada para oferecer um ambiente seguro e acolhedor, sua suspens\u00e3o tempor\u00e1ria no munic\u00edpio tem impactado diretamente as mulheres em situa\u00e7\u00e3o de vulnerabilidade, dificultando o acesso ao suporte necess\u00e1rio\u201d, disse ela.<\/p>\n\n\n\n<p>Na justificativa da indica\u00e7\u00e3o, a parlamentar destaca que a reabertura da Sala Lil\u00e1s \u00e9 urgente e necess\u00e1ria para garantir um atendimento humanizado e especializado \u00e0s v\u00edtimas. O espa\u00e7o permite que mulheres que sofrem viol\u00eancia possam buscar orienta\u00e7\u00e3o jur\u00eddica, apoio psicol\u00f3gico e assist\u00eancia social em um ambiente protegido, evitando a revitimiza\u00e7\u00e3o.<\/p>\n\n\n\n<p>&#8220;A viol\u00eancia dom\u00e9stica e sexual s\u00e3o problemas graves e recorrentes no Brasil, e Camapu\u00e3 n\u00e3o \u00e9 uma exce\u00e7\u00e3o. A presen\u00e7a da Sala Lil\u00e1s contribui diretamente para reduzir o sofrimento das v\u00edtimas, oferecendo um local seguro para den\u00fancias e acolhimento&#8221;, pontuou Mara Caseiro.<\/p>\n\n\n\n<p>A deputada tamb\u00e9m ressaltou a import\u00e2ncia da reativa\u00e7\u00e3o da Sala Lil\u00e1s para fortalecer a integra\u00e7\u00e3o entre os \u00f3rg\u00e3os de atendimento, como Defensoria P\u00fablica, Pol\u00edcia Civil, servi\u00e7os de sa\u00fade e assist\u00eancia social. \u201cEssa atua\u00e7\u00e3o conjunta \u00e9 fundamental para oferecer um suporte eficiente e cont\u00ednuo \u00e0s v\u00edtimas de viol\u00eancia\u201d, ressaltou Mara Caseiro.<\/p>\n\n\n\n<p>Por: ALEMS<\/p>\n\n\n<div class=\"wp-block-image\">\n<figure class=\"aligncenter size-full\"><img fetchpriority=\"high\" decoding=\"async\" width=\"900\" height=\"100\" src=\"https:\/\/msconectado.com.br\/wp-content\/uploads\/2025\/03\/900X100px-MS-Conectado.gif\" alt=\"\" class=\"wp-image-24688\"\/><\/figure>\n<\/div>","protected":false},"excerpt":{"rendered":"<p>A deputada estadual Mara Caseiro (PSDB) pediu, nesta ter\u00e7a-feira (26), a reativa\u00e7\u00e3o da Sala Lil\u00e1s no munic\u00edpio de Camapu\u00e3. O pedido foi encaminhado ao governador Eduardo Riedel e ao secret\u00e1rio de Justi\u00e7a e Seguran\u00e7a P\u00fablica, Antonio Carlos Videira. A solicita\u00e7\u00e3o atende pedido da vereadora Dayane Fernandes. Para a deputada, a Sala Lil\u00e1s \u00e9 um espa\u00e7o [&hellip;]<\/p>\n","protected":false},"author":3,"featured_media":24713,"comment_status":"open","ping_status":"closed","sticky":false,"template":"","format":"standard","meta":{"footnotes":""},"categories":[38,33],"tags":[],"class_list":["post-24712","post","type-post","status-publish","format-standard","has-post-thumbnail","hentry","category-assembleia-legislativa","category-politica"],"yoast_head":"<!-- This site is optimized with the Yoast SEO plugin v27.5 - https:\/\/yoast.com\/product\/yoast-seo-wordpress\/ -->\n<title>Mara Caseiro trabalha pela reativa\u00e7\u00e3o da Sala Lil\u00e1s em Camapu\u00e3 - MsConectado<\/title>\n<meta name=\"robots\" content=\"index, follow, max-snippet:-1, max-image-preview:large, max-video-preview:-1\" \/>\n<link rel=\"canonical\" href=\"https:\/\/msconectado.com.br\/?p=24712\" \/>\n<meta property=\"og:locale\" content=\"pt_BR\" \/>\n<meta property=\"og:type\" content=\"article\" \/>\n<meta property=\"og:title\" content=\"Mara Caseiro trabalha pela reativa\u00e7\u00e3o da Sala Lil\u00e1s em Camapu\u00e3 - MsConectado\" \/>\n<meta property=\"og:description\" content=\"A deputada estadual Mara Caseiro (PSDB) pediu, nesta ter\u00e7a-feira (26), a reativa\u00e7\u00e3o da Sala Lil\u00e1s no munic\u00edpio de Camapu\u00e3. O pedido foi encaminhado ao governador Eduardo Riedel e ao secret\u00e1rio de Justi\u00e7a e Seguran\u00e7a P\u00fablica, Antonio Carlos Videira. A solicita\u00e7\u00e3o atende pedido da vereadora Dayane Fernandes. Para a deputada, a Sala Lil\u00e1s \u00e9 um espa\u00e7o [&hellip;]\" \/>\n<meta property=\"og:url\" content=\"https:\/\/msconectado.com.br\/?p=24712\" \/>\n<meta property=\"og:site_name\" content=\"MsConectado\" \/>\n<meta property=\"article:published_time\" content=\"2025-03-26T22:39:08+00:00\" \/>\n<meta property=\"article:modified_time\" content=\"2025-03-26T22:39:10+00:00\" \/>\n<meta property=\"og:image\" content=\"https:\/\/msconectado.com.br\/wp-content\/uploads\/2025\/03\/bc3dae0f-6fc9-4743-a234-90707db803da.jpg\" \/>\n\t<meta property=\"og:image:width\" content=\"740\" \/>\n\t<meta property=\"og:image:height\" content=\"493\" \/>\n\t<meta property=\"og:image:type\" content=\"image\/jpeg\" \/>\n<meta name=\"author\" content=\"Jeferson\" \/>\n<meta name=\"twitter:card\" content=\"summary_large_image\" \/>\n<meta name=\"twitter:label1\" content=\"Escrito por\" \/>\n\t<meta name=\"twitter:data1\" content=\"Jeferson\" \/>\n\t<meta name=\"twitter:label2\" content=\"Est. tempo de leitura\" \/>\n\t<meta name=\"twitter:data2\" content=\"2 minutos\" \/>\n<script type=\"application\/ld+json\" class=\"yoast-schema-graph\">{\"@context\":\"https:\\\/\\\/schema.org\",\"@graph\":[{\"@type\":\"Article\",\"@id\":\"https:\\\/\\\/msconectado.com.br\\\/?p=24712#article\",\"isPartOf\":{\"@id\":\"https:\\\/\\\/msconectado.com.br\\\/?p=24712\"},\"author\":{\"name\":\"Jeferson\",\"@id\":\"https:\\\/\\\/msconectado.com.br\\\/#\\\/schema\\\/person\\\/feb123a95a93eebea36f0ed6a2e5ba48\"},\"headline\":\"Mara Caseiro trabalha pela reativa\u00e7\u00e3o da Sala Lil\u00e1s em Camapu\u00e3\",\"datePublished\":\"2025-03-26T22:39:08+00:00\",\"dateModified\":\"2025-03-26T22:39:10+00:00\",\"mainEntityOfPage\":{\"@id\":\"https:\\\/\\\/msconectado.com.br\\\/?p=24712\"},\"wordCount\":303,\"commentCount\":0,\"publisher\":{\"@id\":\"https:\\\/\\\/msconectado.com.br\\\/#organization\"},\"image\":{\"@id\":\"https:\\\/\\\/msconectado.com.br\\\/?p=24712#primaryimage\"},\"thumbnailUrl\":\"https:\\\/\\\/msconectado.com.br\\\/wp-content\\\/uploads\\\/2025\\\/03\\\/bc3dae0f-6fc9-4743-a234-90707db803da.jpg\",\"articleSection\":[\"Assembleia Legislativa\",\"Pol\u00edtica\"],\"inLanguage\":\"pt-BR\",\"potentialAction\":[{\"@type\":\"CommentAction\",\"name\":\"Comment\",\"target\":[\"https:\\\/\\\/msconectado.com.br\\\/?p=24712#respond\"]}]},{\"@type\":\"WebPage\",\"@id\":\"https:\\\/\\\/msconectado.com.br\\\/?p=24712\",\"url\":\"https:\\\/\\\/msconectado.com.br\\\/?p=24712\",\"name\":\"Mara Caseiro trabalha pela reativa\u00e7\u00e3o da Sala Lil\u00e1s em Camapu\u00e3 - MsConectado\",\"isPartOf\":{\"@id\":\"https:\\\/\\\/msconectado.com.br\\\/#website\"},\"primaryImageOfPage\":{\"@id\":\"https:\\\/\\\/msconectado.com.br\\\/?p=24712#primaryimage\"},\"image\":{\"@id\":\"https:\\\/\\\/msconectado.com.br\\\/?p=24712#primaryimage\"},\"thumbnailUrl\":\"https:\\\/\\\/msconectado.com.br\\\/wp-content\\\/uploads\\\/2025\\\/03\\\/bc3dae0f-6fc9-4743-a234-90707db803da.jpg\",\"datePublished\":\"2025-03-26T22:39:08+00:00\",\"dateModified\":\"2025-03-26T22:39:10+00:00\",\"breadcrumb\":{\"@id\":\"https:\\\/\\\/msconectado.com.br\\\/?p=24712#breadcrumb\"},\"inLanguage\":\"pt-BR\",\"potentialAction\":[{\"@type\":\"ReadAction\",\"target\":[\"https:\\\/\\\/msconectado.com.br\\\/?p=24712\"]}]},{\"@type\":\"ImageObject\",\"inLanguage\":\"pt-BR\",\"@id\":\"https:\\\/\\\/msconectado.com.br\\\/?p=24712#primaryimage\",\"url\":\"https:\\\/\\\/msconectado.com.br\\\/wp-content\\\/uploads\\\/2025\\\/03\\\/bc3dae0f-6fc9-4743-a234-90707db803da.jpg\",\"contentUrl\":\"https:\\\/\\\/msconectado.com.br\\\/wp-content\\\/uploads\\\/2025\\\/03\\\/bc3dae0f-6fc9-4743-a234-90707db803da.jpg\",\"width\":740,\"height\":493},{\"@type\":\"BreadcrumbList\",\"@id\":\"https:\\\/\\\/msconectado.com.br\\\/?p=24712#breadcrumb\",\"itemListElement\":[{\"@type\":\"ListItem\",\"position\":1,\"name\":\"In\u00edcio\",\"item\":\"https:\\\/\\\/msconectado.com.br\\\/?page_id=105\"},{\"@type\":\"ListItem\",\"position\":2,\"name\":\"Mara Caseiro trabalha pela reativa\u00e7\u00e3o da Sala Lil\u00e1s em Camapu\u00e3\"}]},{\"@type\":\"WebSite\",\"@id\":\"https:\\\/\\\/msconectado.com.br\\\/#website\",\"url\":\"https:\\\/\\\/msconectado.com.br\\\/\",\"name\":\"MsConectado\",\"description\":\"Voc\u00ea Conectado com a Not\u00edcia!\",\"publisher\":{\"@id\":\"https:\\\/\\\/msconectado.com.br\\\/#organization\"},\"potentialAction\":[{\"@type\":\"SearchAction\",\"target\":{\"@type\":\"EntryPoint\",\"urlTemplate\":\"https:\\\/\\\/msconectado.com.br\\\/?s={search_term_string}\"},\"query-input\":{\"@type\":\"PropertyValueSpecification\",\"valueRequired\":true,\"valueName\":\"search_term_string\"}}],\"inLanguage\":\"pt-BR\"},{\"@type\":\"Organization\",\"@id\":\"https:\\\/\\\/msconectado.com.br\\\/#organization\",\"name\":\"MsConectado\",\"url\":\"https:\\\/\\\/msconectado.com.br\\\/\",\"logo\":{\"@type\":\"ImageObject\",\"inLanguage\":\"pt-BR\",\"@id\":\"https:\\\/\\\/msconectado.com.br\\\/#\\\/schema\\\/logo\\\/image\\\/\",\"url\":\"https:\\\/\\\/msconectado.com.br\\\/wp-content\\\/uploads\\\/2023\\\/01\\\/cropped-noticia-2.png\",\"contentUrl\":\"https:\\\/\\\/msconectado.com.br\\\/wp-content\\\/uploads\\\/2023\\\/01\\\/cropped-noticia-2.png\",\"width\":720,\"height\":157,\"caption\":\"MsConectado\"},\"image\":{\"@id\":\"https:\\\/\\\/msconectado.com.br\\\/#\\\/schema\\\/logo\\\/image\\\/\"}},{\"@type\":\"Person\",\"@id\":\"https:\\\/\\\/msconectado.com.br\\\/#\\\/schema\\\/person\\\/feb123a95a93eebea36f0ed6a2e5ba48\",\"name\":\"Jeferson\",\"image\":{\"@type\":\"ImageObject\",\"inLanguage\":\"pt-BR\",\"@id\":\"https:\\\/\\\/secure.gravatar.com\\\/avatar\\\/e23e8901c88f0cdc0ad479ef7a39bf3e4c806344549c087c00b721a65549a328?s=96&d=mm&r=g\",\"url\":\"https:\\\/\\\/secure.gravatar.com\\\/avatar\\\/e23e8901c88f0cdc0ad479ef7a39bf3e4c806344549c087c00b721a65549a328?s=96&d=mm&r=g\",\"contentUrl\":\"https:\\\/\\\/secure.gravatar.com\\\/avatar\\\/e23e8901c88f0cdc0ad479ef7a39bf3e4c806344549c087c00b721a65549a328?s=96&d=mm&r=g\",\"caption\":\"Jeferson\"},\"url\":\"https:\\\/\\\/msconectado.com.br\\\/?author=3\"}]}<\/script>\n<!-- \/ Yoast SEO plugin. -->","yoast_head_json":{"title":"Mara Caseiro trabalha pela reativa\u00e7\u00e3o da Sala Lil\u00e1s em Camapu\u00e3 - MsConectado","robots":{"index":"index","follow":"follow","max-snippet":"max-snippet:-1","max-image-preview":"max-image-preview:large","max-video-preview":"max-video-preview:-1"},"canonical":"https:\/\/msconectado.com.br\/?p=24712","og_locale":"pt_BR","og_type":"article","og_title":"Mara Caseiro trabalha pela reativa\u00e7\u00e3o da Sala Lil\u00e1s em Camapu\u00e3 - MsConectado","og_description":"A deputada estadual Mara Caseiro (PSDB) pediu, nesta ter\u00e7a-feira (26), a reativa\u00e7\u00e3o da Sala Lil\u00e1s no munic\u00edpio de Camapu\u00e3. O pedido foi encaminhado ao governador Eduardo Riedel e ao secret\u00e1rio de Justi\u00e7a e Seguran\u00e7a P\u00fablica, Antonio Carlos Videira. A solicita\u00e7\u00e3o atende pedido da vereadora Dayane Fernandes. Para a deputada, a Sala Lil\u00e1s \u00e9 um espa\u00e7o [&hellip;]","og_url":"https:\/\/msconectado.com.br\/?p=24712","og_site_name":"MsConectado","article_published_time":"2025-03-26T22:39:08+00:00","article_modified_time":"2025-03-26T22:39:10+00:00","og_image":[{"width":740,"height":493,"url":"https:\/\/msconectado.com.br\/wp-content\/uploads\/2025\/03\/bc3dae0f-6fc9-4743-a234-90707db803da.jpg","type":"image\/jpeg"}],"author":"Jeferson","twitter_card":"summary_large_image","twitter_misc":{"Escrito por":"Jeferson","Est. tempo de leitura":"2 minutos"},"schema":{"@context":"https:\/\/schema.org","@graph":[{"@type":"Article","@id":"https:\/\/msconectado.com.br\/?p=24712#article","isPartOf":{"@id":"https:\/\/msconectado.com.br\/?p=24712"},"author":{"name":"Jeferson","@id":"https:\/\/msconectado.com.br\/#\/schema\/person\/feb123a95a93eebea36f0ed6a2e5ba48"},"headline":"Mara Caseiro trabalha pela reativa\u00e7\u00e3o da Sala Lil\u00e1s em Camapu\u00e3","datePublished":"2025-03-26T22:39:08+00:00","dateModified":"2025-03-26T22:39:10+00:00","mainEntityOfPage":{"@id":"https:\/\/msconectado.com.br\/?p=24712"},"wordCount":303,"commentCount":0,"publisher":{"@id":"https:\/\/msconectado.com.br\/#organization"},"image":{"@id":"https:\/\/msconectado.com.br\/?p=24712#primaryimage"},"thumbnailUrl":"https:\/\/msconectado.com.br\/wp-content\/uploads\/2025\/03\/bc3dae0f-6fc9-4743-a234-90707db803da.jpg","articleSection":["Assembleia Legislativa","Pol\u00edtica"],"inLanguage":"pt-BR","potentialAction":[{"@type":"CommentAction","name":"Comment","target":["https:\/\/msconectado.com.br\/?p=24712#respond"]}]},{"@type":"WebPage","@id":"https:\/\/msconectado.com.br\/?p=24712","url":"https:\/\/msconectado.com.br\/?p=24712","name":"Mara Caseiro trabalha pela reativa\u00e7\u00e3o da Sala Lil\u00e1s em Camapu\u00e3 - MsConectado","isPartOf":{"@id":"https:\/\/msconectado.com.br\/#website"},"primaryImageOfPage":{"@id":"https:\/\/msconectado.com.br\/?p=24712#primaryimage"},"image":{"@id":"https:\/\/msconectado.com.br\/?p=24712#primaryimage"},"thumbnailUrl":"https:\/\/msconectado.com.br\/wp-content\/uploads\/2025\/03\/bc3dae0f-6fc9-4743-a234-90707db803da.jpg","datePublished":"2025-03-26T22:39:08+00:00","dateModified":"2025-03-26T22:39:10+00:00","breadcrumb":{"@id":"https:\/\/msconectado.com.br\/?p=24712#breadcrumb"},"inLanguage":"pt-BR","potentialAction":[{"@type":"ReadAction","target":["https:\/\/msconectado.com.br\/?p=24712"]}]},{"@type":"ImageObject","inLanguage":"pt-BR","@id":"https:\/\/msconectado.com.br\/?p=24712#primaryimage","url":"https:\/\/msconectado.com.br\/wp-content\/uploads\/2025\/03\/bc3dae0f-6fc9-4743-a234-90707db803da.jpg","contentUrl":"https:\/\/msconectado.com.br\/wp-content\/uploads\/2025\/03\/bc3dae0f-6fc9-4743-a234-90707db803da.jpg","width":740,"height":493},{"@type":"BreadcrumbList","@id":"https:\/\/msconectado.com.br\/?p=24712#breadcrumb","itemListElement":[{"@type":"ListItem","position":1,"name":"In\u00edcio","item":"https:\/\/msconectado.com.br\/?page_id=105"},{"@type":"ListItem","position":2,"name":"Mara Caseiro trabalha pela reativa\u00e7\u00e3o da Sala Lil\u00e1s em Camapu\u00e3"}]},{"@type":"WebSite","@id":"https:\/\/msconectado.com.br\/#website","url":"https:\/\/msconectado.com.br\/","name":"MsConectado","description":"Voc\u00ea Conectado com a Not\u00edcia!","publisher":{"@id":"https:\/\/msconectado.com.br\/#organization"},"potentialAction":[{"@type":"SearchAction","target":{"@type":"EntryPoint","urlTemplate":"https:\/\/msconectado.com.br\/?s={search_term_string}"},"query-input":{"@type":"PropertyValueSpecification","valueRequired":true,"valueName":"search_term_string"}}],"inLanguage":"pt-BR"},{"@type":"Organization","@id":"https:\/\/msconectado.com.br\/#organization","name":"MsConectado","url":"https:\/\/msconectado.com.br\/","logo":{"@type":"ImageObject","inLanguage":"pt-BR","@id":"https:\/\/msconectado.com.br\/#\/schema\/logo\/image\/","url":"https:\/\/msconectado.com.br\/wp-content\/uploads\/2023\/01\/cropped-noticia-2.png","contentUrl":"https:\/\/msconectado.com.br\/wp-content\/uploads\/2023\/01\/cropped-noticia-2.png","width":720,"height":157,"caption":"MsConectado"},"image":{"@id":"https:\/\/msconectado.com.br\/#\/schema\/logo\/image\/"}},{"@type":"Person","@id":"https:\/\/msconectado.com.br\/#\/schema\/person\/feb123a95a93eebea36f0ed6a2e5ba48","name":"Jeferson","image":{"@type":"ImageObject","inLanguage":"pt-BR","@id":"https:\/\/secure.gravatar.com\/avatar\/e23e8901c88f0cdc0ad479ef7a39bf3e4c806344549c087c00b721a65549a328?s=96&d=mm&r=g","url":"https:\/\/secure.gravatar.com\/avatar\/e23e8901c88f0cdc0ad479ef7a39bf3e4c806344549c087c00b721a65549a328?s=96&d=mm&r=g","contentUrl":"https:\/\/secure.gravatar.com\/avatar\/e23e8901c88f0cdc0ad479ef7a39bf3e4c806344549c087c00b721a65549a328?s=96&d=mm&r=g","caption":"Jeferson"},"url":"https:\/\/msconectado.com.br\/?author=3"}]}},"_links":{"self":[{"href":"https:\/\/msconectado.com.br\/index.php?rest_route=\/wp\/v2\/posts\/24712","targetHints":{"allow":["GET"]}}],"collection":[{"href":"https:\/\/msconectado.com.br\/index.php?rest_route=\/wp\/v2\/posts"}],"about":[{"href":"https:\/\/msconectado.com.br\/index.php?rest_route=\/wp\/v2\/types\/post"}],"author":[{"embeddable":true,"href":"https:\/\/msconectado.com.br\/index.php?rest_route=\/wp\/v2\/users\/3"}],"replies":[{"embeddable":true,"href":"https:\/\/msconectado.com.br\/index.php?rest_route=%2Fwp%2Fv2%2Fcomments&post=24712"}],"version-history":[{"count":1,"href":"https:\/\/msconectado.com.br\/index.php?rest_route=\/wp\/v2\/posts\/24712\/revisions"}],"predecessor-version":[{"id":24714,"href":"https:\/\/msconectado.com.br\/index.php?rest_route=\/wp\/v2\/posts\/24712\/revisions\/24714"}],"wp:featuredmedia":[{"embeddable":true,"href":"https:\/\/msconectado.com.br\/index.php?rest_route=\/wp\/v2\/media\/24713"}],"wp:attachment":[{"href":"https:\/\/msconectado.com.br\/index.php?rest_route=%2Fwp%2Fv2%2Fmedia&parent=24712"}],"wp:term":[{"taxonomy":"category","embeddable":true,"href":"https:\/\/msconectado.com.br\/index.php?rest_route=%2Fwp%2Fv2%2Fcategories&post=24712"},{"taxonomy":"post_tag","embeddable":true,"href":"https:\/\/msconectado.com.br\/index.php?rest_route=%2Fwp%2Fv2%2Ftags&post=24712"}],"curies":[{"name":"wp","href":"https:\/\/api.w.org\/{rel}","templated":true}]}}