{"id":24721,"date":"2025-03-26T22:49:41","date_gmt":"2025-03-26T22:49:41","guid":{"rendered":"https:\/\/msconectado.com.br\/?p=24721"},"modified":"2025-03-26T22:49:43","modified_gmt":"2025-03-26T22:49:43","slug":"proposta-reconhece-direitos-de-pessoas-com-transtorno-da-linguagem","status":"publish","type":"post","link":"https:\/\/msconectado.com.br\/?p=24721","title":{"rendered":"Proposta reconhece direitos de pessoas com transtorno da linguagem"},"content":{"rendered":"\n<p>Come\u00e7ou a tramitar na Assembleia Legislativa de Mato Grosso do Sul (ALEMS) nesta quarta-feira (26), o&nbsp;<a href=\"http:\/\/sgpl.consulta.al.ms.gov.br\/sgpl-publico\/#\/linha-tempo?idProposicao=325824\" target=\"_blank\" rel=\"noreferrer noopener\"><ins>Projeto de Lei 69\/2025<\/ins><\/a>&nbsp;de autoria do deputado Z\u00e9 Teixeira (PSDB), que reconhece os direitos das pessoas diagnosticadas com Transtorno do Desenvolvimento da Linguagem (TDL) como pessoas com defici\u00eancia no \u00e2mbito do Estado de Mato Grosso do Sul.<\/p>\n\n\n\n<p>Estabelecer que as pessoas diagnosticadas com TDL sejam consideradas pessoas com defici\u00eancia para todos os efeitos legais, inclusive para a concess\u00e3o de benef\u00edcios e isen\u00e7\u00f5es fiscais estaduais, \u00e9 objetivo da proposta legislativa. A finalidade \u00e9 assegurar aos portadores do transtorno, o acesso a todos os meios ofertados para o desenvolvimento e inclus\u00e3o na sociedade, al\u00e9m de disponibilizar assist\u00eancia integral na rede de servi\u00e7os p\u00fablicos de sa\u00fade e educa\u00e7\u00e3o, sendo vedada toda forma de discrimina\u00e7\u00e3o.<\/p>\n\n\n\n<p>Conforme destacado no texto, a condi\u00e7\u00e3o&nbsp;est\u00e1 presente em sete de cada cem crian\u00e7as e \u00e9 tr\u00eas vezes mais comum entre as crian\u00e7as do sexo masculino, podendo ser confundido com outros quadros. \u201cSua principal caracter\u00edstica \u00e9 a dificuldade no desenvolvimento da linguagem e da fala, mesmo com todas as condi\u00e7\u00f5es para isso. Ou seja, n\u00e3o h\u00e1 nenhum impedimento do ponto de vista biom\u00e9dico &#8211; como s\u00edndromes ou les\u00e3o cerebral\u201d, traz a justificativa da mat\u00e9ria.<\/p>\n\n\n\n<p>A proposta menciona as dificuldades enfrentadas pelas pessoas com TDL:&nbsp;\u201cAo afetar diretamente a express\u00e3o da crian\u00e7a, dificultando a intera\u00e7\u00e3o com outras crian\u00e7as e o fortalecimento de sua autoestima, o transtorno precisa de acompanhamento adequado e multidisciplinar, com neuropediatra, fonoaudi\u00f3logo, psic\u00f3logo e otorrinolaringologista. Assim, \u00e9 um quadro que impacta no neurodesenvolvimento do indiv\u00edduo e pode gerar consequ\u00eancias para o conv\u00edvio social\u201d, explicou o parlamentar.<\/p>\n\n\n\n<p>Por: ALEMS<\/p>\n\n\n<div class=\"wp-block-image\">\n<figure class=\"aligncenter size-full\"><img fetchpriority=\"high\" decoding=\"async\" width=\"900\" height=\"100\" src=\"https:\/\/msconectado.com.br\/wp-content\/uploads\/2025\/03\/Banner-Celerium.png\" alt=\"\" class=\"wp-image-24722\" srcset=\"https:\/\/msconectado.com.br\/wp-content\/uploads\/2025\/03\/Banner-Celerium.png 900w, https:\/\/msconectado.com.br\/wp-content\/uploads\/2025\/03\/Banner-Celerium-300x33.png 300w, https:\/\/msconectado.com.br\/wp-content\/uploads\/2025\/03\/Banner-Celerium-768x85.png 768w\" sizes=\"(max-width: 900px) 100vw, 900px\" \/><\/figure>\n<\/div>","protected":false},"excerpt":{"rendered":"<p>Come\u00e7ou a tramitar na Assembleia Legislativa de Mato Grosso do Sul (ALEMS) nesta quarta-feira (26), o&nbsp;Projeto de Lei 69\/2025&nbsp;de autoria do deputado Z\u00e9 Teixeira (PSDB), que reconhece os direitos das pessoas diagnosticadas com Transtorno do Desenvolvimento da Linguagem (TDL) como pessoas com defici\u00eancia no \u00e2mbito do Estado de Mato Grosso do Sul. Estabelecer que as [&hellip;]<\/p>\n","protected":false},"author":3,"featured_media":24724,"comment_status":"open","ping_status":"closed","sticky":false,"template":"","format":"standard","meta":{"footnotes":""},"categories":[38,1,33],"tags":[],"class_list":["post-24721","post","type-post","status-publish","format-standard","has-post-thumbnail","hentry","category-assembleia-legislativa","category-noticia","category-politica"],"yoast_head":"<!-- This site is optimized with the Yoast SEO plugin v27.5 - https:\/\/yoast.com\/product\/yoast-seo-wordpress\/ -->\n<title>Proposta reconhece direitos de pessoas com transtorno da linguagem - MsConectado<\/title>\n<meta name=\"robots\" content=\"index, follow, max-snippet:-1, max-image-preview:large, max-video-preview:-1\" \/>\n<link rel=\"canonical\" href=\"https:\/\/msconectado.com.br\/?p=24721\" \/>\n<meta property=\"og:locale\" content=\"pt_BR\" \/>\n<meta property=\"og:type\" content=\"article\" \/>\n<meta property=\"og:title\" content=\"Proposta reconhece direitos de pessoas com transtorno da linguagem - MsConectado\" \/>\n<meta property=\"og:description\" content=\"Come\u00e7ou a tramitar na Assembleia Legislativa de Mato Grosso do Sul (ALEMS) nesta quarta-feira (26), o&nbsp;Projeto de Lei 69\/2025&nbsp;de autoria do deputado Z\u00e9 Teixeira (PSDB), que reconhece os direitos das pessoas diagnosticadas com Transtorno do Desenvolvimento da Linguagem (TDL) como pessoas com defici\u00eancia no \u00e2mbito do Estado de Mato Grosso do Sul. Estabelecer que as [&hellip;]\" \/>\n<meta property=\"og:url\" content=\"https:\/\/msconectado.com.br\/?p=24721\" \/>\n<meta property=\"og:site_name\" content=\"MsConectado\" \/>\n<meta property=\"article:published_time\" content=\"2025-03-26T22:49:41+00:00\" \/>\n<meta property=\"article:modified_time\" content=\"2025-03-26T22:49:43+00:00\" \/>\n<meta property=\"og:image\" content=\"https:\/\/msconectado.com.br\/wp-content\/uploads\/2025\/03\/bc3dae0f-6fc9-4743-a234-90707db803da-2.jpg\" \/>\n\t<meta property=\"og:image:width\" content=\"740\" \/>\n\t<meta property=\"og:image:height\" content=\"347\" \/>\n\t<meta property=\"og:image:type\" content=\"image\/jpeg\" \/>\n<meta name=\"author\" content=\"Jeferson\" \/>\n<meta name=\"twitter:card\" content=\"summary_large_image\" \/>\n<meta name=\"twitter:label1\" content=\"Escrito por\" \/>\n\t<meta name=\"twitter:data1\" content=\"Jeferson\" \/>\n\t<meta name=\"twitter:label2\" content=\"Est. tempo de leitura\" \/>\n\t<meta name=\"twitter:data2\" content=\"2 minutos\" \/>\n<script type=\"application\/ld+json\" class=\"yoast-schema-graph\">{\"@context\":\"https:\\\/\\\/schema.org\",\"@graph\":[{\"@type\":\"Article\",\"@id\":\"https:\\\/\\\/msconectado.com.br\\\/?p=24721#article\",\"isPartOf\":{\"@id\":\"https:\\\/\\\/msconectado.com.br\\\/?p=24721\"},\"author\":{\"name\":\"Jeferson\",\"@id\":\"https:\\\/\\\/msconectado.com.br\\\/#\\\/schema\\\/person\\\/feb123a95a93eebea36f0ed6a2e5ba48\"},\"headline\":\"Proposta reconhece direitos de pessoas com transtorno da linguagem\",\"datePublished\":\"2025-03-26T22:49:41+00:00\",\"dateModified\":\"2025-03-26T22:49:43+00:00\",\"mainEntityOfPage\":{\"@id\":\"https:\\\/\\\/msconectado.com.br\\\/?p=24721\"},\"wordCount\":308,\"commentCount\":0,\"publisher\":{\"@id\":\"https:\\\/\\\/msconectado.com.br\\\/#organization\"},\"image\":{\"@id\":\"https:\\\/\\\/msconectado.com.br\\\/?p=24721#primaryimage\"},\"thumbnailUrl\":\"https:\\\/\\\/msconectado.com.br\\\/wp-content\\\/uploads\\\/2025\\\/03\\\/bc3dae0f-6fc9-4743-a234-90707db803da-2.jpg\",\"articleSection\":[\"Assembleia Legislativa\",\"Not\u00edcia\",\"Pol\u00edtica\"],\"inLanguage\":\"pt-BR\",\"potentialAction\":[{\"@type\":\"CommentAction\",\"name\":\"Comment\",\"target\":[\"https:\\\/\\\/msconectado.com.br\\\/?p=24721#respond\"]}]},{\"@type\":\"WebPage\",\"@id\":\"https:\\\/\\\/msconectado.com.br\\\/?p=24721\",\"url\":\"https:\\\/\\\/msconectado.com.br\\\/?p=24721\",\"name\":\"Proposta reconhece direitos de pessoas com transtorno da linguagem - MsConectado\",\"isPartOf\":{\"@id\":\"https:\\\/\\\/msconectado.com.br\\\/#website\"},\"primaryImageOfPage\":{\"@id\":\"https:\\\/\\\/msconectado.com.br\\\/?p=24721#primaryimage\"},\"image\":{\"@id\":\"https:\\\/\\\/msconectado.com.br\\\/?p=24721#primaryimage\"},\"thumbnailUrl\":\"https:\\\/\\\/msconectado.com.br\\\/wp-content\\\/uploads\\\/2025\\\/03\\\/bc3dae0f-6fc9-4743-a234-90707db803da-2.jpg\",\"datePublished\":\"2025-03-26T22:49:41+00:00\",\"dateModified\":\"2025-03-26T22:49:43+00:00\",\"breadcrumb\":{\"@id\":\"https:\\\/\\\/msconectado.com.br\\\/?p=24721#breadcrumb\"},\"inLanguage\":\"pt-BR\",\"potentialAction\":[{\"@type\":\"ReadAction\",\"target\":[\"https:\\\/\\\/msconectado.com.br\\\/?p=24721\"]}]},{\"@type\":\"ImageObject\",\"inLanguage\":\"pt-BR\",\"@id\":\"https:\\\/\\\/msconectado.com.br\\\/?p=24721#primaryimage\",\"url\":\"https:\\\/\\\/msconectado.com.br\\\/wp-content\\\/uploads\\\/2025\\\/03\\\/bc3dae0f-6fc9-4743-a234-90707db803da-2.jpg\",\"contentUrl\":\"https:\\\/\\\/msconectado.com.br\\\/wp-content\\\/uploads\\\/2025\\\/03\\\/bc3dae0f-6fc9-4743-a234-90707db803da-2.jpg\",\"width\":740,\"height\":347},{\"@type\":\"BreadcrumbList\",\"@id\":\"https:\\\/\\\/msconectado.com.br\\\/?p=24721#breadcrumb\",\"itemListElement\":[{\"@type\":\"ListItem\",\"position\":1,\"name\":\"In\u00edcio\",\"item\":\"https:\\\/\\\/msconectado.com.br\\\/?page_id=105\"},{\"@type\":\"ListItem\",\"position\":2,\"name\":\"Proposta reconhece direitos de pessoas com transtorno da linguagem\"}]},{\"@type\":\"WebSite\",\"@id\":\"https:\\\/\\\/msconectado.com.br\\\/#website\",\"url\":\"https:\\\/\\\/msconectado.com.br\\\/\",\"name\":\"MsConectado\",\"description\":\"Voc\u00ea Conectado com a Not\u00edcia!\",\"publisher\":{\"@id\":\"https:\\\/\\\/msconectado.com.br\\\/#organization\"},\"potentialAction\":[{\"@type\":\"SearchAction\",\"target\":{\"@type\":\"EntryPoint\",\"urlTemplate\":\"https:\\\/\\\/msconectado.com.br\\\/?s={search_term_string}\"},\"query-input\":{\"@type\":\"PropertyValueSpecification\",\"valueRequired\":true,\"valueName\":\"search_term_string\"}}],\"inLanguage\":\"pt-BR\"},{\"@type\":\"Organization\",\"@id\":\"https:\\\/\\\/msconectado.com.br\\\/#organization\",\"name\":\"MsConectado\",\"url\":\"https:\\\/\\\/msconectado.com.br\\\/\",\"logo\":{\"@type\":\"ImageObject\",\"inLanguage\":\"pt-BR\",\"@id\":\"https:\\\/\\\/msconectado.com.br\\\/#\\\/schema\\\/logo\\\/image\\\/\",\"url\":\"https:\\\/\\\/msconectado.com.br\\\/wp-content\\\/uploads\\\/2023\\\/01\\\/cropped-noticia-2.png\",\"contentUrl\":\"https:\\\/\\\/msconectado.com.br\\\/wp-content\\\/uploads\\\/2023\\\/01\\\/cropped-noticia-2.png\",\"width\":720,\"height\":157,\"caption\":\"MsConectado\"},\"image\":{\"@id\":\"https:\\\/\\\/msconectado.com.br\\\/#\\\/schema\\\/logo\\\/image\\\/\"}},{\"@type\":\"Person\",\"@id\":\"https:\\\/\\\/msconectado.com.br\\\/#\\\/schema\\\/person\\\/feb123a95a93eebea36f0ed6a2e5ba48\",\"name\":\"Jeferson\",\"image\":{\"@type\":\"ImageObject\",\"inLanguage\":\"pt-BR\",\"@id\":\"https:\\\/\\\/secure.gravatar.com\\\/avatar\\\/e23e8901c88f0cdc0ad479ef7a39bf3e4c806344549c087c00b721a65549a328?s=96&d=mm&r=g\",\"url\":\"https:\\\/\\\/secure.gravatar.com\\\/avatar\\\/e23e8901c88f0cdc0ad479ef7a39bf3e4c806344549c087c00b721a65549a328?s=96&d=mm&r=g\",\"contentUrl\":\"https:\\\/\\\/secure.gravatar.com\\\/avatar\\\/e23e8901c88f0cdc0ad479ef7a39bf3e4c806344549c087c00b721a65549a328?s=96&d=mm&r=g\",\"caption\":\"Jeferson\"},\"url\":\"https:\\\/\\\/msconectado.com.br\\\/?author=3\"}]}<\/script>\n<!-- \/ Yoast SEO plugin. -->","yoast_head_json":{"title":"Proposta reconhece direitos de pessoas com transtorno da linguagem - MsConectado","robots":{"index":"index","follow":"follow","max-snippet":"max-snippet:-1","max-image-preview":"max-image-preview:large","max-video-preview":"max-video-preview:-1"},"canonical":"https:\/\/msconectado.com.br\/?p=24721","og_locale":"pt_BR","og_type":"article","og_title":"Proposta reconhece direitos de pessoas com transtorno da linguagem - MsConectado","og_description":"Come\u00e7ou a tramitar na Assembleia Legislativa de Mato Grosso do Sul (ALEMS) nesta quarta-feira (26), o&nbsp;Projeto de Lei 69\/2025&nbsp;de autoria do deputado Z\u00e9 Teixeira (PSDB), que reconhece os direitos das pessoas diagnosticadas com Transtorno do Desenvolvimento da Linguagem (TDL) como pessoas com defici\u00eancia no \u00e2mbito do Estado de Mato Grosso do Sul. Estabelecer que as [&hellip;]","og_url":"https:\/\/msconectado.com.br\/?p=24721","og_site_name":"MsConectado","article_published_time":"2025-03-26T22:49:41+00:00","article_modified_time":"2025-03-26T22:49:43+00:00","og_image":[{"width":740,"height":347,"url":"https:\/\/msconectado.com.br\/wp-content\/uploads\/2025\/03\/bc3dae0f-6fc9-4743-a234-90707db803da-2.jpg","type":"image\/jpeg"}],"author":"Jeferson","twitter_card":"summary_large_image","twitter_misc":{"Escrito por":"Jeferson","Est. tempo de leitura":"2 minutos"},"schema":{"@context":"https:\/\/schema.org","@graph":[{"@type":"Article","@id":"https:\/\/msconectado.com.br\/?p=24721#article","isPartOf":{"@id":"https:\/\/msconectado.com.br\/?p=24721"},"author":{"name":"Jeferson","@id":"https:\/\/msconectado.com.br\/#\/schema\/person\/feb123a95a93eebea36f0ed6a2e5ba48"},"headline":"Proposta reconhece direitos de pessoas com transtorno da linguagem","datePublished":"2025-03-26T22:49:41+00:00","dateModified":"2025-03-26T22:49:43+00:00","mainEntityOfPage":{"@id":"https:\/\/msconectado.com.br\/?p=24721"},"wordCount":308,"commentCount":0,"publisher":{"@id":"https:\/\/msconectado.com.br\/#organization"},"image":{"@id":"https:\/\/msconectado.com.br\/?p=24721#primaryimage"},"thumbnailUrl":"https:\/\/msconectado.com.br\/wp-content\/uploads\/2025\/03\/bc3dae0f-6fc9-4743-a234-90707db803da-2.jpg","articleSection":["Assembleia Legislativa","Not\u00edcia","Pol\u00edtica"],"inLanguage":"pt-BR","potentialAction":[{"@type":"CommentAction","name":"Comment","target":["https:\/\/msconectado.com.br\/?p=24721#respond"]}]},{"@type":"WebPage","@id":"https:\/\/msconectado.com.br\/?p=24721","url":"https:\/\/msconectado.com.br\/?p=24721","name":"Proposta reconhece direitos de pessoas com transtorno da linguagem - MsConectado","isPartOf":{"@id":"https:\/\/msconectado.com.br\/#website"},"primaryImageOfPage":{"@id":"https:\/\/msconectado.com.br\/?p=24721#primaryimage"},"image":{"@id":"https:\/\/msconectado.com.br\/?p=24721#primaryimage"},"thumbnailUrl":"https:\/\/msconectado.com.br\/wp-content\/uploads\/2025\/03\/bc3dae0f-6fc9-4743-a234-90707db803da-2.jpg","datePublished":"2025-03-26T22:49:41+00:00","dateModified":"2025-03-26T22:49:43+00:00","breadcrumb":{"@id":"https:\/\/msconectado.com.br\/?p=24721#breadcrumb"},"inLanguage":"pt-BR","potentialAction":[{"@type":"ReadAction","target":["https:\/\/msconectado.com.br\/?p=24721"]}]},{"@type":"ImageObject","inLanguage":"pt-BR","@id":"https:\/\/msconectado.com.br\/?p=24721#primaryimage","url":"https:\/\/msconectado.com.br\/wp-content\/uploads\/2025\/03\/bc3dae0f-6fc9-4743-a234-90707db803da-2.jpg","contentUrl":"https:\/\/msconectado.com.br\/wp-content\/uploads\/2025\/03\/bc3dae0f-6fc9-4743-a234-90707db803da-2.jpg","width":740,"height":347},{"@type":"BreadcrumbList","@id":"https:\/\/msconectado.com.br\/?p=24721#breadcrumb","itemListElement":[{"@type":"ListItem","position":1,"name":"In\u00edcio","item":"https:\/\/msconectado.com.br\/?page_id=105"},{"@type":"ListItem","position":2,"name":"Proposta reconhece direitos de pessoas com transtorno da linguagem"}]},{"@type":"WebSite","@id":"https:\/\/msconectado.com.br\/#website","url":"https:\/\/msconectado.com.br\/","name":"MsConectado","description":"Voc\u00ea Conectado com a Not\u00edcia!","publisher":{"@id":"https:\/\/msconectado.com.br\/#organization"},"potentialAction":[{"@type":"SearchAction","target":{"@type":"EntryPoint","urlTemplate":"https:\/\/msconectado.com.br\/?s={search_term_string}"},"query-input":{"@type":"PropertyValueSpecification","valueRequired":true,"valueName":"search_term_string"}}],"inLanguage":"pt-BR"},{"@type":"Organization","@id":"https:\/\/msconectado.com.br\/#organization","name":"MsConectado","url":"https:\/\/msconectado.com.br\/","logo":{"@type":"ImageObject","inLanguage":"pt-BR","@id":"https:\/\/msconectado.com.br\/#\/schema\/logo\/image\/","url":"https:\/\/msconectado.com.br\/wp-content\/uploads\/2023\/01\/cropped-noticia-2.png","contentUrl":"https:\/\/msconectado.com.br\/wp-content\/uploads\/2023\/01\/cropped-noticia-2.png","width":720,"height":157,"caption":"MsConectado"},"image":{"@id":"https:\/\/msconectado.com.br\/#\/schema\/logo\/image\/"}},{"@type":"Person","@id":"https:\/\/msconectado.com.br\/#\/schema\/person\/feb123a95a93eebea36f0ed6a2e5ba48","name":"Jeferson","image":{"@type":"ImageObject","inLanguage":"pt-BR","@id":"https:\/\/secure.gravatar.com\/avatar\/e23e8901c88f0cdc0ad479ef7a39bf3e4c806344549c087c00b721a65549a328?s=96&d=mm&r=g","url":"https:\/\/secure.gravatar.com\/avatar\/e23e8901c88f0cdc0ad479ef7a39bf3e4c806344549c087c00b721a65549a328?s=96&d=mm&r=g","contentUrl":"https:\/\/secure.gravatar.com\/avatar\/e23e8901c88f0cdc0ad479ef7a39bf3e4c806344549c087c00b721a65549a328?s=96&d=mm&r=g","caption":"Jeferson"},"url":"https:\/\/msconectado.com.br\/?author=3"}]}},"_links":{"self":[{"href":"https:\/\/msconectado.com.br\/index.php?rest_route=\/wp\/v2\/posts\/24721","targetHints":{"allow":["GET"]}}],"collection":[{"href":"https:\/\/msconectado.com.br\/index.php?rest_route=\/wp\/v2\/posts"}],"about":[{"href":"https:\/\/msconectado.com.br\/index.php?rest_route=\/wp\/v2\/types\/post"}],"author":[{"embeddable":true,"href":"https:\/\/msconectado.com.br\/index.php?rest_route=\/wp\/v2\/users\/3"}],"replies":[{"embeddable":true,"href":"https:\/\/msconectado.com.br\/index.php?rest_route=%2Fwp%2Fv2%2Fcomments&post=24721"}],"version-history":[{"count":1,"href":"https:\/\/msconectado.com.br\/index.php?rest_route=\/wp\/v2\/posts\/24721\/revisions"}],"predecessor-version":[{"id":24725,"href":"https:\/\/msconectado.com.br\/index.php?rest_route=\/wp\/v2\/posts\/24721\/revisions\/24725"}],"wp:featuredmedia":[{"embeddable":true,"href":"https:\/\/msconectado.com.br\/index.php?rest_route=\/wp\/v2\/media\/24724"}],"wp:attachment":[{"href":"https:\/\/msconectado.com.br\/index.php?rest_route=%2Fwp%2Fv2%2Fmedia&parent=24721"}],"wp:term":[{"taxonomy":"category","embeddable":true,"href":"https:\/\/msconectado.com.br\/index.php?rest_route=%2Fwp%2Fv2%2Fcategories&post=24721"},{"taxonomy":"post_tag","embeddable":true,"href":"https:\/\/msconectado.com.br\/index.php?rest_route=%2Fwp%2Fv2%2Ftags&post=24721"}],"curies":[{"name":"wp","href":"https:\/\/api.w.org\/{rel}","templated":true}]}}