
{"id":24773,"date":"2025-03-31T13:50:28","date_gmt":"2025-03-31T13:50:28","guid":{"rendered":"https:\/\/msconectado.com.br\/?p=24773"},"modified":"2025-03-31T13:50:30","modified_gmt":"2025-03-31T13:50:30","slug":"sicredi-pantanal-ms-realiza-assembleia-digital-2025-no-inicio-de-abril","status":"publish","type":"post","link":"https:\/\/msconectado.com.br\/?p=24773","title":{"rendered":"Sicredi Pantanal MS realiza Assembleia Digital 2025 no in\u00edcio de abril"},"content":{"rendered":"\n<p>O momento mais esperado da Sicredi Pantanal MS j\u00e1 tem data marcada: entre 1\u00b0 e 16 abril, a cooperativa realiza a Assembleia Geral de N\u00facleo 2025, 100% em formato digital e podendo ser acessada inclusive no aplicativo do Sicredi.<\/p>\n\n\n\n<p>Desde 2021, a cooperativa adotou este modelo que \u00e9 considerado acess\u00edvel, democr\u00e1tico e eficiente. \u201cPara a Sicredi Pantanal o mais importante \u00e9 que nosso associado conhe\u00e7a e participe das decis\u00f5es da nossa cooperativa e o formato digital permite isso\u201d, afirma o presidente da Sicredi Pantanal MS, Emerson Perosa.<\/p>\n\n\n\n<p>O associado tem a praticidade de participar da Assembleia acessando a plataforma pelo pr\u00f3prio aplicativo, al\u00e9m do site do Sicredi&nbsp;<a href=\"http:\/\/www.sicredi.com.br\/assembleias\" target=\"_blank\" rel=\"noreferrer noopener\">www.sicredi.com.br\/assembleias<\/a>.<\/p>\n\n\n\n<p>Segundo Perosa, a Assembleia \u00e9 um dos momentos mais esperados porque representa um dos sete pilares do cooperativismo que \u00e9 a gest\u00e3o democr\u00e1tica. Na edi\u00e7\u00e3o 2025, a pauta contempla: a apresenta\u00e7\u00e3o do desenvolvimento da cooperativa, o balan\u00e7o financeiro, a divulga\u00e7\u00e3o da distribui\u00e7\u00e3o de resultados, assim como outros assuntos de relev\u00e2ncia para o associado.<\/p>\n\n\n\n<p>Ano passado, a Sicredi Pantanal MS converteu um voto em um quilo de alimento n\u00e3o perec\u00edvel e isso gerou uma doa\u00e7\u00e3o de 10 toneladas de alimentos. Para este ano, a cooperativa lan\u00e7a para os 30 mil associados o desafio de ampliar participa\u00e7\u00e3o e ajudar um maior n\u00famero de fam\u00edlias. \u201cCada associado, independente do aporte financeiro, conta como um voto e cada voto, aqui em nossa cooperativa, ser\u00e1 convertido em um quilo de alimento n\u00e3o perec\u00edvel que vai chegar, por interm\u00e9dio de institui\u00e7\u00f5es s\u00e9rias e comprometidas, a quem mais precisa\u201d.<\/p>\n\n\n\n<p>Nas ag\u00eancias estar\u00e3o instalados os carrinhos da coopera\u00e7\u00e3o para quem quiser contribuir diretamente com a a\u00e7\u00e3o entregando um quilo de alimento n\u00e3o perec\u00edvel. E mais: os associados que participarem da assembleia concorrer\u00e3o a um brinde exclusivo. \u201cAqui na Pantanal, a maioria das pessoas aproveitam o tempo livre para pescar. \u00c9 a nossa cara n\u00e3o \u00e9 mesmo? Por isso, este ano, quem votar vai concorrer a um kit pesca completo, com direito a uma caixa t\u00e9rmica, cadeira personalizada e at\u00e9 camisa UV de pesca, tudo preparado com muito carinho\u201d.<\/p>\n\n\n\n<p>Dia S da Assembleia &#8211; A equipe do Desenvolvimento do Cooperativismo da Sicredi Pantanal MS estar\u00e1 presente nas ag\u00eancias em uma a\u00e7\u00e3o itinerante, para dar suporte para quem ainda tem d\u00favidas sobre como participar da assembleia, com calend\u00e1rio a ser divulgado em nossas redes sociais @sicredipantanal.<\/p>\n\n\n\n<p>O per\u00edodo de vota\u00e7\u00e3o ficar\u00e1 aberto at\u00e9 o dia 16 de abril, pelo site:&nbsp;<a href=\"http:\/\/www.sicredi.com.br\/assembleias\" target=\"_blank\" rel=\"noreferrer noopener\">www.sicredi.com.br\/assembleias<\/a>&nbsp;e pelo app do Sicredi X e Sicredi Mobi, onde os associados que poder\u00e3o assistir a assembleia e realizar o seu voto digitalmente. Para mais informa\u00e7\u00f5es sobre as assembleias, os associados podem procurar o gerente de sua ag\u00eancia.<\/p>\n\n\n\n<p>Assessoria<\/p>\n\n\n<div class=\"wp-block-image\">\n<figure class=\"aligncenter size-full\"><img fetchpriority=\"high\" decoding=\"async\" width=\"900\" height=\"100\" src=\"https:\/\/msconectado.com.br\/wp-content\/uploads\/2025\/03\/BANER-1.png\" alt=\"\" class=\"wp-image-24772\" srcset=\"https:\/\/msconectado.com.br\/wp-content\/uploads\/2025\/03\/BANER-1.png 900w, https:\/\/msconectado.com.br\/wp-content\/uploads\/2025\/03\/BANER-1-300x33.png 300w, https:\/\/msconectado.com.br\/wp-content\/uploads\/2025\/03\/BANER-1-768x85.png 768w\" sizes=\"(max-width: 900px) 100vw, 900px\" \/><\/figure>\n<\/div>\n\n\n<p><\/p>\n","protected":false},"excerpt":{"rendered":"<p>O momento mais esperado da Sicredi Pantanal MS j\u00e1 tem data marcada: entre 1\u00b0 e 16 abril, a cooperativa realiza a Assembleia Geral de N\u00facleo 2025, 100% em formato digital e podendo ser acessada inclusive no aplicativo do Sicredi. Desde 2021, a cooperativa adotou este modelo que \u00e9 considerado acess\u00edvel, democr\u00e1tico e eficiente. \u201cPara a [&hellip;]<\/p>\n","protected":false},"author":3,"featured_media":24775,"comment_status":"open","ping_status":"closed","sticky":false,"template":"","format":"standard","meta":{"footnotes":""},"categories":[35,34,1],"tags":[],"class_list":["post-24773","post","type-post","status-publish","format-standard","has-post-thumbnail","hentry","category-cidades","category-comercio","category-noticia"],"yoast_head":"<!-- This site is optimized with the Yoast SEO plugin v27.5 - https:\/\/yoast.com\/product\/yoast-seo-wordpress\/ -->\n<title>Sicredi Pantanal MS realiza Assembleia Digital 2025 no in\u00edcio de abril - MsConectado<\/title>\n<meta name=\"robots\" content=\"index, follow, max-snippet:-1, max-image-preview:large, max-video-preview:-1\" \/>\n<link rel=\"canonical\" href=\"https:\/\/msconectado.com.br\/?p=24773\" \/>\n<meta property=\"og:locale\" content=\"pt_BR\" \/>\n<meta property=\"og:type\" content=\"article\" \/>\n<meta property=\"og:title\" content=\"Sicredi Pantanal MS realiza Assembleia Digital 2025 no in\u00edcio de abril - MsConectado\" \/>\n<meta property=\"og:description\" content=\"O momento mais esperado da Sicredi Pantanal MS j\u00e1 tem data marcada: entre 1\u00b0 e 16 abril, a cooperativa realiza a Assembleia Geral de N\u00facleo 2025, 100% em formato digital e podendo ser acessada inclusive no aplicativo do Sicredi. Desde 2021, a cooperativa adotou este modelo que \u00e9 considerado acess\u00edvel, democr\u00e1tico e eficiente. \u201cPara a [&hellip;]\" \/>\n<meta property=\"og:url\" content=\"https:\/\/msconectado.com.br\/?p=24773\" \/>\n<meta property=\"og:site_name\" content=\"MsConectado\" \/>\n<meta property=\"article:published_time\" content=\"2025-03-31T13:50:28+00:00\" \/>\n<meta property=\"article:modified_time\" content=\"2025-03-31T13:50:30+00:00\" \/>\n<meta property=\"og:image\" content=\"https:\/\/msconectado.com.br\/wp-content\/uploads\/2025\/03\/WhatsApp-Image-2025-03-14-at-17.52.43.jpeg\" \/>\n\t<meta property=\"og:image:width\" content=\"1600\" \/>\n\t<meta property=\"og:image:height\" content=\"900\" \/>\n\t<meta property=\"og:image:type\" content=\"image\/jpeg\" \/>\n<meta name=\"author\" content=\"Jeferson\" \/>\n<meta name=\"twitter:card\" content=\"summary_large_image\" \/>\n<meta name=\"twitter:label1\" content=\"Escrito por\" \/>\n\t<meta name=\"twitter:data1\" content=\"Jeferson\" \/>\n\t<meta name=\"twitter:label2\" content=\"Est. tempo de leitura\" \/>\n\t<meta name=\"twitter:data2\" content=\"3 minutos\" \/>\n<script type=\"application\/ld+json\" class=\"yoast-schema-graph\">{\"@context\":\"https:\\\/\\\/schema.org\",\"@graph\":[{\"@type\":\"Article\",\"@id\":\"https:\\\/\\\/msconectado.com.br\\\/?p=24773#article\",\"isPartOf\":{\"@id\":\"https:\\\/\\\/msconectado.com.br\\\/?p=24773\"},\"author\":{\"name\":\"Jeferson\",\"@id\":\"https:\\\/\\\/msconectado.com.br\\\/#\\\/schema\\\/person\\\/feb123a95a93eebea36f0ed6a2e5ba48\"},\"headline\":\"Sicredi Pantanal MS realiza Assembleia Digital 2025 no in\u00edcio de abril\",\"datePublished\":\"2025-03-31T13:50:28+00:00\",\"dateModified\":\"2025-03-31T13:50:30+00:00\",\"mainEntityOfPage\":{\"@id\":\"https:\\\/\\\/msconectado.com.br\\\/?p=24773\"},\"wordCount\":490,\"commentCount\":0,\"publisher\":{\"@id\":\"https:\\\/\\\/msconectado.com.br\\\/#organization\"},\"image\":{\"@id\":\"https:\\\/\\\/msconectado.com.br\\\/?p=24773#primaryimage\"},\"thumbnailUrl\":\"https:\\\/\\\/msconectado.com.br\\\/wp-content\\\/uploads\\\/2025\\\/03\\\/WhatsApp-Image-2025-03-14-at-17.52.43.jpeg\",\"articleSection\":[\"Cidades\",\"Com\u00e9rcio\",\"Not\u00edcia\"],\"inLanguage\":\"pt-BR\",\"potentialAction\":[{\"@type\":\"CommentAction\",\"name\":\"Comment\",\"target\":[\"https:\\\/\\\/msconectado.com.br\\\/?p=24773#respond\"]}]},{\"@type\":\"WebPage\",\"@id\":\"https:\\\/\\\/msconectado.com.br\\\/?p=24773\",\"url\":\"https:\\\/\\\/msconectado.com.br\\\/?p=24773\",\"name\":\"Sicredi Pantanal MS realiza Assembleia Digital 2025 no in\u00edcio de abril - MsConectado\",\"isPartOf\":{\"@id\":\"https:\\\/\\\/msconectado.com.br\\\/#website\"},\"primaryImageOfPage\":{\"@id\":\"https:\\\/\\\/msconectado.com.br\\\/?p=24773#primaryimage\"},\"image\":{\"@id\":\"https:\\\/\\\/msconectado.com.br\\\/?p=24773#primaryimage\"},\"thumbnailUrl\":\"https:\\\/\\\/msconectado.com.br\\\/wp-content\\\/uploads\\\/2025\\\/03\\\/WhatsApp-Image-2025-03-14-at-17.52.43.jpeg\",\"datePublished\":\"2025-03-31T13:50:28+00:00\",\"dateModified\":\"2025-03-31T13:50:30+00:00\",\"breadcrumb\":{\"@id\":\"https:\\\/\\\/msconectado.com.br\\\/?p=24773#breadcrumb\"},\"inLanguage\":\"pt-BR\",\"potentialAction\":[{\"@type\":\"ReadAction\",\"target\":[\"https:\\\/\\\/msconectado.com.br\\\/?p=24773\"]}]},{\"@type\":\"ImageObject\",\"inLanguage\":\"pt-BR\",\"@id\":\"https:\\\/\\\/msconectado.com.br\\\/?p=24773#primaryimage\",\"url\":\"https:\\\/\\\/msconectado.com.br\\\/wp-content\\\/uploads\\\/2025\\\/03\\\/WhatsApp-Image-2025-03-14-at-17.52.43.jpeg\",\"contentUrl\":\"https:\\\/\\\/msconectado.com.br\\\/wp-content\\\/uploads\\\/2025\\\/03\\\/WhatsApp-Image-2025-03-14-at-17.52.43.jpeg\",\"width\":1600,\"height\":900},{\"@type\":\"BreadcrumbList\",\"@id\":\"https:\\\/\\\/msconectado.com.br\\\/?p=24773#breadcrumb\",\"itemListElement\":[{\"@type\":\"ListItem\",\"position\":1,\"name\":\"In\u00edcio\",\"item\":\"https:\\\/\\\/msconectado.com.br\\\/?page_id=105\"},{\"@type\":\"ListItem\",\"position\":2,\"name\":\"Sicredi Pantanal MS realiza Assembleia Digital 2025 no in\u00edcio de abril\"}]},{\"@type\":\"WebSite\",\"@id\":\"https:\\\/\\\/msconectado.com.br\\\/#website\",\"url\":\"https:\\\/\\\/msconectado.com.br\\\/\",\"name\":\"MsConectado\",\"description\":\"Voc\u00ea Conectado com a Not\u00edcia!\",\"publisher\":{\"@id\":\"https:\\\/\\\/msconectado.com.br\\\/#organization\"},\"potentialAction\":[{\"@type\":\"SearchAction\",\"target\":{\"@type\":\"EntryPoint\",\"urlTemplate\":\"https:\\\/\\\/msconectado.com.br\\\/?s={search_term_string}\"},\"query-input\":{\"@type\":\"PropertyValueSpecification\",\"valueRequired\":true,\"valueName\":\"search_term_string\"}}],\"inLanguage\":\"pt-BR\"},{\"@type\":\"Organization\",\"@id\":\"https:\\\/\\\/msconectado.com.br\\\/#organization\",\"name\":\"MsConectado\",\"url\":\"https:\\\/\\\/msconectado.com.br\\\/\",\"logo\":{\"@type\":\"ImageObject\",\"inLanguage\":\"pt-BR\",\"@id\":\"https:\\\/\\\/msconectado.com.br\\\/#\\\/schema\\\/logo\\\/image\\\/\",\"url\":\"https:\\\/\\\/msconectado.com.br\\\/wp-content\\\/uploads\\\/2023\\\/01\\\/cropped-noticia-2.png\",\"contentUrl\":\"https:\\\/\\\/msconectado.com.br\\\/wp-content\\\/uploads\\\/2023\\\/01\\\/cropped-noticia-2.png\",\"width\":720,\"height\":157,\"caption\":\"MsConectado\"},\"image\":{\"@id\":\"https:\\\/\\\/msconectado.com.br\\\/#\\\/schema\\\/logo\\\/image\\\/\"}},{\"@type\":\"Person\",\"@id\":\"https:\\\/\\\/msconectado.com.br\\\/#\\\/schema\\\/person\\\/feb123a95a93eebea36f0ed6a2e5ba48\",\"name\":\"Jeferson\",\"image\":{\"@type\":\"ImageObject\",\"inLanguage\":\"pt-BR\",\"@id\":\"https:\\\/\\\/secure.gravatar.com\\\/avatar\\\/e23e8901c88f0cdc0ad479ef7a39bf3e4c806344549c087c00b721a65549a328?s=96&d=mm&r=g\",\"url\":\"https:\\\/\\\/secure.gravatar.com\\\/avatar\\\/e23e8901c88f0cdc0ad479ef7a39bf3e4c806344549c087c00b721a65549a328?s=96&d=mm&r=g\",\"contentUrl\":\"https:\\\/\\\/secure.gravatar.com\\\/avatar\\\/e23e8901c88f0cdc0ad479ef7a39bf3e4c806344549c087c00b721a65549a328?s=96&d=mm&r=g\",\"caption\":\"Jeferson\"},\"url\":\"https:\\\/\\\/msconectado.com.br\\\/?author=3\"}]}<\/script>\n<!-- \/ Yoast SEO plugin. -->","yoast_head_json":{"title":"Sicredi Pantanal MS realiza Assembleia Digital 2025 no in\u00edcio de abril - MsConectado","robots":{"index":"index","follow":"follow","max-snippet":"max-snippet:-1","max-image-preview":"max-image-preview:large","max-video-preview":"max-video-preview:-1"},"canonical":"https:\/\/msconectado.com.br\/?p=24773","og_locale":"pt_BR","og_type":"article","og_title":"Sicredi Pantanal MS realiza Assembleia Digital 2025 no in\u00edcio de abril - MsConectado","og_description":"O momento mais esperado da Sicredi Pantanal MS j\u00e1 tem data marcada: entre 1\u00b0 e 16 abril, a cooperativa realiza a Assembleia Geral de N\u00facleo 2025, 100% em formato digital e podendo ser acessada inclusive no aplicativo do Sicredi. Desde 2021, a cooperativa adotou este modelo que \u00e9 considerado acess\u00edvel, democr\u00e1tico e eficiente. \u201cPara a [&hellip;]","og_url":"https:\/\/msconectado.com.br\/?p=24773","og_site_name":"MsConectado","article_published_time":"2025-03-31T13:50:28+00:00","article_modified_time":"2025-03-31T13:50:30+00:00","og_image":[{"width":1600,"height":900,"url":"https:\/\/msconectado.com.br\/wp-content\/uploads\/2025\/03\/WhatsApp-Image-2025-03-14-at-17.52.43.jpeg","type":"image\/jpeg"}],"author":"Jeferson","twitter_card":"summary_large_image","twitter_misc":{"Escrito por":"Jeferson","Est. tempo de leitura":"3 minutos"},"schema":{"@context":"https:\/\/schema.org","@graph":[{"@type":"Article","@id":"https:\/\/msconectado.com.br\/?p=24773#article","isPartOf":{"@id":"https:\/\/msconectado.com.br\/?p=24773"},"author":{"name":"Jeferson","@id":"https:\/\/msconectado.com.br\/#\/schema\/person\/feb123a95a93eebea36f0ed6a2e5ba48"},"headline":"Sicredi Pantanal MS realiza Assembleia Digital 2025 no in\u00edcio de abril","datePublished":"2025-03-31T13:50:28+00:00","dateModified":"2025-03-31T13:50:30+00:00","mainEntityOfPage":{"@id":"https:\/\/msconectado.com.br\/?p=24773"},"wordCount":490,"commentCount":0,"publisher":{"@id":"https:\/\/msconectado.com.br\/#organization"},"image":{"@id":"https:\/\/msconectado.com.br\/?p=24773#primaryimage"},"thumbnailUrl":"https:\/\/msconectado.com.br\/wp-content\/uploads\/2025\/03\/WhatsApp-Image-2025-03-14-at-17.52.43.jpeg","articleSection":["Cidades","Com\u00e9rcio","Not\u00edcia"],"inLanguage":"pt-BR","potentialAction":[{"@type":"CommentAction","name":"Comment","target":["https:\/\/msconectado.com.br\/?p=24773#respond"]}]},{"@type":"WebPage","@id":"https:\/\/msconectado.com.br\/?p=24773","url":"https:\/\/msconectado.com.br\/?p=24773","name":"Sicredi Pantanal MS realiza Assembleia Digital 2025 no in\u00edcio de abril - MsConectado","isPartOf":{"@id":"https:\/\/msconectado.com.br\/#website"},"primaryImageOfPage":{"@id":"https:\/\/msconectado.com.br\/?p=24773#primaryimage"},"image":{"@id":"https:\/\/msconectado.com.br\/?p=24773#primaryimage"},"thumbnailUrl":"https:\/\/msconectado.com.br\/wp-content\/uploads\/2025\/03\/WhatsApp-Image-2025-03-14-at-17.52.43.jpeg","datePublished":"2025-03-31T13:50:28+00:00","dateModified":"2025-03-31T13:50:30+00:00","breadcrumb":{"@id":"https:\/\/msconectado.com.br\/?p=24773#breadcrumb"},"inLanguage":"pt-BR","potentialAction":[{"@type":"ReadAction","target":["https:\/\/msconectado.com.br\/?p=24773"]}]},{"@type":"ImageObject","inLanguage":"pt-BR","@id":"https:\/\/msconectado.com.br\/?p=24773#primaryimage","url":"https:\/\/msconectado.com.br\/wp-content\/uploads\/2025\/03\/WhatsApp-Image-2025-03-14-at-17.52.43.jpeg","contentUrl":"https:\/\/msconectado.com.br\/wp-content\/uploads\/2025\/03\/WhatsApp-Image-2025-03-14-at-17.52.43.jpeg","width":1600,"height":900},{"@type":"BreadcrumbList","@id":"https:\/\/msconectado.com.br\/?p=24773#breadcrumb","itemListElement":[{"@type":"ListItem","position":1,"name":"In\u00edcio","item":"https:\/\/msconectado.com.br\/?page_id=105"},{"@type":"ListItem","position":2,"name":"Sicredi Pantanal MS realiza Assembleia Digital 2025 no in\u00edcio de abril"}]},{"@type":"WebSite","@id":"https:\/\/msconectado.com.br\/#website","url":"https:\/\/msconectado.com.br\/","name":"MsConectado","description":"Voc\u00ea Conectado com a Not\u00edcia!","publisher":{"@id":"https:\/\/msconectado.com.br\/#organization"},"potentialAction":[{"@type":"SearchAction","target":{"@type":"EntryPoint","urlTemplate":"https:\/\/msconectado.com.br\/?s={search_term_string}"},"query-input":{"@type":"PropertyValueSpecification","valueRequired":true,"valueName":"search_term_string"}}],"inLanguage":"pt-BR"},{"@type":"Organization","@id":"https:\/\/msconectado.com.br\/#organization","name":"MsConectado","url":"https:\/\/msconectado.com.br\/","logo":{"@type":"ImageObject","inLanguage":"pt-BR","@id":"https:\/\/msconectado.com.br\/#\/schema\/logo\/image\/","url":"https:\/\/msconectado.com.br\/wp-content\/uploads\/2023\/01\/cropped-noticia-2.png","contentUrl":"https:\/\/msconectado.com.br\/wp-content\/uploads\/2023\/01\/cropped-noticia-2.png","width":720,"height":157,"caption":"MsConectado"},"image":{"@id":"https:\/\/msconectado.com.br\/#\/schema\/logo\/image\/"}},{"@type":"Person","@id":"https:\/\/msconectado.com.br\/#\/schema\/person\/feb123a95a93eebea36f0ed6a2e5ba48","name":"Jeferson","image":{"@type":"ImageObject","inLanguage":"pt-BR","@id":"https:\/\/secure.gravatar.com\/avatar\/e23e8901c88f0cdc0ad479ef7a39bf3e4c806344549c087c00b721a65549a328?s=96&d=mm&r=g","url":"https:\/\/secure.gravatar.com\/avatar\/e23e8901c88f0cdc0ad479ef7a39bf3e4c806344549c087c00b721a65549a328?s=96&d=mm&r=g","contentUrl":"https:\/\/secure.gravatar.com\/avatar\/e23e8901c88f0cdc0ad479ef7a39bf3e4c806344549c087c00b721a65549a328?s=96&d=mm&r=g","caption":"Jeferson"},"url":"https:\/\/msconectado.com.br\/?author=3"}]}},"_links":{"self":[{"href":"https:\/\/msconectado.com.br\/index.php?rest_route=\/wp\/v2\/posts\/24773","targetHints":{"allow":["GET"]}}],"collection":[{"href":"https:\/\/msconectado.com.br\/index.php?rest_route=\/wp\/v2\/posts"}],"about":[{"href":"https:\/\/msconectado.com.br\/index.php?rest_route=\/wp\/v2\/types\/post"}],"author":[{"embeddable":true,"href":"https:\/\/msconectado.com.br\/index.php?rest_route=\/wp\/v2\/users\/3"}],"replies":[{"embeddable":true,"href":"https:\/\/msconectado.com.br\/index.php?rest_route=%2Fwp%2Fv2%2Fcomments&post=24773"}],"version-history":[{"count":1,"href":"https:\/\/msconectado.com.br\/index.php?rest_route=\/wp\/v2\/posts\/24773\/revisions"}],"predecessor-version":[{"id":24776,"href":"https:\/\/msconectado.com.br\/index.php?rest_route=\/wp\/v2\/posts\/24773\/revisions\/24776"}],"wp:featuredmedia":[{"embeddable":true,"href":"https:\/\/msconectado.com.br\/index.php?rest_route=\/wp\/v2\/media\/24775"}],"wp:attachment":[{"href":"https:\/\/msconectado.com.br\/index.php?rest_route=%2Fwp%2Fv2%2Fmedia&parent=24773"}],"wp:term":[{"taxonomy":"category","embeddable":true,"href":"https:\/\/msconectado.com.br\/index.php?rest_route=%2Fwp%2Fv2%2Fcategories&post=24773"},{"taxonomy":"post_tag","embeddable":true,"href":"https:\/\/msconectado.com.br\/index.php?rest_route=%2Fwp%2Fv2%2Ftags&post=24773"}],"curies":[{"name":"wp","href":"https:\/\/api.w.org\/{rel}","templated":true}]}}