{"id":24984,"date":"2025-04-25T23:07:47","date_gmt":"2025-04-25T23:07:47","guid":{"rendered":"https:\/\/msconectado.com.br\/?p=24984"},"modified":"2025-04-25T23:07:51","modified_gmt":"2025-04-25T23:07:51","slug":"trabalho-integrado-de-ze-teixeira-e-vereadores-impulsiona-resultados","status":"publish","type":"post","link":"https:\/\/msconectado.com.br\/?p=24984","title":{"rendered":"Trabalho integrado de Z\u00e9 Teixeira e vereadores impulsiona resultados"},"content":{"rendered":"\n<p>A proximidade entre o deputado estadual Z\u00e9 Teixeira e os vereadores municipais \u00e9 um exemplo de como a colabora\u00e7\u00e3o entre diferentes n\u00edveis do poder p\u00fablico pode transformar a vida da popula\u00e7\u00e3o nas mais diversas comunidades de Mato Grosso do Sul. Nesta quinta-feira (24), o parlamentar apresentou na Assembleia Legislativa reivindica\u00e7\u00f5es que recebeu de vereadores de F\u00e1tima do Sul e Caarap\u00f3.<\/p>\n\n\n\n<p>Os vereadores Luiz Cordeiro, Ronaldo do Lanche e Eliz\u00e2ngela da Kombi solicitaram o apoio de Z\u00e9 Teixeira para a implanta\u00e7\u00e3o de uma Central de Abastecimento Hortifruti, em F\u00e1tima do Sul. A obra, aguardada com expectativa pela popula\u00e7\u00e3o e comerciantes locais, dever\u00e1 promover o desenvolvimento integrado da produ\u00e7\u00e3o, da comercializa\u00e7\u00e3o e do consumo de hortali\u00e7as, frutas e alimentos naturais, al\u00e9m de desenvolver t\u00e9cnicas e boas pr\u00e1ticas no transporte, embalagem e armazenagem de produtos naturais.<\/p>\n\n\n\n<p>&#8220;\u00c9 essencial proporcionar um espa\u00e7o adequado e moderno ao com\u00e9rcio de produtos agr\u00edcolas do munic\u00edpio e regi\u00e3o, bem como de outros itens importantes, atendendo \u00e0s demandas dos comerciantes, produtores locais e consumidores da regi\u00e3o. Assim, pedimos pelo apoio na viabiliza\u00e7\u00e3o da obra, tanto para a elabora\u00e7\u00e3o do Projeto T\u00e9cnico quanto para a constru\u00e7\u00e3o&#8221;, afirma.<\/p>\n\n\n\n<p>Os vereadores tamb\u00e9m pediram a intercess\u00e3o de Z\u00e9 Teixeira para o reordenamento de tr\u00e2nsito na rotat\u00f3ria localizada no acesso principal de F\u00e1tima do Sul, na liga\u00e7\u00e3o com Dourados, e nas rotat\u00f3rias dos bairros Jardim Brasil\u00e2ndia e Nossa Senhora dos Navegantes. &#8220;A readequa\u00e7\u00e3o proposta trar\u00e1 impactos positivos diretos n\u00e3o apenas ao centro da cidade, mas tamb\u00e9m \u00e0s regi\u00f5es adjacentes, que enfrentam dificuldades de acesso e mobilidade urbana devido \u00e0 atual configura\u00e7\u00e3o vi\u00e1ria&#8221;, justifica o deputado.&nbsp;<\/p>\n\n\n\n<p>O apoio de Z\u00e9 Teixeira tamb\u00e9m foi requisitado pelo presidente da C\u00e2mara de Vereadores de Caarap\u00f3, Jo\u00e3o Paulo Farias da Silva, para a instala\u00e7\u00e3o de redutores de velocidade em trechos da rodovia MS-278. Para garantir mais seguran\u00e7a, o vereador pediu a instala\u00e7\u00e3o no trecho que liga os distritos de Nova Am\u00e9rica e Cristalina, no trecho que liga F\u00e1tima do Sul ao Distrito de Cristalina e na entrada da Aldeia Guyrarok\u00e1.<\/p>\n\n\n\n<p>ALEMS<\/p>\n\n\n<div class=\"wp-block-image\">\n<figure class=\"aligncenter size-full\"><img fetchpriority=\"high\" decoding=\"async\" width=\"900\" height=\"100\" src=\"https:\/\/msconectado.com.br\/wp-content\/uploads\/2025\/04\/900x100-1.gif\" alt=\"\" class=\"wp-image-24871\"\/><\/figure>\n<\/div>\n\n\n<p><\/p>\n","protected":false},"excerpt":{"rendered":"<p>A proximidade entre o deputado estadual Z\u00e9 Teixeira e os vereadores municipais \u00e9 um exemplo de como a colabora\u00e7\u00e3o entre diferentes n\u00edveis do poder p\u00fablico pode transformar a vida da popula\u00e7\u00e3o nas mais diversas comunidades de Mato Grosso do Sul. Nesta quinta-feira (24), o parlamentar apresentou na Assembleia Legislativa reivindica\u00e7\u00f5es que recebeu de vereadores de [&hellip;]<\/p>\n","protected":false},"author":3,"featured_media":24985,"comment_status":"open","ping_status":"closed","sticky":false,"template":"","format":"standard","meta":{"footnotes":""},"categories":[38],"tags":[],"class_list":["post-24984","post","type-post","status-publish","format-standard","has-post-thumbnail","hentry","category-assembleia-legislativa"],"yoast_head":"<!-- This site is optimized with the Yoast SEO plugin v27.5 - https:\/\/yoast.com\/product\/yoast-seo-wordpress\/ -->\n<title>Trabalho integrado de Z\u00e9 Teixeira e vereadores impulsiona resultados - MsConectado<\/title>\n<meta name=\"robots\" content=\"index, follow, max-snippet:-1, max-image-preview:large, max-video-preview:-1\" \/>\n<link rel=\"canonical\" href=\"https:\/\/msconectado.com.br\/?p=24984\" \/>\n<meta property=\"og:locale\" content=\"pt_BR\" \/>\n<meta property=\"og:type\" content=\"article\" \/>\n<meta property=\"og:title\" content=\"Trabalho integrado de Z\u00e9 Teixeira e vereadores impulsiona resultados - MsConectado\" \/>\n<meta property=\"og:description\" content=\"A proximidade entre o deputado estadual Z\u00e9 Teixeira e os vereadores municipais \u00e9 um exemplo de como a colabora\u00e7\u00e3o entre diferentes n\u00edveis do poder p\u00fablico pode transformar a vida da popula\u00e7\u00e3o nas mais diversas comunidades de Mato Grosso do Sul. Nesta quinta-feira (24), o parlamentar apresentou na Assembleia Legislativa reivindica\u00e7\u00f5es que recebeu de vereadores de [&hellip;]\" \/>\n<meta property=\"og:url\" content=\"https:\/\/msconectado.com.br\/?p=24984\" \/>\n<meta property=\"og:site_name\" content=\"MsConectado\" \/>\n<meta property=\"article:published_time\" content=\"2025-04-25T23:07:47+00:00\" \/>\n<meta property=\"article:modified_time\" content=\"2025-04-25T23:07:51+00:00\" \/>\n<meta property=\"og:image\" content=\"https:\/\/msconectado.com.br\/wp-content\/uploads\/2025\/04\/PM4-3.jpg\" \/>\n\t<meta property=\"og:image:width\" content=\"740\" \/>\n\t<meta property=\"og:image:height\" content=\"392\" \/>\n\t<meta property=\"og:image:type\" content=\"image\/jpeg\" \/>\n<meta name=\"author\" content=\"Jeferson\" \/>\n<meta name=\"twitter:card\" content=\"summary_large_image\" \/>\n<meta name=\"twitter:label1\" content=\"Escrito por\" \/>\n\t<meta name=\"twitter:data1\" content=\"Jeferson\" \/>\n\t<meta name=\"twitter:label2\" content=\"Est. tempo de leitura\" \/>\n\t<meta name=\"twitter:data2\" content=\"3 minutos\" \/>\n<script type=\"application\/ld+json\" class=\"yoast-schema-graph\">{\"@context\":\"https:\\\/\\\/schema.org\",\"@graph\":[{\"@type\":\"Article\",\"@id\":\"https:\\\/\\\/msconectado.com.br\\\/?p=24984#article\",\"isPartOf\":{\"@id\":\"https:\\\/\\\/msconectado.com.br\\\/?p=24984\"},\"author\":{\"name\":\"Jeferson\",\"@id\":\"https:\\\/\\\/msconectado.com.br\\\/#\\\/schema\\\/person\\\/feb123a95a93eebea36f0ed6a2e5ba48\"},\"headline\":\"Trabalho integrado de Z\u00e9 Teixeira e vereadores impulsiona resultados\",\"datePublished\":\"2025-04-25T23:07:47+00:00\",\"dateModified\":\"2025-04-25T23:07:51+00:00\",\"mainEntityOfPage\":{\"@id\":\"https:\\\/\\\/msconectado.com.br\\\/?p=24984\"},\"wordCount\":386,\"commentCount\":0,\"publisher\":{\"@id\":\"https:\\\/\\\/msconectado.com.br\\\/#organization\"},\"image\":{\"@id\":\"https:\\\/\\\/msconectado.com.br\\\/?p=24984#primaryimage\"},\"thumbnailUrl\":\"https:\\\/\\\/msconectado.com.br\\\/wp-content\\\/uploads\\\/2025\\\/04\\\/PM4-3.jpg\",\"articleSection\":[\"Assembleia Legislativa\"],\"inLanguage\":\"pt-BR\",\"potentialAction\":[{\"@type\":\"CommentAction\",\"name\":\"Comment\",\"target\":[\"https:\\\/\\\/msconectado.com.br\\\/?p=24984#respond\"]}]},{\"@type\":\"WebPage\",\"@id\":\"https:\\\/\\\/msconectado.com.br\\\/?p=24984\",\"url\":\"https:\\\/\\\/msconectado.com.br\\\/?p=24984\",\"name\":\"Trabalho integrado de Z\u00e9 Teixeira e vereadores impulsiona resultados - MsConectado\",\"isPartOf\":{\"@id\":\"https:\\\/\\\/msconectado.com.br\\\/#website\"},\"primaryImageOfPage\":{\"@id\":\"https:\\\/\\\/msconectado.com.br\\\/?p=24984#primaryimage\"},\"image\":{\"@id\":\"https:\\\/\\\/msconectado.com.br\\\/?p=24984#primaryimage\"},\"thumbnailUrl\":\"https:\\\/\\\/msconectado.com.br\\\/wp-content\\\/uploads\\\/2025\\\/04\\\/PM4-3.jpg\",\"datePublished\":\"2025-04-25T23:07:47+00:00\",\"dateModified\":\"2025-04-25T23:07:51+00:00\",\"breadcrumb\":{\"@id\":\"https:\\\/\\\/msconectado.com.br\\\/?p=24984#breadcrumb\"},\"inLanguage\":\"pt-BR\",\"potentialAction\":[{\"@type\":\"ReadAction\",\"target\":[\"https:\\\/\\\/msconectado.com.br\\\/?p=24984\"]}]},{\"@type\":\"ImageObject\",\"inLanguage\":\"pt-BR\",\"@id\":\"https:\\\/\\\/msconectado.com.br\\\/?p=24984#primaryimage\",\"url\":\"https:\\\/\\\/msconectado.com.br\\\/wp-content\\\/uploads\\\/2025\\\/04\\\/PM4-3.jpg\",\"contentUrl\":\"https:\\\/\\\/msconectado.com.br\\\/wp-content\\\/uploads\\\/2025\\\/04\\\/PM4-3.jpg\",\"width\":740,\"height\":392},{\"@type\":\"BreadcrumbList\",\"@id\":\"https:\\\/\\\/msconectado.com.br\\\/?p=24984#breadcrumb\",\"itemListElement\":[{\"@type\":\"ListItem\",\"position\":1,\"name\":\"In\u00edcio\",\"item\":\"https:\\\/\\\/msconectado.com.br\\\/?page_id=105\"},{\"@type\":\"ListItem\",\"position\":2,\"name\":\"Trabalho integrado de Z\u00e9 Teixeira e vereadores impulsiona resultados\"}]},{\"@type\":\"WebSite\",\"@id\":\"https:\\\/\\\/msconectado.com.br\\\/#website\",\"url\":\"https:\\\/\\\/msconectado.com.br\\\/\",\"name\":\"MsConectado\",\"description\":\"Voc\u00ea Conectado com a Not\u00edcia!\",\"publisher\":{\"@id\":\"https:\\\/\\\/msconectado.com.br\\\/#organization\"},\"potentialAction\":[{\"@type\":\"SearchAction\",\"target\":{\"@type\":\"EntryPoint\",\"urlTemplate\":\"https:\\\/\\\/msconectado.com.br\\\/?s={search_term_string}\"},\"query-input\":{\"@type\":\"PropertyValueSpecification\",\"valueRequired\":true,\"valueName\":\"search_term_string\"}}],\"inLanguage\":\"pt-BR\"},{\"@type\":\"Organization\",\"@id\":\"https:\\\/\\\/msconectado.com.br\\\/#organization\",\"name\":\"MsConectado\",\"url\":\"https:\\\/\\\/msconectado.com.br\\\/\",\"logo\":{\"@type\":\"ImageObject\",\"inLanguage\":\"pt-BR\",\"@id\":\"https:\\\/\\\/msconectado.com.br\\\/#\\\/schema\\\/logo\\\/image\\\/\",\"url\":\"https:\\\/\\\/msconectado.com.br\\\/wp-content\\\/uploads\\\/2023\\\/01\\\/cropped-noticia-2.png\",\"contentUrl\":\"https:\\\/\\\/msconectado.com.br\\\/wp-content\\\/uploads\\\/2023\\\/01\\\/cropped-noticia-2.png\",\"width\":720,\"height\":157,\"caption\":\"MsConectado\"},\"image\":{\"@id\":\"https:\\\/\\\/msconectado.com.br\\\/#\\\/schema\\\/logo\\\/image\\\/\"}},{\"@type\":\"Person\",\"@id\":\"https:\\\/\\\/msconectado.com.br\\\/#\\\/schema\\\/person\\\/feb123a95a93eebea36f0ed6a2e5ba48\",\"name\":\"Jeferson\",\"image\":{\"@type\":\"ImageObject\",\"inLanguage\":\"pt-BR\",\"@id\":\"https:\\\/\\\/secure.gravatar.com\\\/avatar\\\/e23e8901c88f0cdc0ad479ef7a39bf3e4c806344549c087c00b721a65549a328?s=96&d=mm&r=g\",\"url\":\"https:\\\/\\\/secure.gravatar.com\\\/avatar\\\/e23e8901c88f0cdc0ad479ef7a39bf3e4c806344549c087c00b721a65549a328?s=96&d=mm&r=g\",\"contentUrl\":\"https:\\\/\\\/secure.gravatar.com\\\/avatar\\\/e23e8901c88f0cdc0ad479ef7a39bf3e4c806344549c087c00b721a65549a328?s=96&d=mm&r=g\",\"caption\":\"Jeferson\"},\"url\":\"https:\\\/\\\/msconectado.com.br\\\/?author=3\"}]}<\/script>\n<!-- \/ Yoast SEO plugin. -->","yoast_head_json":{"title":"Trabalho integrado de Z\u00e9 Teixeira e vereadores impulsiona resultados - MsConectado","robots":{"index":"index","follow":"follow","max-snippet":"max-snippet:-1","max-image-preview":"max-image-preview:large","max-video-preview":"max-video-preview:-1"},"canonical":"https:\/\/msconectado.com.br\/?p=24984","og_locale":"pt_BR","og_type":"article","og_title":"Trabalho integrado de Z\u00e9 Teixeira e vereadores impulsiona resultados - MsConectado","og_description":"A proximidade entre o deputado estadual Z\u00e9 Teixeira e os vereadores municipais \u00e9 um exemplo de como a colabora\u00e7\u00e3o entre diferentes n\u00edveis do poder p\u00fablico pode transformar a vida da popula\u00e7\u00e3o nas mais diversas comunidades de Mato Grosso do Sul. Nesta quinta-feira (24), o parlamentar apresentou na Assembleia Legislativa reivindica\u00e7\u00f5es que recebeu de vereadores de [&hellip;]","og_url":"https:\/\/msconectado.com.br\/?p=24984","og_site_name":"MsConectado","article_published_time":"2025-04-25T23:07:47+00:00","article_modified_time":"2025-04-25T23:07:51+00:00","og_image":[{"width":740,"height":392,"url":"https:\/\/msconectado.com.br\/wp-content\/uploads\/2025\/04\/PM4-3.jpg","type":"image\/jpeg"}],"author":"Jeferson","twitter_card":"summary_large_image","twitter_misc":{"Escrito por":"Jeferson","Est. tempo de leitura":"3 minutos"},"schema":{"@context":"https:\/\/schema.org","@graph":[{"@type":"Article","@id":"https:\/\/msconectado.com.br\/?p=24984#article","isPartOf":{"@id":"https:\/\/msconectado.com.br\/?p=24984"},"author":{"name":"Jeferson","@id":"https:\/\/msconectado.com.br\/#\/schema\/person\/feb123a95a93eebea36f0ed6a2e5ba48"},"headline":"Trabalho integrado de Z\u00e9 Teixeira e vereadores impulsiona resultados","datePublished":"2025-04-25T23:07:47+00:00","dateModified":"2025-04-25T23:07:51+00:00","mainEntityOfPage":{"@id":"https:\/\/msconectado.com.br\/?p=24984"},"wordCount":386,"commentCount":0,"publisher":{"@id":"https:\/\/msconectado.com.br\/#organization"},"image":{"@id":"https:\/\/msconectado.com.br\/?p=24984#primaryimage"},"thumbnailUrl":"https:\/\/msconectado.com.br\/wp-content\/uploads\/2025\/04\/PM4-3.jpg","articleSection":["Assembleia Legislativa"],"inLanguage":"pt-BR","potentialAction":[{"@type":"CommentAction","name":"Comment","target":["https:\/\/msconectado.com.br\/?p=24984#respond"]}]},{"@type":"WebPage","@id":"https:\/\/msconectado.com.br\/?p=24984","url":"https:\/\/msconectado.com.br\/?p=24984","name":"Trabalho integrado de Z\u00e9 Teixeira e vereadores impulsiona resultados - MsConectado","isPartOf":{"@id":"https:\/\/msconectado.com.br\/#website"},"primaryImageOfPage":{"@id":"https:\/\/msconectado.com.br\/?p=24984#primaryimage"},"image":{"@id":"https:\/\/msconectado.com.br\/?p=24984#primaryimage"},"thumbnailUrl":"https:\/\/msconectado.com.br\/wp-content\/uploads\/2025\/04\/PM4-3.jpg","datePublished":"2025-04-25T23:07:47+00:00","dateModified":"2025-04-25T23:07:51+00:00","breadcrumb":{"@id":"https:\/\/msconectado.com.br\/?p=24984#breadcrumb"},"inLanguage":"pt-BR","potentialAction":[{"@type":"ReadAction","target":["https:\/\/msconectado.com.br\/?p=24984"]}]},{"@type":"ImageObject","inLanguage":"pt-BR","@id":"https:\/\/msconectado.com.br\/?p=24984#primaryimage","url":"https:\/\/msconectado.com.br\/wp-content\/uploads\/2025\/04\/PM4-3.jpg","contentUrl":"https:\/\/msconectado.com.br\/wp-content\/uploads\/2025\/04\/PM4-3.jpg","width":740,"height":392},{"@type":"BreadcrumbList","@id":"https:\/\/msconectado.com.br\/?p=24984#breadcrumb","itemListElement":[{"@type":"ListItem","position":1,"name":"In\u00edcio","item":"https:\/\/msconectado.com.br\/?page_id=105"},{"@type":"ListItem","position":2,"name":"Trabalho integrado de Z\u00e9 Teixeira e vereadores impulsiona resultados"}]},{"@type":"WebSite","@id":"https:\/\/msconectado.com.br\/#website","url":"https:\/\/msconectado.com.br\/","name":"MsConectado","description":"Voc\u00ea Conectado com a Not\u00edcia!","publisher":{"@id":"https:\/\/msconectado.com.br\/#organization"},"potentialAction":[{"@type":"SearchAction","target":{"@type":"EntryPoint","urlTemplate":"https:\/\/msconectado.com.br\/?s={search_term_string}"},"query-input":{"@type":"PropertyValueSpecification","valueRequired":true,"valueName":"search_term_string"}}],"inLanguage":"pt-BR"},{"@type":"Organization","@id":"https:\/\/msconectado.com.br\/#organization","name":"MsConectado","url":"https:\/\/msconectado.com.br\/","logo":{"@type":"ImageObject","inLanguage":"pt-BR","@id":"https:\/\/msconectado.com.br\/#\/schema\/logo\/image\/","url":"https:\/\/msconectado.com.br\/wp-content\/uploads\/2023\/01\/cropped-noticia-2.png","contentUrl":"https:\/\/msconectado.com.br\/wp-content\/uploads\/2023\/01\/cropped-noticia-2.png","width":720,"height":157,"caption":"MsConectado"},"image":{"@id":"https:\/\/msconectado.com.br\/#\/schema\/logo\/image\/"}},{"@type":"Person","@id":"https:\/\/msconectado.com.br\/#\/schema\/person\/feb123a95a93eebea36f0ed6a2e5ba48","name":"Jeferson","image":{"@type":"ImageObject","inLanguage":"pt-BR","@id":"https:\/\/secure.gravatar.com\/avatar\/e23e8901c88f0cdc0ad479ef7a39bf3e4c806344549c087c00b721a65549a328?s=96&d=mm&r=g","url":"https:\/\/secure.gravatar.com\/avatar\/e23e8901c88f0cdc0ad479ef7a39bf3e4c806344549c087c00b721a65549a328?s=96&d=mm&r=g","contentUrl":"https:\/\/secure.gravatar.com\/avatar\/e23e8901c88f0cdc0ad479ef7a39bf3e4c806344549c087c00b721a65549a328?s=96&d=mm&r=g","caption":"Jeferson"},"url":"https:\/\/msconectado.com.br\/?author=3"}]}},"_links":{"self":[{"href":"https:\/\/msconectado.com.br\/index.php?rest_route=\/wp\/v2\/posts\/24984","targetHints":{"allow":["GET"]}}],"collection":[{"href":"https:\/\/msconectado.com.br\/index.php?rest_route=\/wp\/v2\/posts"}],"about":[{"href":"https:\/\/msconectado.com.br\/index.php?rest_route=\/wp\/v2\/types\/post"}],"author":[{"embeddable":true,"href":"https:\/\/msconectado.com.br\/index.php?rest_route=\/wp\/v2\/users\/3"}],"replies":[{"embeddable":true,"href":"https:\/\/msconectado.com.br\/index.php?rest_route=%2Fwp%2Fv2%2Fcomments&post=24984"}],"version-history":[{"count":1,"href":"https:\/\/msconectado.com.br\/index.php?rest_route=\/wp\/v2\/posts\/24984\/revisions"}],"predecessor-version":[{"id":24986,"href":"https:\/\/msconectado.com.br\/index.php?rest_route=\/wp\/v2\/posts\/24984\/revisions\/24986"}],"wp:featuredmedia":[{"embeddable":true,"href":"https:\/\/msconectado.com.br\/index.php?rest_route=\/wp\/v2\/media\/24985"}],"wp:attachment":[{"href":"https:\/\/msconectado.com.br\/index.php?rest_route=%2Fwp%2Fv2%2Fmedia&parent=24984"}],"wp:term":[{"taxonomy":"category","embeddable":true,"href":"https:\/\/msconectado.com.br\/index.php?rest_route=%2Fwp%2Fv2%2Fcategories&post=24984"},{"taxonomy":"post_tag","embeddable":true,"href":"https:\/\/msconectado.com.br\/index.php?rest_route=%2Fwp%2Fv2%2Ftags&post=24984"}],"curies":[{"name":"wp","href":"https:\/\/api.w.org\/{rel}","templated":true}]}}