{"id":25700,"date":"2025-07-03T19:45:07","date_gmt":"2025-07-03T19:45:07","guid":{"rendered":"https:\/\/msconectado.com.br\/?p=25700"},"modified":"2025-07-03T19:48:02","modified_gmt":"2025-07-03T19:48:02","slug":"nair-branti-e-eduardo-riedel-unem-forcas-para-transformar-a-vida-de-familias-em-douradina","status":"publish","type":"post","link":"https:\/\/msconectado.com.br\/?p=25700","title":{"rendered":"Nair Branti e Eduardo Riedel unem for\u00e7as para transformar a vida de fam\u00edlias em Douradina"},"content":{"rendered":"\n<p>Mais um avan\u00e7o para Douradina! Gra\u00e7as a uma importante parceria entre a prefeita Nair Branti e o governador Eduardo Riedel, por meio da AGEHAB (Ag\u00eancia de Habita\u00e7\u00e3o Popular de Mato Grosso do Sul), o munic\u00edpio receber\u00e1 um grande mutir\u00e3o de regulariza\u00e7\u00e3o fundi\u00e1ria a partir da pr\u00f3xima semana.<\/p>\n\n\n\n<p>A a\u00e7\u00e3o vai beneficiar diretamente dezenas de fam\u00edlias que aguardam h\u00e1 anos pela t\u00e3o sonhada documenta\u00e7\u00e3o definitiva de seus im\u00f3veis. Com o t\u00edtulo de propriedade em m\u00e3os  a popular \u201cescritura\u201d  os moradores conquistam seguran\u00e7a jur\u00eddica, podendo vender, reformar ou deixar o im\u00f3vel como heran\u00e7a de forma legal.<\/p>\n\n\n\n<p>Desde o in\u00edcio da gest\u00e3o, a prefeita Nair Branti, ao lado da secret\u00e1ria de Assist\u00eancia Social e Habita\u00e7\u00e3o, Lucilene, tem trabalhado incansavelmente para garantir dignidade e oportunidades reais \u00e0 popula\u00e7\u00e3o. Esta nova a\u00e7\u00e3o refor\u00e7a o compromisso da administra\u00e7\u00e3o municipal em transformar vidas e assegurar o direito \u00e0 moradia com seguran\u00e7a.<\/p>\n\n\n\n<p>Como vai funcionar o mutir\u00e3o?<\/p>\n\n\n\n<p>Uma equipe t\u00e9cnica da AGEHAB estar\u00e1 em Douradina para atender os moradores que t\u00eam pend\u00eancias relacionadas \u00e0 moradia e se enquadram nos crit\u00e9rios de regulariza\u00e7\u00e3o. Todos os convocados ser\u00e3o comunicados com anteced\u00eancia, com data e hor\u00e1rio marcados para comparecimento.<\/p>\n\n\n\n<p>Os atendimentos acontecer\u00e3o no CRAS \u2014 Centro de Refer\u00eancia de Assist\u00eancia Social, na Avenida Presidente Dutra, n\u00ba 1440, no Centro da cidade \u2014 e ser\u00e3o organizados da seguinte forma:<br>\u2022 Ter\u00e7a-feira (08\/07): Atendimento para servi\u00e7os como transfer\u00eancia de titularidade, renegocia\u00e7\u00e3o de d\u00edvidas, quita\u00e7\u00e3o por falecimento do titular e outros ajustes contratuais.<br>\u2022 Quarta-feira (09\/07) e Quinta-feira (10\/07): Foco exclusivo na regulariza\u00e7\u00e3o fundi\u00e1ria, que transforma a posse do im\u00f3vel em t\u00edtulo definitivo.<\/p>\n\n\n\n<p>Ao todo, 166 im\u00f3veis da carteira da AGEHAB em Douradina est\u00e3o aptos para regulariza\u00e7\u00e3o. A Prefeitura refor\u00e7a a import\u00e2ncia de os convocados levarem todos os documentos indicados no comunicado para garantir agilidade no atendimento.<\/p>\n\n\n\n<p>Essa \u00e9 mais uma conquista que mostra que o trabalho s\u00e9rio e em conjunto \u2014 entre o Governo Municipal e o Governo do Estado \u2014 traz resultados concretos para a popula\u00e7\u00e3o.<\/p>\n\n\n\n<p>Assessoria<\/p>\n\n\n<div class=\"wp-block-image\">\n<figure class=\"aligncenter size-full\"><img fetchpriority=\"high\" decoding=\"async\" width=\"900\" height=\"100\" src=\"https:\/\/msconectado.com.br\/wp-content\/uploads\/2025\/06\/900x100-4.gif\" alt=\"\" class=\"wp-image-25604\"\/><\/figure>\n<\/div>","protected":false},"excerpt":{"rendered":"<p>Mais um avan\u00e7o para Douradina! Gra\u00e7as a uma importante parceria entre a prefeita Nair Branti e o governador Eduardo Riedel, por meio da AGEHAB (Ag\u00eancia de Habita\u00e7\u00e3o Popular de Mato Grosso do Sul), o munic\u00edpio receber\u00e1 um grande mutir\u00e3o de regulariza\u00e7\u00e3o fundi\u00e1ria a partir da pr\u00f3xima semana. A a\u00e7\u00e3o vai beneficiar diretamente dezenas de fam\u00edlias [&hellip;]<\/p>\n","protected":false},"author":3,"featured_media":25701,"comment_status":"open","ping_status":"closed","sticky":false,"template":"","format":"standard","meta":{"footnotes":""},"categories":[1],"tags":[],"class_list":["post-25700","post","type-post","status-publish","format-standard","has-post-thumbnail","hentry","category-noticia"],"yoast_head":"<!-- This site is optimized with the Yoast SEO plugin v27.5 - https:\/\/yoast.com\/product\/yoast-seo-wordpress\/ -->\n<title>Nair Branti e Eduardo Riedel unem for\u00e7as para transformar a vida de fam\u00edlias em Douradina - MsConectado<\/title>\n<meta name=\"robots\" content=\"index, follow, max-snippet:-1, max-image-preview:large, max-video-preview:-1\" \/>\n<link rel=\"canonical\" href=\"https:\/\/msconectado.com.br\/?p=25700\" \/>\n<meta property=\"og:locale\" content=\"pt_BR\" \/>\n<meta property=\"og:type\" content=\"article\" \/>\n<meta property=\"og:title\" content=\"Nair Branti e Eduardo Riedel unem for\u00e7as para transformar a vida de fam\u00edlias em Douradina - MsConectado\" \/>\n<meta property=\"og:description\" content=\"Mais um avan\u00e7o para Douradina! Gra\u00e7as a uma importante parceria entre a prefeita Nair Branti e o governador Eduardo Riedel, por meio da AGEHAB (Ag\u00eancia de Habita\u00e7\u00e3o Popular de Mato Grosso do Sul), o munic\u00edpio receber\u00e1 um grande mutir\u00e3o de regulariza\u00e7\u00e3o fundi\u00e1ria a partir da pr\u00f3xima semana. A a\u00e7\u00e3o vai beneficiar diretamente dezenas de fam\u00edlias [&hellip;]\" \/>\n<meta property=\"og:url\" content=\"https:\/\/msconectado.com.br\/?p=25700\" \/>\n<meta property=\"og:site_name\" content=\"MsConectado\" \/>\n<meta property=\"article:published_time\" content=\"2025-07-03T19:45:07+00:00\" \/>\n<meta property=\"article:modified_time\" content=\"2025-07-03T19:48:02+00:00\" \/>\n<meta property=\"og:image\" content=\"https:\/\/msconectado.com.br\/wp-content\/uploads\/2025\/07\/2-e1751572060900.jpg\" \/>\n\t<meta property=\"og:image:width\" content=\"1600\" \/>\n\t<meta property=\"og:image:height\" content=\"936\" \/>\n\t<meta property=\"og:image:type\" content=\"image\/jpeg\" \/>\n<meta name=\"author\" content=\"Jeferson\" \/>\n<meta name=\"twitter:card\" content=\"summary_large_image\" \/>\n<meta name=\"twitter:label1\" content=\"Escrito por\" \/>\n\t<meta name=\"twitter:data1\" content=\"Jeferson\" \/>\n\t<meta name=\"twitter:label2\" content=\"Est. tempo de leitura\" \/>\n\t<meta name=\"twitter:data2\" content=\"3 minutos\" \/>\n<script type=\"application\/ld+json\" class=\"yoast-schema-graph\">{\"@context\":\"https:\\\/\\\/schema.org\",\"@graph\":[{\"@type\":\"Article\",\"@id\":\"https:\\\/\\\/msconectado.com.br\\\/?p=25700#article\",\"isPartOf\":{\"@id\":\"https:\\\/\\\/msconectado.com.br\\\/?p=25700\"},\"author\":{\"name\":\"Jeferson\",\"@id\":\"https:\\\/\\\/msconectado.com.br\\\/#\\\/schema\\\/person\\\/feb123a95a93eebea36f0ed6a2e5ba48\"},\"headline\":\"Nair Branti e Eduardo Riedel unem for\u00e7as para transformar a vida de fam\u00edlias em Douradina\",\"datePublished\":\"2025-07-03T19:45:07+00:00\",\"dateModified\":\"2025-07-03T19:48:02+00:00\",\"mainEntityOfPage\":{\"@id\":\"https:\\\/\\\/msconectado.com.br\\\/?p=25700\"},\"wordCount\":387,\"commentCount\":0,\"publisher\":{\"@id\":\"https:\\\/\\\/msconectado.com.br\\\/#organization\"},\"image\":{\"@id\":\"https:\\\/\\\/msconectado.com.br\\\/?p=25700#primaryimage\"},\"thumbnailUrl\":\"https:\\\/\\\/msconectado.com.br\\\/wp-content\\\/uploads\\\/2025\\\/07\\\/2-e1751572060900.jpg\",\"articleSection\":[\"Not\u00edcia\"],\"inLanguage\":\"pt-BR\",\"potentialAction\":[{\"@type\":\"CommentAction\",\"name\":\"Comment\",\"target\":[\"https:\\\/\\\/msconectado.com.br\\\/?p=25700#respond\"]}]},{\"@type\":\"WebPage\",\"@id\":\"https:\\\/\\\/msconectado.com.br\\\/?p=25700\",\"url\":\"https:\\\/\\\/msconectado.com.br\\\/?p=25700\",\"name\":\"Nair Branti e Eduardo Riedel unem for\u00e7as para transformar a vida de fam\u00edlias em Douradina - MsConectado\",\"isPartOf\":{\"@id\":\"https:\\\/\\\/msconectado.com.br\\\/#website\"},\"primaryImageOfPage\":{\"@id\":\"https:\\\/\\\/msconectado.com.br\\\/?p=25700#primaryimage\"},\"image\":{\"@id\":\"https:\\\/\\\/msconectado.com.br\\\/?p=25700#primaryimage\"},\"thumbnailUrl\":\"https:\\\/\\\/msconectado.com.br\\\/wp-content\\\/uploads\\\/2025\\\/07\\\/2-e1751572060900.jpg\",\"datePublished\":\"2025-07-03T19:45:07+00:00\",\"dateModified\":\"2025-07-03T19:48:02+00:00\",\"breadcrumb\":{\"@id\":\"https:\\\/\\\/msconectado.com.br\\\/?p=25700#breadcrumb\"},\"inLanguage\":\"pt-BR\",\"potentialAction\":[{\"@type\":\"ReadAction\",\"target\":[\"https:\\\/\\\/msconectado.com.br\\\/?p=25700\"]}]},{\"@type\":\"ImageObject\",\"inLanguage\":\"pt-BR\",\"@id\":\"https:\\\/\\\/msconectado.com.br\\\/?p=25700#primaryimage\",\"url\":\"https:\\\/\\\/msconectado.com.br\\\/wp-content\\\/uploads\\\/2025\\\/07\\\/2-e1751572060900.jpg\",\"contentUrl\":\"https:\\\/\\\/msconectado.com.br\\\/wp-content\\\/uploads\\\/2025\\\/07\\\/2-e1751572060900.jpg\",\"width\":1600,\"height\":936},{\"@type\":\"BreadcrumbList\",\"@id\":\"https:\\\/\\\/msconectado.com.br\\\/?p=25700#breadcrumb\",\"itemListElement\":[{\"@type\":\"ListItem\",\"position\":1,\"name\":\"In\u00edcio\",\"item\":\"https:\\\/\\\/msconectado.com.br\\\/?page_id=105\"},{\"@type\":\"ListItem\",\"position\":2,\"name\":\"Nair Branti e Eduardo Riedel unem for\u00e7as para transformar a vida de fam\u00edlias em Douradina\"}]},{\"@type\":\"WebSite\",\"@id\":\"https:\\\/\\\/msconectado.com.br\\\/#website\",\"url\":\"https:\\\/\\\/msconectado.com.br\\\/\",\"name\":\"MsConectado\",\"description\":\"Voc\u00ea Conectado com a Not\u00edcia!\",\"publisher\":{\"@id\":\"https:\\\/\\\/msconectado.com.br\\\/#organization\"},\"potentialAction\":[{\"@type\":\"SearchAction\",\"target\":{\"@type\":\"EntryPoint\",\"urlTemplate\":\"https:\\\/\\\/msconectado.com.br\\\/?s={search_term_string}\"},\"query-input\":{\"@type\":\"PropertyValueSpecification\",\"valueRequired\":true,\"valueName\":\"search_term_string\"}}],\"inLanguage\":\"pt-BR\"},{\"@type\":\"Organization\",\"@id\":\"https:\\\/\\\/msconectado.com.br\\\/#organization\",\"name\":\"MsConectado\",\"url\":\"https:\\\/\\\/msconectado.com.br\\\/\",\"logo\":{\"@type\":\"ImageObject\",\"inLanguage\":\"pt-BR\",\"@id\":\"https:\\\/\\\/msconectado.com.br\\\/#\\\/schema\\\/logo\\\/image\\\/\",\"url\":\"https:\\\/\\\/msconectado.com.br\\\/wp-content\\\/uploads\\\/2023\\\/01\\\/cropped-noticia-2.png\",\"contentUrl\":\"https:\\\/\\\/msconectado.com.br\\\/wp-content\\\/uploads\\\/2023\\\/01\\\/cropped-noticia-2.png\",\"width\":720,\"height\":157,\"caption\":\"MsConectado\"},\"image\":{\"@id\":\"https:\\\/\\\/msconectado.com.br\\\/#\\\/schema\\\/logo\\\/image\\\/\"}},{\"@type\":\"Person\",\"@id\":\"https:\\\/\\\/msconectado.com.br\\\/#\\\/schema\\\/person\\\/feb123a95a93eebea36f0ed6a2e5ba48\",\"name\":\"Jeferson\",\"image\":{\"@type\":\"ImageObject\",\"inLanguage\":\"pt-BR\",\"@id\":\"https:\\\/\\\/secure.gravatar.com\\\/avatar\\\/e23e8901c88f0cdc0ad479ef7a39bf3e4c806344549c087c00b721a65549a328?s=96&d=mm&r=g\",\"url\":\"https:\\\/\\\/secure.gravatar.com\\\/avatar\\\/e23e8901c88f0cdc0ad479ef7a39bf3e4c806344549c087c00b721a65549a328?s=96&d=mm&r=g\",\"contentUrl\":\"https:\\\/\\\/secure.gravatar.com\\\/avatar\\\/e23e8901c88f0cdc0ad479ef7a39bf3e4c806344549c087c00b721a65549a328?s=96&d=mm&r=g\",\"caption\":\"Jeferson\"},\"url\":\"https:\\\/\\\/msconectado.com.br\\\/?author=3\"}]}<\/script>\n<!-- \/ Yoast SEO plugin. -->","yoast_head_json":{"title":"Nair Branti e Eduardo Riedel unem for\u00e7as para transformar a vida de fam\u00edlias em Douradina - MsConectado","robots":{"index":"index","follow":"follow","max-snippet":"max-snippet:-1","max-image-preview":"max-image-preview:large","max-video-preview":"max-video-preview:-1"},"canonical":"https:\/\/msconectado.com.br\/?p=25700","og_locale":"pt_BR","og_type":"article","og_title":"Nair Branti e Eduardo Riedel unem for\u00e7as para transformar a vida de fam\u00edlias em Douradina - MsConectado","og_description":"Mais um avan\u00e7o para Douradina! Gra\u00e7as a uma importante parceria entre a prefeita Nair Branti e o governador Eduardo Riedel, por meio da AGEHAB (Ag\u00eancia de Habita\u00e7\u00e3o Popular de Mato Grosso do Sul), o munic\u00edpio receber\u00e1 um grande mutir\u00e3o de regulariza\u00e7\u00e3o fundi\u00e1ria a partir da pr\u00f3xima semana. A a\u00e7\u00e3o vai beneficiar diretamente dezenas de fam\u00edlias [&hellip;]","og_url":"https:\/\/msconectado.com.br\/?p=25700","og_site_name":"MsConectado","article_published_time":"2025-07-03T19:45:07+00:00","article_modified_time":"2025-07-03T19:48:02+00:00","og_image":[{"width":1600,"height":936,"url":"https:\/\/msconectado.com.br\/wp-content\/uploads\/2025\/07\/2-e1751572060900.jpg","type":"image\/jpeg"}],"author":"Jeferson","twitter_card":"summary_large_image","twitter_misc":{"Escrito por":"Jeferson","Est. tempo de leitura":"3 minutos"},"schema":{"@context":"https:\/\/schema.org","@graph":[{"@type":"Article","@id":"https:\/\/msconectado.com.br\/?p=25700#article","isPartOf":{"@id":"https:\/\/msconectado.com.br\/?p=25700"},"author":{"name":"Jeferson","@id":"https:\/\/msconectado.com.br\/#\/schema\/person\/feb123a95a93eebea36f0ed6a2e5ba48"},"headline":"Nair Branti e Eduardo Riedel unem for\u00e7as para transformar a vida de fam\u00edlias em Douradina","datePublished":"2025-07-03T19:45:07+00:00","dateModified":"2025-07-03T19:48:02+00:00","mainEntityOfPage":{"@id":"https:\/\/msconectado.com.br\/?p=25700"},"wordCount":387,"commentCount":0,"publisher":{"@id":"https:\/\/msconectado.com.br\/#organization"},"image":{"@id":"https:\/\/msconectado.com.br\/?p=25700#primaryimage"},"thumbnailUrl":"https:\/\/msconectado.com.br\/wp-content\/uploads\/2025\/07\/2-e1751572060900.jpg","articleSection":["Not\u00edcia"],"inLanguage":"pt-BR","potentialAction":[{"@type":"CommentAction","name":"Comment","target":["https:\/\/msconectado.com.br\/?p=25700#respond"]}]},{"@type":"WebPage","@id":"https:\/\/msconectado.com.br\/?p=25700","url":"https:\/\/msconectado.com.br\/?p=25700","name":"Nair Branti e Eduardo Riedel unem for\u00e7as para transformar a vida de fam\u00edlias em Douradina - MsConectado","isPartOf":{"@id":"https:\/\/msconectado.com.br\/#website"},"primaryImageOfPage":{"@id":"https:\/\/msconectado.com.br\/?p=25700#primaryimage"},"image":{"@id":"https:\/\/msconectado.com.br\/?p=25700#primaryimage"},"thumbnailUrl":"https:\/\/msconectado.com.br\/wp-content\/uploads\/2025\/07\/2-e1751572060900.jpg","datePublished":"2025-07-03T19:45:07+00:00","dateModified":"2025-07-03T19:48:02+00:00","breadcrumb":{"@id":"https:\/\/msconectado.com.br\/?p=25700#breadcrumb"},"inLanguage":"pt-BR","potentialAction":[{"@type":"ReadAction","target":["https:\/\/msconectado.com.br\/?p=25700"]}]},{"@type":"ImageObject","inLanguage":"pt-BR","@id":"https:\/\/msconectado.com.br\/?p=25700#primaryimage","url":"https:\/\/msconectado.com.br\/wp-content\/uploads\/2025\/07\/2-e1751572060900.jpg","contentUrl":"https:\/\/msconectado.com.br\/wp-content\/uploads\/2025\/07\/2-e1751572060900.jpg","width":1600,"height":936},{"@type":"BreadcrumbList","@id":"https:\/\/msconectado.com.br\/?p=25700#breadcrumb","itemListElement":[{"@type":"ListItem","position":1,"name":"In\u00edcio","item":"https:\/\/msconectado.com.br\/?page_id=105"},{"@type":"ListItem","position":2,"name":"Nair Branti e Eduardo Riedel unem for\u00e7as para transformar a vida de fam\u00edlias em Douradina"}]},{"@type":"WebSite","@id":"https:\/\/msconectado.com.br\/#website","url":"https:\/\/msconectado.com.br\/","name":"MsConectado","description":"Voc\u00ea Conectado com a Not\u00edcia!","publisher":{"@id":"https:\/\/msconectado.com.br\/#organization"},"potentialAction":[{"@type":"SearchAction","target":{"@type":"EntryPoint","urlTemplate":"https:\/\/msconectado.com.br\/?s={search_term_string}"},"query-input":{"@type":"PropertyValueSpecification","valueRequired":true,"valueName":"search_term_string"}}],"inLanguage":"pt-BR"},{"@type":"Organization","@id":"https:\/\/msconectado.com.br\/#organization","name":"MsConectado","url":"https:\/\/msconectado.com.br\/","logo":{"@type":"ImageObject","inLanguage":"pt-BR","@id":"https:\/\/msconectado.com.br\/#\/schema\/logo\/image\/","url":"https:\/\/msconectado.com.br\/wp-content\/uploads\/2023\/01\/cropped-noticia-2.png","contentUrl":"https:\/\/msconectado.com.br\/wp-content\/uploads\/2023\/01\/cropped-noticia-2.png","width":720,"height":157,"caption":"MsConectado"},"image":{"@id":"https:\/\/msconectado.com.br\/#\/schema\/logo\/image\/"}},{"@type":"Person","@id":"https:\/\/msconectado.com.br\/#\/schema\/person\/feb123a95a93eebea36f0ed6a2e5ba48","name":"Jeferson","image":{"@type":"ImageObject","inLanguage":"pt-BR","@id":"https:\/\/secure.gravatar.com\/avatar\/e23e8901c88f0cdc0ad479ef7a39bf3e4c806344549c087c00b721a65549a328?s=96&d=mm&r=g","url":"https:\/\/secure.gravatar.com\/avatar\/e23e8901c88f0cdc0ad479ef7a39bf3e4c806344549c087c00b721a65549a328?s=96&d=mm&r=g","contentUrl":"https:\/\/secure.gravatar.com\/avatar\/e23e8901c88f0cdc0ad479ef7a39bf3e4c806344549c087c00b721a65549a328?s=96&d=mm&r=g","caption":"Jeferson"},"url":"https:\/\/msconectado.com.br\/?author=3"}]}},"_links":{"self":[{"href":"https:\/\/msconectado.com.br\/index.php?rest_route=\/wp\/v2\/posts\/25700","targetHints":{"allow":["GET"]}}],"collection":[{"href":"https:\/\/msconectado.com.br\/index.php?rest_route=\/wp\/v2\/posts"}],"about":[{"href":"https:\/\/msconectado.com.br\/index.php?rest_route=\/wp\/v2\/types\/post"}],"author":[{"embeddable":true,"href":"https:\/\/msconectado.com.br\/index.php?rest_route=\/wp\/v2\/users\/3"}],"replies":[{"embeddable":true,"href":"https:\/\/msconectado.com.br\/index.php?rest_route=%2Fwp%2Fv2%2Fcomments&post=25700"}],"version-history":[{"count":2,"href":"https:\/\/msconectado.com.br\/index.php?rest_route=\/wp\/v2\/posts\/25700\/revisions"}],"predecessor-version":[{"id":25704,"href":"https:\/\/msconectado.com.br\/index.php?rest_route=\/wp\/v2\/posts\/25700\/revisions\/25704"}],"wp:featuredmedia":[{"embeddable":true,"href":"https:\/\/msconectado.com.br\/index.php?rest_route=\/wp\/v2\/media\/25701"}],"wp:attachment":[{"href":"https:\/\/msconectado.com.br\/index.php?rest_route=%2Fwp%2Fv2%2Fmedia&parent=25700"}],"wp:term":[{"taxonomy":"category","embeddable":true,"href":"https:\/\/msconectado.com.br\/index.php?rest_route=%2Fwp%2Fv2%2Fcategories&post=25700"},{"taxonomy":"post_tag","embeddable":true,"href":"https:\/\/msconectado.com.br\/index.php?rest_route=%2Fwp%2Fv2%2Ftags&post=25700"}],"curies":[{"name":"wp","href":"https:\/\/api.w.org\/{rel}","templated":true}]}}