
{"id":25913,"date":"2025-08-11T22:00:27","date_gmt":"2025-08-11T22:00:27","guid":{"rendered":"https:\/\/msconectado.com.br\/?p=25913"},"modified":"2025-08-11T22:00:29","modified_gmt":"2025-08-11T22:00:29","slug":"escola-sesi-promove-dia-dos-pais-com-pedalada-e-momentos-de-integracao-em-familia","status":"publish","type":"post","link":"https:\/\/msconectado.com.br\/?p=25913","title":{"rendered":"Escola Sesi promove Dia dos Pais com pedalada e momentos de integra\u00e7\u00e3o em fam\u00edlia"},"content":{"rendered":"\n<p>Nem mesmo a manh\u00e3 gelada deste s\u00e1bado, 09 de agosto, desanimou a comunidade escolar do Sesi, que preparou uma programa\u00e7\u00e3o especial para homenagear o Dia dos Pais. Com alegria e energia, pais e filhos participaram da j\u00e1 tradicional <strong>\u201cPedalada com o Papai\u201d<\/strong>, atividade que se tornou um momento marcante no calend\u00e1rio da institui\u00e7\u00e3o.<\/p>\n\n\n<div class=\"wp-block-image\">\n<figure class=\"aligncenter size-large\"><img fetchpriority=\"high\" decoding=\"async\" width=\"1024\" height=\"576\" src=\"https:\/\/msconectado.com.br\/wp-content\/uploads\/2025\/08\/2-1024x576.jpg\" alt=\"\" class=\"wp-image-25914\" srcset=\"https:\/\/msconectado.com.br\/wp-content\/uploads\/2025\/08\/2-1024x576.jpg 1024w, https:\/\/msconectado.com.br\/wp-content\/uploads\/2025\/08\/2-300x169.jpg 300w, https:\/\/msconectado.com.br\/wp-content\/uploads\/2025\/08\/2-768x432.jpg 768w, https:\/\/msconectado.com.br\/wp-content\/uploads\/2025\/08\/2-1536x864.jpg 1536w, https:\/\/msconectado.com.br\/wp-content\/uploads\/2025\/08\/2.jpg 1600w\" sizes=\"(max-width: 1024px) 100vw, 1024px\" \/><\/figure>\n<\/div>\n\n\n<p>O passeio cicl\u00edstico reuniu diversas fam\u00edlias, proporcionando lazer, incentivo \u00e0 sa\u00fade e fortalecimento dos v\u00ednculos afetivos. Ao longo do percurso organizado pela escola, pais e filhos compartilharam risadas, hist\u00f3rias e experi\u00eancias, criando lembran\u00e7as que ultrapassam as fronteiras da sala de aula.<\/p>\n\n\n\n<p>De acordo com a diretora Thayci, a a\u00e7\u00e3o tem um significado que vai muito al\u00e9m da celebra\u00e7\u00e3o. <em>\u201cFam\u00edlias em movimento, trocando experi\u00eancias, se divertindo e acompanhando de perto o crescimento dos filhos. Formar cidad\u00e3os \u00e9 o verdadeiro papel da escola\u201d<\/em>, ressaltou.<\/p>\n\n\n<div class=\"wp-block-image\">\n<figure class=\"aligncenter size-large\"><img decoding=\"async\" width=\"1024\" height=\"576\" src=\"https:\/\/msconectado.com.br\/wp-content\/uploads\/2025\/08\/4-1024x576.jpg\" alt=\"\" class=\"wp-image-25915\" srcset=\"https:\/\/msconectado.com.br\/wp-content\/uploads\/2025\/08\/4-1024x576.jpg 1024w, https:\/\/msconectado.com.br\/wp-content\/uploads\/2025\/08\/4-300x169.jpg 300w, https:\/\/msconectado.com.br\/wp-content\/uploads\/2025\/08\/4-768x432.jpg 768w, https:\/\/msconectado.com.br\/wp-content\/uploads\/2025\/08\/4-1536x864.jpg 1536w, https:\/\/msconectado.com.br\/wp-content\/uploads\/2025\/08\/4.jpg 1600w\" sizes=\"(max-width: 1024px) 100vw, 1024px\" \/><\/figure>\n<\/div>\n\n\n<p>A iniciativa refor\u00e7a o compromisso do Sesi com a forma\u00e7\u00e3o completa dos estudantes, reconhecendo a fam\u00edlia como pe\u00e7a fundamental no processo de aprendizado. Neste Dia dos Pais, a escola mostrou que promover momentos de uni\u00e3o e parceria entre pais e filhos tamb\u00e9m \u00e9 uma forma de ensinar sobre valores, cidadania e amor.<\/p>\n\n\n\n<p>Com Informa\u00e7\u00f5es: Plat\u00e3o Regional <\/p>\n\n\n<div class=\"wp-block-image\">\n<figure class=\"aligncenter size-full\"><img decoding=\"async\" width=\"900\" height=\"100\" src=\"https:\/\/msconectado.com.br\/wp-content\/uploads\/2025\/08\/15255_SERIEDADE-E-CORACAO_PMRB_ASS-SOCIAL_900x100.gif\" alt=\"\" class=\"wp-image-25892\"\/><\/figure>\n<\/div>\n\n\n<p><\/p>\n","protected":false},"excerpt":{"rendered":"<p>Nem mesmo a manh\u00e3 gelada deste s\u00e1bado, 09 de agosto, desanimou a comunidade escolar do Sesi, que preparou uma programa\u00e7\u00e3o especial para homenagear o Dia dos Pais. Com alegria e energia, pais e filhos participaram da j\u00e1 tradicional \u201cPedalada com o Papai\u201d, atividade que se tornou um momento marcante no calend\u00e1rio da institui\u00e7\u00e3o. O passeio [&hellip;]<\/p>\n","protected":false},"author":3,"featured_media":25916,"comment_status":"open","ping_status":"closed","sticky":false,"template":"","format":"standard","meta":{"footnotes":""},"categories":[35,34],"tags":[],"class_list":["post-25913","post","type-post","status-publish","format-standard","has-post-thumbnail","hentry","category-cidades","category-comercio"],"yoast_head":"<!-- This site is optimized with the Yoast SEO plugin v27.5 - https:\/\/yoast.com\/product\/yoast-seo-wordpress\/ -->\n<title>Escola Sesi promove Dia dos Pais com pedalada e momentos de integra\u00e7\u00e3o em fam\u00edlia - MsConectado<\/title>\n<meta name=\"robots\" content=\"index, follow, max-snippet:-1, max-image-preview:large, max-video-preview:-1\" \/>\n<link rel=\"canonical\" href=\"https:\/\/msconectado.com.br\/?p=25913\" \/>\n<meta property=\"og:locale\" content=\"pt_BR\" \/>\n<meta property=\"og:type\" content=\"article\" \/>\n<meta property=\"og:title\" content=\"Escola Sesi promove Dia dos Pais com pedalada e momentos de integra\u00e7\u00e3o em fam\u00edlia - MsConectado\" \/>\n<meta property=\"og:description\" content=\"Nem mesmo a manh\u00e3 gelada deste s\u00e1bado, 09 de agosto, desanimou a comunidade escolar do Sesi, que preparou uma programa\u00e7\u00e3o especial para homenagear o Dia dos Pais. Com alegria e energia, pais e filhos participaram da j\u00e1 tradicional \u201cPedalada com o Papai\u201d, atividade que se tornou um momento marcante no calend\u00e1rio da institui\u00e7\u00e3o. O passeio [&hellip;]\" \/>\n<meta property=\"og:url\" content=\"https:\/\/msconectado.com.br\/?p=25913\" \/>\n<meta property=\"og:site_name\" content=\"MsConectado\" \/>\n<meta property=\"article:published_time\" content=\"2025-08-11T22:00:27+00:00\" \/>\n<meta property=\"article:modified_time\" content=\"2025-08-11T22:00:29+00:00\" \/>\n<meta property=\"og:image\" content=\"https:\/\/msconectado.com.br\/wp-content\/uploads\/2025\/08\/3.jpg\" \/>\n\t<meta property=\"og:image:width\" content=\"1600\" \/>\n\t<meta property=\"og:image:height\" content=\"900\" \/>\n\t<meta property=\"og:image:type\" content=\"image\/jpeg\" \/>\n<meta name=\"author\" content=\"Jeferson\" \/>\n<meta name=\"twitter:card\" content=\"summary_large_image\" \/>\n<meta name=\"twitter:label1\" content=\"Escrito por\" \/>\n\t<meta name=\"twitter:data1\" content=\"Jeferson\" \/>\n\t<meta name=\"twitter:label2\" content=\"Est. tempo de leitura\" \/>\n\t<meta name=\"twitter:data2\" content=\"2 minutos\" \/>\n<script type=\"application\/ld+json\" class=\"yoast-schema-graph\">{\"@context\":\"https:\\\/\\\/schema.org\",\"@graph\":[{\"@type\":\"Article\",\"@id\":\"https:\\\/\\\/msconectado.com.br\\\/?p=25913#article\",\"isPartOf\":{\"@id\":\"https:\\\/\\\/msconectado.com.br\\\/?p=25913\"},\"author\":{\"name\":\"Jeferson\",\"@id\":\"https:\\\/\\\/msconectado.com.br\\\/#\\\/schema\\\/person\\\/feb123a95a93eebea36f0ed6a2e5ba48\"},\"headline\":\"Escola Sesi promove Dia dos Pais com pedalada e momentos de integra\u00e7\u00e3o em fam\u00edlia\",\"datePublished\":\"2025-08-11T22:00:27+00:00\",\"dateModified\":\"2025-08-11T22:00:29+00:00\",\"mainEntityOfPage\":{\"@id\":\"https:\\\/\\\/msconectado.com.br\\\/?p=25913\"},\"wordCount\":228,\"commentCount\":0,\"publisher\":{\"@id\":\"https:\\\/\\\/msconectado.com.br\\\/#organization\"},\"image\":{\"@id\":\"https:\\\/\\\/msconectado.com.br\\\/?p=25913#primaryimage\"},\"thumbnailUrl\":\"https:\\\/\\\/msconectado.com.br\\\/wp-content\\\/uploads\\\/2025\\\/08\\\/3.jpg\",\"articleSection\":[\"Cidades\",\"Com\u00e9rcio\"],\"inLanguage\":\"pt-BR\",\"potentialAction\":[{\"@type\":\"CommentAction\",\"name\":\"Comment\",\"target\":[\"https:\\\/\\\/msconectado.com.br\\\/?p=25913#respond\"]}]},{\"@type\":\"WebPage\",\"@id\":\"https:\\\/\\\/msconectado.com.br\\\/?p=25913\",\"url\":\"https:\\\/\\\/msconectado.com.br\\\/?p=25913\",\"name\":\"Escola Sesi promove Dia dos Pais com pedalada e momentos de integra\u00e7\u00e3o em fam\u00edlia - MsConectado\",\"isPartOf\":{\"@id\":\"https:\\\/\\\/msconectado.com.br\\\/#website\"},\"primaryImageOfPage\":{\"@id\":\"https:\\\/\\\/msconectado.com.br\\\/?p=25913#primaryimage\"},\"image\":{\"@id\":\"https:\\\/\\\/msconectado.com.br\\\/?p=25913#primaryimage\"},\"thumbnailUrl\":\"https:\\\/\\\/msconectado.com.br\\\/wp-content\\\/uploads\\\/2025\\\/08\\\/3.jpg\",\"datePublished\":\"2025-08-11T22:00:27+00:00\",\"dateModified\":\"2025-08-11T22:00:29+00:00\",\"breadcrumb\":{\"@id\":\"https:\\\/\\\/msconectado.com.br\\\/?p=25913#breadcrumb\"},\"inLanguage\":\"pt-BR\",\"potentialAction\":[{\"@type\":\"ReadAction\",\"target\":[\"https:\\\/\\\/msconectado.com.br\\\/?p=25913\"]}]},{\"@type\":\"ImageObject\",\"inLanguage\":\"pt-BR\",\"@id\":\"https:\\\/\\\/msconectado.com.br\\\/?p=25913#primaryimage\",\"url\":\"https:\\\/\\\/msconectado.com.br\\\/wp-content\\\/uploads\\\/2025\\\/08\\\/3.jpg\",\"contentUrl\":\"https:\\\/\\\/msconectado.com.br\\\/wp-content\\\/uploads\\\/2025\\\/08\\\/3.jpg\",\"width\":1600,\"height\":900},{\"@type\":\"BreadcrumbList\",\"@id\":\"https:\\\/\\\/msconectado.com.br\\\/?p=25913#breadcrumb\",\"itemListElement\":[{\"@type\":\"ListItem\",\"position\":1,\"name\":\"In\u00edcio\",\"item\":\"https:\\\/\\\/msconectado.com.br\\\/?page_id=105\"},{\"@type\":\"ListItem\",\"position\":2,\"name\":\"Escola Sesi promove Dia dos Pais com pedalada e momentos de integra\u00e7\u00e3o em fam\u00edlia\"}]},{\"@type\":\"WebSite\",\"@id\":\"https:\\\/\\\/msconectado.com.br\\\/#website\",\"url\":\"https:\\\/\\\/msconectado.com.br\\\/\",\"name\":\"MsConectado\",\"description\":\"Voc\u00ea Conectado com a Not\u00edcia!\",\"publisher\":{\"@id\":\"https:\\\/\\\/msconectado.com.br\\\/#organization\"},\"potentialAction\":[{\"@type\":\"SearchAction\",\"target\":{\"@type\":\"EntryPoint\",\"urlTemplate\":\"https:\\\/\\\/msconectado.com.br\\\/?s={search_term_string}\"},\"query-input\":{\"@type\":\"PropertyValueSpecification\",\"valueRequired\":true,\"valueName\":\"search_term_string\"}}],\"inLanguage\":\"pt-BR\"},{\"@type\":\"Organization\",\"@id\":\"https:\\\/\\\/msconectado.com.br\\\/#organization\",\"name\":\"MsConectado\",\"url\":\"https:\\\/\\\/msconectado.com.br\\\/\",\"logo\":{\"@type\":\"ImageObject\",\"inLanguage\":\"pt-BR\",\"@id\":\"https:\\\/\\\/msconectado.com.br\\\/#\\\/schema\\\/logo\\\/image\\\/\",\"url\":\"https:\\\/\\\/msconectado.com.br\\\/wp-content\\\/uploads\\\/2023\\\/01\\\/cropped-noticia-2.png\",\"contentUrl\":\"https:\\\/\\\/msconectado.com.br\\\/wp-content\\\/uploads\\\/2023\\\/01\\\/cropped-noticia-2.png\",\"width\":720,\"height\":157,\"caption\":\"MsConectado\"},\"image\":{\"@id\":\"https:\\\/\\\/msconectado.com.br\\\/#\\\/schema\\\/logo\\\/image\\\/\"}},{\"@type\":\"Person\",\"@id\":\"https:\\\/\\\/msconectado.com.br\\\/#\\\/schema\\\/person\\\/feb123a95a93eebea36f0ed6a2e5ba48\",\"name\":\"Jeferson\",\"image\":{\"@type\":\"ImageObject\",\"inLanguage\":\"pt-BR\",\"@id\":\"https:\\\/\\\/secure.gravatar.com\\\/avatar\\\/e23e8901c88f0cdc0ad479ef7a39bf3e4c806344549c087c00b721a65549a328?s=96&d=mm&r=g\",\"url\":\"https:\\\/\\\/secure.gravatar.com\\\/avatar\\\/e23e8901c88f0cdc0ad479ef7a39bf3e4c806344549c087c00b721a65549a328?s=96&d=mm&r=g\",\"contentUrl\":\"https:\\\/\\\/secure.gravatar.com\\\/avatar\\\/e23e8901c88f0cdc0ad479ef7a39bf3e4c806344549c087c00b721a65549a328?s=96&d=mm&r=g\",\"caption\":\"Jeferson\"},\"url\":\"https:\\\/\\\/msconectado.com.br\\\/?author=3\"}]}<\/script>\n<!-- \/ Yoast SEO plugin. -->","yoast_head_json":{"title":"Escola Sesi promove Dia dos Pais com pedalada e momentos de integra\u00e7\u00e3o em fam\u00edlia - MsConectado","robots":{"index":"index","follow":"follow","max-snippet":"max-snippet:-1","max-image-preview":"max-image-preview:large","max-video-preview":"max-video-preview:-1"},"canonical":"https:\/\/msconectado.com.br\/?p=25913","og_locale":"pt_BR","og_type":"article","og_title":"Escola Sesi promove Dia dos Pais com pedalada e momentos de integra\u00e7\u00e3o em fam\u00edlia - MsConectado","og_description":"Nem mesmo a manh\u00e3 gelada deste s\u00e1bado, 09 de agosto, desanimou a comunidade escolar do Sesi, que preparou uma programa\u00e7\u00e3o especial para homenagear o Dia dos Pais. Com alegria e energia, pais e filhos participaram da j\u00e1 tradicional \u201cPedalada com o Papai\u201d, atividade que se tornou um momento marcante no calend\u00e1rio da institui\u00e7\u00e3o. O passeio [&hellip;]","og_url":"https:\/\/msconectado.com.br\/?p=25913","og_site_name":"MsConectado","article_published_time":"2025-08-11T22:00:27+00:00","article_modified_time":"2025-08-11T22:00:29+00:00","og_image":[{"width":1600,"height":900,"url":"https:\/\/msconectado.com.br\/wp-content\/uploads\/2025\/08\/3.jpg","type":"image\/jpeg"}],"author":"Jeferson","twitter_card":"summary_large_image","twitter_misc":{"Escrito por":"Jeferson","Est. tempo de leitura":"2 minutos"},"schema":{"@context":"https:\/\/schema.org","@graph":[{"@type":"Article","@id":"https:\/\/msconectado.com.br\/?p=25913#article","isPartOf":{"@id":"https:\/\/msconectado.com.br\/?p=25913"},"author":{"name":"Jeferson","@id":"https:\/\/msconectado.com.br\/#\/schema\/person\/feb123a95a93eebea36f0ed6a2e5ba48"},"headline":"Escola Sesi promove Dia dos Pais com pedalada e momentos de integra\u00e7\u00e3o em fam\u00edlia","datePublished":"2025-08-11T22:00:27+00:00","dateModified":"2025-08-11T22:00:29+00:00","mainEntityOfPage":{"@id":"https:\/\/msconectado.com.br\/?p=25913"},"wordCount":228,"commentCount":0,"publisher":{"@id":"https:\/\/msconectado.com.br\/#organization"},"image":{"@id":"https:\/\/msconectado.com.br\/?p=25913#primaryimage"},"thumbnailUrl":"https:\/\/msconectado.com.br\/wp-content\/uploads\/2025\/08\/3.jpg","articleSection":["Cidades","Com\u00e9rcio"],"inLanguage":"pt-BR","potentialAction":[{"@type":"CommentAction","name":"Comment","target":["https:\/\/msconectado.com.br\/?p=25913#respond"]}]},{"@type":"WebPage","@id":"https:\/\/msconectado.com.br\/?p=25913","url":"https:\/\/msconectado.com.br\/?p=25913","name":"Escola Sesi promove Dia dos Pais com pedalada e momentos de integra\u00e7\u00e3o em fam\u00edlia - MsConectado","isPartOf":{"@id":"https:\/\/msconectado.com.br\/#website"},"primaryImageOfPage":{"@id":"https:\/\/msconectado.com.br\/?p=25913#primaryimage"},"image":{"@id":"https:\/\/msconectado.com.br\/?p=25913#primaryimage"},"thumbnailUrl":"https:\/\/msconectado.com.br\/wp-content\/uploads\/2025\/08\/3.jpg","datePublished":"2025-08-11T22:00:27+00:00","dateModified":"2025-08-11T22:00:29+00:00","breadcrumb":{"@id":"https:\/\/msconectado.com.br\/?p=25913#breadcrumb"},"inLanguage":"pt-BR","potentialAction":[{"@type":"ReadAction","target":["https:\/\/msconectado.com.br\/?p=25913"]}]},{"@type":"ImageObject","inLanguage":"pt-BR","@id":"https:\/\/msconectado.com.br\/?p=25913#primaryimage","url":"https:\/\/msconectado.com.br\/wp-content\/uploads\/2025\/08\/3.jpg","contentUrl":"https:\/\/msconectado.com.br\/wp-content\/uploads\/2025\/08\/3.jpg","width":1600,"height":900},{"@type":"BreadcrumbList","@id":"https:\/\/msconectado.com.br\/?p=25913#breadcrumb","itemListElement":[{"@type":"ListItem","position":1,"name":"In\u00edcio","item":"https:\/\/msconectado.com.br\/?page_id=105"},{"@type":"ListItem","position":2,"name":"Escola Sesi promove Dia dos Pais com pedalada e momentos de integra\u00e7\u00e3o em fam\u00edlia"}]},{"@type":"WebSite","@id":"https:\/\/msconectado.com.br\/#website","url":"https:\/\/msconectado.com.br\/","name":"MsConectado","description":"Voc\u00ea Conectado com a Not\u00edcia!","publisher":{"@id":"https:\/\/msconectado.com.br\/#organization"},"potentialAction":[{"@type":"SearchAction","target":{"@type":"EntryPoint","urlTemplate":"https:\/\/msconectado.com.br\/?s={search_term_string}"},"query-input":{"@type":"PropertyValueSpecification","valueRequired":true,"valueName":"search_term_string"}}],"inLanguage":"pt-BR"},{"@type":"Organization","@id":"https:\/\/msconectado.com.br\/#organization","name":"MsConectado","url":"https:\/\/msconectado.com.br\/","logo":{"@type":"ImageObject","inLanguage":"pt-BR","@id":"https:\/\/msconectado.com.br\/#\/schema\/logo\/image\/","url":"https:\/\/msconectado.com.br\/wp-content\/uploads\/2023\/01\/cropped-noticia-2.png","contentUrl":"https:\/\/msconectado.com.br\/wp-content\/uploads\/2023\/01\/cropped-noticia-2.png","width":720,"height":157,"caption":"MsConectado"},"image":{"@id":"https:\/\/msconectado.com.br\/#\/schema\/logo\/image\/"}},{"@type":"Person","@id":"https:\/\/msconectado.com.br\/#\/schema\/person\/feb123a95a93eebea36f0ed6a2e5ba48","name":"Jeferson","image":{"@type":"ImageObject","inLanguage":"pt-BR","@id":"https:\/\/secure.gravatar.com\/avatar\/e23e8901c88f0cdc0ad479ef7a39bf3e4c806344549c087c00b721a65549a328?s=96&d=mm&r=g","url":"https:\/\/secure.gravatar.com\/avatar\/e23e8901c88f0cdc0ad479ef7a39bf3e4c806344549c087c00b721a65549a328?s=96&d=mm&r=g","contentUrl":"https:\/\/secure.gravatar.com\/avatar\/e23e8901c88f0cdc0ad479ef7a39bf3e4c806344549c087c00b721a65549a328?s=96&d=mm&r=g","caption":"Jeferson"},"url":"https:\/\/msconectado.com.br\/?author=3"}]}},"_links":{"self":[{"href":"https:\/\/msconectado.com.br\/index.php?rest_route=\/wp\/v2\/posts\/25913","targetHints":{"allow":["GET"]}}],"collection":[{"href":"https:\/\/msconectado.com.br\/index.php?rest_route=\/wp\/v2\/posts"}],"about":[{"href":"https:\/\/msconectado.com.br\/index.php?rest_route=\/wp\/v2\/types\/post"}],"author":[{"embeddable":true,"href":"https:\/\/msconectado.com.br\/index.php?rest_route=\/wp\/v2\/users\/3"}],"replies":[{"embeddable":true,"href":"https:\/\/msconectado.com.br\/index.php?rest_route=%2Fwp%2Fv2%2Fcomments&post=25913"}],"version-history":[{"count":1,"href":"https:\/\/msconectado.com.br\/index.php?rest_route=\/wp\/v2\/posts\/25913\/revisions"}],"predecessor-version":[{"id":25917,"href":"https:\/\/msconectado.com.br\/index.php?rest_route=\/wp\/v2\/posts\/25913\/revisions\/25917"}],"wp:featuredmedia":[{"embeddable":true,"href":"https:\/\/msconectado.com.br\/index.php?rest_route=\/wp\/v2\/media\/25916"}],"wp:attachment":[{"href":"https:\/\/msconectado.com.br\/index.php?rest_route=%2Fwp%2Fv2%2Fmedia&parent=25913"}],"wp:term":[{"taxonomy":"category","embeddable":true,"href":"https:\/\/msconectado.com.br\/index.php?rest_route=%2Fwp%2Fv2%2Fcategories&post=25913"},{"taxonomy":"post_tag","embeddable":true,"href":"https:\/\/msconectado.com.br\/index.php?rest_route=%2Fwp%2Fv2%2Ftags&post=25913"}],"curies":[{"name":"wp","href":"https:\/\/api.w.org\/{rel}","templated":true}]}}