
{"id":26008,"date":"2025-08-22T13:54:36","date_gmt":"2025-08-22T13:54:36","guid":{"rendered":"https:\/\/msconectado.com.br\/?p=26008"},"modified":"2025-08-22T13:54:47","modified_gmt":"2025-08-22T13:54:47","slug":"nova-diretoria-da-assema-tomou-posse-nesta-quinta-feira-e-a-camara-de-vereadores-se-fez-presente-neste-evento","status":"publish","type":"post","link":"https:\/\/msconectado.com.br\/?p=26008","title":{"rendered":"Nova Diretoria da ASSEMA tomou posse nesta quinta-feira e a C\u00e2mara de Vereadores se fez presente neste evento"},"content":{"rendered":"\n<p>Com 97,5% dos votos, nova diretoria assume com o desafio de concluir obras do audit\u00f3rio e sal\u00e3o de eventos, al\u00e9m de fortalecer a\u00e7\u00f5es de valoriza\u00e7\u00e3o da classe empresarial.<br>&nbsp;&nbsp; A Associa\u00e7\u00e3o Empresarial de Maracaju (ASSEMA) elegeu, na \u00faltima ter\u00e7a-feira (08), sua nova diretoria para o bi\u00eanio 2025\/2027. A empres\u00e1ria Paula Carmona Beltramin foi eleita presidente com expressivos 39 votos favor\u00e1veis e apenas 1 voto em branco, totalizando 97,5% de aprova\u00e7\u00e3o entre os associados votantes.<br>Na data de ontem (21) aconteceu no Centro Cultural a Posse da Nova diretoria eleita com a presen\u00e7a de associados e autoridades locais.<br>Composi\u00e7\u00e3o da Diretoria Eleita:<\/p>\n\n\n\n<ul class=\"wp-block-list\">\n<li>Presidente: Paula Carmona Beltramin<\/li>\n\n\n\n<li>Vice-Presidente: Daiani Ragoni Medeiros<\/li>\n\n\n\n<li>1\u00ba Secret\u00e1rio: Luiz Augusto C\u00e2ndido da Cunha (ex-presidente)<\/li>\n\n\n\n<li>2\u00ba Secret\u00e1rio: Josiel da Silva Teixeira<\/li>\n\n\n\n<li>1\u00ba Tesoureiro: Renildo Elanio Llano<\/li>\n\n\n\n<li>2\u00ba Tesoureiro: Juliano Telles Corr\u00eaa<\/li>\n<\/ul>\n\n\n\n<p>Demais cargos:<\/p>\n\n\n\n<ul class=\"wp-block-list\">\n<li>Diretor de SCPC: Rog\u00e9rio Batista Nodimatu<\/li>\n\n\n\n<li>Diretor de Conv\u00eanios: Renato Sim\u00f5es Pedroso<\/li>\n\n\n\n<li>Rela\u00e7\u00f5es P\u00fablicas: Wesley Jacob Kossa<\/li>\n\n\n\n<li>Diretor Social: Thiago Henrique Caetano Tamiozzo<\/li>\n<\/ul>\n\n\n\n<p>&nbsp; &nbsp;Conselho Fiscal:<br>&nbsp; &nbsp;Membros: J\u00falio Silva Carlonga, Hellon Charles Sekine, Paulo Alves Anselmo<br>&nbsp; &nbsp; Suplentes: Rosileide Bianchessi, Antonio Carlos dos Santos, Janice Teresinha Koch Lima .<br>&nbsp;&nbsp; O mandato vigente vai de 2025 a 2027, e a nova equipe assume suas fun\u00e7\u00f5es em. Eles ter\u00e3o foco na conclus\u00e3o das obras do audit\u00f3rio e do sal\u00e3o de eventos da entidade, al\u00e9m de fortalecer a representa\u00e7\u00e3o e os servi\u00e7os aos empres\u00e1rios locais.<br>&nbsp;&nbsp; O 1\u00ba Secret\u00e1rio da C\u00e2mara de Vereadores, o vereador Robert Ziemann, esteve no evento representando a entidade e disse da import\u00e2ncia deste momento para Maracaju.&nbsp;&nbsp;\u201cA&nbsp; ASSEMA (Associa\u00e7\u00e3o Empresarial de Maracaju) tem um papel fundamental no desenvolvimento econ\u00f4mico e social do munic\u00edpio de Maracaju. Ela &nbsp;representa e ap\u00f3ia empresas dos mais variados setores, buscando: melhorar o ambiente de neg\u00f3cios; promover a uni\u00e3o da classe empresarial e incentivar compras no com\u00e9rcio local.\u201d Disse Robert.<\/p>\n\n\n\n<p>Assessoria<\/p>\n\n\n\n<figure class=\"wp-block-image size-full\"><img fetchpriority=\"high\" decoding=\"async\" width=\"900\" height=\"100\" src=\"https:\/\/msconectado.com.br\/wp-content\/uploads\/2025\/08\/900x100_GOV_DENGUE-1.gif\" alt=\"\" class=\"wp-image-25959\"\/><\/figure>\n","protected":false},"excerpt":{"rendered":"<p>Com 97,5% dos votos, nova diretoria assume com o desafio de concluir obras do audit\u00f3rio e sal\u00e3o de eventos, al\u00e9m de fortalecer a\u00e7\u00f5es de valoriza\u00e7\u00e3o da classe empresarial.&nbsp;&nbsp; A Associa\u00e7\u00e3o Empresarial de Maracaju (ASSEMA) elegeu, na \u00faltima ter\u00e7a-feira (08), sua nova diretoria para o bi\u00eanio 2025\/2027. A empres\u00e1ria Paula Carmona Beltramin foi eleita presidente com [&hellip;]<\/p>\n","protected":false},"author":3,"featured_media":26009,"comment_status":"open","ping_status":"closed","sticky":false,"template":"","format":"standard","meta":{"footnotes":""},"categories":[34],"tags":[],"class_list":["post-26008","post","type-post","status-publish","format-standard","has-post-thumbnail","hentry","category-comercio"],"yoast_head":"<!-- This site is optimized with the Yoast SEO plugin v27.5 - https:\/\/yoast.com\/product\/yoast-seo-wordpress\/ -->\n<title>Nova Diretoria da ASSEMA tomou posse nesta quinta-feira e a C\u00e2mara de Vereadores se fez presente neste evento - MsConectado<\/title>\n<meta name=\"robots\" content=\"index, follow, max-snippet:-1, max-image-preview:large, max-video-preview:-1\" \/>\n<link rel=\"canonical\" href=\"https:\/\/msconectado.com.br\/?p=26008\" \/>\n<meta property=\"og:locale\" content=\"pt_BR\" \/>\n<meta property=\"og:type\" content=\"article\" \/>\n<meta property=\"og:title\" content=\"Nova Diretoria da ASSEMA tomou posse nesta quinta-feira e a C\u00e2mara de Vereadores se fez presente neste evento - MsConectado\" \/>\n<meta property=\"og:description\" content=\"Com 97,5% dos votos, nova diretoria assume com o desafio de concluir obras do audit\u00f3rio e sal\u00e3o de eventos, al\u00e9m de fortalecer a\u00e7\u00f5es de valoriza\u00e7\u00e3o da classe empresarial.&nbsp;&nbsp; A Associa\u00e7\u00e3o Empresarial de Maracaju (ASSEMA) elegeu, na \u00faltima ter\u00e7a-feira (08), sua nova diretoria para o bi\u00eanio 2025\/2027. A empres\u00e1ria Paula Carmona Beltramin foi eleita presidente com [&hellip;]\" \/>\n<meta property=\"og:url\" content=\"https:\/\/msconectado.com.br\/?p=26008\" \/>\n<meta property=\"og:site_name\" content=\"MsConectado\" \/>\n<meta property=\"article:published_time\" content=\"2025-08-22T13:54:36+00:00\" \/>\n<meta property=\"article:modified_time\" content=\"2025-08-22T13:54:47+00:00\" \/>\n<meta property=\"og:image\" content=\"https:\/\/msconectado.com.br\/wp-content\/uploads\/2025\/08\/476074006_1184634680332311_5894200512192676298_n-7.jpg\" \/>\n\t<meta property=\"og:image:width\" content=\"1600\" \/>\n\t<meta property=\"og:image:height\" content=\"1200\" \/>\n\t<meta property=\"og:image:type\" content=\"image\/jpeg\" \/>\n<meta name=\"author\" content=\"Jeferson\" \/>\n<meta name=\"twitter:card\" content=\"summary_large_image\" \/>\n<meta name=\"twitter:label1\" content=\"Escrito por\" \/>\n\t<meta name=\"twitter:data1\" content=\"Jeferson\" \/>\n\t<meta name=\"twitter:label2\" content=\"Est. tempo de leitura\" \/>\n\t<meta name=\"twitter:data2\" content=\"3 minutos\" \/>\n<script type=\"application\/ld+json\" class=\"yoast-schema-graph\">{\"@context\":\"https:\\\/\\\/schema.org\",\"@graph\":[{\"@type\":\"Article\",\"@id\":\"https:\\\/\\\/msconectado.com.br\\\/?p=26008#article\",\"isPartOf\":{\"@id\":\"https:\\\/\\\/msconectado.com.br\\\/?p=26008\"},\"author\":{\"name\":\"Jeferson\",\"@id\":\"https:\\\/\\\/msconectado.com.br\\\/#\\\/schema\\\/person\\\/feb123a95a93eebea36f0ed6a2e5ba48\"},\"headline\":\"Nova Diretoria da ASSEMA tomou posse nesta quinta-feira e a C\u00e2mara de Vereadores se fez presente neste evento\",\"datePublished\":\"2025-08-22T13:54:36+00:00\",\"dateModified\":\"2025-08-22T13:54:47+00:00\",\"mainEntityOfPage\":{\"@id\":\"https:\\\/\\\/msconectado.com.br\\\/?p=26008\"},\"wordCount\":360,\"commentCount\":0,\"publisher\":{\"@id\":\"https:\\\/\\\/msconectado.com.br\\\/#organization\"},\"image\":{\"@id\":\"https:\\\/\\\/msconectado.com.br\\\/?p=26008#primaryimage\"},\"thumbnailUrl\":\"https:\\\/\\\/msconectado.com.br\\\/wp-content\\\/uploads\\\/2025\\\/08\\\/476074006_1184634680332311_5894200512192676298_n-7.jpg\",\"articleSection\":[\"Com\u00e9rcio\"],\"inLanguage\":\"pt-BR\",\"potentialAction\":[{\"@type\":\"CommentAction\",\"name\":\"Comment\",\"target\":[\"https:\\\/\\\/msconectado.com.br\\\/?p=26008#respond\"]}]},{\"@type\":\"WebPage\",\"@id\":\"https:\\\/\\\/msconectado.com.br\\\/?p=26008\",\"url\":\"https:\\\/\\\/msconectado.com.br\\\/?p=26008\",\"name\":\"Nova Diretoria da ASSEMA tomou posse nesta quinta-feira e a C\u00e2mara de Vereadores se fez presente neste evento - MsConectado\",\"isPartOf\":{\"@id\":\"https:\\\/\\\/msconectado.com.br\\\/#website\"},\"primaryImageOfPage\":{\"@id\":\"https:\\\/\\\/msconectado.com.br\\\/?p=26008#primaryimage\"},\"image\":{\"@id\":\"https:\\\/\\\/msconectado.com.br\\\/?p=26008#primaryimage\"},\"thumbnailUrl\":\"https:\\\/\\\/msconectado.com.br\\\/wp-content\\\/uploads\\\/2025\\\/08\\\/476074006_1184634680332311_5894200512192676298_n-7.jpg\",\"datePublished\":\"2025-08-22T13:54:36+00:00\",\"dateModified\":\"2025-08-22T13:54:47+00:00\",\"breadcrumb\":{\"@id\":\"https:\\\/\\\/msconectado.com.br\\\/?p=26008#breadcrumb\"},\"inLanguage\":\"pt-BR\",\"potentialAction\":[{\"@type\":\"ReadAction\",\"target\":[\"https:\\\/\\\/msconectado.com.br\\\/?p=26008\"]}]},{\"@type\":\"ImageObject\",\"inLanguage\":\"pt-BR\",\"@id\":\"https:\\\/\\\/msconectado.com.br\\\/?p=26008#primaryimage\",\"url\":\"https:\\\/\\\/msconectado.com.br\\\/wp-content\\\/uploads\\\/2025\\\/08\\\/476074006_1184634680332311_5894200512192676298_n-7.jpg\",\"contentUrl\":\"https:\\\/\\\/msconectado.com.br\\\/wp-content\\\/uploads\\\/2025\\\/08\\\/476074006_1184634680332311_5894200512192676298_n-7.jpg\",\"width\":1600,\"height\":1200},{\"@type\":\"BreadcrumbList\",\"@id\":\"https:\\\/\\\/msconectado.com.br\\\/?p=26008#breadcrumb\",\"itemListElement\":[{\"@type\":\"ListItem\",\"position\":1,\"name\":\"In\u00edcio\",\"item\":\"https:\\\/\\\/msconectado.com.br\\\/?page_id=105\"},{\"@type\":\"ListItem\",\"position\":2,\"name\":\"Nova Diretoria da ASSEMA tomou posse nesta quinta-feira e a C\u00e2mara de Vereadores se fez presente neste evento\"}]},{\"@type\":\"WebSite\",\"@id\":\"https:\\\/\\\/msconectado.com.br\\\/#website\",\"url\":\"https:\\\/\\\/msconectado.com.br\\\/\",\"name\":\"MsConectado\",\"description\":\"Voc\u00ea Conectado com a Not\u00edcia!\",\"publisher\":{\"@id\":\"https:\\\/\\\/msconectado.com.br\\\/#organization\"},\"potentialAction\":[{\"@type\":\"SearchAction\",\"target\":{\"@type\":\"EntryPoint\",\"urlTemplate\":\"https:\\\/\\\/msconectado.com.br\\\/?s={search_term_string}\"},\"query-input\":{\"@type\":\"PropertyValueSpecification\",\"valueRequired\":true,\"valueName\":\"search_term_string\"}}],\"inLanguage\":\"pt-BR\"},{\"@type\":\"Organization\",\"@id\":\"https:\\\/\\\/msconectado.com.br\\\/#organization\",\"name\":\"MsConectado\",\"url\":\"https:\\\/\\\/msconectado.com.br\\\/\",\"logo\":{\"@type\":\"ImageObject\",\"inLanguage\":\"pt-BR\",\"@id\":\"https:\\\/\\\/msconectado.com.br\\\/#\\\/schema\\\/logo\\\/image\\\/\",\"url\":\"https:\\\/\\\/msconectado.com.br\\\/wp-content\\\/uploads\\\/2023\\\/01\\\/cropped-noticia-2.png\",\"contentUrl\":\"https:\\\/\\\/msconectado.com.br\\\/wp-content\\\/uploads\\\/2023\\\/01\\\/cropped-noticia-2.png\",\"width\":720,\"height\":157,\"caption\":\"MsConectado\"},\"image\":{\"@id\":\"https:\\\/\\\/msconectado.com.br\\\/#\\\/schema\\\/logo\\\/image\\\/\"}},{\"@type\":\"Person\",\"@id\":\"https:\\\/\\\/msconectado.com.br\\\/#\\\/schema\\\/person\\\/feb123a95a93eebea36f0ed6a2e5ba48\",\"name\":\"Jeferson\",\"image\":{\"@type\":\"ImageObject\",\"inLanguage\":\"pt-BR\",\"@id\":\"https:\\\/\\\/secure.gravatar.com\\\/avatar\\\/e23e8901c88f0cdc0ad479ef7a39bf3e4c806344549c087c00b721a65549a328?s=96&d=mm&r=g\",\"url\":\"https:\\\/\\\/secure.gravatar.com\\\/avatar\\\/e23e8901c88f0cdc0ad479ef7a39bf3e4c806344549c087c00b721a65549a328?s=96&d=mm&r=g\",\"contentUrl\":\"https:\\\/\\\/secure.gravatar.com\\\/avatar\\\/e23e8901c88f0cdc0ad479ef7a39bf3e4c806344549c087c00b721a65549a328?s=96&d=mm&r=g\",\"caption\":\"Jeferson\"},\"url\":\"https:\\\/\\\/msconectado.com.br\\\/?author=3\"}]}<\/script>\n<!-- \/ Yoast SEO plugin. -->","yoast_head_json":{"title":"Nova Diretoria da ASSEMA tomou posse nesta quinta-feira e a C\u00e2mara de Vereadores se fez presente neste evento - MsConectado","robots":{"index":"index","follow":"follow","max-snippet":"max-snippet:-1","max-image-preview":"max-image-preview:large","max-video-preview":"max-video-preview:-1"},"canonical":"https:\/\/msconectado.com.br\/?p=26008","og_locale":"pt_BR","og_type":"article","og_title":"Nova Diretoria da ASSEMA tomou posse nesta quinta-feira e a C\u00e2mara de Vereadores se fez presente neste evento - MsConectado","og_description":"Com 97,5% dos votos, nova diretoria assume com o desafio de concluir obras do audit\u00f3rio e sal\u00e3o de eventos, al\u00e9m de fortalecer a\u00e7\u00f5es de valoriza\u00e7\u00e3o da classe empresarial.&nbsp;&nbsp; A Associa\u00e7\u00e3o Empresarial de Maracaju (ASSEMA) elegeu, na \u00faltima ter\u00e7a-feira (08), sua nova diretoria para o bi\u00eanio 2025\/2027. A empres\u00e1ria Paula Carmona Beltramin foi eleita presidente com [&hellip;]","og_url":"https:\/\/msconectado.com.br\/?p=26008","og_site_name":"MsConectado","article_published_time":"2025-08-22T13:54:36+00:00","article_modified_time":"2025-08-22T13:54:47+00:00","og_image":[{"width":1600,"height":1200,"url":"https:\/\/msconectado.com.br\/wp-content\/uploads\/2025\/08\/476074006_1184634680332311_5894200512192676298_n-7.jpg","type":"image\/jpeg"}],"author":"Jeferson","twitter_card":"summary_large_image","twitter_misc":{"Escrito por":"Jeferson","Est. tempo de leitura":"3 minutos"},"schema":{"@context":"https:\/\/schema.org","@graph":[{"@type":"Article","@id":"https:\/\/msconectado.com.br\/?p=26008#article","isPartOf":{"@id":"https:\/\/msconectado.com.br\/?p=26008"},"author":{"name":"Jeferson","@id":"https:\/\/msconectado.com.br\/#\/schema\/person\/feb123a95a93eebea36f0ed6a2e5ba48"},"headline":"Nova Diretoria da ASSEMA tomou posse nesta quinta-feira e a C\u00e2mara de Vereadores se fez presente neste evento","datePublished":"2025-08-22T13:54:36+00:00","dateModified":"2025-08-22T13:54:47+00:00","mainEntityOfPage":{"@id":"https:\/\/msconectado.com.br\/?p=26008"},"wordCount":360,"commentCount":0,"publisher":{"@id":"https:\/\/msconectado.com.br\/#organization"},"image":{"@id":"https:\/\/msconectado.com.br\/?p=26008#primaryimage"},"thumbnailUrl":"https:\/\/msconectado.com.br\/wp-content\/uploads\/2025\/08\/476074006_1184634680332311_5894200512192676298_n-7.jpg","articleSection":["Com\u00e9rcio"],"inLanguage":"pt-BR","potentialAction":[{"@type":"CommentAction","name":"Comment","target":["https:\/\/msconectado.com.br\/?p=26008#respond"]}]},{"@type":"WebPage","@id":"https:\/\/msconectado.com.br\/?p=26008","url":"https:\/\/msconectado.com.br\/?p=26008","name":"Nova Diretoria da ASSEMA tomou posse nesta quinta-feira e a C\u00e2mara de Vereadores se fez presente neste evento - MsConectado","isPartOf":{"@id":"https:\/\/msconectado.com.br\/#website"},"primaryImageOfPage":{"@id":"https:\/\/msconectado.com.br\/?p=26008#primaryimage"},"image":{"@id":"https:\/\/msconectado.com.br\/?p=26008#primaryimage"},"thumbnailUrl":"https:\/\/msconectado.com.br\/wp-content\/uploads\/2025\/08\/476074006_1184634680332311_5894200512192676298_n-7.jpg","datePublished":"2025-08-22T13:54:36+00:00","dateModified":"2025-08-22T13:54:47+00:00","breadcrumb":{"@id":"https:\/\/msconectado.com.br\/?p=26008#breadcrumb"},"inLanguage":"pt-BR","potentialAction":[{"@type":"ReadAction","target":["https:\/\/msconectado.com.br\/?p=26008"]}]},{"@type":"ImageObject","inLanguage":"pt-BR","@id":"https:\/\/msconectado.com.br\/?p=26008#primaryimage","url":"https:\/\/msconectado.com.br\/wp-content\/uploads\/2025\/08\/476074006_1184634680332311_5894200512192676298_n-7.jpg","contentUrl":"https:\/\/msconectado.com.br\/wp-content\/uploads\/2025\/08\/476074006_1184634680332311_5894200512192676298_n-7.jpg","width":1600,"height":1200},{"@type":"BreadcrumbList","@id":"https:\/\/msconectado.com.br\/?p=26008#breadcrumb","itemListElement":[{"@type":"ListItem","position":1,"name":"In\u00edcio","item":"https:\/\/msconectado.com.br\/?page_id=105"},{"@type":"ListItem","position":2,"name":"Nova Diretoria da ASSEMA tomou posse nesta quinta-feira e a C\u00e2mara de Vereadores se fez presente neste evento"}]},{"@type":"WebSite","@id":"https:\/\/msconectado.com.br\/#website","url":"https:\/\/msconectado.com.br\/","name":"MsConectado","description":"Voc\u00ea Conectado com a Not\u00edcia!","publisher":{"@id":"https:\/\/msconectado.com.br\/#organization"},"potentialAction":[{"@type":"SearchAction","target":{"@type":"EntryPoint","urlTemplate":"https:\/\/msconectado.com.br\/?s={search_term_string}"},"query-input":{"@type":"PropertyValueSpecification","valueRequired":true,"valueName":"search_term_string"}}],"inLanguage":"pt-BR"},{"@type":"Organization","@id":"https:\/\/msconectado.com.br\/#organization","name":"MsConectado","url":"https:\/\/msconectado.com.br\/","logo":{"@type":"ImageObject","inLanguage":"pt-BR","@id":"https:\/\/msconectado.com.br\/#\/schema\/logo\/image\/","url":"https:\/\/msconectado.com.br\/wp-content\/uploads\/2023\/01\/cropped-noticia-2.png","contentUrl":"https:\/\/msconectado.com.br\/wp-content\/uploads\/2023\/01\/cropped-noticia-2.png","width":720,"height":157,"caption":"MsConectado"},"image":{"@id":"https:\/\/msconectado.com.br\/#\/schema\/logo\/image\/"}},{"@type":"Person","@id":"https:\/\/msconectado.com.br\/#\/schema\/person\/feb123a95a93eebea36f0ed6a2e5ba48","name":"Jeferson","image":{"@type":"ImageObject","inLanguage":"pt-BR","@id":"https:\/\/secure.gravatar.com\/avatar\/e23e8901c88f0cdc0ad479ef7a39bf3e4c806344549c087c00b721a65549a328?s=96&d=mm&r=g","url":"https:\/\/secure.gravatar.com\/avatar\/e23e8901c88f0cdc0ad479ef7a39bf3e4c806344549c087c00b721a65549a328?s=96&d=mm&r=g","contentUrl":"https:\/\/secure.gravatar.com\/avatar\/e23e8901c88f0cdc0ad479ef7a39bf3e4c806344549c087c00b721a65549a328?s=96&d=mm&r=g","caption":"Jeferson"},"url":"https:\/\/msconectado.com.br\/?author=3"}]}},"_links":{"self":[{"href":"https:\/\/msconectado.com.br\/index.php?rest_route=\/wp\/v2\/posts\/26008","targetHints":{"allow":["GET"]}}],"collection":[{"href":"https:\/\/msconectado.com.br\/index.php?rest_route=\/wp\/v2\/posts"}],"about":[{"href":"https:\/\/msconectado.com.br\/index.php?rest_route=\/wp\/v2\/types\/post"}],"author":[{"embeddable":true,"href":"https:\/\/msconectado.com.br\/index.php?rest_route=\/wp\/v2\/users\/3"}],"replies":[{"embeddable":true,"href":"https:\/\/msconectado.com.br\/index.php?rest_route=%2Fwp%2Fv2%2Fcomments&post=26008"}],"version-history":[{"count":1,"href":"https:\/\/msconectado.com.br\/index.php?rest_route=\/wp\/v2\/posts\/26008\/revisions"}],"predecessor-version":[{"id":26010,"href":"https:\/\/msconectado.com.br\/index.php?rest_route=\/wp\/v2\/posts\/26008\/revisions\/26010"}],"wp:featuredmedia":[{"embeddable":true,"href":"https:\/\/msconectado.com.br\/index.php?rest_route=\/wp\/v2\/media\/26009"}],"wp:attachment":[{"href":"https:\/\/msconectado.com.br\/index.php?rest_route=%2Fwp%2Fv2%2Fmedia&parent=26008"}],"wp:term":[{"taxonomy":"category","embeddable":true,"href":"https:\/\/msconectado.com.br\/index.php?rest_route=%2Fwp%2Fv2%2Fcategories&post=26008"},{"taxonomy":"post_tag","embeddable":true,"href":"https:\/\/msconectado.com.br\/index.php?rest_route=%2Fwp%2Fv2%2Ftags&post=26008"}],"curies":[{"name":"wp","href":"https:\/\/api.w.org\/{rel}","templated":true}]}}