
{"id":26050,"date":"2025-08-30T22:15:38","date_gmt":"2025-08-30T22:15:38","guid":{"rendered":"https:\/\/msconectado.com.br\/?p=26050"},"modified":"2025-08-30T23:46:34","modified_gmt":"2025-08-30T23:46:34","slug":"ct-kenshin-promove-aulao-beneficente-na-praca-central","status":"publish","type":"post","link":"https:\/\/msconectado.com.br\/?p=26050","title":{"rendered":"CT Kenshin promove aul\u00e3o beneficente na Pra\u00e7a Central"},"content":{"rendered":"\n<p>Na tarde deste s\u00e1bado, a Pra\u00e7a Central foi palco de um grande aul\u00e3o beneficente promovido pelo CT Kenshin. O evento reuniu centenas de alunos e simpatizantes da atividade f\u00edsica, que participaram de treinos especiais de cross fitness, muscula\u00e7\u00e3o feminina e masculina, al\u00e9m de atividades de cardio.<\/p>\n\n\n\n<p>As inscri\u00e7\u00f5es para o aul\u00e3o foram feitas de forma solid\u00e1ria: cada participante contribuiu com a doa\u00e7\u00e3o de doces e brinquedos, que ser\u00e3o destinados \u00e0 Igreja Batista Filad\u00e9lfia, fortalecendo a corrente de apoio \u00e0s fam\u00edlias e crian\u00e7as atendidas pela institui\u00e7\u00e3o.<\/p>\n\n\n\n<p>De acordo com os propriet\u00e1rios do CT, Coach Edson e Coach Elis, a iniciativa vai al\u00e9m do incentivo \u00e0 pr\u00e1tica esportiva.<br>\u201cEsse \u00e9 um momento de alegria, sa\u00fade e, principalmente, solidariedade. O esporte \u00e9 capaz de transformar vidas, e unir a comunidade em prol de uma boa causa torna tudo ainda mais especial\u201d, destacaram. <\/p>\n\n\n<div class=\"wp-block-image\">\n<figure class=\"aligncenter size-large\"><img fetchpriority=\"high\" decoding=\"async\" width=\"1024\" height=\"576\" src=\"https:\/\/msconectado.com.br\/wp-content\/uploads\/2025\/08\/IMG_1620-4-1024x576.jpg\" alt=\"\" class=\"wp-image-26056\" srcset=\"https:\/\/msconectado.com.br\/wp-content\/uploads\/2025\/08\/IMG_1620-4-1024x576.jpg 1024w, https:\/\/msconectado.com.br\/wp-content\/uploads\/2025\/08\/IMG_1620-4-300x169.jpg 300w, https:\/\/msconectado.com.br\/wp-content\/uploads\/2025\/08\/IMG_1620-4-768x432.jpg 768w, https:\/\/msconectado.com.br\/wp-content\/uploads\/2025\/08\/IMG_1620-4-1536x864.jpg 1536w, https:\/\/msconectado.com.br\/wp-content\/uploads\/2025\/08\/IMG_1620-4.jpg 1600w\" sizes=\"(max-width: 1024px) 100vw, 1024px\" \/><\/figure>\n<\/div>\n\n\n<p>Encerrando a programa\u00e7\u00e3o, os participantes ainda puderam concorrer a brindes especiais sorteados pelo CT, tornando o evento ainda mais animado e inesquec\u00edvel.<\/p>\n\n\n\n<p>A a\u00e7\u00e3o refor\u00e7a o compromisso do CT Kenshin em promover qualidade de vida por meio da atividade f\u00edsica e, ao mesmo tempo, contribuir para causas sociais que fazem a diferen\u00e7a na cidade.<\/p>\n\n\n\n<p>Por: Jeferson Silveira &#8211; DRT 001808\/MS<\/p>\n\n\n<div class=\"wp-block-image\">\n<figure class=\"aligncenter size-full\"><img decoding=\"async\" width=\"900\" height=\"100\" src=\"https:\/\/msconectado.com.br\/wp-content\/uploads\/2025\/08\/900x100_GOV_DENGUE-1.gif\" alt=\"\" class=\"wp-image-25959\"\/><\/figure>\n<\/div>","protected":false},"excerpt":{"rendered":"<p>Na tarde deste s\u00e1bado, a Pra\u00e7a Central foi palco de um grande aul\u00e3o beneficente promovido pelo CT Kenshin. O evento reuniu centenas de alunos e simpatizantes da atividade f\u00edsica, que participaram de treinos especiais de cross fitness, muscula\u00e7\u00e3o feminina e masculina, al\u00e9m de atividades de cardio. As inscri\u00e7\u00f5es para o aul\u00e3o foram feitas de forma [&hellip;]<\/p>\n","protected":false},"author":3,"featured_media":26051,"comment_status":"open","ping_status":"closed","sticky":false,"template":"","format":"standard","meta":{"footnotes":""},"categories":[35,36,1],"tags":[],"class_list":["post-26050","post","type-post","status-publish","format-standard","has-post-thumbnail","hentry","category-cidades","category-eventos","category-noticia"],"yoast_head":"<!-- This site is optimized with the Yoast SEO plugin v27.5 - https:\/\/yoast.com\/product\/yoast-seo-wordpress\/ -->\n<title>CT Kenshin promove aul\u00e3o beneficente na Pra\u00e7a Central - MsConectado<\/title>\n<meta name=\"robots\" content=\"index, follow, max-snippet:-1, max-image-preview:large, max-video-preview:-1\" \/>\n<link rel=\"canonical\" href=\"https:\/\/msconectado.com.br\/?p=26050\" \/>\n<meta property=\"og:locale\" content=\"pt_BR\" \/>\n<meta property=\"og:type\" content=\"article\" \/>\n<meta property=\"og:title\" content=\"CT Kenshin promove aul\u00e3o beneficente na Pra\u00e7a Central - MsConectado\" \/>\n<meta property=\"og:description\" content=\"Na tarde deste s\u00e1bado, a Pra\u00e7a Central foi palco de um grande aul\u00e3o beneficente promovido pelo CT Kenshin. O evento reuniu centenas de alunos e simpatizantes da atividade f\u00edsica, que participaram de treinos especiais de cross fitness, muscula\u00e7\u00e3o feminina e masculina, al\u00e9m de atividades de cardio. As inscri\u00e7\u00f5es para o aul\u00e3o foram feitas de forma [&hellip;]\" \/>\n<meta property=\"og:url\" content=\"https:\/\/msconectado.com.br\/?p=26050\" \/>\n<meta property=\"og:site_name\" content=\"MsConectado\" \/>\n<meta property=\"article:published_time\" content=\"2025-08-30T22:15:38+00:00\" \/>\n<meta property=\"article:modified_time\" content=\"2025-08-30T23:46:34+00:00\" \/>\n<meta property=\"og:image\" content=\"https:\/\/msconectado.com.br\/wp-content\/uploads\/2025\/08\/IMG_8415-4.jpg\" \/>\n\t<meta property=\"og:image:width\" content=\"1600\" \/>\n\t<meta property=\"og:image:height\" content=\"900\" \/>\n\t<meta property=\"og:image:type\" content=\"image\/jpeg\" \/>\n<meta name=\"author\" content=\"Jeferson\" \/>\n<meta name=\"twitter:card\" content=\"summary_large_image\" \/>\n<meta name=\"twitter:label1\" content=\"Escrito por\" \/>\n\t<meta name=\"twitter:data1\" content=\"Jeferson\" \/>\n\t<meta name=\"twitter:label2\" content=\"Est. tempo de leitura\" \/>\n\t<meta name=\"twitter:data2\" content=\"2 minutos\" \/>\n<script type=\"application\/ld+json\" class=\"yoast-schema-graph\">{\"@context\":\"https:\\\/\\\/schema.org\",\"@graph\":[{\"@type\":\"Article\",\"@id\":\"https:\\\/\\\/msconectado.com.br\\\/?p=26050#article\",\"isPartOf\":{\"@id\":\"https:\\\/\\\/msconectado.com.br\\\/?p=26050\"},\"author\":{\"name\":\"Jeferson\",\"@id\":\"https:\\\/\\\/msconectado.com.br\\\/#\\\/schema\\\/person\\\/feb123a95a93eebea36f0ed6a2e5ba48\"},\"headline\":\"CT Kenshin promove aul\u00e3o beneficente na Pra\u00e7a Central\",\"datePublished\":\"2025-08-30T22:15:38+00:00\",\"dateModified\":\"2025-08-30T23:46:34+00:00\",\"mainEntityOfPage\":{\"@id\":\"https:\\\/\\\/msconectado.com.br\\\/?p=26050\"},\"wordCount\":230,\"commentCount\":0,\"publisher\":{\"@id\":\"https:\\\/\\\/msconectado.com.br\\\/#organization\"},\"image\":{\"@id\":\"https:\\\/\\\/msconectado.com.br\\\/?p=26050#primaryimage\"},\"thumbnailUrl\":\"https:\\\/\\\/msconectado.com.br\\\/wp-content\\\/uploads\\\/2025\\\/08\\\/IMG_8415-4.jpg\",\"articleSection\":[\"Cidades\",\"Eventos\",\"Not\u00edcia\"],\"inLanguage\":\"pt-BR\",\"potentialAction\":[{\"@type\":\"CommentAction\",\"name\":\"Comment\",\"target\":[\"https:\\\/\\\/msconectado.com.br\\\/?p=26050#respond\"]}]},{\"@type\":\"WebPage\",\"@id\":\"https:\\\/\\\/msconectado.com.br\\\/?p=26050\",\"url\":\"https:\\\/\\\/msconectado.com.br\\\/?p=26050\",\"name\":\"CT Kenshin promove aul\u00e3o beneficente na Pra\u00e7a Central - MsConectado\",\"isPartOf\":{\"@id\":\"https:\\\/\\\/msconectado.com.br\\\/#website\"},\"primaryImageOfPage\":{\"@id\":\"https:\\\/\\\/msconectado.com.br\\\/?p=26050#primaryimage\"},\"image\":{\"@id\":\"https:\\\/\\\/msconectado.com.br\\\/?p=26050#primaryimage\"},\"thumbnailUrl\":\"https:\\\/\\\/msconectado.com.br\\\/wp-content\\\/uploads\\\/2025\\\/08\\\/IMG_8415-4.jpg\",\"datePublished\":\"2025-08-30T22:15:38+00:00\",\"dateModified\":\"2025-08-30T23:46:34+00:00\",\"breadcrumb\":{\"@id\":\"https:\\\/\\\/msconectado.com.br\\\/?p=26050#breadcrumb\"},\"inLanguage\":\"pt-BR\",\"potentialAction\":[{\"@type\":\"ReadAction\",\"target\":[\"https:\\\/\\\/msconectado.com.br\\\/?p=26050\"]}]},{\"@type\":\"ImageObject\",\"inLanguage\":\"pt-BR\",\"@id\":\"https:\\\/\\\/msconectado.com.br\\\/?p=26050#primaryimage\",\"url\":\"https:\\\/\\\/msconectado.com.br\\\/wp-content\\\/uploads\\\/2025\\\/08\\\/IMG_8415-4.jpg\",\"contentUrl\":\"https:\\\/\\\/msconectado.com.br\\\/wp-content\\\/uploads\\\/2025\\\/08\\\/IMG_8415-4.jpg\",\"width\":1600,\"height\":900},{\"@type\":\"BreadcrumbList\",\"@id\":\"https:\\\/\\\/msconectado.com.br\\\/?p=26050#breadcrumb\",\"itemListElement\":[{\"@type\":\"ListItem\",\"position\":1,\"name\":\"In\u00edcio\",\"item\":\"https:\\\/\\\/msconectado.com.br\\\/?page_id=105\"},{\"@type\":\"ListItem\",\"position\":2,\"name\":\"CT Kenshin promove aul\u00e3o beneficente na Pra\u00e7a Central\"}]},{\"@type\":\"WebSite\",\"@id\":\"https:\\\/\\\/msconectado.com.br\\\/#website\",\"url\":\"https:\\\/\\\/msconectado.com.br\\\/\",\"name\":\"MsConectado\",\"description\":\"Voc\u00ea Conectado com a Not\u00edcia!\",\"publisher\":{\"@id\":\"https:\\\/\\\/msconectado.com.br\\\/#organization\"},\"potentialAction\":[{\"@type\":\"SearchAction\",\"target\":{\"@type\":\"EntryPoint\",\"urlTemplate\":\"https:\\\/\\\/msconectado.com.br\\\/?s={search_term_string}\"},\"query-input\":{\"@type\":\"PropertyValueSpecification\",\"valueRequired\":true,\"valueName\":\"search_term_string\"}}],\"inLanguage\":\"pt-BR\"},{\"@type\":\"Organization\",\"@id\":\"https:\\\/\\\/msconectado.com.br\\\/#organization\",\"name\":\"MsConectado\",\"url\":\"https:\\\/\\\/msconectado.com.br\\\/\",\"logo\":{\"@type\":\"ImageObject\",\"inLanguage\":\"pt-BR\",\"@id\":\"https:\\\/\\\/msconectado.com.br\\\/#\\\/schema\\\/logo\\\/image\\\/\",\"url\":\"https:\\\/\\\/msconectado.com.br\\\/wp-content\\\/uploads\\\/2023\\\/01\\\/cropped-noticia-2.png\",\"contentUrl\":\"https:\\\/\\\/msconectado.com.br\\\/wp-content\\\/uploads\\\/2023\\\/01\\\/cropped-noticia-2.png\",\"width\":720,\"height\":157,\"caption\":\"MsConectado\"},\"image\":{\"@id\":\"https:\\\/\\\/msconectado.com.br\\\/#\\\/schema\\\/logo\\\/image\\\/\"}},{\"@type\":\"Person\",\"@id\":\"https:\\\/\\\/msconectado.com.br\\\/#\\\/schema\\\/person\\\/feb123a95a93eebea36f0ed6a2e5ba48\",\"name\":\"Jeferson\",\"image\":{\"@type\":\"ImageObject\",\"inLanguage\":\"pt-BR\",\"@id\":\"https:\\\/\\\/secure.gravatar.com\\\/avatar\\\/e23e8901c88f0cdc0ad479ef7a39bf3e4c806344549c087c00b721a65549a328?s=96&d=mm&r=g\",\"url\":\"https:\\\/\\\/secure.gravatar.com\\\/avatar\\\/e23e8901c88f0cdc0ad479ef7a39bf3e4c806344549c087c00b721a65549a328?s=96&d=mm&r=g\",\"contentUrl\":\"https:\\\/\\\/secure.gravatar.com\\\/avatar\\\/e23e8901c88f0cdc0ad479ef7a39bf3e4c806344549c087c00b721a65549a328?s=96&d=mm&r=g\",\"caption\":\"Jeferson\"},\"url\":\"https:\\\/\\\/msconectado.com.br\\\/?author=3\"}]}<\/script>\n<!-- \/ Yoast SEO plugin. -->","yoast_head_json":{"title":"CT Kenshin promove aul\u00e3o beneficente na Pra\u00e7a Central - MsConectado","robots":{"index":"index","follow":"follow","max-snippet":"max-snippet:-1","max-image-preview":"max-image-preview:large","max-video-preview":"max-video-preview:-1"},"canonical":"https:\/\/msconectado.com.br\/?p=26050","og_locale":"pt_BR","og_type":"article","og_title":"CT Kenshin promove aul\u00e3o beneficente na Pra\u00e7a Central - MsConectado","og_description":"Na tarde deste s\u00e1bado, a Pra\u00e7a Central foi palco de um grande aul\u00e3o beneficente promovido pelo CT Kenshin. O evento reuniu centenas de alunos e simpatizantes da atividade f\u00edsica, que participaram de treinos especiais de cross fitness, muscula\u00e7\u00e3o feminina e masculina, al\u00e9m de atividades de cardio. As inscri\u00e7\u00f5es para o aul\u00e3o foram feitas de forma [&hellip;]","og_url":"https:\/\/msconectado.com.br\/?p=26050","og_site_name":"MsConectado","article_published_time":"2025-08-30T22:15:38+00:00","article_modified_time":"2025-08-30T23:46:34+00:00","og_image":[{"width":1600,"height":900,"url":"https:\/\/msconectado.com.br\/wp-content\/uploads\/2025\/08\/IMG_8415-4.jpg","type":"image\/jpeg"}],"author":"Jeferson","twitter_card":"summary_large_image","twitter_misc":{"Escrito por":"Jeferson","Est. tempo de leitura":"2 minutos"},"schema":{"@context":"https:\/\/schema.org","@graph":[{"@type":"Article","@id":"https:\/\/msconectado.com.br\/?p=26050#article","isPartOf":{"@id":"https:\/\/msconectado.com.br\/?p=26050"},"author":{"name":"Jeferson","@id":"https:\/\/msconectado.com.br\/#\/schema\/person\/feb123a95a93eebea36f0ed6a2e5ba48"},"headline":"CT Kenshin promove aul\u00e3o beneficente na Pra\u00e7a Central","datePublished":"2025-08-30T22:15:38+00:00","dateModified":"2025-08-30T23:46:34+00:00","mainEntityOfPage":{"@id":"https:\/\/msconectado.com.br\/?p=26050"},"wordCount":230,"commentCount":0,"publisher":{"@id":"https:\/\/msconectado.com.br\/#organization"},"image":{"@id":"https:\/\/msconectado.com.br\/?p=26050#primaryimage"},"thumbnailUrl":"https:\/\/msconectado.com.br\/wp-content\/uploads\/2025\/08\/IMG_8415-4.jpg","articleSection":["Cidades","Eventos","Not\u00edcia"],"inLanguage":"pt-BR","potentialAction":[{"@type":"CommentAction","name":"Comment","target":["https:\/\/msconectado.com.br\/?p=26050#respond"]}]},{"@type":"WebPage","@id":"https:\/\/msconectado.com.br\/?p=26050","url":"https:\/\/msconectado.com.br\/?p=26050","name":"CT Kenshin promove aul\u00e3o beneficente na Pra\u00e7a Central - MsConectado","isPartOf":{"@id":"https:\/\/msconectado.com.br\/#website"},"primaryImageOfPage":{"@id":"https:\/\/msconectado.com.br\/?p=26050#primaryimage"},"image":{"@id":"https:\/\/msconectado.com.br\/?p=26050#primaryimage"},"thumbnailUrl":"https:\/\/msconectado.com.br\/wp-content\/uploads\/2025\/08\/IMG_8415-4.jpg","datePublished":"2025-08-30T22:15:38+00:00","dateModified":"2025-08-30T23:46:34+00:00","breadcrumb":{"@id":"https:\/\/msconectado.com.br\/?p=26050#breadcrumb"},"inLanguage":"pt-BR","potentialAction":[{"@type":"ReadAction","target":["https:\/\/msconectado.com.br\/?p=26050"]}]},{"@type":"ImageObject","inLanguage":"pt-BR","@id":"https:\/\/msconectado.com.br\/?p=26050#primaryimage","url":"https:\/\/msconectado.com.br\/wp-content\/uploads\/2025\/08\/IMG_8415-4.jpg","contentUrl":"https:\/\/msconectado.com.br\/wp-content\/uploads\/2025\/08\/IMG_8415-4.jpg","width":1600,"height":900},{"@type":"BreadcrumbList","@id":"https:\/\/msconectado.com.br\/?p=26050#breadcrumb","itemListElement":[{"@type":"ListItem","position":1,"name":"In\u00edcio","item":"https:\/\/msconectado.com.br\/?page_id=105"},{"@type":"ListItem","position":2,"name":"CT Kenshin promove aul\u00e3o beneficente na Pra\u00e7a Central"}]},{"@type":"WebSite","@id":"https:\/\/msconectado.com.br\/#website","url":"https:\/\/msconectado.com.br\/","name":"MsConectado","description":"Voc\u00ea Conectado com a Not\u00edcia!","publisher":{"@id":"https:\/\/msconectado.com.br\/#organization"},"potentialAction":[{"@type":"SearchAction","target":{"@type":"EntryPoint","urlTemplate":"https:\/\/msconectado.com.br\/?s={search_term_string}"},"query-input":{"@type":"PropertyValueSpecification","valueRequired":true,"valueName":"search_term_string"}}],"inLanguage":"pt-BR"},{"@type":"Organization","@id":"https:\/\/msconectado.com.br\/#organization","name":"MsConectado","url":"https:\/\/msconectado.com.br\/","logo":{"@type":"ImageObject","inLanguage":"pt-BR","@id":"https:\/\/msconectado.com.br\/#\/schema\/logo\/image\/","url":"https:\/\/msconectado.com.br\/wp-content\/uploads\/2023\/01\/cropped-noticia-2.png","contentUrl":"https:\/\/msconectado.com.br\/wp-content\/uploads\/2023\/01\/cropped-noticia-2.png","width":720,"height":157,"caption":"MsConectado"},"image":{"@id":"https:\/\/msconectado.com.br\/#\/schema\/logo\/image\/"}},{"@type":"Person","@id":"https:\/\/msconectado.com.br\/#\/schema\/person\/feb123a95a93eebea36f0ed6a2e5ba48","name":"Jeferson","image":{"@type":"ImageObject","inLanguage":"pt-BR","@id":"https:\/\/secure.gravatar.com\/avatar\/e23e8901c88f0cdc0ad479ef7a39bf3e4c806344549c087c00b721a65549a328?s=96&d=mm&r=g","url":"https:\/\/secure.gravatar.com\/avatar\/e23e8901c88f0cdc0ad479ef7a39bf3e4c806344549c087c00b721a65549a328?s=96&d=mm&r=g","contentUrl":"https:\/\/secure.gravatar.com\/avatar\/e23e8901c88f0cdc0ad479ef7a39bf3e4c806344549c087c00b721a65549a328?s=96&d=mm&r=g","caption":"Jeferson"},"url":"https:\/\/msconectado.com.br\/?author=3"}]}},"_links":{"self":[{"href":"https:\/\/msconectado.com.br\/index.php?rest_route=\/wp\/v2\/posts\/26050","targetHints":{"allow":["GET"]}}],"collection":[{"href":"https:\/\/msconectado.com.br\/index.php?rest_route=\/wp\/v2\/posts"}],"about":[{"href":"https:\/\/msconectado.com.br\/index.php?rest_route=\/wp\/v2\/types\/post"}],"author":[{"embeddable":true,"href":"https:\/\/msconectado.com.br\/index.php?rest_route=\/wp\/v2\/users\/3"}],"replies":[{"embeddable":true,"href":"https:\/\/msconectado.com.br\/index.php?rest_route=%2Fwp%2Fv2%2Fcomments&post=26050"}],"version-history":[{"count":4,"href":"https:\/\/msconectado.com.br\/index.php?rest_route=\/wp\/v2\/posts\/26050\/revisions"}],"predecessor-version":[{"id":26059,"href":"https:\/\/msconectado.com.br\/index.php?rest_route=\/wp\/v2\/posts\/26050\/revisions\/26059"}],"wp:featuredmedia":[{"embeddable":true,"href":"https:\/\/msconectado.com.br\/index.php?rest_route=\/wp\/v2\/media\/26051"}],"wp:attachment":[{"href":"https:\/\/msconectado.com.br\/index.php?rest_route=%2Fwp%2Fv2%2Fmedia&parent=26050"}],"wp:term":[{"taxonomy":"category","embeddable":true,"href":"https:\/\/msconectado.com.br\/index.php?rest_route=%2Fwp%2Fv2%2Fcategories&post=26050"},{"taxonomy":"post_tag","embeddable":true,"href":"https:\/\/msconectado.com.br\/index.php?rest_route=%2Fwp%2Fv2%2Ftags&post=26050"}],"curies":[{"name":"wp","href":"https:\/\/api.w.org\/{rel}","templated":true}]}}