{"id":26109,"date":"2025-09-06T11:35:43","date_gmt":"2025-09-06T11:35:43","guid":{"rendered":"https:\/\/msconectado.com.br\/?p=26109"},"modified":"2025-09-06T11:37:43","modified_gmt":"2025-09-06T11:37:43","slug":"gerson-claro-recebe-medalha-do-merito-e-destaca-disciplina-e-valores-da-policia-militar-de-ms","status":"publish","type":"post","link":"https:\/\/msconectado.com.br\/?p=26109","title":{"rendered":"Gerson Claro recebe Medalha do M\u00e9rito e destaca disciplina e valores da Pol\u00edcia Militar de MS"},"content":{"rendered":"\n<p>O deputado estadual e presidente da Assembleia Legislativa de Mato Grosso do Sul, Gerson Claro (PP), foi um dos homenageados na solenidade em comemora\u00e7\u00e3o aos 190 anos da Pol\u00edcia Militar de Mato Grosso do Sul (PMMS), realizada nesta quinta-feira (4), no Comando-Geral da corpora\u00e7\u00e3o, em Campo Grande.<\/p>\n\n\n\n<p>Durante a cerim\u00f4nia, que contou com a presen\u00e7a do governador Eduardo Riedel e de diversas autoridades da seguran\u00e7a p\u00fablica, o parlamentar recebeu a Medalha do M\u00e9rito e a Ins\u00edgnia do M\u00e9rito Policial Militar, honrarias concedidas a personalidades que contribuem para o fortalecimento da institui\u00e7\u00e3o e para a valoriza\u00e7\u00e3o da seguran\u00e7a no Estado.<\/p>\n\n\n\n<p>Em discurso, Gerson Claro destacou a import\u00e2ncia da Pol\u00edcia Militar para a sociedade sul-mato-grossense e ressaltou os valores que norteiam a corpora\u00e7\u00e3o.<\/p>\n\n\n\n<p>\u201c\u00c9 uma honra poder receber esta medalha e lembrar os valores que norteiam a vida da Pol\u00edcia Militar e que tamb\u00e9m honram o nosso Mato Grosso do Sul: o patriotismo, a coragem e o sacrif\u00edcio. Desde o ingresso na carreira, esses princ\u00edpios fazem da corpora\u00e7\u00e3o motivo de orgulho para todos n\u00f3s\u201d, afirmou.<\/p>\n\n\n\n<p>O deputado tamb\u00e9m refor\u00e7ou o compromisso da Assembleia Legislativa com esses mesmos valores, apontando que o respeito e a busca pelo consenso t\u00eam pautado a atua\u00e7\u00e3o do Parlamento Estadual.<\/p>\n\n\n\n<p>\u201cAssim como a disciplina exigida na Pol\u00edcia Militar, tamb\u00e9m no mundo pol\u00edtico acreditamos que, com respeito e di\u00e1logo, estamos construindo o Mato Grosso do Sul dos sonhos e das novas gera\u00e7\u00f5es\u201d, completou.<\/p>\n\n\n\n<p>A solenidade fez parte da programa\u00e7\u00e3o oficial do anivers\u00e1rio da PMMS, que ao longo de quase dois s\u00e9culos tem desempenhado papel fundamental na preserva\u00e7\u00e3o da ordem e na defesa da sociedade sul-mato-grossense.<\/p>\n\n\n\n<p>Assessoria<\/p>\n\n\n\n<figure class=\"wp-block-image size-full\"><img fetchpriority=\"high\" decoding=\"async\" width=\"900\" height=\"100\" src=\"https:\/\/msconectado.com.br\/wp-content\/uploads\/2025\/08\/900x100_GOV_DENGUE-1.gif\" alt=\"\" class=\"wp-image-25959\"\/><\/figure>\n","protected":false},"excerpt":{"rendered":"<p>O deputado estadual e presidente da Assembleia Legislativa de Mato Grosso do Sul, Gerson Claro (PP), foi um dos homenageados na solenidade em comemora\u00e7\u00e3o aos 190 anos da Pol\u00edcia Militar de Mato Grosso do Sul (PMMS), realizada nesta quinta-feira (4), no Comando-Geral da corpora\u00e7\u00e3o, em Campo Grande. Durante a cerim\u00f4nia, que contou com a presen\u00e7a [&hellip;]<\/p>\n","protected":false},"author":3,"featured_media":26110,"comment_status":"open","ping_status":"closed","sticky":false,"template":"","format":"standard","meta":{"footnotes":""},"categories":[38],"tags":[],"class_list":["post-26109","post","type-post","status-publish","format-standard","has-post-thumbnail","hentry","category-assembleia-legislativa"],"yoast_head":"<!-- This site is optimized with the Yoast SEO plugin v27.5 - https:\/\/yoast.com\/product\/yoast-seo-wordpress\/ -->\n<title>Gerson Claro recebe Medalha do M\u00e9rito e destaca disciplina e valores da Pol\u00edcia Militar de MS - MsConectado<\/title>\n<meta name=\"robots\" content=\"index, follow, max-snippet:-1, max-image-preview:large, max-video-preview:-1\" \/>\n<link rel=\"canonical\" href=\"https:\/\/msconectado.com.br\/?p=26109\" \/>\n<meta property=\"og:locale\" content=\"pt_BR\" \/>\n<meta property=\"og:type\" content=\"article\" \/>\n<meta property=\"og:title\" content=\"Gerson Claro recebe Medalha do M\u00e9rito e destaca disciplina e valores da Pol\u00edcia Militar de MS - MsConectado\" \/>\n<meta property=\"og:description\" content=\"O deputado estadual e presidente da Assembleia Legislativa de Mato Grosso do Sul, Gerson Claro (PP), foi um dos homenageados na solenidade em comemora\u00e7\u00e3o aos 190 anos da Pol\u00edcia Militar de Mato Grosso do Sul (PMMS), realizada nesta quinta-feira (4), no Comando-Geral da corpora\u00e7\u00e3o, em Campo Grande. Durante a cerim\u00f4nia, que contou com a presen\u00e7a [&hellip;]\" \/>\n<meta property=\"og:url\" content=\"https:\/\/msconectado.com.br\/?p=26109\" \/>\n<meta property=\"og:site_name\" content=\"MsConectado\" \/>\n<meta property=\"article:published_time\" content=\"2025-09-06T11:35:43+00:00\" \/>\n<meta property=\"article:modified_time\" content=\"2025-09-06T11:37:43+00:00\" \/>\n<meta property=\"og:image\" content=\"https:\/\/msconectado.com.br\/wp-content\/uploads\/2025\/09\/Imagem-do-WhatsApp-de-2025-09-05-as-12.14.08_ef5bd97b-scaled-1-e1757158649513.jpg\" \/>\n\t<meta property=\"og:image:width\" content=\"2560\" \/>\n\t<meta property=\"og:image:height\" content=\"1502\" \/>\n\t<meta property=\"og:image:type\" content=\"image\/jpeg\" \/>\n<meta name=\"author\" content=\"Jeferson\" \/>\n<meta name=\"twitter:card\" content=\"summary_large_image\" \/>\n<meta name=\"twitter:label1\" content=\"Escrito por\" \/>\n\t<meta name=\"twitter:data1\" content=\"Jeferson\" \/>\n\t<meta name=\"twitter:label2\" content=\"Est. tempo de leitura\" \/>\n\t<meta name=\"twitter:data2\" content=\"2 minutos\" \/>\n<script type=\"application\/ld+json\" class=\"yoast-schema-graph\">{\"@context\":\"https:\\\/\\\/schema.org\",\"@graph\":[{\"@type\":\"Article\",\"@id\":\"https:\\\/\\\/msconectado.com.br\\\/?p=26109#article\",\"isPartOf\":{\"@id\":\"https:\\\/\\\/msconectado.com.br\\\/?p=26109\"},\"author\":{\"name\":\"Jeferson\",\"@id\":\"https:\\\/\\\/msconectado.com.br\\\/#\\\/schema\\\/person\\\/feb123a95a93eebea36f0ed6a2e5ba48\"},\"headline\":\"Gerson Claro recebe Medalha do M\u00e9rito e destaca disciplina e valores da Pol\u00edcia Militar de MS\",\"datePublished\":\"2025-09-06T11:35:43+00:00\",\"dateModified\":\"2025-09-06T11:37:43+00:00\",\"mainEntityOfPage\":{\"@id\":\"https:\\\/\\\/msconectado.com.br\\\/?p=26109\"},\"wordCount\":317,\"commentCount\":0,\"publisher\":{\"@id\":\"https:\\\/\\\/msconectado.com.br\\\/#organization\"},\"image\":{\"@id\":\"https:\\\/\\\/msconectado.com.br\\\/?p=26109#primaryimage\"},\"thumbnailUrl\":\"https:\\\/\\\/msconectado.com.br\\\/wp-content\\\/uploads\\\/2025\\\/09\\\/Imagem-do-WhatsApp-de-2025-09-05-as-12.14.08_ef5bd97b-scaled-1-e1757158649513.jpg\",\"articleSection\":[\"Assembleia Legislativa\"],\"inLanguage\":\"pt-BR\",\"potentialAction\":[{\"@type\":\"CommentAction\",\"name\":\"Comment\",\"target\":[\"https:\\\/\\\/msconectado.com.br\\\/?p=26109#respond\"]}]},{\"@type\":\"WebPage\",\"@id\":\"https:\\\/\\\/msconectado.com.br\\\/?p=26109\",\"url\":\"https:\\\/\\\/msconectado.com.br\\\/?p=26109\",\"name\":\"Gerson Claro recebe Medalha do M\u00e9rito e destaca disciplina e valores da Pol\u00edcia Militar de MS - MsConectado\",\"isPartOf\":{\"@id\":\"https:\\\/\\\/msconectado.com.br\\\/#website\"},\"primaryImageOfPage\":{\"@id\":\"https:\\\/\\\/msconectado.com.br\\\/?p=26109#primaryimage\"},\"image\":{\"@id\":\"https:\\\/\\\/msconectado.com.br\\\/?p=26109#primaryimage\"},\"thumbnailUrl\":\"https:\\\/\\\/msconectado.com.br\\\/wp-content\\\/uploads\\\/2025\\\/09\\\/Imagem-do-WhatsApp-de-2025-09-05-as-12.14.08_ef5bd97b-scaled-1-e1757158649513.jpg\",\"datePublished\":\"2025-09-06T11:35:43+00:00\",\"dateModified\":\"2025-09-06T11:37:43+00:00\",\"breadcrumb\":{\"@id\":\"https:\\\/\\\/msconectado.com.br\\\/?p=26109#breadcrumb\"},\"inLanguage\":\"pt-BR\",\"potentialAction\":[{\"@type\":\"ReadAction\",\"target\":[\"https:\\\/\\\/msconectado.com.br\\\/?p=26109\"]}]},{\"@type\":\"ImageObject\",\"inLanguage\":\"pt-BR\",\"@id\":\"https:\\\/\\\/msconectado.com.br\\\/?p=26109#primaryimage\",\"url\":\"https:\\\/\\\/msconectado.com.br\\\/wp-content\\\/uploads\\\/2025\\\/09\\\/Imagem-do-WhatsApp-de-2025-09-05-as-12.14.08_ef5bd97b-scaled-1-e1757158649513.jpg\",\"contentUrl\":\"https:\\\/\\\/msconectado.com.br\\\/wp-content\\\/uploads\\\/2025\\\/09\\\/Imagem-do-WhatsApp-de-2025-09-05-as-12.14.08_ef5bd97b-scaled-1-e1757158649513.jpg\",\"width\":2560,\"height\":1502},{\"@type\":\"BreadcrumbList\",\"@id\":\"https:\\\/\\\/msconectado.com.br\\\/?p=26109#breadcrumb\",\"itemListElement\":[{\"@type\":\"ListItem\",\"position\":1,\"name\":\"In\u00edcio\",\"item\":\"https:\\\/\\\/msconectado.com.br\\\/?page_id=105\"},{\"@type\":\"ListItem\",\"position\":2,\"name\":\"Gerson Claro recebe Medalha do M\u00e9rito e destaca disciplina e valores da Pol\u00edcia Militar de MS\"}]},{\"@type\":\"WebSite\",\"@id\":\"https:\\\/\\\/msconectado.com.br\\\/#website\",\"url\":\"https:\\\/\\\/msconectado.com.br\\\/\",\"name\":\"MsConectado\",\"description\":\"Voc\u00ea Conectado com a Not\u00edcia!\",\"publisher\":{\"@id\":\"https:\\\/\\\/msconectado.com.br\\\/#organization\"},\"potentialAction\":[{\"@type\":\"SearchAction\",\"target\":{\"@type\":\"EntryPoint\",\"urlTemplate\":\"https:\\\/\\\/msconectado.com.br\\\/?s={search_term_string}\"},\"query-input\":{\"@type\":\"PropertyValueSpecification\",\"valueRequired\":true,\"valueName\":\"search_term_string\"}}],\"inLanguage\":\"pt-BR\"},{\"@type\":\"Organization\",\"@id\":\"https:\\\/\\\/msconectado.com.br\\\/#organization\",\"name\":\"MsConectado\",\"url\":\"https:\\\/\\\/msconectado.com.br\\\/\",\"logo\":{\"@type\":\"ImageObject\",\"inLanguage\":\"pt-BR\",\"@id\":\"https:\\\/\\\/msconectado.com.br\\\/#\\\/schema\\\/logo\\\/image\\\/\",\"url\":\"https:\\\/\\\/msconectado.com.br\\\/wp-content\\\/uploads\\\/2023\\\/01\\\/cropped-noticia-2.png\",\"contentUrl\":\"https:\\\/\\\/msconectado.com.br\\\/wp-content\\\/uploads\\\/2023\\\/01\\\/cropped-noticia-2.png\",\"width\":720,\"height\":157,\"caption\":\"MsConectado\"},\"image\":{\"@id\":\"https:\\\/\\\/msconectado.com.br\\\/#\\\/schema\\\/logo\\\/image\\\/\"}},{\"@type\":\"Person\",\"@id\":\"https:\\\/\\\/msconectado.com.br\\\/#\\\/schema\\\/person\\\/feb123a95a93eebea36f0ed6a2e5ba48\",\"name\":\"Jeferson\",\"image\":{\"@type\":\"ImageObject\",\"inLanguage\":\"pt-BR\",\"@id\":\"https:\\\/\\\/secure.gravatar.com\\\/avatar\\\/e23e8901c88f0cdc0ad479ef7a39bf3e4c806344549c087c00b721a65549a328?s=96&d=mm&r=g\",\"url\":\"https:\\\/\\\/secure.gravatar.com\\\/avatar\\\/e23e8901c88f0cdc0ad479ef7a39bf3e4c806344549c087c00b721a65549a328?s=96&d=mm&r=g\",\"contentUrl\":\"https:\\\/\\\/secure.gravatar.com\\\/avatar\\\/e23e8901c88f0cdc0ad479ef7a39bf3e4c806344549c087c00b721a65549a328?s=96&d=mm&r=g\",\"caption\":\"Jeferson\"},\"url\":\"https:\\\/\\\/msconectado.com.br\\\/?author=3\"}]}<\/script>\n<!-- \/ Yoast SEO plugin. -->","yoast_head_json":{"title":"Gerson Claro recebe Medalha do M\u00e9rito e destaca disciplina e valores da Pol\u00edcia Militar de MS - MsConectado","robots":{"index":"index","follow":"follow","max-snippet":"max-snippet:-1","max-image-preview":"max-image-preview:large","max-video-preview":"max-video-preview:-1"},"canonical":"https:\/\/msconectado.com.br\/?p=26109","og_locale":"pt_BR","og_type":"article","og_title":"Gerson Claro recebe Medalha do M\u00e9rito e destaca disciplina e valores da Pol\u00edcia Militar de MS - MsConectado","og_description":"O deputado estadual e presidente da Assembleia Legislativa de Mato Grosso do Sul, Gerson Claro (PP), foi um dos homenageados na solenidade em comemora\u00e7\u00e3o aos 190 anos da Pol\u00edcia Militar de Mato Grosso do Sul (PMMS), realizada nesta quinta-feira (4), no Comando-Geral da corpora\u00e7\u00e3o, em Campo Grande. Durante a cerim\u00f4nia, que contou com a presen\u00e7a [&hellip;]","og_url":"https:\/\/msconectado.com.br\/?p=26109","og_site_name":"MsConectado","article_published_time":"2025-09-06T11:35:43+00:00","article_modified_time":"2025-09-06T11:37:43+00:00","og_image":[{"width":2560,"height":1502,"url":"https:\/\/msconectado.com.br\/wp-content\/uploads\/2025\/09\/Imagem-do-WhatsApp-de-2025-09-05-as-12.14.08_ef5bd97b-scaled-1-e1757158649513.jpg","type":"image\/jpeg"}],"author":"Jeferson","twitter_card":"summary_large_image","twitter_misc":{"Escrito por":"Jeferson","Est. tempo de leitura":"2 minutos"},"schema":{"@context":"https:\/\/schema.org","@graph":[{"@type":"Article","@id":"https:\/\/msconectado.com.br\/?p=26109#article","isPartOf":{"@id":"https:\/\/msconectado.com.br\/?p=26109"},"author":{"name":"Jeferson","@id":"https:\/\/msconectado.com.br\/#\/schema\/person\/feb123a95a93eebea36f0ed6a2e5ba48"},"headline":"Gerson Claro recebe Medalha do M\u00e9rito e destaca disciplina e valores da Pol\u00edcia Militar de MS","datePublished":"2025-09-06T11:35:43+00:00","dateModified":"2025-09-06T11:37:43+00:00","mainEntityOfPage":{"@id":"https:\/\/msconectado.com.br\/?p=26109"},"wordCount":317,"commentCount":0,"publisher":{"@id":"https:\/\/msconectado.com.br\/#organization"},"image":{"@id":"https:\/\/msconectado.com.br\/?p=26109#primaryimage"},"thumbnailUrl":"https:\/\/msconectado.com.br\/wp-content\/uploads\/2025\/09\/Imagem-do-WhatsApp-de-2025-09-05-as-12.14.08_ef5bd97b-scaled-1-e1757158649513.jpg","articleSection":["Assembleia Legislativa"],"inLanguage":"pt-BR","potentialAction":[{"@type":"CommentAction","name":"Comment","target":["https:\/\/msconectado.com.br\/?p=26109#respond"]}]},{"@type":"WebPage","@id":"https:\/\/msconectado.com.br\/?p=26109","url":"https:\/\/msconectado.com.br\/?p=26109","name":"Gerson Claro recebe Medalha do M\u00e9rito e destaca disciplina e valores da Pol\u00edcia Militar de MS - MsConectado","isPartOf":{"@id":"https:\/\/msconectado.com.br\/#website"},"primaryImageOfPage":{"@id":"https:\/\/msconectado.com.br\/?p=26109#primaryimage"},"image":{"@id":"https:\/\/msconectado.com.br\/?p=26109#primaryimage"},"thumbnailUrl":"https:\/\/msconectado.com.br\/wp-content\/uploads\/2025\/09\/Imagem-do-WhatsApp-de-2025-09-05-as-12.14.08_ef5bd97b-scaled-1-e1757158649513.jpg","datePublished":"2025-09-06T11:35:43+00:00","dateModified":"2025-09-06T11:37:43+00:00","breadcrumb":{"@id":"https:\/\/msconectado.com.br\/?p=26109#breadcrumb"},"inLanguage":"pt-BR","potentialAction":[{"@type":"ReadAction","target":["https:\/\/msconectado.com.br\/?p=26109"]}]},{"@type":"ImageObject","inLanguage":"pt-BR","@id":"https:\/\/msconectado.com.br\/?p=26109#primaryimage","url":"https:\/\/msconectado.com.br\/wp-content\/uploads\/2025\/09\/Imagem-do-WhatsApp-de-2025-09-05-as-12.14.08_ef5bd97b-scaled-1-e1757158649513.jpg","contentUrl":"https:\/\/msconectado.com.br\/wp-content\/uploads\/2025\/09\/Imagem-do-WhatsApp-de-2025-09-05-as-12.14.08_ef5bd97b-scaled-1-e1757158649513.jpg","width":2560,"height":1502},{"@type":"BreadcrumbList","@id":"https:\/\/msconectado.com.br\/?p=26109#breadcrumb","itemListElement":[{"@type":"ListItem","position":1,"name":"In\u00edcio","item":"https:\/\/msconectado.com.br\/?page_id=105"},{"@type":"ListItem","position":2,"name":"Gerson Claro recebe Medalha do M\u00e9rito e destaca disciplina e valores da Pol\u00edcia Militar de MS"}]},{"@type":"WebSite","@id":"https:\/\/msconectado.com.br\/#website","url":"https:\/\/msconectado.com.br\/","name":"MsConectado","description":"Voc\u00ea Conectado com a Not\u00edcia!","publisher":{"@id":"https:\/\/msconectado.com.br\/#organization"},"potentialAction":[{"@type":"SearchAction","target":{"@type":"EntryPoint","urlTemplate":"https:\/\/msconectado.com.br\/?s={search_term_string}"},"query-input":{"@type":"PropertyValueSpecification","valueRequired":true,"valueName":"search_term_string"}}],"inLanguage":"pt-BR"},{"@type":"Organization","@id":"https:\/\/msconectado.com.br\/#organization","name":"MsConectado","url":"https:\/\/msconectado.com.br\/","logo":{"@type":"ImageObject","inLanguage":"pt-BR","@id":"https:\/\/msconectado.com.br\/#\/schema\/logo\/image\/","url":"https:\/\/msconectado.com.br\/wp-content\/uploads\/2023\/01\/cropped-noticia-2.png","contentUrl":"https:\/\/msconectado.com.br\/wp-content\/uploads\/2023\/01\/cropped-noticia-2.png","width":720,"height":157,"caption":"MsConectado"},"image":{"@id":"https:\/\/msconectado.com.br\/#\/schema\/logo\/image\/"}},{"@type":"Person","@id":"https:\/\/msconectado.com.br\/#\/schema\/person\/feb123a95a93eebea36f0ed6a2e5ba48","name":"Jeferson","image":{"@type":"ImageObject","inLanguage":"pt-BR","@id":"https:\/\/secure.gravatar.com\/avatar\/e23e8901c88f0cdc0ad479ef7a39bf3e4c806344549c087c00b721a65549a328?s=96&d=mm&r=g","url":"https:\/\/secure.gravatar.com\/avatar\/e23e8901c88f0cdc0ad479ef7a39bf3e4c806344549c087c00b721a65549a328?s=96&d=mm&r=g","contentUrl":"https:\/\/secure.gravatar.com\/avatar\/e23e8901c88f0cdc0ad479ef7a39bf3e4c806344549c087c00b721a65549a328?s=96&d=mm&r=g","caption":"Jeferson"},"url":"https:\/\/msconectado.com.br\/?author=3"}]}},"_links":{"self":[{"href":"https:\/\/msconectado.com.br\/index.php?rest_route=\/wp\/v2\/posts\/26109","targetHints":{"allow":["GET"]}}],"collection":[{"href":"https:\/\/msconectado.com.br\/index.php?rest_route=\/wp\/v2\/posts"}],"about":[{"href":"https:\/\/msconectado.com.br\/index.php?rest_route=\/wp\/v2\/types\/post"}],"author":[{"embeddable":true,"href":"https:\/\/msconectado.com.br\/index.php?rest_route=\/wp\/v2\/users\/3"}],"replies":[{"embeddable":true,"href":"https:\/\/msconectado.com.br\/index.php?rest_route=%2Fwp%2Fv2%2Fcomments&post=26109"}],"version-history":[{"count":1,"href":"https:\/\/msconectado.com.br\/index.php?rest_route=\/wp\/v2\/posts\/26109\/revisions"}],"predecessor-version":[{"id":26111,"href":"https:\/\/msconectado.com.br\/index.php?rest_route=\/wp\/v2\/posts\/26109\/revisions\/26111"}],"wp:featuredmedia":[{"embeddable":true,"href":"https:\/\/msconectado.com.br\/index.php?rest_route=\/wp\/v2\/media\/26110"}],"wp:attachment":[{"href":"https:\/\/msconectado.com.br\/index.php?rest_route=%2Fwp%2Fv2%2Fmedia&parent=26109"}],"wp:term":[{"taxonomy":"category","embeddable":true,"href":"https:\/\/msconectado.com.br\/index.php?rest_route=%2Fwp%2Fv2%2Fcategories&post=26109"},{"taxonomy":"post_tag","embeddable":true,"href":"https:\/\/msconectado.com.br\/index.php?rest_route=%2Fwp%2Fv2%2Ftags&post=26109"}],"curies":[{"name":"wp","href":"https:\/\/api.w.org\/{rel}","templated":true}]}}