{"id":26115,"date":"2025-09-08T17:24:56","date_gmt":"2025-09-08T17:24:56","guid":{"rendered":"https:\/\/msconectado.com.br\/?p=26115"},"modified":"2025-09-08T17:25:24","modified_gmt":"2025-09-08T17:25:24","slug":"pesquisa-aponta-caravina-entre-os-tres-deputados-mais-bem-avaliados-de-mato-grosso-do-sul","status":"publish","type":"post","link":"https:\/\/msconectado.com.br\/?p=26115","title":{"rendered":"Pesquisa aponta Caravina entre os tr\u00eas deputados mais bem avaliados de Mato Grosso do Sul"},"content":{"rendered":"\n<p>O deputado estadual Pedro Caravina (PSDB) est\u00e1 entre os tr\u00eas parlamentares mais bem avaliados da Assembleia Legislativa de Mato Grosso do Sul, de acordo com pesquisa realizada pelo Instituto Ranking Brasil Intelig\u00eancia, encomendada pela Rede de R\u00e1dios Top FM. O levantamento ouviu 3 mil pessoas em 30 munic\u00edpios do Estado entre os dias 1\u00ba e 6 de setembro. A margem de erro \u00e9 de 1,8 ponto percentual, com n\u00edvel de confian\u00e7a de 95%<\/p>\n\n\n\n<p>Na sondagem espont\u00e2nea sobre a atua\u00e7\u00e3o dos 24 deputados estaduais, Caravina aparece em 3\u00ba lugar, com 7,1% das men\u00e7\u00f5es, ficando atr\u00e1s apenas do Presidente da Casa de leis, Gerson Claro (PP), que lidera com 13%, e do 1\u00ba secret\u00e1rio, Paulo Corr\u00eaa (PSDB), com 10,2%.<\/p>\n\n\n<div class=\"wp-block-image\">\n<figure class=\"aligncenter size-full is-resized\"><img fetchpriority=\"high\" decoding=\"async\" width=\"999\" height=\"707\" src=\"https:\/\/msconectado.com.br\/wp-content\/uploads\/2025\/09\/image-1.png\" alt=\"\" class=\"wp-image-26117\" style=\"width:675px;height:auto\" srcset=\"https:\/\/msconectado.com.br\/wp-content\/uploads\/2025\/09\/image-1.png 999w, https:\/\/msconectado.com.br\/wp-content\/uploads\/2025\/09\/image-1-300x212.png 300w, https:\/\/msconectado.com.br\/wp-content\/uploads\/2025\/09\/image-1-768x544.png 768w\" sizes=\"(max-width: 999px) 100vw, 999px\" \/><\/figure>\n<\/div>\n\n\n<p><strong>Trajet\u00f3ria e atua\u00e7\u00e3o<\/strong><\/p>\n\n\n\n<p>Ex-prefeito de Bataguassu por dois mandatos, Caravina trouxe para a Assembleia experi\u00eancia administrativa e forte rela\u00e7\u00e3o com o municipalismo. Sua atua\u00e7\u00e3o tem sido marcada pela defesa dos interesses dos munic\u00edpios, com proposi\u00e7\u00f5es voltadas para a sa\u00fade, infraestrutura e fortalecimento das gest\u00f5es locais.<\/p>\n\n\n\n<p>Atualmente, preside a Comiss\u00e3o de Constitui\u00e7\u00e3o, Justi\u00e7a e Reda\u00e7\u00e3o (CCJR) da Assembleia Legislativa, posi\u00e7\u00e3o estrat\u00e9gica que lhe confere papel central na an\u00e1lise e encaminhamento de projetos de lei, garantindo que as proposi\u00e7\u00f5es respeitem a legisla\u00e7\u00e3o e os princ\u00edpios constitucionais antes de chegarem ao plen\u00e1rio. Al\u00e9m disso, lidera debates importantes sobre temas estruturantes para o estado, refor\u00e7ando sua atua\u00e7\u00e3o como um dos parlamentares mais influentes e bem avaliados do Legislativo sul-mato-grossense.<\/p>\n\n\n\n<p>Com informa\u00e7\u00f5es: Ranking Pesquisas<\/p>\n\n\n<div class=\"wp-block-image\">\n<figure class=\"aligncenter size-full\"><img decoding=\"async\" width=\"900\" height=\"100\" src=\"https:\/\/msconectado.com.br\/wp-content\/uploads\/2025\/08\/900x100_GOV_DENGUE-1.gif\" alt=\"\" class=\"wp-image-25959\"\/><\/figure>\n<\/div>","protected":false},"excerpt":{"rendered":"<p>O deputado estadual Pedro Caravina (PSDB) est\u00e1 entre os tr\u00eas parlamentares mais bem avaliados da Assembleia Legislativa de Mato Grosso do Sul, de acordo com pesquisa realizada pelo Instituto Ranking Brasil Intelig\u00eancia, encomendada pela Rede de R\u00e1dios Top FM. O levantamento ouviu 3 mil pessoas em 30 munic\u00edpios do Estado entre os dias 1\u00ba e [&hellip;]<\/p>\n","protected":false},"author":3,"featured_media":26118,"comment_status":"open","ping_status":"closed","sticky":false,"template":"","format":"standard","meta":{"footnotes":""},"categories":[38,35],"tags":[],"class_list":["post-26115","post","type-post","status-publish","format-standard","has-post-thumbnail","hentry","category-assembleia-legislativa","category-cidades"],"yoast_head":"<!-- This site is optimized with the Yoast SEO plugin v27.5 - https:\/\/yoast.com\/product\/yoast-seo-wordpress\/ -->\n<title>Pesquisa aponta Caravina entre os tr\u00eas deputados mais bem avaliados de Mato Grosso do Sul - MsConectado<\/title>\n<meta name=\"robots\" content=\"index, follow, max-snippet:-1, max-image-preview:large, max-video-preview:-1\" \/>\n<link rel=\"canonical\" href=\"https:\/\/msconectado.com.br\/?p=26115\" \/>\n<meta property=\"og:locale\" content=\"pt_BR\" \/>\n<meta property=\"og:type\" content=\"article\" \/>\n<meta property=\"og:title\" content=\"Pesquisa aponta Caravina entre os tr\u00eas deputados mais bem avaliados de Mato Grosso do Sul - MsConectado\" \/>\n<meta property=\"og:description\" content=\"O deputado estadual Pedro Caravina (PSDB) est\u00e1 entre os tr\u00eas parlamentares mais bem avaliados da Assembleia Legislativa de Mato Grosso do Sul, de acordo com pesquisa realizada pelo Instituto Ranking Brasil Intelig\u00eancia, encomendada pela Rede de R\u00e1dios Top FM. O levantamento ouviu 3 mil pessoas em 30 munic\u00edpios do Estado entre os dias 1\u00ba e [&hellip;]\" \/>\n<meta property=\"og:url\" content=\"https:\/\/msconectado.com.br\/?p=26115\" \/>\n<meta property=\"og:site_name\" content=\"MsConectado\" \/>\n<meta property=\"article:published_time\" content=\"2025-09-08T17:24:56+00:00\" \/>\n<meta property=\"article:modified_time\" content=\"2025-09-08T17:25:24+00:00\" \/>\n<meta property=\"og:image\" content=\"https:\/\/msconectado.com.br\/wp-content\/uploads\/2025\/09\/4-2-e1757352154821.jpg\" \/>\n\t<meta property=\"og:image:width\" content=\"1280\" \/>\n\t<meta property=\"og:image:height\" content=\"736\" \/>\n\t<meta property=\"og:image:type\" content=\"image\/jpeg\" \/>\n<meta name=\"author\" content=\"Jeferson\" \/>\n<meta name=\"twitter:card\" content=\"summary_large_image\" \/>\n<meta name=\"twitter:label1\" content=\"Escrito por\" \/>\n\t<meta name=\"twitter:data1\" content=\"Jeferson\" \/>\n\t<meta name=\"twitter:label2\" content=\"Est. tempo de leitura\" \/>\n\t<meta name=\"twitter:data2\" content=\"2 minutos\" \/>\n<script type=\"application\/ld+json\" class=\"yoast-schema-graph\">{\"@context\":\"https:\\\/\\\/schema.org\",\"@graph\":[{\"@type\":\"Article\",\"@id\":\"https:\\\/\\\/msconectado.com.br\\\/?p=26115#article\",\"isPartOf\":{\"@id\":\"https:\\\/\\\/msconectado.com.br\\\/?p=26115\"},\"author\":{\"name\":\"Jeferson\",\"@id\":\"https:\\\/\\\/msconectado.com.br\\\/#\\\/schema\\\/person\\\/feb123a95a93eebea36f0ed6a2e5ba48\"},\"headline\":\"Pesquisa aponta Caravina entre os tr\u00eas deputados mais bem avaliados de Mato Grosso do Sul\",\"datePublished\":\"2025-09-08T17:24:56+00:00\",\"dateModified\":\"2025-09-08T17:25:24+00:00\",\"mainEntityOfPage\":{\"@id\":\"https:\\\/\\\/msconectado.com.br\\\/?p=26115\"},\"wordCount\":275,\"commentCount\":0,\"publisher\":{\"@id\":\"https:\\\/\\\/msconectado.com.br\\\/#organization\"},\"image\":{\"@id\":\"https:\\\/\\\/msconectado.com.br\\\/?p=26115#primaryimage\"},\"thumbnailUrl\":\"https:\\\/\\\/msconectado.com.br\\\/wp-content\\\/uploads\\\/2025\\\/09\\\/4-2-e1757352154821.jpg\",\"articleSection\":[\"Assembleia Legislativa\",\"Cidades\"],\"inLanguage\":\"pt-BR\",\"potentialAction\":[{\"@type\":\"CommentAction\",\"name\":\"Comment\",\"target\":[\"https:\\\/\\\/msconectado.com.br\\\/?p=26115#respond\"]}]},{\"@type\":\"WebPage\",\"@id\":\"https:\\\/\\\/msconectado.com.br\\\/?p=26115\",\"url\":\"https:\\\/\\\/msconectado.com.br\\\/?p=26115\",\"name\":\"Pesquisa aponta Caravina entre os tr\u00eas deputados mais bem avaliados de Mato Grosso do Sul - MsConectado\",\"isPartOf\":{\"@id\":\"https:\\\/\\\/msconectado.com.br\\\/#website\"},\"primaryImageOfPage\":{\"@id\":\"https:\\\/\\\/msconectado.com.br\\\/?p=26115#primaryimage\"},\"image\":{\"@id\":\"https:\\\/\\\/msconectado.com.br\\\/?p=26115#primaryimage\"},\"thumbnailUrl\":\"https:\\\/\\\/msconectado.com.br\\\/wp-content\\\/uploads\\\/2025\\\/09\\\/4-2-e1757352154821.jpg\",\"datePublished\":\"2025-09-08T17:24:56+00:00\",\"dateModified\":\"2025-09-08T17:25:24+00:00\",\"breadcrumb\":{\"@id\":\"https:\\\/\\\/msconectado.com.br\\\/?p=26115#breadcrumb\"},\"inLanguage\":\"pt-BR\",\"potentialAction\":[{\"@type\":\"ReadAction\",\"target\":[\"https:\\\/\\\/msconectado.com.br\\\/?p=26115\"]}]},{\"@type\":\"ImageObject\",\"inLanguage\":\"pt-BR\",\"@id\":\"https:\\\/\\\/msconectado.com.br\\\/?p=26115#primaryimage\",\"url\":\"https:\\\/\\\/msconectado.com.br\\\/wp-content\\\/uploads\\\/2025\\\/09\\\/4-2-e1757352154821.jpg\",\"contentUrl\":\"https:\\\/\\\/msconectado.com.br\\\/wp-content\\\/uploads\\\/2025\\\/09\\\/4-2-e1757352154821.jpg\",\"width\":1280,\"height\":736},{\"@type\":\"BreadcrumbList\",\"@id\":\"https:\\\/\\\/msconectado.com.br\\\/?p=26115#breadcrumb\",\"itemListElement\":[{\"@type\":\"ListItem\",\"position\":1,\"name\":\"In\u00edcio\",\"item\":\"https:\\\/\\\/msconectado.com.br\\\/?page_id=105\"},{\"@type\":\"ListItem\",\"position\":2,\"name\":\"Pesquisa aponta Caravina entre os tr\u00eas deputados mais bem avaliados de Mato Grosso do Sul\"}]},{\"@type\":\"WebSite\",\"@id\":\"https:\\\/\\\/msconectado.com.br\\\/#website\",\"url\":\"https:\\\/\\\/msconectado.com.br\\\/\",\"name\":\"MsConectado\",\"description\":\"Voc\u00ea Conectado com a Not\u00edcia!\",\"publisher\":{\"@id\":\"https:\\\/\\\/msconectado.com.br\\\/#organization\"},\"potentialAction\":[{\"@type\":\"SearchAction\",\"target\":{\"@type\":\"EntryPoint\",\"urlTemplate\":\"https:\\\/\\\/msconectado.com.br\\\/?s={search_term_string}\"},\"query-input\":{\"@type\":\"PropertyValueSpecification\",\"valueRequired\":true,\"valueName\":\"search_term_string\"}}],\"inLanguage\":\"pt-BR\"},{\"@type\":\"Organization\",\"@id\":\"https:\\\/\\\/msconectado.com.br\\\/#organization\",\"name\":\"MsConectado\",\"url\":\"https:\\\/\\\/msconectado.com.br\\\/\",\"logo\":{\"@type\":\"ImageObject\",\"inLanguage\":\"pt-BR\",\"@id\":\"https:\\\/\\\/msconectado.com.br\\\/#\\\/schema\\\/logo\\\/image\\\/\",\"url\":\"https:\\\/\\\/msconectado.com.br\\\/wp-content\\\/uploads\\\/2023\\\/01\\\/cropped-noticia-2.png\",\"contentUrl\":\"https:\\\/\\\/msconectado.com.br\\\/wp-content\\\/uploads\\\/2023\\\/01\\\/cropped-noticia-2.png\",\"width\":720,\"height\":157,\"caption\":\"MsConectado\"},\"image\":{\"@id\":\"https:\\\/\\\/msconectado.com.br\\\/#\\\/schema\\\/logo\\\/image\\\/\"}},{\"@type\":\"Person\",\"@id\":\"https:\\\/\\\/msconectado.com.br\\\/#\\\/schema\\\/person\\\/feb123a95a93eebea36f0ed6a2e5ba48\",\"name\":\"Jeferson\",\"image\":{\"@type\":\"ImageObject\",\"inLanguage\":\"pt-BR\",\"@id\":\"https:\\\/\\\/secure.gravatar.com\\\/avatar\\\/e23e8901c88f0cdc0ad479ef7a39bf3e4c806344549c087c00b721a65549a328?s=96&d=mm&r=g\",\"url\":\"https:\\\/\\\/secure.gravatar.com\\\/avatar\\\/e23e8901c88f0cdc0ad479ef7a39bf3e4c806344549c087c00b721a65549a328?s=96&d=mm&r=g\",\"contentUrl\":\"https:\\\/\\\/secure.gravatar.com\\\/avatar\\\/e23e8901c88f0cdc0ad479ef7a39bf3e4c806344549c087c00b721a65549a328?s=96&d=mm&r=g\",\"caption\":\"Jeferson\"},\"url\":\"https:\\\/\\\/msconectado.com.br\\\/?author=3\"}]}<\/script>\n<!-- \/ Yoast SEO plugin. -->","yoast_head_json":{"title":"Pesquisa aponta Caravina entre os tr\u00eas deputados mais bem avaliados de Mato Grosso do Sul - MsConectado","robots":{"index":"index","follow":"follow","max-snippet":"max-snippet:-1","max-image-preview":"max-image-preview:large","max-video-preview":"max-video-preview:-1"},"canonical":"https:\/\/msconectado.com.br\/?p=26115","og_locale":"pt_BR","og_type":"article","og_title":"Pesquisa aponta Caravina entre os tr\u00eas deputados mais bem avaliados de Mato Grosso do Sul - MsConectado","og_description":"O deputado estadual Pedro Caravina (PSDB) est\u00e1 entre os tr\u00eas parlamentares mais bem avaliados da Assembleia Legislativa de Mato Grosso do Sul, de acordo com pesquisa realizada pelo Instituto Ranking Brasil Intelig\u00eancia, encomendada pela Rede de R\u00e1dios Top FM. O levantamento ouviu 3 mil pessoas em 30 munic\u00edpios do Estado entre os dias 1\u00ba e [&hellip;]","og_url":"https:\/\/msconectado.com.br\/?p=26115","og_site_name":"MsConectado","article_published_time":"2025-09-08T17:24:56+00:00","article_modified_time":"2025-09-08T17:25:24+00:00","og_image":[{"width":1280,"height":736,"url":"https:\/\/msconectado.com.br\/wp-content\/uploads\/2025\/09\/4-2-e1757352154821.jpg","type":"image\/jpeg"}],"author":"Jeferson","twitter_card":"summary_large_image","twitter_misc":{"Escrito por":"Jeferson","Est. tempo de leitura":"2 minutos"},"schema":{"@context":"https:\/\/schema.org","@graph":[{"@type":"Article","@id":"https:\/\/msconectado.com.br\/?p=26115#article","isPartOf":{"@id":"https:\/\/msconectado.com.br\/?p=26115"},"author":{"name":"Jeferson","@id":"https:\/\/msconectado.com.br\/#\/schema\/person\/feb123a95a93eebea36f0ed6a2e5ba48"},"headline":"Pesquisa aponta Caravina entre os tr\u00eas deputados mais bem avaliados de Mato Grosso do Sul","datePublished":"2025-09-08T17:24:56+00:00","dateModified":"2025-09-08T17:25:24+00:00","mainEntityOfPage":{"@id":"https:\/\/msconectado.com.br\/?p=26115"},"wordCount":275,"commentCount":0,"publisher":{"@id":"https:\/\/msconectado.com.br\/#organization"},"image":{"@id":"https:\/\/msconectado.com.br\/?p=26115#primaryimage"},"thumbnailUrl":"https:\/\/msconectado.com.br\/wp-content\/uploads\/2025\/09\/4-2-e1757352154821.jpg","articleSection":["Assembleia Legislativa","Cidades"],"inLanguage":"pt-BR","potentialAction":[{"@type":"CommentAction","name":"Comment","target":["https:\/\/msconectado.com.br\/?p=26115#respond"]}]},{"@type":"WebPage","@id":"https:\/\/msconectado.com.br\/?p=26115","url":"https:\/\/msconectado.com.br\/?p=26115","name":"Pesquisa aponta Caravina entre os tr\u00eas deputados mais bem avaliados de Mato Grosso do Sul - MsConectado","isPartOf":{"@id":"https:\/\/msconectado.com.br\/#website"},"primaryImageOfPage":{"@id":"https:\/\/msconectado.com.br\/?p=26115#primaryimage"},"image":{"@id":"https:\/\/msconectado.com.br\/?p=26115#primaryimage"},"thumbnailUrl":"https:\/\/msconectado.com.br\/wp-content\/uploads\/2025\/09\/4-2-e1757352154821.jpg","datePublished":"2025-09-08T17:24:56+00:00","dateModified":"2025-09-08T17:25:24+00:00","breadcrumb":{"@id":"https:\/\/msconectado.com.br\/?p=26115#breadcrumb"},"inLanguage":"pt-BR","potentialAction":[{"@type":"ReadAction","target":["https:\/\/msconectado.com.br\/?p=26115"]}]},{"@type":"ImageObject","inLanguage":"pt-BR","@id":"https:\/\/msconectado.com.br\/?p=26115#primaryimage","url":"https:\/\/msconectado.com.br\/wp-content\/uploads\/2025\/09\/4-2-e1757352154821.jpg","contentUrl":"https:\/\/msconectado.com.br\/wp-content\/uploads\/2025\/09\/4-2-e1757352154821.jpg","width":1280,"height":736},{"@type":"BreadcrumbList","@id":"https:\/\/msconectado.com.br\/?p=26115#breadcrumb","itemListElement":[{"@type":"ListItem","position":1,"name":"In\u00edcio","item":"https:\/\/msconectado.com.br\/?page_id=105"},{"@type":"ListItem","position":2,"name":"Pesquisa aponta Caravina entre os tr\u00eas deputados mais bem avaliados de Mato Grosso do Sul"}]},{"@type":"WebSite","@id":"https:\/\/msconectado.com.br\/#website","url":"https:\/\/msconectado.com.br\/","name":"MsConectado","description":"Voc\u00ea Conectado com a Not\u00edcia!","publisher":{"@id":"https:\/\/msconectado.com.br\/#organization"},"potentialAction":[{"@type":"SearchAction","target":{"@type":"EntryPoint","urlTemplate":"https:\/\/msconectado.com.br\/?s={search_term_string}"},"query-input":{"@type":"PropertyValueSpecification","valueRequired":true,"valueName":"search_term_string"}}],"inLanguage":"pt-BR"},{"@type":"Organization","@id":"https:\/\/msconectado.com.br\/#organization","name":"MsConectado","url":"https:\/\/msconectado.com.br\/","logo":{"@type":"ImageObject","inLanguage":"pt-BR","@id":"https:\/\/msconectado.com.br\/#\/schema\/logo\/image\/","url":"https:\/\/msconectado.com.br\/wp-content\/uploads\/2023\/01\/cropped-noticia-2.png","contentUrl":"https:\/\/msconectado.com.br\/wp-content\/uploads\/2023\/01\/cropped-noticia-2.png","width":720,"height":157,"caption":"MsConectado"},"image":{"@id":"https:\/\/msconectado.com.br\/#\/schema\/logo\/image\/"}},{"@type":"Person","@id":"https:\/\/msconectado.com.br\/#\/schema\/person\/feb123a95a93eebea36f0ed6a2e5ba48","name":"Jeferson","image":{"@type":"ImageObject","inLanguage":"pt-BR","@id":"https:\/\/secure.gravatar.com\/avatar\/e23e8901c88f0cdc0ad479ef7a39bf3e4c806344549c087c00b721a65549a328?s=96&d=mm&r=g","url":"https:\/\/secure.gravatar.com\/avatar\/e23e8901c88f0cdc0ad479ef7a39bf3e4c806344549c087c00b721a65549a328?s=96&d=mm&r=g","contentUrl":"https:\/\/secure.gravatar.com\/avatar\/e23e8901c88f0cdc0ad479ef7a39bf3e4c806344549c087c00b721a65549a328?s=96&d=mm&r=g","caption":"Jeferson"},"url":"https:\/\/msconectado.com.br\/?author=3"}]}},"_links":{"self":[{"href":"https:\/\/msconectado.com.br\/index.php?rest_route=\/wp\/v2\/posts\/26115","targetHints":{"allow":["GET"]}}],"collection":[{"href":"https:\/\/msconectado.com.br\/index.php?rest_route=\/wp\/v2\/posts"}],"about":[{"href":"https:\/\/msconectado.com.br\/index.php?rest_route=\/wp\/v2\/types\/post"}],"author":[{"embeddable":true,"href":"https:\/\/msconectado.com.br\/index.php?rest_route=\/wp\/v2\/users\/3"}],"replies":[{"embeddable":true,"href":"https:\/\/msconectado.com.br\/index.php?rest_route=%2Fwp%2Fv2%2Fcomments&post=26115"}],"version-history":[{"count":1,"href":"https:\/\/msconectado.com.br\/index.php?rest_route=\/wp\/v2\/posts\/26115\/revisions"}],"predecessor-version":[{"id":26119,"href":"https:\/\/msconectado.com.br\/index.php?rest_route=\/wp\/v2\/posts\/26115\/revisions\/26119"}],"wp:featuredmedia":[{"embeddable":true,"href":"https:\/\/msconectado.com.br\/index.php?rest_route=\/wp\/v2\/media\/26118"}],"wp:attachment":[{"href":"https:\/\/msconectado.com.br\/index.php?rest_route=%2Fwp%2Fv2%2Fmedia&parent=26115"}],"wp:term":[{"taxonomy":"category","embeddable":true,"href":"https:\/\/msconectado.com.br\/index.php?rest_route=%2Fwp%2Fv2%2Fcategories&post=26115"},{"taxonomy":"post_tag","embeddable":true,"href":"https:\/\/msconectado.com.br\/index.php?rest_route=%2Fwp%2Fv2%2Ftags&post=26115"}],"curies":[{"name":"wp","href":"https:\/\/api.w.org\/{rel}","templated":true}]}}