
{"id":26138,"date":"2025-09-11T19:23:39","date_gmt":"2025-09-11T19:23:39","guid":{"rendered":"https:\/\/msconectado.com.br\/?p=26138"},"modified":"2025-09-11T19:23:42","modified_gmt":"2025-09-11T19:23:42","slug":"maracaju-sedia-encontro-das-salas-do-empreendedor-da-regiao-sul","status":"publish","type":"post","link":"https:\/\/msconectado.com.br\/?p=26138","title":{"rendered":"Maracaju sedia Encontro das Salas do Empreendedor da Regi\u00e3o Sul"},"content":{"rendered":"\n<p>Nos dias 11 e 12 de setembro de 2025, Maracaju se torna palco de um dos mais importantes eventos de fomento ao empreendedorismo da regi\u00e3o: o Encontro das Salas do Empreendedor da Regi\u00e3o Sul. A programa\u00e7\u00e3o acontece no Espa\u00e7o Sicredi, dentro do Sindicato Rural, e tamb\u00e9m na SEDEMA (Rua Dracena, n\u00ba 2410 \u2013 Centro).<\/p>\n\n\n\n<p>Promovido pelo SEBRAE, o encontro tem como objetivo oferecer capacita\u00e7\u00e3o sobre temas espec\u00edficos de atendimento ao Microempreendedor Individual (MEI), estimular o networking entre os representantes das Salas do Empreendedor e compartilhar experi\u00eancias que fortalecem o ambiente de neg\u00f3cios na regi\u00e3o.<\/p>\n\n\n\n<p>Excepcionalmente neste semestre, Maracaju foi escolhida como sede do encontro, reunindo Agentes de Desenvolvimento e Atendentes de 20 munic\u00edpios da Regi\u00e3o Sul, entre eles: Rio Brilhante, Nova Andradina, Deod\u00e1polis, Anauril\u00e2ndia, Ivinhema, Navira\u00ed, Dourados, Ponta Por\u00e3, Caarap\u00f3, Amambai, Aral Moreira, Tacuru, Eldorado, Coronel Sapucaia, Sete Quedas, Jate\u00ed, Japor\u00e3, Itapor\u00e3, Douradina e Paranhos.<\/p>\n\n\n\n<p>A abertura oficial ocorreu na tarde desta quinta-feira (11\/09) e segue at\u00e9 o fim da tarde de sexta-feira (12\/09).<\/p>\n\n\n\n<h3 class=\"wp-block-heading\"><a><\/a>Com uma programa\u00e7\u00e3o diversificada o evento conta com uma s\u00e9rie de apresenta\u00e7\u00f5es e atividades voltadas ao fortalecimento do empreendedorismo:<\/h3>\n\n\n\n<ul class=\"wp-block-list\">\n<li>Apresenta\u00e7\u00e3o da Secretaria de Desenvolvimento \u2013 com Agadir Mossman<br><br><\/li>\n\n\n\n<li>Rede Estendida Sebrae \u2013 com Dhiego<br><br><\/li>\n\n\n\n<li>Caso de Sucesso: <em>A experi\u00eancia do Selo Diamante da Sala de Maracaju<\/em> \u2013 com Lalesca<br><br><\/li>\n\n\n\n<li>Orienta\u00e7\u00f5es sobre o Microempreendedor Individual (MEI) \u2013 Regional Sul<br><br><\/li>\n\n\n\n<li>Utilizando o sistema FOCO \u2013 com Roberta e Felipe<br><br><\/li>\n\n\n\n<li>Visita \u00e0 Feira Gastron\u00f4mica Local<br><br><\/li>\n\n\n\n<li>Solu\u00e7\u00f5es e Programas Sebrae \u2013 Regional<br><br><\/li>\n\n\n\n<li>Case de Sucesso: <em>Luciana Machado<\/em>, empreendedora e propriet\u00e1ria da Boutique do Chimarr\u00e3o e Terer\u00e9<br><br><\/li>\n<\/ul>\n\n\n\n<p>Tamb\u00e9m participam do encontro os representantes do Sebrae\/MS: o gerente regional Sul, Marcus Faria, e os analistas t\u00e9cnicos Emerson Paulo, Luiz Cavalcante, Vanessa Reis, Roberta Serafim e Diego Costa.<\/p>\n\n\n\n<p>O secret\u00e1rio de Desenvolvimento Econ\u00f4mico e Meio Ambiente de Maracaju, Agadir Mossman, destacou a import\u00e2ncia de sediar o evento:<\/p>\n\n\n\n<p><em>\u201cReceber o Encontro das Salas do Empreendedor aqui em Maracaju \u00e9 motivo de orgulho para n\u00f3s. Este espa\u00e7o de aprendizado e troca de experi\u00eancias mostra o quanto nossa cidade tem se destacado na promo\u00e7\u00e3o de boas pr\u00e1ticas e inova\u00e7\u00e3o. Mais do que compartilhar conhecimento, este evento fortalece a rede de apoio ao empreendedor, criando conex\u00f5es que impulsionam neg\u00f3cios e contribuem para o desenvolvimento regional.\u201d<\/em><\/p>\n\n\n\n<h3 class=\"wp-block-heading\"><a><\/a><strong>Sala do Empreendedor como refer\u00eancia<\/strong><\/h3>\n\n\n\n<p>Al\u00e9m de sediar o encontro, Maracaju tamb\u00e9m se destaca por sua Sala do Empreendedor, que se tornou refer\u00eancia em qualidade de atendimento e inova\u00e7\u00e3o, conquistando o Selo Diamante, maior reconhecimento concedido pelo Sebrae \u00e0s Salas que se destacam em boas pr\u00e1ticas. O pr\u00eamio consolida o munic\u00edpio como exemplo de gest\u00e3o empreendedora, fortalecendo ainda mais o papel da cidade como protagonista no desenvolvimento econ\u00f4mico da Regi\u00e3o Sul de Mato Grosso do Sul.<\/p>\n\n\n\n<p>Assessria<\/p>\n\n\n\n<figure class=\"wp-block-image size-full\"><img fetchpriority=\"high\" decoding=\"async\" width=\"900\" height=\"100\" src=\"https:\/\/msconectado.com.br\/wp-content\/uploads\/2025\/08\/900x100_GOV_DENGUE-1.gif\" alt=\"\" class=\"wp-image-25959\"\/><\/figure>\n","protected":false},"excerpt":{"rendered":"<p>Nos dias 11 e 12 de setembro de 2025, Maracaju se torna palco de um dos mais importantes eventos de fomento ao empreendedorismo da regi\u00e3o: o Encontro das Salas do Empreendedor da Regi\u00e3o Sul. A programa\u00e7\u00e3o acontece no Espa\u00e7o Sicredi, dentro do Sindicato Rural, e tamb\u00e9m na SEDEMA (Rua Dracena, n\u00ba 2410 \u2013 Centro). Promovido [&hellip;]<\/p>\n","protected":false},"author":3,"featured_media":26139,"comment_status":"open","ping_status":"closed","sticky":false,"template":"","format":"standard","meta":{"footnotes":""},"categories":[35,1,33],"tags":[],"class_list":["post-26138","post","type-post","status-publish","format-standard","has-post-thumbnail","hentry","category-cidades","category-noticia","category-politica"],"yoast_head":"<!-- This site is optimized with the Yoast SEO plugin v27.5 - https:\/\/yoast.com\/product\/yoast-seo-wordpress\/ -->\n<title>Maracaju sedia Encontro das Salas do Empreendedor da Regi\u00e3o Sul - MsConectado<\/title>\n<meta name=\"robots\" content=\"index, follow, max-snippet:-1, max-image-preview:large, max-video-preview:-1\" \/>\n<link rel=\"canonical\" href=\"https:\/\/msconectado.com.br\/?p=26138\" \/>\n<meta property=\"og:locale\" content=\"pt_BR\" \/>\n<meta property=\"og:type\" content=\"article\" \/>\n<meta property=\"og:title\" content=\"Maracaju sedia Encontro das Salas do Empreendedor da Regi\u00e3o Sul - MsConectado\" \/>\n<meta property=\"og:description\" content=\"Nos dias 11 e 12 de setembro de 2025, Maracaju se torna palco de um dos mais importantes eventos de fomento ao empreendedorismo da regi\u00e3o: o Encontro das Salas do Empreendedor da Regi\u00e3o Sul. A programa\u00e7\u00e3o acontece no Espa\u00e7o Sicredi, dentro do Sindicato Rural, e tamb\u00e9m na SEDEMA (Rua Dracena, n\u00ba 2410 \u2013 Centro). Promovido [&hellip;]\" \/>\n<meta property=\"og:url\" content=\"https:\/\/msconectado.com.br\/?p=26138\" \/>\n<meta property=\"og:site_name\" content=\"MsConectado\" \/>\n<meta property=\"article:published_time\" content=\"2025-09-11T19:23:39+00:00\" \/>\n<meta property=\"article:modified_time\" content=\"2025-09-11T19:23:42+00:00\" \/>\n<meta property=\"og:image\" content=\"https:\/\/msconectado.com.br\/wp-content\/uploads\/2025\/09\/521d4a9f-c51a-4ad9-b901-41ec725d17f9-2.jpg\" \/>\n\t<meta property=\"og:image:width\" content=\"1600\" \/>\n\t<meta property=\"og:image:height\" content=\"1066\" \/>\n\t<meta property=\"og:image:type\" content=\"image\/jpeg\" \/>\n<meta name=\"author\" content=\"Jeferson\" \/>\n<meta name=\"twitter:card\" content=\"summary_large_image\" \/>\n<meta name=\"twitter:label1\" content=\"Escrito por\" \/>\n\t<meta name=\"twitter:data1\" content=\"Jeferson\" \/>\n\t<meta name=\"twitter:label2\" content=\"Est. tempo de leitura\" \/>\n\t<meta name=\"twitter:data2\" content=\"3 minutos\" \/>\n<script type=\"application\/ld+json\" class=\"yoast-schema-graph\">{\"@context\":\"https:\\\/\\\/schema.org\",\"@graph\":[{\"@type\":\"Article\",\"@id\":\"https:\\\/\\\/msconectado.com.br\\\/?p=26138#article\",\"isPartOf\":{\"@id\":\"https:\\\/\\\/msconectado.com.br\\\/?p=26138\"},\"author\":{\"name\":\"Jeferson\",\"@id\":\"https:\\\/\\\/msconectado.com.br\\\/#\\\/schema\\\/person\\\/feb123a95a93eebea36f0ed6a2e5ba48\"},\"headline\":\"Maracaju sedia Encontro das Salas do Empreendedor da Regi\u00e3o Sul\",\"datePublished\":\"2025-09-11T19:23:39+00:00\",\"dateModified\":\"2025-09-11T19:23:42+00:00\",\"mainEntityOfPage\":{\"@id\":\"https:\\\/\\\/msconectado.com.br\\\/?p=26138\"},\"wordCount\":489,\"commentCount\":0,\"publisher\":{\"@id\":\"https:\\\/\\\/msconectado.com.br\\\/#organization\"},\"image\":{\"@id\":\"https:\\\/\\\/msconectado.com.br\\\/?p=26138#primaryimage\"},\"thumbnailUrl\":\"https:\\\/\\\/msconectado.com.br\\\/wp-content\\\/uploads\\\/2025\\\/09\\\/521d4a9f-c51a-4ad9-b901-41ec725d17f9-2.jpg\",\"articleSection\":[\"Cidades\",\"Not\u00edcia\",\"Pol\u00edtica\"],\"inLanguage\":\"pt-BR\",\"potentialAction\":[{\"@type\":\"CommentAction\",\"name\":\"Comment\",\"target\":[\"https:\\\/\\\/msconectado.com.br\\\/?p=26138#respond\"]}]},{\"@type\":\"WebPage\",\"@id\":\"https:\\\/\\\/msconectado.com.br\\\/?p=26138\",\"url\":\"https:\\\/\\\/msconectado.com.br\\\/?p=26138\",\"name\":\"Maracaju sedia Encontro das Salas do Empreendedor da Regi\u00e3o Sul - MsConectado\",\"isPartOf\":{\"@id\":\"https:\\\/\\\/msconectado.com.br\\\/#website\"},\"primaryImageOfPage\":{\"@id\":\"https:\\\/\\\/msconectado.com.br\\\/?p=26138#primaryimage\"},\"image\":{\"@id\":\"https:\\\/\\\/msconectado.com.br\\\/?p=26138#primaryimage\"},\"thumbnailUrl\":\"https:\\\/\\\/msconectado.com.br\\\/wp-content\\\/uploads\\\/2025\\\/09\\\/521d4a9f-c51a-4ad9-b901-41ec725d17f9-2.jpg\",\"datePublished\":\"2025-09-11T19:23:39+00:00\",\"dateModified\":\"2025-09-11T19:23:42+00:00\",\"breadcrumb\":{\"@id\":\"https:\\\/\\\/msconectado.com.br\\\/?p=26138#breadcrumb\"},\"inLanguage\":\"pt-BR\",\"potentialAction\":[{\"@type\":\"ReadAction\",\"target\":[\"https:\\\/\\\/msconectado.com.br\\\/?p=26138\"]}]},{\"@type\":\"ImageObject\",\"inLanguage\":\"pt-BR\",\"@id\":\"https:\\\/\\\/msconectado.com.br\\\/?p=26138#primaryimage\",\"url\":\"https:\\\/\\\/msconectado.com.br\\\/wp-content\\\/uploads\\\/2025\\\/09\\\/521d4a9f-c51a-4ad9-b901-41ec725d17f9-2.jpg\",\"contentUrl\":\"https:\\\/\\\/msconectado.com.br\\\/wp-content\\\/uploads\\\/2025\\\/09\\\/521d4a9f-c51a-4ad9-b901-41ec725d17f9-2.jpg\",\"width\":1600,\"height\":1066},{\"@type\":\"BreadcrumbList\",\"@id\":\"https:\\\/\\\/msconectado.com.br\\\/?p=26138#breadcrumb\",\"itemListElement\":[{\"@type\":\"ListItem\",\"position\":1,\"name\":\"In\u00edcio\",\"item\":\"https:\\\/\\\/msconectado.com.br\\\/\"},{\"@type\":\"ListItem\",\"position\":2,\"name\":\"Maracaju sedia Encontro das Salas do Empreendedor da Regi\u00e3o Sul\"}]},{\"@type\":\"WebSite\",\"@id\":\"https:\\\/\\\/msconectado.com.br\\\/#website\",\"url\":\"https:\\\/\\\/msconectado.com.br\\\/\",\"name\":\"MsConectado\",\"description\":\"Voc\u00ea Conectado com a Not\u00edcia!\",\"publisher\":{\"@id\":\"https:\\\/\\\/msconectado.com.br\\\/#organization\"},\"potentialAction\":[{\"@type\":\"SearchAction\",\"target\":{\"@type\":\"EntryPoint\",\"urlTemplate\":\"https:\\\/\\\/msconectado.com.br\\\/?s={search_term_string}\"},\"query-input\":{\"@type\":\"PropertyValueSpecification\",\"valueRequired\":true,\"valueName\":\"search_term_string\"}}],\"inLanguage\":\"pt-BR\"},{\"@type\":\"Organization\",\"@id\":\"https:\\\/\\\/msconectado.com.br\\\/#organization\",\"name\":\"MsConectado\",\"url\":\"https:\\\/\\\/msconectado.com.br\\\/\",\"logo\":{\"@type\":\"ImageObject\",\"inLanguage\":\"pt-BR\",\"@id\":\"https:\\\/\\\/msconectado.com.br\\\/#\\\/schema\\\/logo\\\/image\\\/\",\"url\":\"https:\\\/\\\/msconectado.com.br\\\/wp-content\\\/uploads\\\/2023\\\/01\\\/cropped-noticia-2.png\",\"contentUrl\":\"https:\\\/\\\/msconectado.com.br\\\/wp-content\\\/uploads\\\/2023\\\/01\\\/cropped-noticia-2.png\",\"width\":720,\"height\":157,\"caption\":\"MsConectado\"},\"image\":{\"@id\":\"https:\\\/\\\/msconectado.com.br\\\/#\\\/schema\\\/logo\\\/image\\\/\"}},{\"@type\":\"Person\",\"@id\":\"https:\\\/\\\/msconectado.com.br\\\/#\\\/schema\\\/person\\\/feb123a95a93eebea36f0ed6a2e5ba48\",\"name\":\"Jeferson\",\"image\":{\"@type\":\"ImageObject\",\"inLanguage\":\"pt-BR\",\"@id\":\"https:\\\/\\\/secure.gravatar.com\\\/avatar\\\/e23e8901c88f0cdc0ad479ef7a39bf3e4c806344549c087c00b721a65549a328?s=96&d=mm&r=g\",\"url\":\"https:\\\/\\\/secure.gravatar.com\\\/avatar\\\/e23e8901c88f0cdc0ad479ef7a39bf3e4c806344549c087c00b721a65549a328?s=96&d=mm&r=g\",\"contentUrl\":\"https:\\\/\\\/secure.gravatar.com\\\/avatar\\\/e23e8901c88f0cdc0ad479ef7a39bf3e4c806344549c087c00b721a65549a328?s=96&d=mm&r=g\",\"caption\":\"Jeferson\"},\"url\":\"https:\\\/\\\/msconectado.com.br\\\/?author=3\"}]}<\/script>\n<!-- \/ Yoast SEO plugin. -->","yoast_head_json":{"title":"Maracaju sedia Encontro das Salas do Empreendedor da Regi\u00e3o Sul - MsConectado","robots":{"index":"index","follow":"follow","max-snippet":"max-snippet:-1","max-image-preview":"max-image-preview:large","max-video-preview":"max-video-preview:-1"},"canonical":"https:\/\/msconectado.com.br\/?p=26138","og_locale":"pt_BR","og_type":"article","og_title":"Maracaju sedia Encontro das Salas do Empreendedor da Regi\u00e3o Sul - MsConectado","og_description":"Nos dias 11 e 12 de setembro de 2025, Maracaju se torna palco de um dos mais importantes eventos de fomento ao empreendedorismo da regi\u00e3o: o Encontro das Salas do Empreendedor da Regi\u00e3o Sul. A programa\u00e7\u00e3o acontece no Espa\u00e7o Sicredi, dentro do Sindicato Rural, e tamb\u00e9m na SEDEMA (Rua Dracena, n\u00ba 2410 \u2013 Centro). Promovido [&hellip;]","og_url":"https:\/\/msconectado.com.br\/?p=26138","og_site_name":"MsConectado","article_published_time":"2025-09-11T19:23:39+00:00","article_modified_time":"2025-09-11T19:23:42+00:00","og_image":[{"width":1600,"height":1066,"url":"https:\/\/msconectado.com.br\/wp-content\/uploads\/2025\/09\/521d4a9f-c51a-4ad9-b901-41ec725d17f9-2.jpg","type":"image\/jpeg"}],"author":"Jeferson","twitter_card":"summary_large_image","twitter_misc":{"Escrito por":"Jeferson","Est. tempo de leitura":"3 minutos"},"schema":{"@context":"https:\/\/schema.org","@graph":[{"@type":"Article","@id":"https:\/\/msconectado.com.br\/?p=26138#article","isPartOf":{"@id":"https:\/\/msconectado.com.br\/?p=26138"},"author":{"name":"Jeferson","@id":"https:\/\/msconectado.com.br\/#\/schema\/person\/feb123a95a93eebea36f0ed6a2e5ba48"},"headline":"Maracaju sedia Encontro das Salas do Empreendedor da Regi\u00e3o Sul","datePublished":"2025-09-11T19:23:39+00:00","dateModified":"2025-09-11T19:23:42+00:00","mainEntityOfPage":{"@id":"https:\/\/msconectado.com.br\/?p=26138"},"wordCount":489,"commentCount":0,"publisher":{"@id":"https:\/\/msconectado.com.br\/#organization"},"image":{"@id":"https:\/\/msconectado.com.br\/?p=26138#primaryimage"},"thumbnailUrl":"https:\/\/msconectado.com.br\/wp-content\/uploads\/2025\/09\/521d4a9f-c51a-4ad9-b901-41ec725d17f9-2.jpg","articleSection":["Cidades","Not\u00edcia","Pol\u00edtica"],"inLanguage":"pt-BR","potentialAction":[{"@type":"CommentAction","name":"Comment","target":["https:\/\/msconectado.com.br\/?p=26138#respond"]}]},{"@type":"WebPage","@id":"https:\/\/msconectado.com.br\/?p=26138","url":"https:\/\/msconectado.com.br\/?p=26138","name":"Maracaju sedia Encontro das Salas do Empreendedor da Regi\u00e3o Sul - MsConectado","isPartOf":{"@id":"https:\/\/msconectado.com.br\/#website"},"primaryImageOfPage":{"@id":"https:\/\/msconectado.com.br\/?p=26138#primaryimage"},"image":{"@id":"https:\/\/msconectado.com.br\/?p=26138#primaryimage"},"thumbnailUrl":"https:\/\/msconectado.com.br\/wp-content\/uploads\/2025\/09\/521d4a9f-c51a-4ad9-b901-41ec725d17f9-2.jpg","datePublished":"2025-09-11T19:23:39+00:00","dateModified":"2025-09-11T19:23:42+00:00","breadcrumb":{"@id":"https:\/\/msconectado.com.br\/?p=26138#breadcrumb"},"inLanguage":"pt-BR","potentialAction":[{"@type":"ReadAction","target":["https:\/\/msconectado.com.br\/?p=26138"]}]},{"@type":"ImageObject","inLanguage":"pt-BR","@id":"https:\/\/msconectado.com.br\/?p=26138#primaryimage","url":"https:\/\/msconectado.com.br\/wp-content\/uploads\/2025\/09\/521d4a9f-c51a-4ad9-b901-41ec725d17f9-2.jpg","contentUrl":"https:\/\/msconectado.com.br\/wp-content\/uploads\/2025\/09\/521d4a9f-c51a-4ad9-b901-41ec725d17f9-2.jpg","width":1600,"height":1066},{"@type":"BreadcrumbList","@id":"https:\/\/msconectado.com.br\/?p=26138#breadcrumb","itemListElement":[{"@type":"ListItem","position":1,"name":"In\u00edcio","item":"https:\/\/msconectado.com.br\/"},{"@type":"ListItem","position":2,"name":"Maracaju sedia Encontro das Salas do Empreendedor da Regi\u00e3o Sul"}]},{"@type":"WebSite","@id":"https:\/\/msconectado.com.br\/#website","url":"https:\/\/msconectado.com.br\/","name":"MsConectado","description":"Voc\u00ea Conectado com a Not\u00edcia!","publisher":{"@id":"https:\/\/msconectado.com.br\/#organization"},"potentialAction":[{"@type":"SearchAction","target":{"@type":"EntryPoint","urlTemplate":"https:\/\/msconectado.com.br\/?s={search_term_string}"},"query-input":{"@type":"PropertyValueSpecification","valueRequired":true,"valueName":"search_term_string"}}],"inLanguage":"pt-BR"},{"@type":"Organization","@id":"https:\/\/msconectado.com.br\/#organization","name":"MsConectado","url":"https:\/\/msconectado.com.br\/","logo":{"@type":"ImageObject","inLanguage":"pt-BR","@id":"https:\/\/msconectado.com.br\/#\/schema\/logo\/image\/","url":"https:\/\/msconectado.com.br\/wp-content\/uploads\/2023\/01\/cropped-noticia-2.png","contentUrl":"https:\/\/msconectado.com.br\/wp-content\/uploads\/2023\/01\/cropped-noticia-2.png","width":720,"height":157,"caption":"MsConectado"},"image":{"@id":"https:\/\/msconectado.com.br\/#\/schema\/logo\/image\/"}},{"@type":"Person","@id":"https:\/\/msconectado.com.br\/#\/schema\/person\/feb123a95a93eebea36f0ed6a2e5ba48","name":"Jeferson","image":{"@type":"ImageObject","inLanguage":"pt-BR","@id":"https:\/\/secure.gravatar.com\/avatar\/e23e8901c88f0cdc0ad479ef7a39bf3e4c806344549c087c00b721a65549a328?s=96&d=mm&r=g","url":"https:\/\/secure.gravatar.com\/avatar\/e23e8901c88f0cdc0ad479ef7a39bf3e4c806344549c087c00b721a65549a328?s=96&d=mm&r=g","contentUrl":"https:\/\/secure.gravatar.com\/avatar\/e23e8901c88f0cdc0ad479ef7a39bf3e4c806344549c087c00b721a65549a328?s=96&d=mm&r=g","caption":"Jeferson"},"url":"https:\/\/msconectado.com.br\/?author=3"}]}},"_links":{"self":[{"href":"https:\/\/msconectado.com.br\/index.php?rest_route=\/wp\/v2\/posts\/26138","targetHints":{"allow":["GET"]}}],"collection":[{"href":"https:\/\/msconectado.com.br\/index.php?rest_route=\/wp\/v2\/posts"}],"about":[{"href":"https:\/\/msconectado.com.br\/index.php?rest_route=\/wp\/v2\/types\/post"}],"author":[{"embeddable":true,"href":"https:\/\/msconectado.com.br\/index.php?rest_route=\/wp\/v2\/users\/3"}],"replies":[{"embeddable":true,"href":"https:\/\/msconectado.com.br\/index.php?rest_route=%2Fwp%2Fv2%2Fcomments&post=26138"}],"version-history":[{"count":1,"href":"https:\/\/msconectado.com.br\/index.php?rest_route=\/wp\/v2\/posts\/26138\/revisions"}],"predecessor-version":[{"id":26140,"href":"https:\/\/msconectado.com.br\/index.php?rest_route=\/wp\/v2\/posts\/26138\/revisions\/26140"}],"wp:featuredmedia":[{"embeddable":true,"href":"https:\/\/msconectado.com.br\/index.php?rest_route=\/wp\/v2\/media\/26139"}],"wp:attachment":[{"href":"https:\/\/msconectado.com.br\/index.php?rest_route=%2Fwp%2Fv2%2Fmedia&parent=26138"}],"wp:term":[{"taxonomy":"category","embeddable":true,"href":"https:\/\/msconectado.com.br\/index.php?rest_route=%2Fwp%2Fv2%2Fcategories&post=26138"},{"taxonomy":"post_tag","embeddable":true,"href":"https:\/\/msconectado.com.br\/index.php?rest_route=%2Fwp%2Fv2%2Ftags&post=26138"}],"curies":[{"name":"wp","href":"https:\/\/api.w.org\/{rel}","templated":true}]}}