
{"id":26241,"date":"2025-09-22T15:14:05","date_gmt":"2025-09-22T15:14:05","guid":{"rendered":"https:\/\/msconectado.com.br\/?p=26241"},"modified":"2025-09-22T15:17:21","modified_gmt":"2025-09-22T15:17:21","slug":"uems-abre-inscricoes-para-vestibular-2026-com-871-vagas-em-todo-o-estado-confira-o-edital","status":"publish","type":"post","link":"https:\/\/msconectado.com.br\/?p=26241","title":{"rendered":"UEMS abre inscri\u00e7\u00f5es para Vestibular 2026 com 871 vagas em todo o Estado; confira o edital"},"content":{"rendered":"\n<p>A Universidade Estadual de Mato Grosso do Sul (UEMS) abriu as inscri\u00e7\u00f5es para 871 vagas no Vestibular 2026 da institui\u00e7\u00e3o. A oferta alcan\u00e7a todo o Estado, sendo que as inscri\u00e7\u00f5es podem ser feitas at\u00e9 o dia 6 de novembro, exclusivamente pela internet, no site da Fapec (Funda\u00e7\u00e3o de Apoio \u00e0 Pesquisa, ao Ensino e \u00e0 Cultura) &#8211; o&nbsp;<a href=\"https:\/\/concurso.fapec.org\/\" target=\"_blank\" rel=\"noreferrer noopener\">https:\/\/concurso.fapec.org<\/a>.<\/p>\n\n\n\n<p>Chamado&nbsp;<strong>UEMSVest<\/strong>, o processo seletivo &#8211; regulado pelo Edital de Inscri\u00e7\u00e3o n\u00ba 178\/2025 &#8211; contempla cursos de bacharelado e licenciatura em diversas \u00e1reas, como Medicina, Direito, Agronomia, Enfermagem, Psicologia, Engenharia, Computa\u00e7\u00e3o, Pedagogia, Letras, entre outros. O valor da taxa de inscri\u00e7\u00e3o \u00e9 de R$ 100 com possibilidade de solicita\u00e7\u00e3o de isen\u00e7\u00e3o at\u00e9 o dia 15 de outubro.<\/p>\n\n\n\n<p>As provas do Vestibular UEMS 2026 ser\u00e3o aplicadas no dia 23 de novembro, no per\u00edodo da manh\u00e3, em 18 munic\u00edpios do Estado, incluindo Campo Grande, Dourados, Tr\u00eas Lagoas, Navira\u00ed, Ponta Por\u00e3 e Corumb\u00e1.<\/p>\n\n\n\n<p><strong>Sobre a prova<\/strong><\/p>\n\n\n\n<p>O exame ser\u00e1 composto por 60 quest\u00f5es objetivas, nas \u00e1reas de Ci\u00eancias da Natureza, Ci\u00eancias Humanas, Linguagens e Matem\u00e1tica, al\u00e9m da prova de reda\u00e7\u00e3o, de car\u00e1ter classificat\u00f3rio. A dura\u00e7\u00e3o ser\u00e1 de cinco horas.<\/p>\n\n\n\n<p>O gabarito preliminar ser\u00e1 divulgado em 26 de novembro e o resultado final do processo seletivo em 20 de janeiro de 2026, no site da FAPEC. As convoca\u00e7\u00f5es para matr\u00edcula ter\u00e3o in\u00edcio a partir de fevereiro de 2026, conforme calend\u00e1rio acad\u00eamico da UEMS.<\/p>\n\n\n\n<p><strong>Inclus\u00e3o e atendimento diferenciado<\/strong><\/p>\n\n\n\n<p>O edital&nbsp;UEMSVest&nbsp;assegura condi\u00e7\u00f5es especiais de prova para candidatos que necessitarem de atendimento diferenciado, como pessoas com defici\u00eancia, lactantes e candidatos com transtornos globais do desenvolvimento. A solicita\u00e7\u00e3o deve ser feita no ato da inscri\u00e7\u00e3o.<\/p>\n\n\n\n<p>Vale lembrar que \u00e9 de responsabilidade exclusiva do candidato ou candidata acompanhar as publica\u00e7\u00f5es e as divulga\u00e7\u00f5es dos Editais e dos demais atos nos portais:&nbsp;<\/p>\n\n\n\n<p><strong>Servi\u00e7o<\/strong><\/p>\n\n\n\n<ul class=\"wp-block-list\">\n<li><strong>Inscri\u00e7\u00f5es<\/strong>: 19\/09 a 06\/11\/2025<\/li>\n\n\n\n<li><strong>Solicita\u00e7\u00e3o de isen\u00e7\u00e3o da taxa<\/strong>: at\u00e9 15\/10\/2025<\/li>\n\n\n\n<li><strong>Valor da inscri\u00e7\u00e3o<\/strong>: R$ 100,00<\/li>\n\n\n\n<li><strong>Provas<\/strong>: 23\/11\/2025<\/li>\n\n\n\n<li><strong>Divulga\u00e7\u00e3o do resultado<\/strong>: 20\/01\/2026<\/li>\n\n\n\n<li><strong>Site para inscri\u00e7\u00e3o<\/strong>:\u00a0<a href=\"https:\/\/concurso.fapec.org\/\" target=\"_blank\" rel=\"noreferrer noopener\">https:\/\/concurso.fapec.org<\/a><\/li>\n<\/ul>\n\n\n\n<p>O edital completo, com a lista de cursos, distribui\u00e7\u00e3o de vagas e demais informa\u00e7\u00f5es, est\u00e1 dispon\u00edvel no portal da UEMS:&nbsp;<a href=\"http:\/\/www.uems.br\/\" target=\"_blank\" rel=\"noreferrer noopener\">www.uems.br<\/a><\/p>\n\n\n\n<p><strong>Cursos do UEMSVest distribu\u00eddos por Unidades Universit\u00e1rias<\/strong><\/p>\n\n\n\n<p><strong>Aquidauana<\/strong><\/p>\n\n\n\n<ul class=\"wp-block-list\">\n<li>Agronomia \u2013 Bacharelado (Integral)<\/li>\n\n\n\n<li>Direito \u2013 Bacharelado (Noturno)<\/li>\n\n\n\n<li>Engenharia Florestal \u2013 Bacharelado (Integral)<\/li>\n\n\n\n<li>Zootecnia \u2013 Bacharelado (Integral)<\/li>\n<\/ul>\n\n\n\n<p><strong>Bataguassu<\/strong><\/p>\n\n\n\n<ul class=\"wp-block-list\">\n<li>Direito \u2013 Bacharelado (Noturno)<\/li>\n<\/ul>\n\n\n\n<p><strong>Campo Grande \u2013 Moreninhas<\/strong><\/p>\n\n\n\n<ul class=\"wp-block-list\">\n<li>Administra\u00e7\u00e3o P\u00fablica \u2013 Bacharelado (Noturno)<\/li>\n\n\n\n<li>Direito \u2013 Bacharelado (Noturno)<\/li>\n<\/ul>\n\n\n\n<p><strong>Campo Grande \u2013 Santo Amaro<\/strong><\/p>\n\n\n\n<ul class=\"wp-block-list\">\n<li>Ci\u00eancias Biol\u00f3gicas \u2013 Bacharelado (Matutino)<\/li>\n\n\n\n<li>Geografia \u2013 Licenciatura (Noturno)<\/li>\n\n\n\n<li>Fonoaudiologia \u2013 Bacharelado (Matutino)<\/li>\n\n\n\n<li>Letras \u2013 Hab. Portugu\u00eas\/Espanhol e suas Literaturas \u2013 Licenciatura (Noturno)<\/li>\n\n\n\n<li>Letras \u2013 Hab. Portugu\u00eas\/Ingl\u00eas e suas Literaturas \u2013 Licenciatura (Noturno)<\/li>\n\n\n\n<li>Medicina \u2013 Bacharelado (Integral)<\/li>\n\n\n\n<li>Psicologia \u2013 Bacharelado (Matutino)<\/li>\n\n\n\n<li>Pedagogia \u2013 Licenciatura (Noturno)<\/li>\n\n\n\n<li>Terapia Ocupacional \u2013 Bacharelado (Matutino)<\/li>\n\n\n\n<li>Turismo \u2013 Bacharelado (Matutino)<\/li>\n<\/ul>\n\n\n\n<p><strong>Cassil\u00e2ndia<\/strong><\/p>\n\n\n\n<ul class=\"wp-block-list\">\n<li>Agronomia \u2013 Bacharelado (Integral)<\/li>\n<\/ul>\n\n\n\n<p><strong>Coxim<\/strong><\/p>\n\n\n\n<ul class=\"wp-block-list\">\n<li>Psicologia \u2013 Bacharelado (Noturno)<\/li>\n<\/ul>\n\n\n\n<p><strong>Dourados<\/strong><\/p>\n\n\n\n<ul class=\"wp-block-list\">\n<li>Ci\u00eancias Biol\u00f3gicas \u2013 Licenciatura (Noturno)<\/li>\n\n\n\n<li>Ci\u00eancia da Computa\u00e7\u00e3o \u2013 Bacharelado (Integral)<\/li>\n\n\n\n<li>Direito \u2013 Bacharelado (Matutino)<\/li>\n\n\n\n<li>Enfermagem \u2013 Bacharelado (Integral)<\/li>\n\n\n\n<li>Pedagogia \u2013 Licenciatura (Vespertino)<\/li>\n\n\n\n<li>Sistemas de Informa\u00e7\u00e3o \u2013 Bacharelado (Noturno)<\/li>\n<\/ul>\n\n\n\n<p><strong>Jardim<\/strong><\/p>\n\n\n\n<p>Direito \u2013 Bacharelado (Noturno)<\/p>\n\n\n\n<p><strong>Maracaju<\/strong><\/p>\n\n\n\n<ul class=\"wp-block-list\">\n<li>Administra\u00e7\u00e3o \u2013 Bacharelado (Noturno)<\/li>\n\n\n\n<li>Agronomia \u2013 Bacharelado (Integral)<\/li>\n<\/ul>\n\n\n\n<p><strong>Mundo Novo<\/strong><\/p>\n\n\n\n<ul class=\"wp-block-list\">\n<li>Agronomia \u2013 Bacharelado (Integral)<\/li>\n<\/ul>\n\n\n\n<p><strong>Navira\u00ed<\/strong><\/p>\n\n\n\n<ul class=\"wp-block-list\">\n<li>Direito \u2013 Bacharelado (Noturno)<\/li>\n<\/ul>\n\n\n\n<p><strong>Nova Andradina<\/strong><\/p>\n\n\n\n<ul class=\"wp-block-list\">\n<li>Engenharia Civil \u2013 Bacharelado (Noturno)<\/li>\n<\/ul>\n\n\n\n<p><strong>Parana\u00edba<\/strong><\/p>\n\n\n\n<ul class=\"wp-block-list\">\n<li>Direito \u2013 Bacharelado (Matutino)<\/li>\n\n\n\n<li>Direito \u2013 Bacharelado (Noturno)<\/li>\n<\/ul>\n\n\n\n<p><strong>Ponta Por\u00e3<\/strong><\/p>\n\n\n\n<ul class=\"wp-block-list\">\n<li>Ci\u00eancias Cont\u00e1beis \u2013 Bacharelado (Noturno)<\/li>\n<\/ul>\n\n\n\n<p><em>Comunica\u00e7\u00e3o UEMS<\/em><\/p>\n\n\n<div class=\"wp-block-image\">\n<figure class=\"aligncenter size-full\"><img fetchpriority=\"high\" decoding=\"async\" width=\"900\" height=\"100\" src=\"https:\/\/msconectado.com.br\/wp-content\/uploads\/2025\/09\/sicredi.jpg\" alt=\"\" class=\"wp-image-26179\" srcset=\"https:\/\/msconectado.com.br\/wp-content\/uploads\/2025\/09\/sicredi.jpg 900w, https:\/\/msconectado.com.br\/wp-content\/uploads\/2025\/09\/sicredi-300x33.jpg 300w, https:\/\/msconectado.com.br\/wp-content\/uploads\/2025\/09\/sicredi-768x85.jpg 768w\" sizes=\"(max-width: 900px) 100vw, 900px\" \/><\/figure>\n<\/div>\n\n\n<p><\/p>\n","protected":false},"excerpt":{"rendered":"<p>A Universidade Estadual de Mato Grosso do Sul (UEMS) abriu as inscri\u00e7\u00f5es para 871 vagas no Vestibular 2026 da institui\u00e7\u00e3o. A oferta alcan\u00e7a todo o Estado, sendo que as inscri\u00e7\u00f5es podem ser feitas at\u00e9 o dia 6 de novembro, exclusivamente pela internet, no site da Fapec (Funda\u00e7\u00e3o de Apoio \u00e0 Pesquisa, ao Ensino e \u00e0 [&hellip;]<\/p>\n","protected":false},"author":3,"featured_media":26242,"comment_status":"open","ping_status":"closed","sticky":false,"template":"","format":"standard","meta":{"footnotes":""},"categories":[35,36,1],"tags":[],"class_list":["post-26241","post","type-post","status-publish","format-standard","has-post-thumbnail","hentry","category-cidades","category-eventos","category-noticia"],"yoast_head":"<!-- This site is optimized with the Yoast SEO plugin v27.5 - https:\/\/yoast.com\/product\/yoast-seo-wordpress\/ -->\n<title>UEMS abre inscri\u00e7\u00f5es para Vestibular 2026 com 871 vagas em todo o Estado; confira o edital - MsConectado<\/title>\n<meta name=\"robots\" content=\"index, follow, max-snippet:-1, max-image-preview:large, max-video-preview:-1\" \/>\n<link rel=\"canonical\" href=\"https:\/\/msconectado.com.br\/?p=26241\" \/>\n<meta property=\"og:locale\" content=\"pt_BR\" \/>\n<meta property=\"og:type\" content=\"article\" \/>\n<meta property=\"og:title\" content=\"UEMS abre inscri\u00e7\u00f5es para Vestibular 2026 com 871 vagas em todo o Estado; confira o edital - MsConectado\" \/>\n<meta property=\"og:description\" content=\"A Universidade Estadual de Mato Grosso do Sul (UEMS) abriu as inscri\u00e7\u00f5es para 871 vagas no Vestibular 2026 da institui\u00e7\u00e3o. A oferta alcan\u00e7a todo o Estado, sendo que as inscri\u00e7\u00f5es podem ser feitas at\u00e9 o dia 6 de novembro, exclusivamente pela internet, no site da Fapec (Funda\u00e7\u00e3o de Apoio \u00e0 Pesquisa, ao Ensino e \u00e0 [&hellip;]\" \/>\n<meta property=\"og:url\" content=\"https:\/\/msconectado.com.br\/?p=26241\" \/>\n<meta property=\"og:site_name\" content=\"MsConectado\" \/>\n<meta property=\"article:published_time\" content=\"2025-09-22T15:14:05+00:00\" \/>\n<meta property=\"article:modified_time\" content=\"2025-09-22T15:17:21+00:00\" \/>\n<meta property=\"og:image\" content=\"https:\/\/msconectado.com.br\/wp-content\/uploads\/2025\/09\/990c4f89-f7f7-4e56-b078-589b208dff32-2.jpg\" \/>\n\t<meta property=\"og:image:width\" content=\"730\" \/>\n\t<meta property=\"og:image:height\" content=\"480\" \/>\n\t<meta property=\"og:image:type\" content=\"image\/jpeg\" \/>\n<meta name=\"author\" content=\"Jeferson\" \/>\n<meta name=\"twitter:card\" content=\"summary_large_image\" \/>\n<meta name=\"twitter:label1\" content=\"Escrito por\" \/>\n\t<meta name=\"twitter:data1\" content=\"Jeferson\" \/>\n\t<meta name=\"twitter:label2\" content=\"Est. tempo de leitura\" \/>\n\t<meta name=\"twitter:data2\" content=\"4 minutos\" \/>\n<script type=\"application\/ld+json\" class=\"yoast-schema-graph\">{\"@context\":\"https:\\\/\\\/schema.org\",\"@graph\":[{\"@type\":\"Article\",\"@id\":\"https:\\\/\\\/msconectado.com.br\\\/?p=26241#article\",\"isPartOf\":{\"@id\":\"https:\\\/\\\/msconectado.com.br\\\/?p=26241\"},\"author\":{\"name\":\"Jeferson\",\"@id\":\"https:\\\/\\\/msconectado.com.br\\\/#\\\/schema\\\/person\\\/feb123a95a93eebea36f0ed6a2e5ba48\"},\"headline\":\"UEMS abre inscri\u00e7\u00f5es para Vestibular 2026 com 871 vagas em todo o Estado; confira o edital\",\"datePublished\":\"2025-09-22T15:14:05+00:00\",\"dateModified\":\"2025-09-22T15:17:21+00:00\",\"mainEntityOfPage\":{\"@id\":\"https:\\\/\\\/msconectado.com.br\\\/?p=26241\"},\"wordCount\":568,\"commentCount\":0,\"publisher\":{\"@id\":\"https:\\\/\\\/msconectado.com.br\\\/#organization\"},\"image\":{\"@id\":\"https:\\\/\\\/msconectado.com.br\\\/?p=26241#primaryimage\"},\"thumbnailUrl\":\"https:\\\/\\\/msconectado.com.br\\\/wp-content\\\/uploads\\\/2025\\\/09\\\/990c4f89-f7f7-4e56-b078-589b208dff32-2.jpg\",\"articleSection\":[\"Cidades\",\"Eventos\",\"Not\u00edcia\"],\"inLanguage\":\"pt-BR\",\"potentialAction\":[{\"@type\":\"CommentAction\",\"name\":\"Comment\",\"target\":[\"https:\\\/\\\/msconectado.com.br\\\/?p=26241#respond\"]}]},{\"@type\":\"WebPage\",\"@id\":\"https:\\\/\\\/msconectado.com.br\\\/?p=26241\",\"url\":\"https:\\\/\\\/msconectado.com.br\\\/?p=26241\",\"name\":\"UEMS abre inscri\u00e7\u00f5es para Vestibular 2026 com 871 vagas em todo o Estado; confira o edital - MsConectado\",\"isPartOf\":{\"@id\":\"https:\\\/\\\/msconectado.com.br\\\/#website\"},\"primaryImageOfPage\":{\"@id\":\"https:\\\/\\\/msconectado.com.br\\\/?p=26241#primaryimage\"},\"image\":{\"@id\":\"https:\\\/\\\/msconectado.com.br\\\/?p=26241#primaryimage\"},\"thumbnailUrl\":\"https:\\\/\\\/msconectado.com.br\\\/wp-content\\\/uploads\\\/2025\\\/09\\\/990c4f89-f7f7-4e56-b078-589b208dff32-2.jpg\",\"datePublished\":\"2025-09-22T15:14:05+00:00\",\"dateModified\":\"2025-09-22T15:17:21+00:00\",\"breadcrumb\":{\"@id\":\"https:\\\/\\\/msconectado.com.br\\\/?p=26241#breadcrumb\"},\"inLanguage\":\"pt-BR\",\"potentialAction\":[{\"@type\":\"ReadAction\",\"target\":[\"https:\\\/\\\/msconectado.com.br\\\/?p=26241\"]}]},{\"@type\":\"ImageObject\",\"inLanguage\":\"pt-BR\",\"@id\":\"https:\\\/\\\/msconectado.com.br\\\/?p=26241#primaryimage\",\"url\":\"https:\\\/\\\/msconectado.com.br\\\/wp-content\\\/uploads\\\/2025\\\/09\\\/990c4f89-f7f7-4e56-b078-589b208dff32-2.jpg\",\"contentUrl\":\"https:\\\/\\\/msconectado.com.br\\\/wp-content\\\/uploads\\\/2025\\\/09\\\/990c4f89-f7f7-4e56-b078-589b208dff32-2.jpg\",\"width\":730,\"height\":480},{\"@type\":\"BreadcrumbList\",\"@id\":\"https:\\\/\\\/msconectado.com.br\\\/?p=26241#breadcrumb\",\"itemListElement\":[{\"@type\":\"ListItem\",\"position\":1,\"name\":\"In\u00edcio\",\"item\":\"https:\\\/\\\/msconectado.com.br\\\/\"},{\"@type\":\"ListItem\",\"position\":2,\"name\":\"UEMS abre inscri\u00e7\u00f5es para Vestibular 2026 com 871 vagas em todo o Estado; confira o edital\"}]},{\"@type\":\"WebSite\",\"@id\":\"https:\\\/\\\/msconectado.com.br\\\/#website\",\"url\":\"https:\\\/\\\/msconectado.com.br\\\/\",\"name\":\"MsConectado\",\"description\":\"Voc\u00ea Conectado com a Not\u00edcia!\",\"publisher\":{\"@id\":\"https:\\\/\\\/msconectado.com.br\\\/#organization\"},\"potentialAction\":[{\"@type\":\"SearchAction\",\"target\":{\"@type\":\"EntryPoint\",\"urlTemplate\":\"https:\\\/\\\/msconectado.com.br\\\/?s={search_term_string}\"},\"query-input\":{\"@type\":\"PropertyValueSpecification\",\"valueRequired\":true,\"valueName\":\"search_term_string\"}}],\"inLanguage\":\"pt-BR\"},{\"@type\":\"Organization\",\"@id\":\"https:\\\/\\\/msconectado.com.br\\\/#organization\",\"name\":\"MsConectado\",\"url\":\"https:\\\/\\\/msconectado.com.br\\\/\",\"logo\":{\"@type\":\"ImageObject\",\"inLanguage\":\"pt-BR\",\"@id\":\"https:\\\/\\\/msconectado.com.br\\\/#\\\/schema\\\/logo\\\/image\\\/\",\"url\":\"https:\\\/\\\/msconectado.com.br\\\/wp-content\\\/uploads\\\/2023\\\/01\\\/cropped-noticia-2.png\",\"contentUrl\":\"https:\\\/\\\/msconectado.com.br\\\/wp-content\\\/uploads\\\/2023\\\/01\\\/cropped-noticia-2.png\",\"width\":720,\"height\":157,\"caption\":\"MsConectado\"},\"image\":{\"@id\":\"https:\\\/\\\/msconectado.com.br\\\/#\\\/schema\\\/logo\\\/image\\\/\"}},{\"@type\":\"Person\",\"@id\":\"https:\\\/\\\/msconectado.com.br\\\/#\\\/schema\\\/person\\\/feb123a95a93eebea36f0ed6a2e5ba48\",\"name\":\"Jeferson\",\"image\":{\"@type\":\"ImageObject\",\"inLanguage\":\"pt-BR\",\"@id\":\"https:\\\/\\\/secure.gravatar.com\\\/avatar\\\/e23e8901c88f0cdc0ad479ef7a39bf3e4c806344549c087c00b721a65549a328?s=96&d=mm&r=g\",\"url\":\"https:\\\/\\\/secure.gravatar.com\\\/avatar\\\/e23e8901c88f0cdc0ad479ef7a39bf3e4c806344549c087c00b721a65549a328?s=96&d=mm&r=g\",\"contentUrl\":\"https:\\\/\\\/secure.gravatar.com\\\/avatar\\\/e23e8901c88f0cdc0ad479ef7a39bf3e4c806344549c087c00b721a65549a328?s=96&d=mm&r=g\",\"caption\":\"Jeferson\"},\"url\":\"https:\\\/\\\/msconectado.com.br\\\/?author=3\"}]}<\/script>\n<!-- \/ Yoast SEO plugin. -->","yoast_head_json":{"title":"UEMS abre inscri\u00e7\u00f5es para Vestibular 2026 com 871 vagas em todo o Estado; confira o edital - MsConectado","robots":{"index":"index","follow":"follow","max-snippet":"max-snippet:-1","max-image-preview":"max-image-preview:large","max-video-preview":"max-video-preview:-1"},"canonical":"https:\/\/msconectado.com.br\/?p=26241","og_locale":"pt_BR","og_type":"article","og_title":"UEMS abre inscri\u00e7\u00f5es para Vestibular 2026 com 871 vagas em todo o Estado; confira o edital - MsConectado","og_description":"A Universidade Estadual de Mato Grosso do Sul (UEMS) abriu as inscri\u00e7\u00f5es para 871 vagas no Vestibular 2026 da institui\u00e7\u00e3o. A oferta alcan\u00e7a todo o Estado, sendo que as inscri\u00e7\u00f5es podem ser feitas at\u00e9 o dia 6 de novembro, exclusivamente pela internet, no site da Fapec (Funda\u00e7\u00e3o de Apoio \u00e0 Pesquisa, ao Ensino e \u00e0 [&hellip;]","og_url":"https:\/\/msconectado.com.br\/?p=26241","og_site_name":"MsConectado","article_published_time":"2025-09-22T15:14:05+00:00","article_modified_time":"2025-09-22T15:17:21+00:00","og_image":[{"width":730,"height":480,"url":"https:\/\/msconectado.com.br\/wp-content\/uploads\/2025\/09\/990c4f89-f7f7-4e56-b078-589b208dff32-2.jpg","type":"image\/jpeg"}],"author":"Jeferson","twitter_card":"summary_large_image","twitter_misc":{"Escrito por":"Jeferson","Est. tempo de leitura":"4 minutos"},"schema":{"@context":"https:\/\/schema.org","@graph":[{"@type":"Article","@id":"https:\/\/msconectado.com.br\/?p=26241#article","isPartOf":{"@id":"https:\/\/msconectado.com.br\/?p=26241"},"author":{"name":"Jeferson","@id":"https:\/\/msconectado.com.br\/#\/schema\/person\/feb123a95a93eebea36f0ed6a2e5ba48"},"headline":"UEMS abre inscri\u00e7\u00f5es para Vestibular 2026 com 871 vagas em todo o Estado; confira o edital","datePublished":"2025-09-22T15:14:05+00:00","dateModified":"2025-09-22T15:17:21+00:00","mainEntityOfPage":{"@id":"https:\/\/msconectado.com.br\/?p=26241"},"wordCount":568,"commentCount":0,"publisher":{"@id":"https:\/\/msconectado.com.br\/#organization"},"image":{"@id":"https:\/\/msconectado.com.br\/?p=26241#primaryimage"},"thumbnailUrl":"https:\/\/msconectado.com.br\/wp-content\/uploads\/2025\/09\/990c4f89-f7f7-4e56-b078-589b208dff32-2.jpg","articleSection":["Cidades","Eventos","Not\u00edcia"],"inLanguage":"pt-BR","potentialAction":[{"@type":"CommentAction","name":"Comment","target":["https:\/\/msconectado.com.br\/?p=26241#respond"]}]},{"@type":"WebPage","@id":"https:\/\/msconectado.com.br\/?p=26241","url":"https:\/\/msconectado.com.br\/?p=26241","name":"UEMS abre inscri\u00e7\u00f5es para Vestibular 2026 com 871 vagas em todo o Estado; confira o edital - MsConectado","isPartOf":{"@id":"https:\/\/msconectado.com.br\/#website"},"primaryImageOfPage":{"@id":"https:\/\/msconectado.com.br\/?p=26241#primaryimage"},"image":{"@id":"https:\/\/msconectado.com.br\/?p=26241#primaryimage"},"thumbnailUrl":"https:\/\/msconectado.com.br\/wp-content\/uploads\/2025\/09\/990c4f89-f7f7-4e56-b078-589b208dff32-2.jpg","datePublished":"2025-09-22T15:14:05+00:00","dateModified":"2025-09-22T15:17:21+00:00","breadcrumb":{"@id":"https:\/\/msconectado.com.br\/?p=26241#breadcrumb"},"inLanguage":"pt-BR","potentialAction":[{"@type":"ReadAction","target":["https:\/\/msconectado.com.br\/?p=26241"]}]},{"@type":"ImageObject","inLanguage":"pt-BR","@id":"https:\/\/msconectado.com.br\/?p=26241#primaryimage","url":"https:\/\/msconectado.com.br\/wp-content\/uploads\/2025\/09\/990c4f89-f7f7-4e56-b078-589b208dff32-2.jpg","contentUrl":"https:\/\/msconectado.com.br\/wp-content\/uploads\/2025\/09\/990c4f89-f7f7-4e56-b078-589b208dff32-2.jpg","width":730,"height":480},{"@type":"BreadcrumbList","@id":"https:\/\/msconectado.com.br\/?p=26241#breadcrumb","itemListElement":[{"@type":"ListItem","position":1,"name":"In\u00edcio","item":"https:\/\/msconectado.com.br\/"},{"@type":"ListItem","position":2,"name":"UEMS abre inscri\u00e7\u00f5es para Vestibular 2026 com 871 vagas em todo o Estado; confira o edital"}]},{"@type":"WebSite","@id":"https:\/\/msconectado.com.br\/#website","url":"https:\/\/msconectado.com.br\/","name":"MsConectado","description":"Voc\u00ea Conectado com a Not\u00edcia!","publisher":{"@id":"https:\/\/msconectado.com.br\/#organization"},"potentialAction":[{"@type":"SearchAction","target":{"@type":"EntryPoint","urlTemplate":"https:\/\/msconectado.com.br\/?s={search_term_string}"},"query-input":{"@type":"PropertyValueSpecification","valueRequired":true,"valueName":"search_term_string"}}],"inLanguage":"pt-BR"},{"@type":"Organization","@id":"https:\/\/msconectado.com.br\/#organization","name":"MsConectado","url":"https:\/\/msconectado.com.br\/","logo":{"@type":"ImageObject","inLanguage":"pt-BR","@id":"https:\/\/msconectado.com.br\/#\/schema\/logo\/image\/","url":"https:\/\/msconectado.com.br\/wp-content\/uploads\/2023\/01\/cropped-noticia-2.png","contentUrl":"https:\/\/msconectado.com.br\/wp-content\/uploads\/2023\/01\/cropped-noticia-2.png","width":720,"height":157,"caption":"MsConectado"},"image":{"@id":"https:\/\/msconectado.com.br\/#\/schema\/logo\/image\/"}},{"@type":"Person","@id":"https:\/\/msconectado.com.br\/#\/schema\/person\/feb123a95a93eebea36f0ed6a2e5ba48","name":"Jeferson","image":{"@type":"ImageObject","inLanguage":"pt-BR","@id":"https:\/\/secure.gravatar.com\/avatar\/e23e8901c88f0cdc0ad479ef7a39bf3e4c806344549c087c00b721a65549a328?s=96&d=mm&r=g","url":"https:\/\/secure.gravatar.com\/avatar\/e23e8901c88f0cdc0ad479ef7a39bf3e4c806344549c087c00b721a65549a328?s=96&d=mm&r=g","contentUrl":"https:\/\/secure.gravatar.com\/avatar\/e23e8901c88f0cdc0ad479ef7a39bf3e4c806344549c087c00b721a65549a328?s=96&d=mm&r=g","caption":"Jeferson"},"url":"https:\/\/msconectado.com.br\/?author=3"}]}},"_links":{"self":[{"href":"https:\/\/msconectado.com.br\/index.php?rest_route=\/wp\/v2\/posts\/26241","targetHints":{"allow":["GET"]}}],"collection":[{"href":"https:\/\/msconectado.com.br\/index.php?rest_route=\/wp\/v2\/posts"}],"about":[{"href":"https:\/\/msconectado.com.br\/index.php?rest_route=\/wp\/v2\/types\/post"}],"author":[{"embeddable":true,"href":"https:\/\/msconectado.com.br\/index.php?rest_route=\/wp\/v2\/users\/3"}],"replies":[{"embeddable":true,"href":"https:\/\/msconectado.com.br\/index.php?rest_route=%2Fwp%2Fv2%2Fcomments&post=26241"}],"version-history":[{"count":1,"href":"https:\/\/msconectado.com.br\/index.php?rest_route=\/wp\/v2\/posts\/26241\/revisions"}],"predecessor-version":[{"id":26244,"href":"https:\/\/msconectado.com.br\/index.php?rest_route=\/wp\/v2\/posts\/26241\/revisions\/26244"}],"wp:featuredmedia":[{"embeddable":true,"href":"https:\/\/msconectado.com.br\/index.php?rest_route=\/wp\/v2\/media\/26242"}],"wp:attachment":[{"href":"https:\/\/msconectado.com.br\/index.php?rest_route=%2Fwp%2Fv2%2Fmedia&parent=26241"}],"wp:term":[{"taxonomy":"category","embeddable":true,"href":"https:\/\/msconectado.com.br\/index.php?rest_route=%2Fwp%2Fv2%2Fcategories&post=26241"},{"taxonomy":"post_tag","embeddable":true,"href":"https:\/\/msconectado.com.br\/index.php?rest_route=%2Fwp%2Fv2%2Ftags&post=26241"}],"curies":[{"name":"wp","href":"https:\/\/api.w.org\/{rel}","templated":true}]}}