
{"id":26304,"date":"2025-10-02T16:10:20","date_gmt":"2025-10-02T16:10:20","guid":{"rendered":"https:\/\/msconectado.com.br\/?p=26304"},"modified":"2025-10-02T16:10:30","modified_gmt":"2025-10-02T16:10:30","slug":"vereador-catito-destina-mais-de-r-160-mil-para-reforcar-estrutura-do-hospital-soriano-correa-da-silva","status":"publish","type":"post","link":"https:\/\/msconectado.com.br\/?p=26304","title":{"rendered":"Vereador Catito destina mais de R$ 160 mil para refor\u00e7ar estrutura do Hospital Soriano Corr\u00eaa da Silva"},"content":{"rendered":"\n<p><strong>Prefeitura de Maracaju entrega novos equipamentos ao Hospital Soriano Corr\u00eaa da Silva por meio de emenda impositiva do Legislativo.<\/strong><\/p>\n\n\n\n<p><strong>Investimento de mais de R$ 160 mil refor\u00e7a estrutura hospitalar e contribui para a qualidade dos atendimentos prestados \u00e0 comunidade<\/strong><\/p>\n\n\n\n<p>Na manh\u00e3 desta quarta-feira, 1\u00ba de outubro de 2025, a Prefeitura de Maracaju, por meio da Secretaria Municipal de Sa\u00fade, realizou a entrega oficial de novos equipamentos destinados ao Hospital Soriano Corr\u00eaa da Silva. A iniciativa foi poss\u00edvel gra\u00e7as a uma emenda impositiva do Vereador Catito, resultando em um investimento total de <strong>R$ 164.658,85.<\/strong><\/p>\n\n\n\n<p>O recurso foi aplicado na aquisi\u00e7\u00e3o de equipamentos modernos e essenciais para o fortalecimento da estrutura hospitalar, ampliando a capacidade de atendimento e melhorando as condi\u00e7\u00f5es de trabalho das equipes m\u00e9dicas e de enfermagem. Foram entregues 1 (um) aparelho de eletrocardiograma, 1 (um) bisturi eletr\u00f4nico, 4 (quatro) aspiradores cir\u00fargicos port\u00e1teis, 2 (dois) monitores multipar\u00e2metro de capnografia e 1 (uma) mesa ginecol\u00f3gica para ultrassom.<\/p>\n\n\n\n<p>De acordo com o Prefeito Marcos Calderan, a sa\u00fade \u00e9 uma prioridade constante da administra\u00e7\u00e3o municipal, e investimentos como este refletem o compromisso da gest\u00e3o em manter Maracaju como refer\u00eancia em atendimento no interior do estado.<\/p>\n\n\n\n<p>\u201c<em>S\u00e3o equipamentos necess\u00e1rios e que ir\u00e3o auxiliar m\u00e9dicos, enfermeiros e demais colaboradores no cuidado com nossos pacientes. O Hospital segue tendo forte aporte mensal para a manuten\u00e7\u00e3o e custeio de suas atividades. Al\u00e9m disso, passa por um momento importante, em que a comunidade maracajuense o reconhece como sociedade beneficente e o apoia por meio de diversas a\u00e7\u00f5es sociais para melhorar sua estrutura f\u00edsica. Todos dando as m\u00e3os, continuaremos a fazer da nossa sa\u00fade uma refer\u00eancia<\/em>\u201d, afirmouMarcos Calderan.<\/p>\n\n\n\n<p>A Secret\u00e1ria Municipal de Sa\u00fade, Chirlei Rocha, destacou a import\u00e2ncia de fortalecer todas as frentes da sa\u00fade p\u00fablica, ressaltando que o bom funcionamento da aten\u00e7\u00e3o b\u00e1sica contribui diretamente para que o hospital concentre seus esfor\u00e7os nos atendimentos de urg\u00eancia e emerg\u00eancia.<\/p>\n\n\n\n<p>\u201c<em>Seguimos firmes fortalecendo a sa\u00fade como um todo, desde a aten\u00e7\u00e3o b\u00e1sica, que j\u00e1 ajuda a desafogar o hospital, at\u00e9 a nossa sociedade beneficente, mantenedora do hospital. Maracaju \u00e9 uma cidade refer\u00eancia em muitas \u00e1reas, e ofertar uma sa\u00fade de qualidade \u00e9 nossa prioridade<\/em>\u201d, explicou Chirlei Rocha.<\/p>\n\n\n\n<p>Participaram do evento o Prefeito de Maracaju, Marcos Calderan, a Secret\u00e1ria de Sa\u00fade, Chirlei Rocha, o Vereador Catito (autor da emenda), o Presidente da Associa\u00e7\u00e3o Beneficente de Maracaju, Thiago Caminha, o Superintendente do Hospital, Paulo Chagas, a Diretora do Hospital, Dra. Lidiane Beatriz Chiesa, al\u00e9m de colaboradores do hospital e representantes da sociedade civil.<\/p>\n\n\n\n<p>A entrega refor\u00e7a o compromisso da gest\u00e3o municipal com a qualidade dos servi\u00e7os de sa\u00fade e evidencia a import\u00e2ncia da uni\u00e3o entre poder p\u00fablico, legislativo e comunidade para garantir avan\u00e7os concretos e cont\u00ednuos em prol da popula\u00e7\u00e3o maracajuense.<\/p>\n\n\n\n<p>Assessoria<\/p>\n\n\n<div class=\"wp-block-image\">\n<figure class=\"aligncenter size-full\"><img fetchpriority=\"high\" decoding=\"async\" width=\"900\" height=\"100\" src=\"https:\/\/msconectado.com.br\/wp-content\/uploads\/2025\/09\/900x100px.gif\" alt=\"\" class=\"wp-image-26256\"\/><\/figure>\n<\/div>\n\n\n<p><\/p>\n","protected":false},"excerpt":{"rendered":"<p>Prefeitura de Maracaju entrega novos equipamentos ao Hospital Soriano Corr\u00eaa da Silva por meio de emenda impositiva do Legislativo. Investimento de mais de R$ 160 mil refor\u00e7a estrutura hospitalar e contribui para a qualidade dos atendimentos prestados \u00e0 comunidade Na manh\u00e3 desta quarta-feira, 1\u00ba de outubro de 2025, a Prefeitura de Maracaju, por meio da [&hellip;]<\/p>\n","protected":false},"author":3,"featured_media":26305,"comment_status":"open","ping_status":"closed","sticky":false,"template":"","format":"standard","meta":{"footnotes":""},"categories":[33],"tags":[],"class_list":["post-26304","post","type-post","status-publish","format-standard","has-post-thumbnail","hentry","category-politica"],"yoast_head":"<!-- This site is optimized with the Yoast SEO plugin v27.5 - https:\/\/yoast.com\/product\/yoast-seo-wordpress\/ -->\n<title>Vereador Catito destina mais de R$ 160 mil para refor\u00e7ar estrutura do Hospital Soriano Corr\u00eaa da Silva - MsConectado<\/title>\n<meta name=\"robots\" content=\"index, follow, max-snippet:-1, max-image-preview:large, max-video-preview:-1\" \/>\n<link rel=\"canonical\" href=\"https:\/\/msconectado.com.br\/?p=26304\" \/>\n<meta property=\"og:locale\" content=\"pt_BR\" \/>\n<meta property=\"og:type\" content=\"article\" \/>\n<meta property=\"og:title\" content=\"Vereador Catito destina mais de R$ 160 mil para refor\u00e7ar estrutura do Hospital Soriano Corr\u00eaa da Silva - MsConectado\" \/>\n<meta property=\"og:description\" content=\"Prefeitura de Maracaju entrega novos equipamentos ao Hospital Soriano Corr\u00eaa da Silva por meio de emenda impositiva do Legislativo. Investimento de mais de R$ 160 mil refor\u00e7a estrutura hospitalar e contribui para a qualidade dos atendimentos prestados \u00e0 comunidade Na manh\u00e3 desta quarta-feira, 1\u00ba de outubro de 2025, a Prefeitura de Maracaju, por meio da [&hellip;]\" \/>\n<meta property=\"og:url\" content=\"https:\/\/msconectado.com.br\/?p=26304\" \/>\n<meta property=\"og:site_name\" content=\"MsConectado\" \/>\n<meta property=\"article:published_time\" content=\"2025-10-02T16:10:20+00:00\" \/>\n<meta property=\"article:modified_time\" content=\"2025-10-02T16:10:30+00:00\" \/>\n<meta property=\"og:image\" content=\"https:\/\/msconectado.com.br\/wp-content\/uploads\/2025\/10\/essa.jpg\" \/>\n\t<meta property=\"og:image:width\" content=\"1600\" \/>\n\t<meta property=\"og:image:height\" content=\"1066\" \/>\n\t<meta property=\"og:image:type\" content=\"image\/jpeg\" \/>\n<meta name=\"author\" content=\"Jeferson\" \/>\n<meta name=\"twitter:card\" content=\"summary_large_image\" \/>\n<meta name=\"twitter:label1\" content=\"Escrito por\" \/>\n\t<meta name=\"twitter:data1\" content=\"Jeferson\" \/>\n\t<meta name=\"twitter:label2\" content=\"Est. tempo de leitura\" \/>\n\t<meta name=\"twitter:data2\" content=\"3 minutos\" \/>\n<script type=\"application\/ld+json\" class=\"yoast-schema-graph\">{\"@context\":\"https:\\\/\\\/schema.org\",\"@graph\":[{\"@type\":\"Article\",\"@id\":\"https:\\\/\\\/msconectado.com.br\\\/?p=26304#article\",\"isPartOf\":{\"@id\":\"https:\\\/\\\/msconectado.com.br\\\/?p=26304\"},\"author\":{\"name\":\"Jeferson\",\"@id\":\"https:\\\/\\\/msconectado.com.br\\\/#\\\/schema\\\/person\\\/feb123a95a93eebea36f0ed6a2e5ba48\"},\"headline\":\"Vereador Catito destina mais de R$ 160 mil para refor\u00e7ar estrutura do Hospital Soriano Corr\u00eaa da Silva\",\"datePublished\":\"2025-10-02T16:10:20+00:00\",\"dateModified\":\"2025-10-02T16:10:30+00:00\",\"mainEntityOfPage\":{\"@id\":\"https:\\\/\\\/msconectado.com.br\\\/?p=26304\"},\"wordCount\":513,\"commentCount\":0,\"publisher\":{\"@id\":\"https:\\\/\\\/msconectado.com.br\\\/#organization\"},\"image\":{\"@id\":\"https:\\\/\\\/msconectado.com.br\\\/?p=26304#primaryimage\"},\"thumbnailUrl\":\"https:\\\/\\\/msconectado.com.br\\\/wp-content\\\/uploads\\\/2025\\\/10\\\/essa.jpg\",\"articleSection\":[\"Pol\u00edtica\"],\"inLanguage\":\"pt-BR\",\"potentialAction\":[{\"@type\":\"CommentAction\",\"name\":\"Comment\",\"target\":[\"https:\\\/\\\/msconectado.com.br\\\/?p=26304#respond\"]}]},{\"@type\":\"WebPage\",\"@id\":\"https:\\\/\\\/msconectado.com.br\\\/?p=26304\",\"url\":\"https:\\\/\\\/msconectado.com.br\\\/?p=26304\",\"name\":\"Vereador Catito destina mais de R$ 160 mil para refor\u00e7ar estrutura do Hospital Soriano Corr\u00eaa da Silva - MsConectado\",\"isPartOf\":{\"@id\":\"https:\\\/\\\/msconectado.com.br\\\/#website\"},\"primaryImageOfPage\":{\"@id\":\"https:\\\/\\\/msconectado.com.br\\\/?p=26304#primaryimage\"},\"image\":{\"@id\":\"https:\\\/\\\/msconectado.com.br\\\/?p=26304#primaryimage\"},\"thumbnailUrl\":\"https:\\\/\\\/msconectado.com.br\\\/wp-content\\\/uploads\\\/2025\\\/10\\\/essa.jpg\",\"datePublished\":\"2025-10-02T16:10:20+00:00\",\"dateModified\":\"2025-10-02T16:10:30+00:00\",\"breadcrumb\":{\"@id\":\"https:\\\/\\\/msconectado.com.br\\\/?p=26304#breadcrumb\"},\"inLanguage\":\"pt-BR\",\"potentialAction\":[{\"@type\":\"ReadAction\",\"target\":[\"https:\\\/\\\/msconectado.com.br\\\/?p=26304\"]}]},{\"@type\":\"ImageObject\",\"inLanguage\":\"pt-BR\",\"@id\":\"https:\\\/\\\/msconectado.com.br\\\/?p=26304#primaryimage\",\"url\":\"https:\\\/\\\/msconectado.com.br\\\/wp-content\\\/uploads\\\/2025\\\/10\\\/essa.jpg\",\"contentUrl\":\"https:\\\/\\\/msconectado.com.br\\\/wp-content\\\/uploads\\\/2025\\\/10\\\/essa.jpg\",\"width\":1600,\"height\":1066},{\"@type\":\"BreadcrumbList\",\"@id\":\"https:\\\/\\\/msconectado.com.br\\\/?p=26304#breadcrumb\",\"itemListElement\":[{\"@type\":\"ListItem\",\"position\":1,\"name\":\"In\u00edcio\",\"item\":\"https:\\\/\\\/msconectado.com.br\\\/\"},{\"@type\":\"ListItem\",\"position\":2,\"name\":\"Vereador Catito destina mais de R$ 160 mil para refor\u00e7ar estrutura do Hospital Soriano Corr\u00eaa da Silva\"}]},{\"@type\":\"WebSite\",\"@id\":\"https:\\\/\\\/msconectado.com.br\\\/#website\",\"url\":\"https:\\\/\\\/msconectado.com.br\\\/\",\"name\":\"MsConectado\",\"description\":\"Voc\u00ea Conectado com a Not\u00edcia!\",\"publisher\":{\"@id\":\"https:\\\/\\\/msconectado.com.br\\\/#organization\"},\"potentialAction\":[{\"@type\":\"SearchAction\",\"target\":{\"@type\":\"EntryPoint\",\"urlTemplate\":\"https:\\\/\\\/msconectado.com.br\\\/?s={search_term_string}\"},\"query-input\":{\"@type\":\"PropertyValueSpecification\",\"valueRequired\":true,\"valueName\":\"search_term_string\"}}],\"inLanguage\":\"pt-BR\"},{\"@type\":\"Organization\",\"@id\":\"https:\\\/\\\/msconectado.com.br\\\/#organization\",\"name\":\"MsConectado\",\"url\":\"https:\\\/\\\/msconectado.com.br\\\/\",\"logo\":{\"@type\":\"ImageObject\",\"inLanguage\":\"pt-BR\",\"@id\":\"https:\\\/\\\/msconectado.com.br\\\/#\\\/schema\\\/logo\\\/image\\\/\",\"url\":\"https:\\\/\\\/msconectado.com.br\\\/wp-content\\\/uploads\\\/2023\\\/01\\\/cropped-noticia-2.png\",\"contentUrl\":\"https:\\\/\\\/msconectado.com.br\\\/wp-content\\\/uploads\\\/2023\\\/01\\\/cropped-noticia-2.png\",\"width\":720,\"height\":157,\"caption\":\"MsConectado\"},\"image\":{\"@id\":\"https:\\\/\\\/msconectado.com.br\\\/#\\\/schema\\\/logo\\\/image\\\/\"}},{\"@type\":\"Person\",\"@id\":\"https:\\\/\\\/msconectado.com.br\\\/#\\\/schema\\\/person\\\/feb123a95a93eebea36f0ed6a2e5ba48\",\"name\":\"Jeferson\",\"image\":{\"@type\":\"ImageObject\",\"inLanguage\":\"pt-BR\",\"@id\":\"https:\\\/\\\/secure.gravatar.com\\\/avatar\\\/e23e8901c88f0cdc0ad479ef7a39bf3e4c806344549c087c00b721a65549a328?s=96&d=mm&r=g\",\"url\":\"https:\\\/\\\/secure.gravatar.com\\\/avatar\\\/e23e8901c88f0cdc0ad479ef7a39bf3e4c806344549c087c00b721a65549a328?s=96&d=mm&r=g\",\"contentUrl\":\"https:\\\/\\\/secure.gravatar.com\\\/avatar\\\/e23e8901c88f0cdc0ad479ef7a39bf3e4c806344549c087c00b721a65549a328?s=96&d=mm&r=g\",\"caption\":\"Jeferson\"},\"url\":\"https:\\\/\\\/msconectado.com.br\\\/?author=3\"}]}<\/script>\n<!-- \/ Yoast SEO plugin. -->","yoast_head_json":{"title":"Vereador Catito destina mais de R$ 160 mil para refor\u00e7ar estrutura do Hospital Soriano Corr\u00eaa da Silva - MsConectado","robots":{"index":"index","follow":"follow","max-snippet":"max-snippet:-1","max-image-preview":"max-image-preview:large","max-video-preview":"max-video-preview:-1"},"canonical":"https:\/\/msconectado.com.br\/?p=26304","og_locale":"pt_BR","og_type":"article","og_title":"Vereador Catito destina mais de R$ 160 mil para refor\u00e7ar estrutura do Hospital Soriano Corr\u00eaa da Silva - MsConectado","og_description":"Prefeitura de Maracaju entrega novos equipamentos ao Hospital Soriano Corr\u00eaa da Silva por meio de emenda impositiva do Legislativo. Investimento de mais de R$ 160 mil refor\u00e7a estrutura hospitalar e contribui para a qualidade dos atendimentos prestados \u00e0 comunidade Na manh\u00e3 desta quarta-feira, 1\u00ba de outubro de 2025, a Prefeitura de Maracaju, por meio da [&hellip;]","og_url":"https:\/\/msconectado.com.br\/?p=26304","og_site_name":"MsConectado","article_published_time":"2025-10-02T16:10:20+00:00","article_modified_time":"2025-10-02T16:10:30+00:00","og_image":[{"width":1600,"height":1066,"url":"https:\/\/msconectado.com.br\/wp-content\/uploads\/2025\/10\/essa.jpg","type":"image\/jpeg"}],"author":"Jeferson","twitter_card":"summary_large_image","twitter_misc":{"Escrito por":"Jeferson","Est. tempo de leitura":"3 minutos"},"schema":{"@context":"https:\/\/schema.org","@graph":[{"@type":"Article","@id":"https:\/\/msconectado.com.br\/?p=26304#article","isPartOf":{"@id":"https:\/\/msconectado.com.br\/?p=26304"},"author":{"name":"Jeferson","@id":"https:\/\/msconectado.com.br\/#\/schema\/person\/feb123a95a93eebea36f0ed6a2e5ba48"},"headline":"Vereador Catito destina mais de R$ 160 mil para refor\u00e7ar estrutura do Hospital Soriano Corr\u00eaa da Silva","datePublished":"2025-10-02T16:10:20+00:00","dateModified":"2025-10-02T16:10:30+00:00","mainEntityOfPage":{"@id":"https:\/\/msconectado.com.br\/?p=26304"},"wordCount":513,"commentCount":0,"publisher":{"@id":"https:\/\/msconectado.com.br\/#organization"},"image":{"@id":"https:\/\/msconectado.com.br\/?p=26304#primaryimage"},"thumbnailUrl":"https:\/\/msconectado.com.br\/wp-content\/uploads\/2025\/10\/essa.jpg","articleSection":["Pol\u00edtica"],"inLanguage":"pt-BR","potentialAction":[{"@type":"CommentAction","name":"Comment","target":["https:\/\/msconectado.com.br\/?p=26304#respond"]}]},{"@type":"WebPage","@id":"https:\/\/msconectado.com.br\/?p=26304","url":"https:\/\/msconectado.com.br\/?p=26304","name":"Vereador Catito destina mais de R$ 160 mil para refor\u00e7ar estrutura do Hospital Soriano Corr\u00eaa da Silva - MsConectado","isPartOf":{"@id":"https:\/\/msconectado.com.br\/#website"},"primaryImageOfPage":{"@id":"https:\/\/msconectado.com.br\/?p=26304#primaryimage"},"image":{"@id":"https:\/\/msconectado.com.br\/?p=26304#primaryimage"},"thumbnailUrl":"https:\/\/msconectado.com.br\/wp-content\/uploads\/2025\/10\/essa.jpg","datePublished":"2025-10-02T16:10:20+00:00","dateModified":"2025-10-02T16:10:30+00:00","breadcrumb":{"@id":"https:\/\/msconectado.com.br\/?p=26304#breadcrumb"},"inLanguage":"pt-BR","potentialAction":[{"@type":"ReadAction","target":["https:\/\/msconectado.com.br\/?p=26304"]}]},{"@type":"ImageObject","inLanguage":"pt-BR","@id":"https:\/\/msconectado.com.br\/?p=26304#primaryimage","url":"https:\/\/msconectado.com.br\/wp-content\/uploads\/2025\/10\/essa.jpg","contentUrl":"https:\/\/msconectado.com.br\/wp-content\/uploads\/2025\/10\/essa.jpg","width":1600,"height":1066},{"@type":"BreadcrumbList","@id":"https:\/\/msconectado.com.br\/?p=26304#breadcrumb","itemListElement":[{"@type":"ListItem","position":1,"name":"In\u00edcio","item":"https:\/\/msconectado.com.br\/"},{"@type":"ListItem","position":2,"name":"Vereador Catito destina mais de R$ 160 mil para refor\u00e7ar estrutura do Hospital Soriano Corr\u00eaa da Silva"}]},{"@type":"WebSite","@id":"https:\/\/msconectado.com.br\/#website","url":"https:\/\/msconectado.com.br\/","name":"MsConectado","description":"Voc\u00ea Conectado com a Not\u00edcia!","publisher":{"@id":"https:\/\/msconectado.com.br\/#organization"},"potentialAction":[{"@type":"SearchAction","target":{"@type":"EntryPoint","urlTemplate":"https:\/\/msconectado.com.br\/?s={search_term_string}"},"query-input":{"@type":"PropertyValueSpecification","valueRequired":true,"valueName":"search_term_string"}}],"inLanguage":"pt-BR"},{"@type":"Organization","@id":"https:\/\/msconectado.com.br\/#organization","name":"MsConectado","url":"https:\/\/msconectado.com.br\/","logo":{"@type":"ImageObject","inLanguage":"pt-BR","@id":"https:\/\/msconectado.com.br\/#\/schema\/logo\/image\/","url":"https:\/\/msconectado.com.br\/wp-content\/uploads\/2023\/01\/cropped-noticia-2.png","contentUrl":"https:\/\/msconectado.com.br\/wp-content\/uploads\/2023\/01\/cropped-noticia-2.png","width":720,"height":157,"caption":"MsConectado"},"image":{"@id":"https:\/\/msconectado.com.br\/#\/schema\/logo\/image\/"}},{"@type":"Person","@id":"https:\/\/msconectado.com.br\/#\/schema\/person\/feb123a95a93eebea36f0ed6a2e5ba48","name":"Jeferson","image":{"@type":"ImageObject","inLanguage":"pt-BR","@id":"https:\/\/secure.gravatar.com\/avatar\/e23e8901c88f0cdc0ad479ef7a39bf3e4c806344549c087c00b721a65549a328?s=96&d=mm&r=g","url":"https:\/\/secure.gravatar.com\/avatar\/e23e8901c88f0cdc0ad479ef7a39bf3e4c806344549c087c00b721a65549a328?s=96&d=mm&r=g","contentUrl":"https:\/\/secure.gravatar.com\/avatar\/e23e8901c88f0cdc0ad479ef7a39bf3e4c806344549c087c00b721a65549a328?s=96&d=mm&r=g","caption":"Jeferson"},"url":"https:\/\/msconectado.com.br\/?author=3"}]}},"_links":{"self":[{"href":"https:\/\/msconectado.com.br\/index.php?rest_route=\/wp\/v2\/posts\/26304","targetHints":{"allow":["GET"]}}],"collection":[{"href":"https:\/\/msconectado.com.br\/index.php?rest_route=\/wp\/v2\/posts"}],"about":[{"href":"https:\/\/msconectado.com.br\/index.php?rest_route=\/wp\/v2\/types\/post"}],"author":[{"embeddable":true,"href":"https:\/\/msconectado.com.br\/index.php?rest_route=\/wp\/v2\/users\/3"}],"replies":[{"embeddable":true,"href":"https:\/\/msconectado.com.br\/index.php?rest_route=%2Fwp%2Fv2%2Fcomments&post=26304"}],"version-history":[{"count":1,"href":"https:\/\/msconectado.com.br\/index.php?rest_route=\/wp\/v2\/posts\/26304\/revisions"}],"predecessor-version":[{"id":26306,"href":"https:\/\/msconectado.com.br\/index.php?rest_route=\/wp\/v2\/posts\/26304\/revisions\/26306"}],"wp:featuredmedia":[{"embeddable":true,"href":"https:\/\/msconectado.com.br\/index.php?rest_route=\/wp\/v2\/media\/26305"}],"wp:attachment":[{"href":"https:\/\/msconectado.com.br\/index.php?rest_route=%2Fwp%2Fv2%2Fmedia&parent=26304"}],"wp:term":[{"taxonomy":"category","embeddable":true,"href":"https:\/\/msconectado.com.br\/index.php?rest_route=%2Fwp%2Fv2%2Fcategories&post=26304"},{"taxonomy":"post_tag","embeddable":true,"href":"https:\/\/msconectado.com.br\/index.php?rest_route=%2Fwp%2Fv2%2Ftags&post=26304"}],"curies":[{"name":"wp","href":"https:\/\/api.w.org\/{rel}","templated":true}]}}