
{"id":26318,"date":"2025-10-03T19:55:37","date_gmt":"2025-10-03T19:55:37","guid":{"rendered":"https:\/\/msconectado.com.br\/?p=26318"},"modified":"2025-10-03T19:55:38","modified_gmt":"2025-10-03T19:55:38","slug":"instituto-pequeno-cidadao-promove-evento-instituto-em-acao-com-diversos-servicos-gratuitos-a-comunidade","status":"publish","type":"post","link":"https:\/\/msconectado.com.br\/?p=26318","title":{"rendered":"Instituto Pequeno Cidad\u00e3o promove evento Instituto em A\u00e7\u00e3o com diversos servi\u00e7os gratuitos \u00e0 comunidade"},"content":{"rendered":"\n<p>No pr\u00f3ximo s\u00e1bado, 04 de outubro de 2025, a popula\u00e7\u00e3o de Maracaju ter\u00e1 um dia especial de cuidado, aprendizado e cidadania. O Instituto Pequeno Cidad\u00e3o, em parceria com o programa&nbsp;<strong>UEMS na Comunidade<\/strong>, realiza o evento&nbsp;<strong>\u201cInstituto em A\u00e7\u00e3o\u201d<\/strong>, que acontecer\u00e1 das 8h \u00e0s 16h, na Arena Maracaju.<\/p>\n\n\n\n<p>Com o objetivo de fortalecer v\u00ednculos sociais e oferecer servi\u00e7os essenciais \u00e0 comunidade, a a\u00e7\u00e3o vai disponibilizar uma s\u00e9rie de atendimentos gratuitos em diferentes \u00e1reas. Entre os servi\u00e7os confirmados est\u00e3o:<\/p>\n\n\n\n<ul class=\"wp-block-list\">\n<li><strong>Corte de cabelo<\/strong><\/li>\n\n\n\n<li><strong>Emiss\u00e3o de RG<\/strong>\u00a0\u2013\u00a0<strong>(Acima de 15 anos)<\/strong><\/li>\n\n\n\n<li><strong>Testes r\u00e1pidos de sa\u00fade<\/strong><\/li>\n\n\n\n<li><strong>Teste r\u00e1pido de vis\u00e3o<\/strong><\/li>\n\n\n\n<li><strong>Mamografia<\/strong><\/li>\n\n\n\n<li><strong>Orienta\u00e7\u00e3o do Procon\/MS<\/strong><\/li>\n\n\n\n<li><strong>Orienta\u00e7\u00e3o jur\u00eddica<\/strong><\/li>\n\n\n\n<li><strong>Servi\u00e7os de assist\u00eancia social<\/strong><\/li>\n<\/ul>\n\n\n\n<p>Al\u00e9m dos atendimentos, o evento contar\u00e1 com&nbsp;<strong>atividades recreativas, a\u00e7\u00f5es esportivas, aulas de aer\u00f3bica<\/strong>&nbsp;e diversas&nbsp;<strong>apresenta\u00e7\u00f5es culturais<\/strong>, garantindo momentos de lazer, integra\u00e7\u00e3o e valoriza\u00e7\u00e3o da cultura local.<\/p>\n\n\n\n<p>De acordo com os organizadores, o \u201cInstituto em A\u00e7\u00e3o\u201d \u00e9 mais do que um evento de servi\u00e7os, \u00e9 uma oportunidade de transforma\u00e7\u00e3o e esperan\u00e7a para a popula\u00e7\u00e3o.<\/p>\n\n\n\n<p>A comunidade \u00e9 convidada a participar e aproveitar o dia preparado especialmente para atender diferentes necessidades, promover o bem-estar e refor\u00e7ar a import\u00e2ncia da uni\u00e3o em prol de uma cidade mais inclusiva e humana.<\/p>\n\n\n\n<p>\ud83d\udccd&nbsp;<strong>Local:<\/strong>&nbsp;Arena Maracaju<br>\ud83d\udcc5&nbsp;<strong>Data:<\/strong>&nbsp;04 de outubro de 2025<br>\u23f0&nbsp;<strong>Hor\u00e1rio:<\/strong>&nbsp;08h \u00e0s 16h<\/p>\n\n\n\n<p>Assessoria<\/p>\n\n\n<div class=\"wp-block-image\">\n<figure class=\"aligncenter size-full\"><img fetchpriority=\"high\" decoding=\"async\" width=\"900\" height=\"100\" src=\"https:\/\/msconectado.com.br\/wp-content\/uploads\/2025\/09\/900x100px.gif\" alt=\"\" class=\"wp-image-26256\"\/><\/figure>\n<\/div>","protected":false},"excerpt":{"rendered":"<p>No pr\u00f3ximo s\u00e1bado, 04 de outubro de 2025, a popula\u00e7\u00e3o de Maracaju ter\u00e1 um dia especial de cuidado, aprendizado e cidadania. O Instituto Pequeno Cidad\u00e3o, em parceria com o programa&nbsp;UEMS na Comunidade, realiza o evento&nbsp;\u201cInstituto em A\u00e7\u00e3o\u201d, que acontecer\u00e1 das 8h \u00e0s 16h, na Arena Maracaju. Com o objetivo de fortalecer v\u00ednculos sociais e oferecer [&hellip;]<\/p>\n","protected":false},"author":3,"featured_media":26319,"comment_status":"open","ping_status":"closed","sticky":false,"template":"","format":"standard","meta":{"footnotes":""},"categories":[35,36,1],"tags":[],"class_list":["post-26318","post","type-post","status-publish","format-standard","has-post-thumbnail","hentry","category-cidades","category-eventos","category-noticia"],"yoast_head":"<!-- This site is optimized with the Yoast SEO plugin v27.5 - https:\/\/yoast.com\/product\/yoast-seo-wordpress\/ -->\n<title>Instituto Pequeno Cidad\u00e3o promove evento Instituto em A\u00e7\u00e3o com diversos servi\u00e7os gratuitos \u00e0 comunidade - MsConectado<\/title>\n<meta name=\"robots\" content=\"index, follow, max-snippet:-1, max-image-preview:large, max-video-preview:-1\" \/>\n<link rel=\"canonical\" href=\"https:\/\/msconectado.com.br\/?p=26318\" \/>\n<meta property=\"og:locale\" content=\"pt_BR\" \/>\n<meta property=\"og:type\" content=\"article\" \/>\n<meta property=\"og:title\" content=\"Instituto Pequeno Cidad\u00e3o promove evento Instituto em A\u00e7\u00e3o com diversos servi\u00e7os gratuitos \u00e0 comunidade - MsConectado\" \/>\n<meta property=\"og:description\" content=\"No pr\u00f3ximo s\u00e1bado, 04 de outubro de 2025, a popula\u00e7\u00e3o de Maracaju ter\u00e1 um dia especial de cuidado, aprendizado e cidadania. O Instituto Pequeno Cidad\u00e3o, em parceria com o programa&nbsp;UEMS na Comunidade, realiza o evento&nbsp;\u201cInstituto em A\u00e7\u00e3o\u201d, que acontecer\u00e1 das 8h \u00e0s 16h, na Arena Maracaju. Com o objetivo de fortalecer v\u00ednculos sociais e oferecer [&hellip;]\" \/>\n<meta property=\"og:url\" content=\"https:\/\/msconectado.com.br\/?p=26318\" \/>\n<meta property=\"og:site_name\" content=\"MsConectado\" \/>\n<meta property=\"article:published_time\" content=\"2025-10-03T19:55:37+00:00\" \/>\n<meta property=\"article:modified_time\" content=\"2025-10-03T19:55:38+00:00\" \/>\n<meta property=\"og:image\" content=\"https:\/\/msconectado.com.br\/wp-content\/uploads\/2025\/10\/521d4a9f-c51a-4ad9-b901-41ec725d17f9-e1759521319742.jpg\" \/>\n\t<meta property=\"og:image:width\" content=\"853\" \/>\n\t<meta property=\"og:image:height\" content=\"466\" \/>\n\t<meta property=\"og:image:type\" content=\"image\/jpeg\" \/>\n<meta name=\"author\" content=\"Jeferson\" \/>\n<meta name=\"twitter:card\" content=\"summary_large_image\" \/>\n<meta name=\"twitter:label1\" content=\"Escrito por\" \/>\n\t<meta name=\"twitter:data1\" content=\"Jeferson\" \/>\n\t<meta name=\"twitter:label2\" content=\"Est. tempo de leitura\" \/>\n\t<meta name=\"twitter:data2\" content=\"2 minutos\" \/>\n<script type=\"application\/ld+json\" class=\"yoast-schema-graph\">{\"@context\":\"https:\\\/\\\/schema.org\",\"@graph\":[{\"@type\":\"Article\",\"@id\":\"https:\\\/\\\/msconectado.com.br\\\/?p=26318#article\",\"isPartOf\":{\"@id\":\"https:\\\/\\\/msconectado.com.br\\\/?p=26318\"},\"author\":{\"name\":\"Jeferson\",\"@id\":\"https:\\\/\\\/msconectado.com.br\\\/#\\\/schema\\\/person\\\/feb123a95a93eebea36f0ed6a2e5ba48\"},\"headline\":\"Instituto Pequeno Cidad\u00e3o promove evento Instituto em A\u00e7\u00e3o com diversos servi\u00e7os gratuitos \u00e0 comunidade\",\"datePublished\":\"2025-10-03T19:55:37+00:00\",\"dateModified\":\"2025-10-03T19:55:38+00:00\",\"mainEntityOfPage\":{\"@id\":\"https:\\\/\\\/msconectado.com.br\\\/?p=26318\"},\"wordCount\":264,\"commentCount\":0,\"publisher\":{\"@id\":\"https:\\\/\\\/msconectado.com.br\\\/#organization\"},\"image\":{\"@id\":\"https:\\\/\\\/msconectado.com.br\\\/?p=26318#primaryimage\"},\"thumbnailUrl\":\"https:\\\/\\\/msconectado.com.br\\\/wp-content\\\/uploads\\\/2025\\\/10\\\/521d4a9f-c51a-4ad9-b901-41ec725d17f9-e1759521319742.jpg\",\"articleSection\":[\"Cidades\",\"Eventos\",\"Not\u00edcia\"],\"inLanguage\":\"pt-BR\",\"potentialAction\":[{\"@type\":\"CommentAction\",\"name\":\"Comment\",\"target\":[\"https:\\\/\\\/msconectado.com.br\\\/?p=26318#respond\"]}]},{\"@type\":\"WebPage\",\"@id\":\"https:\\\/\\\/msconectado.com.br\\\/?p=26318\",\"url\":\"https:\\\/\\\/msconectado.com.br\\\/?p=26318\",\"name\":\"Instituto Pequeno Cidad\u00e3o promove evento Instituto em A\u00e7\u00e3o com diversos servi\u00e7os gratuitos \u00e0 comunidade - MsConectado\",\"isPartOf\":{\"@id\":\"https:\\\/\\\/msconectado.com.br\\\/#website\"},\"primaryImageOfPage\":{\"@id\":\"https:\\\/\\\/msconectado.com.br\\\/?p=26318#primaryimage\"},\"image\":{\"@id\":\"https:\\\/\\\/msconectado.com.br\\\/?p=26318#primaryimage\"},\"thumbnailUrl\":\"https:\\\/\\\/msconectado.com.br\\\/wp-content\\\/uploads\\\/2025\\\/10\\\/521d4a9f-c51a-4ad9-b901-41ec725d17f9-e1759521319742.jpg\",\"datePublished\":\"2025-10-03T19:55:37+00:00\",\"dateModified\":\"2025-10-03T19:55:38+00:00\",\"breadcrumb\":{\"@id\":\"https:\\\/\\\/msconectado.com.br\\\/?p=26318#breadcrumb\"},\"inLanguage\":\"pt-BR\",\"potentialAction\":[{\"@type\":\"ReadAction\",\"target\":[\"https:\\\/\\\/msconectado.com.br\\\/?p=26318\"]}]},{\"@type\":\"ImageObject\",\"inLanguage\":\"pt-BR\",\"@id\":\"https:\\\/\\\/msconectado.com.br\\\/?p=26318#primaryimage\",\"url\":\"https:\\\/\\\/msconectado.com.br\\\/wp-content\\\/uploads\\\/2025\\\/10\\\/521d4a9f-c51a-4ad9-b901-41ec725d17f9-e1759521319742.jpg\",\"contentUrl\":\"https:\\\/\\\/msconectado.com.br\\\/wp-content\\\/uploads\\\/2025\\\/10\\\/521d4a9f-c51a-4ad9-b901-41ec725d17f9-e1759521319742.jpg\",\"width\":853,\"height\":466},{\"@type\":\"BreadcrumbList\",\"@id\":\"https:\\\/\\\/msconectado.com.br\\\/?p=26318#breadcrumb\",\"itemListElement\":[{\"@type\":\"ListItem\",\"position\":1,\"name\":\"In\u00edcio\",\"item\":\"https:\\\/\\\/msconectado.com.br\\\/\"},{\"@type\":\"ListItem\",\"position\":2,\"name\":\"Instituto Pequeno Cidad\u00e3o promove evento Instituto em A\u00e7\u00e3o com diversos servi\u00e7os gratuitos \u00e0 comunidade\"}]},{\"@type\":\"WebSite\",\"@id\":\"https:\\\/\\\/msconectado.com.br\\\/#website\",\"url\":\"https:\\\/\\\/msconectado.com.br\\\/\",\"name\":\"MsConectado\",\"description\":\"Voc\u00ea Conectado com a Not\u00edcia!\",\"publisher\":{\"@id\":\"https:\\\/\\\/msconectado.com.br\\\/#organization\"},\"potentialAction\":[{\"@type\":\"SearchAction\",\"target\":{\"@type\":\"EntryPoint\",\"urlTemplate\":\"https:\\\/\\\/msconectado.com.br\\\/?s={search_term_string}\"},\"query-input\":{\"@type\":\"PropertyValueSpecification\",\"valueRequired\":true,\"valueName\":\"search_term_string\"}}],\"inLanguage\":\"pt-BR\"},{\"@type\":\"Organization\",\"@id\":\"https:\\\/\\\/msconectado.com.br\\\/#organization\",\"name\":\"MsConectado\",\"url\":\"https:\\\/\\\/msconectado.com.br\\\/\",\"logo\":{\"@type\":\"ImageObject\",\"inLanguage\":\"pt-BR\",\"@id\":\"https:\\\/\\\/msconectado.com.br\\\/#\\\/schema\\\/logo\\\/image\\\/\",\"url\":\"https:\\\/\\\/msconectado.com.br\\\/wp-content\\\/uploads\\\/2023\\\/01\\\/cropped-noticia-2.png\",\"contentUrl\":\"https:\\\/\\\/msconectado.com.br\\\/wp-content\\\/uploads\\\/2023\\\/01\\\/cropped-noticia-2.png\",\"width\":720,\"height\":157,\"caption\":\"MsConectado\"},\"image\":{\"@id\":\"https:\\\/\\\/msconectado.com.br\\\/#\\\/schema\\\/logo\\\/image\\\/\"}},{\"@type\":\"Person\",\"@id\":\"https:\\\/\\\/msconectado.com.br\\\/#\\\/schema\\\/person\\\/feb123a95a93eebea36f0ed6a2e5ba48\",\"name\":\"Jeferson\",\"image\":{\"@type\":\"ImageObject\",\"inLanguage\":\"pt-BR\",\"@id\":\"https:\\\/\\\/secure.gravatar.com\\\/avatar\\\/e23e8901c88f0cdc0ad479ef7a39bf3e4c806344549c087c00b721a65549a328?s=96&d=mm&r=g\",\"url\":\"https:\\\/\\\/secure.gravatar.com\\\/avatar\\\/e23e8901c88f0cdc0ad479ef7a39bf3e4c806344549c087c00b721a65549a328?s=96&d=mm&r=g\",\"contentUrl\":\"https:\\\/\\\/secure.gravatar.com\\\/avatar\\\/e23e8901c88f0cdc0ad479ef7a39bf3e4c806344549c087c00b721a65549a328?s=96&d=mm&r=g\",\"caption\":\"Jeferson\"},\"url\":\"https:\\\/\\\/msconectado.com.br\\\/?author=3\"}]}<\/script>\n<!-- \/ Yoast SEO plugin. -->","yoast_head_json":{"title":"Instituto Pequeno Cidad\u00e3o promove evento Instituto em A\u00e7\u00e3o com diversos servi\u00e7os gratuitos \u00e0 comunidade - MsConectado","robots":{"index":"index","follow":"follow","max-snippet":"max-snippet:-1","max-image-preview":"max-image-preview:large","max-video-preview":"max-video-preview:-1"},"canonical":"https:\/\/msconectado.com.br\/?p=26318","og_locale":"pt_BR","og_type":"article","og_title":"Instituto Pequeno Cidad\u00e3o promove evento Instituto em A\u00e7\u00e3o com diversos servi\u00e7os gratuitos \u00e0 comunidade - MsConectado","og_description":"No pr\u00f3ximo s\u00e1bado, 04 de outubro de 2025, a popula\u00e7\u00e3o de Maracaju ter\u00e1 um dia especial de cuidado, aprendizado e cidadania. O Instituto Pequeno Cidad\u00e3o, em parceria com o programa&nbsp;UEMS na Comunidade, realiza o evento&nbsp;\u201cInstituto em A\u00e7\u00e3o\u201d, que acontecer\u00e1 das 8h \u00e0s 16h, na Arena Maracaju. Com o objetivo de fortalecer v\u00ednculos sociais e oferecer [&hellip;]","og_url":"https:\/\/msconectado.com.br\/?p=26318","og_site_name":"MsConectado","article_published_time":"2025-10-03T19:55:37+00:00","article_modified_time":"2025-10-03T19:55:38+00:00","og_image":[{"width":853,"height":466,"url":"https:\/\/msconectado.com.br\/wp-content\/uploads\/2025\/10\/521d4a9f-c51a-4ad9-b901-41ec725d17f9-e1759521319742.jpg","type":"image\/jpeg"}],"author":"Jeferson","twitter_card":"summary_large_image","twitter_misc":{"Escrito por":"Jeferson","Est. tempo de leitura":"2 minutos"},"schema":{"@context":"https:\/\/schema.org","@graph":[{"@type":"Article","@id":"https:\/\/msconectado.com.br\/?p=26318#article","isPartOf":{"@id":"https:\/\/msconectado.com.br\/?p=26318"},"author":{"name":"Jeferson","@id":"https:\/\/msconectado.com.br\/#\/schema\/person\/feb123a95a93eebea36f0ed6a2e5ba48"},"headline":"Instituto Pequeno Cidad\u00e3o promove evento Instituto em A\u00e7\u00e3o com diversos servi\u00e7os gratuitos \u00e0 comunidade","datePublished":"2025-10-03T19:55:37+00:00","dateModified":"2025-10-03T19:55:38+00:00","mainEntityOfPage":{"@id":"https:\/\/msconectado.com.br\/?p=26318"},"wordCount":264,"commentCount":0,"publisher":{"@id":"https:\/\/msconectado.com.br\/#organization"},"image":{"@id":"https:\/\/msconectado.com.br\/?p=26318#primaryimage"},"thumbnailUrl":"https:\/\/msconectado.com.br\/wp-content\/uploads\/2025\/10\/521d4a9f-c51a-4ad9-b901-41ec725d17f9-e1759521319742.jpg","articleSection":["Cidades","Eventos","Not\u00edcia"],"inLanguage":"pt-BR","potentialAction":[{"@type":"CommentAction","name":"Comment","target":["https:\/\/msconectado.com.br\/?p=26318#respond"]}]},{"@type":"WebPage","@id":"https:\/\/msconectado.com.br\/?p=26318","url":"https:\/\/msconectado.com.br\/?p=26318","name":"Instituto Pequeno Cidad\u00e3o promove evento Instituto em A\u00e7\u00e3o com diversos servi\u00e7os gratuitos \u00e0 comunidade - MsConectado","isPartOf":{"@id":"https:\/\/msconectado.com.br\/#website"},"primaryImageOfPage":{"@id":"https:\/\/msconectado.com.br\/?p=26318#primaryimage"},"image":{"@id":"https:\/\/msconectado.com.br\/?p=26318#primaryimage"},"thumbnailUrl":"https:\/\/msconectado.com.br\/wp-content\/uploads\/2025\/10\/521d4a9f-c51a-4ad9-b901-41ec725d17f9-e1759521319742.jpg","datePublished":"2025-10-03T19:55:37+00:00","dateModified":"2025-10-03T19:55:38+00:00","breadcrumb":{"@id":"https:\/\/msconectado.com.br\/?p=26318#breadcrumb"},"inLanguage":"pt-BR","potentialAction":[{"@type":"ReadAction","target":["https:\/\/msconectado.com.br\/?p=26318"]}]},{"@type":"ImageObject","inLanguage":"pt-BR","@id":"https:\/\/msconectado.com.br\/?p=26318#primaryimage","url":"https:\/\/msconectado.com.br\/wp-content\/uploads\/2025\/10\/521d4a9f-c51a-4ad9-b901-41ec725d17f9-e1759521319742.jpg","contentUrl":"https:\/\/msconectado.com.br\/wp-content\/uploads\/2025\/10\/521d4a9f-c51a-4ad9-b901-41ec725d17f9-e1759521319742.jpg","width":853,"height":466},{"@type":"BreadcrumbList","@id":"https:\/\/msconectado.com.br\/?p=26318#breadcrumb","itemListElement":[{"@type":"ListItem","position":1,"name":"In\u00edcio","item":"https:\/\/msconectado.com.br\/"},{"@type":"ListItem","position":2,"name":"Instituto Pequeno Cidad\u00e3o promove evento Instituto em A\u00e7\u00e3o com diversos servi\u00e7os gratuitos \u00e0 comunidade"}]},{"@type":"WebSite","@id":"https:\/\/msconectado.com.br\/#website","url":"https:\/\/msconectado.com.br\/","name":"MsConectado","description":"Voc\u00ea Conectado com a Not\u00edcia!","publisher":{"@id":"https:\/\/msconectado.com.br\/#organization"},"potentialAction":[{"@type":"SearchAction","target":{"@type":"EntryPoint","urlTemplate":"https:\/\/msconectado.com.br\/?s={search_term_string}"},"query-input":{"@type":"PropertyValueSpecification","valueRequired":true,"valueName":"search_term_string"}}],"inLanguage":"pt-BR"},{"@type":"Organization","@id":"https:\/\/msconectado.com.br\/#organization","name":"MsConectado","url":"https:\/\/msconectado.com.br\/","logo":{"@type":"ImageObject","inLanguage":"pt-BR","@id":"https:\/\/msconectado.com.br\/#\/schema\/logo\/image\/","url":"https:\/\/msconectado.com.br\/wp-content\/uploads\/2023\/01\/cropped-noticia-2.png","contentUrl":"https:\/\/msconectado.com.br\/wp-content\/uploads\/2023\/01\/cropped-noticia-2.png","width":720,"height":157,"caption":"MsConectado"},"image":{"@id":"https:\/\/msconectado.com.br\/#\/schema\/logo\/image\/"}},{"@type":"Person","@id":"https:\/\/msconectado.com.br\/#\/schema\/person\/feb123a95a93eebea36f0ed6a2e5ba48","name":"Jeferson","image":{"@type":"ImageObject","inLanguage":"pt-BR","@id":"https:\/\/secure.gravatar.com\/avatar\/e23e8901c88f0cdc0ad479ef7a39bf3e4c806344549c087c00b721a65549a328?s=96&d=mm&r=g","url":"https:\/\/secure.gravatar.com\/avatar\/e23e8901c88f0cdc0ad479ef7a39bf3e4c806344549c087c00b721a65549a328?s=96&d=mm&r=g","contentUrl":"https:\/\/secure.gravatar.com\/avatar\/e23e8901c88f0cdc0ad479ef7a39bf3e4c806344549c087c00b721a65549a328?s=96&d=mm&r=g","caption":"Jeferson"},"url":"https:\/\/msconectado.com.br\/?author=3"}]}},"_links":{"self":[{"href":"https:\/\/msconectado.com.br\/index.php?rest_route=\/wp\/v2\/posts\/26318","targetHints":{"allow":["GET"]}}],"collection":[{"href":"https:\/\/msconectado.com.br\/index.php?rest_route=\/wp\/v2\/posts"}],"about":[{"href":"https:\/\/msconectado.com.br\/index.php?rest_route=\/wp\/v2\/types\/post"}],"author":[{"embeddable":true,"href":"https:\/\/msconectado.com.br\/index.php?rest_route=\/wp\/v2\/users\/3"}],"replies":[{"embeddable":true,"href":"https:\/\/msconectado.com.br\/index.php?rest_route=%2Fwp%2Fv2%2Fcomments&post=26318"}],"version-history":[{"count":1,"href":"https:\/\/msconectado.com.br\/index.php?rest_route=\/wp\/v2\/posts\/26318\/revisions"}],"predecessor-version":[{"id":26320,"href":"https:\/\/msconectado.com.br\/index.php?rest_route=\/wp\/v2\/posts\/26318\/revisions\/26320"}],"wp:featuredmedia":[{"embeddable":true,"href":"https:\/\/msconectado.com.br\/index.php?rest_route=\/wp\/v2\/media\/26319"}],"wp:attachment":[{"href":"https:\/\/msconectado.com.br\/index.php?rest_route=%2Fwp%2Fv2%2Fmedia&parent=26318"}],"wp:term":[{"taxonomy":"category","embeddable":true,"href":"https:\/\/msconectado.com.br\/index.php?rest_route=%2Fwp%2Fv2%2Fcategories&post=26318"},{"taxonomy":"post_tag","embeddable":true,"href":"https:\/\/msconectado.com.br\/index.php?rest_route=%2Fwp%2Fv2%2Ftags&post=26318"}],"curies":[{"name":"wp","href":"https:\/\/api.w.org\/{rel}","templated":true}]}}