
{"id":26359,"date":"2025-10-10T18:31:55","date_gmt":"2025-10-10T18:31:55","guid":{"rendered":"https:\/\/msconectado.com.br\/?p=26359"},"modified":"2025-10-10T18:31:57","modified_gmt":"2025-10-10T18:31:57","slug":"bioanalise-celebra-13-anos-de-historia-e-compromisso-com-a-saude-de-maracaju","status":"publish","type":"post","link":"https:\/\/msconectado.com.br\/?p=26359","title":{"rendered":"Bioan\u00e1lise celebra 13 anos de hist\u00f3ria e compromisso com a sa\u00fade de Maracaju"},"content":{"rendered":"\n<p>No dia <strong>10 de outubro<\/strong>, o <strong>Laborat\u00f3rio Bioan\u00e1lise<\/strong> celebra <strong>13 anos de atua\u00e7\u00e3o em Maracaju<\/strong>, consolidando uma trajet\u00f3ria marcada por <strong>dedica\u00e7\u00e3o, tecnologia e compromisso com a sa\u00fade da comunidade<\/strong>.<\/p>\n\n\n\n<p>Desde sua funda\u00e7\u00e3o, o Bioan\u00e1lise tem se destacado pela <strong>excel\u00eancia nos servi\u00e7os laboratoriais<\/strong>, unindo <strong>qualidade t\u00e9cnica, atendimento humanizado e resultados precisos<\/strong>. Ao longo dos anos, cresceu junto com a cidade, ampliando sua estrutura e inaugurando <strong>duas unidades modernas<\/strong>  uma no <strong>Centro<\/strong> e outra na <strong>Vila Juquita<\/strong>  para garantir mais conforto e agilidade aos pacientes.<\/p>\n\n\n\n<blockquote class=\"wp-block-quote is-layout-flow wp-block-quote-is-layout-flow\">\n<p>\u201cS\u00e3o 13 anos de muito trabalho, aprendizado e gratid\u00e3o. Nosso compromisso sempre foi cuidar das pessoas com responsabilidade e carinho, porque cada exame representa uma vida que confia em n\u00f3s\u201d, destaca a dire\u00e7\u00e3o do laborat\u00f3rio.<\/p>\n<\/blockquote>\n\n\n\n<p>Reconhecido como refer\u00eancia em <strong>an\u00e1lises cl\u00ednicas, exames preventivos e acompanhamento da sa\u00fade familiar<\/strong>, o Bioan\u00e1lise investe continuamente em <strong>tecnologia de ponta e capacita\u00e7\u00e3o profissional<\/strong>, reafirmando sua miss\u00e3o de oferecer resultados confi\u00e1veis e atendimento de excel\u00eancia.<\/p>\n\n\n\n<p>Mais do que um laborat\u00f3rio, o Bioan\u00e1lise \u00e9 sin\u00f4nimo de <strong>confian\u00e7a, inova\u00e7\u00e3o e cuidado com a vida<\/strong> \u2014 valores que seguem guiando sua hist\u00f3ria e inspirando novos avan\u00e7os na \u00e1rea da sa\u00fade.<\/p>\n\n\n\n<hr class=\"wp-block-separator has-alpha-channel-opacity\"\/>\n\n\n\n<p>\ud83d\udccd <strong>Unidades Bioan\u00e1lise<\/strong><br>\u27a1\ufe0f <strong>Centro:<\/strong> Rua Franklin Ferreira Ribeiro, 2531<br>\u27a1\ufe0f <strong>Vila Juquita:<\/strong> Rua Joaquim Ferreira de Azambuja, 2051<\/p>\n\n\n\n<p>\ud83e\ude7a <strong>Bioan\u00e1lise \u2014 h\u00e1 13 anos cuidando de voc\u00ea com agilidade, inova\u00e7\u00e3o e confian\u00e7a.<\/strong><\/p>\n\n\n<div class=\"wp-block-image\">\n<figure class=\"aligncenter size-full\"><img fetchpriority=\"high\" decoding=\"async\" width=\"900\" height=\"100\" src=\"https:\/\/msconectado.com.br\/wp-content\/uploads\/2025\/09\/900x100px.gif\" alt=\"\" class=\"wp-image-26256\"\/><\/figure>\n<\/div>","protected":false},"excerpt":{"rendered":"<p>No dia 10 de outubro, o Laborat\u00f3rio Bioan\u00e1lise celebra 13 anos de atua\u00e7\u00e3o em Maracaju, consolidando uma trajet\u00f3ria marcada por dedica\u00e7\u00e3o, tecnologia e compromisso com a sa\u00fade da comunidade. Desde sua funda\u00e7\u00e3o, o Bioan\u00e1lise tem se destacado pela excel\u00eancia nos servi\u00e7os laboratoriais, unindo qualidade t\u00e9cnica, atendimento humanizado e resultados precisos. Ao longo dos anos, cresceu [&hellip;]<\/p>\n","protected":false},"author":3,"featured_media":26360,"comment_status":"open","ping_status":"closed","sticky":false,"template":"","format":"standard","meta":{"footnotes":""},"categories":[34,36],"tags":[],"class_list":["post-26359","post","type-post","status-publish","format-standard","has-post-thumbnail","hentry","category-comercio","category-eventos"],"yoast_head":"<!-- This site is optimized with the Yoast SEO plugin v27.5 - https:\/\/yoast.com\/product\/yoast-seo-wordpress\/ -->\n<title>Bioan\u00e1lise celebra 13 anos de hist\u00f3ria e compromisso com a sa\u00fade de Maracaju - MsConectado<\/title>\n<meta name=\"robots\" content=\"index, follow, max-snippet:-1, max-image-preview:large, max-video-preview:-1\" \/>\n<link rel=\"canonical\" href=\"https:\/\/msconectado.com.br\/?p=26359\" \/>\n<meta property=\"og:locale\" content=\"pt_BR\" \/>\n<meta property=\"og:type\" content=\"article\" \/>\n<meta property=\"og:title\" content=\"Bioan\u00e1lise celebra 13 anos de hist\u00f3ria e compromisso com a sa\u00fade de Maracaju - MsConectado\" \/>\n<meta property=\"og:description\" content=\"No dia 10 de outubro, o Laborat\u00f3rio Bioan\u00e1lise celebra 13 anos de atua\u00e7\u00e3o em Maracaju, consolidando uma trajet\u00f3ria marcada por dedica\u00e7\u00e3o, tecnologia e compromisso com a sa\u00fade da comunidade. Desde sua funda\u00e7\u00e3o, o Bioan\u00e1lise tem se destacado pela excel\u00eancia nos servi\u00e7os laboratoriais, unindo qualidade t\u00e9cnica, atendimento humanizado e resultados precisos. Ao longo dos anos, cresceu [&hellip;]\" \/>\n<meta property=\"og:url\" content=\"https:\/\/msconectado.com.br\/?p=26359\" \/>\n<meta property=\"og:site_name\" content=\"MsConectado\" \/>\n<meta property=\"article:published_time\" content=\"2025-10-10T18:31:55+00:00\" \/>\n<meta property=\"article:modified_time\" content=\"2025-10-10T18:31:57+00:00\" \/>\n<meta property=\"og:image\" content=\"https:\/\/msconectado.com.br\/wp-content\/uploads\/2025\/10\/b042dfc6-d644-429f-bf25-ac96b369cf9d.jpg\" \/>\n\t<meta property=\"og:image:width\" content=\"1280\" \/>\n\t<meta property=\"og:image:height\" content=\"720\" \/>\n\t<meta property=\"og:image:type\" content=\"image\/jpeg\" \/>\n<meta name=\"author\" content=\"Jeferson\" \/>\n<meta name=\"twitter:card\" content=\"summary_large_image\" \/>\n<meta name=\"twitter:label1\" content=\"Escrito por\" \/>\n\t<meta name=\"twitter:data1\" content=\"Jeferson\" \/>\n\t<meta name=\"twitter:label2\" content=\"Est. tempo de leitura\" \/>\n\t<meta name=\"twitter:data2\" content=\"2 minutos\" \/>\n<script type=\"application\/ld+json\" class=\"yoast-schema-graph\">{\"@context\":\"https:\\\/\\\/schema.org\",\"@graph\":[{\"@type\":\"Article\",\"@id\":\"https:\\\/\\\/msconectado.com.br\\\/?p=26359#article\",\"isPartOf\":{\"@id\":\"https:\\\/\\\/msconectado.com.br\\\/?p=26359\"},\"author\":{\"name\":\"Jeferson\",\"@id\":\"https:\\\/\\\/msconectado.com.br\\\/#\\\/schema\\\/person\\\/feb123a95a93eebea36f0ed6a2e5ba48\"},\"headline\":\"Bioan\u00e1lise celebra 13 anos de hist\u00f3ria e compromisso com a sa\u00fade de Maracaju\",\"datePublished\":\"2025-10-10T18:31:55+00:00\",\"dateModified\":\"2025-10-10T18:31:57+00:00\",\"mainEntityOfPage\":{\"@id\":\"https:\\\/\\\/msconectado.com.br\\\/?p=26359\"},\"wordCount\":257,\"commentCount\":0,\"publisher\":{\"@id\":\"https:\\\/\\\/msconectado.com.br\\\/#organization\"},\"image\":{\"@id\":\"https:\\\/\\\/msconectado.com.br\\\/?p=26359#primaryimage\"},\"thumbnailUrl\":\"https:\\\/\\\/msconectado.com.br\\\/wp-content\\\/uploads\\\/2025\\\/10\\\/b042dfc6-d644-429f-bf25-ac96b369cf9d.jpg\",\"articleSection\":[\"Com\u00e9rcio\",\"Eventos\"],\"inLanguage\":\"pt-BR\",\"potentialAction\":[{\"@type\":\"CommentAction\",\"name\":\"Comment\",\"target\":[\"https:\\\/\\\/msconectado.com.br\\\/?p=26359#respond\"]}]},{\"@type\":\"WebPage\",\"@id\":\"https:\\\/\\\/msconectado.com.br\\\/?p=26359\",\"url\":\"https:\\\/\\\/msconectado.com.br\\\/?p=26359\",\"name\":\"Bioan\u00e1lise celebra 13 anos de hist\u00f3ria e compromisso com a sa\u00fade de Maracaju - MsConectado\",\"isPartOf\":{\"@id\":\"https:\\\/\\\/msconectado.com.br\\\/#website\"},\"primaryImageOfPage\":{\"@id\":\"https:\\\/\\\/msconectado.com.br\\\/?p=26359#primaryimage\"},\"image\":{\"@id\":\"https:\\\/\\\/msconectado.com.br\\\/?p=26359#primaryimage\"},\"thumbnailUrl\":\"https:\\\/\\\/msconectado.com.br\\\/wp-content\\\/uploads\\\/2025\\\/10\\\/b042dfc6-d644-429f-bf25-ac96b369cf9d.jpg\",\"datePublished\":\"2025-10-10T18:31:55+00:00\",\"dateModified\":\"2025-10-10T18:31:57+00:00\",\"breadcrumb\":{\"@id\":\"https:\\\/\\\/msconectado.com.br\\\/?p=26359#breadcrumb\"},\"inLanguage\":\"pt-BR\",\"potentialAction\":[{\"@type\":\"ReadAction\",\"target\":[\"https:\\\/\\\/msconectado.com.br\\\/?p=26359\"]}]},{\"@type\":\"ImageObject\",\"inLanguage\":\"pt-BR\",\"@id\":\"https:\\\/\\\/msconectado.com.br\\\/?p=26359#primaryimage\",\"url\":\"https:\\\/\\\/msconectado.com.br\\\/wp-content\\\/uploads\\\/2025\\\/10\\\/b042dfc6-d644-429f-bf25-ac96b369cf9d.jpg\",\"contentUrl\":\"https:\\\/\\\/msconectado.com.br\\\/wp-content\\\/uploads\\\/2025\\\/10\\\/b042dfc6-d644-429f-bf25-ac96b369cf9d.jpg\",\"width\":1280,\"height\":720},{\"@type\":\"BreadcrumbList\",\"@id\":\"https:\\\/\\\/msconectado.com.br\\\/?p=26359#breadcrumb\",\"itemListElement\":[{\"@type\":\"ListItem\",\"position\":1,\"name\":\"In\u00edcio\",\"item\":\"https:\\\/\\\/msconectado.com.br\\\/\"},{\"@type\":\"ListItem\",\"position\":2,\"name\":\"Bioan\u00e1lise celebra 13 anos de hist\u00f3ria e compromisso com a sa\u00fade de Maracaju\"}]},{\"@type\":\"WebSite\",\"@id\":\"https:\\\/\\\/msconectado.com.br\\\/#website\",\"url\":\"https:\\\/\\\/msconectado.com.br\\\/\",\"name\":\"MsConectado\",\"description\":\"Voc\u00ea Conectado com a Not\u00edcia!\",\"publisher\":{\"@id\":\"https:\\\/\\\/msconectado.com.br\\\/#organization\"},\"potentialAction\":[{\"@type\":\"SearchAction\",\"target\":{\"@type\":\"EntryPoint\",\"urlTemplate\":\"https:\\\/\\\/msconectado.com.br\\\/?s={search_term_string}\"},\"query-input\":{\"@type\":\"PropertyValueSpecification\",\"valueRequired\":true,\"valueName\":\"search_term_string\"}}],\"inLanguage\":\"pt-BR\"},{\"@type\":\"Organization\",\"@id\":\"https:\\\/\\\/msconectado.com.br\\\/#organization\",\"name\":\"MsConectado\",\"url\":\"https:\\\/\\\/msconectado.com.br\\\/\",\"logo\":{\"@type\":\"ImageObject\",\"inLanguage\":\"pt-BR\",\"@id\":\"https:\\\/\\\/msconectado.com.br\\\/#\\\/schema\\\/logo\\\/image\\\/\",\"url\":\"https:\\\/\\\/msconectado.com.br\\\/wp-content\\\/uploads\\\/2023\\\/01\\\/cropped-noticia-2.png\",\"contentUrl\":\"https:\\\/\\\/msconectado.com.br\\\/wp-content\\\/uploads\\\/2023\\\/01\\\/cropped-noticia-2.png\",\"width\":720,\"height\":157,\"caption\":\"MsConectado\"},\"image\":{\"@id\":\"https:\\\/\\\/msconectado.com.br\\\/#\\\/schema\\\/logo\\\/image\\\/\"}},{\"@type\":\"Person\",\"@id\":\"https:\\\/\\\/msconectado.com.br\\\/#\\\/schema\\\/person\\\/feb123a95a93eebea36f0ed6a2e5ba48\",\"name\":\"Jeferson\",\"image\":{\"@type\":\"ImageObject\",\"inLanguage\":\"pt-BR\",\"@id\":\"https:\\\/\\\/secure.gravatar.com\\\/avatar\\\/e23e8901c88f0cdc0ad479ef7a39bf3e4c806344549c087c00b721a65549a328?s=96&d=mm&r=g\",\"url\":\"https:\\\/\\\/secure.gravatar.com\\\/avatar\\\/e23e8901c88f0cdc0ad479ef7a39bf3e4c806344549c087c00b721a65549a328?s=96&d=mm&r=g\",\"contentUrl\":\"https:\\\/\\\/secure.gravatar.com\\\/avatar\\\/e23e8901c88f0cdc0ad479ef7a39bf3e4c806344549c087c00b721a65549a328?s=96&d=mm&r=g\",\"caption\":\"Jeferson\"},\"url\":\"https:\\\/\\\/msconectado.com.br\\\/?author=3\"}]}<\/script>\n<!-- \/ Yoast SEO plugin. -->","yoast_head_json":{"title":"Bioan\u00e1lise celebra 13 anos de hist\u00f3ria e compromisso com a sa\u00fade de Maracaju - MsConectado","robots":{"index":"index","follow":"follow","max-snippet":"max-snippet:-1","max-image-preview":"max-image-preview:large","max-video-preview":"max-video-preview:-1"},"canonical":"https:\/\/msconectado.com.br\/?p=26359","og_locale":"pt_BR","og_type":"article","og_title":"Bioan\u00e1lise celebra 13 anos de hist\u00f3ria e compromisso com a sa\u00fade de Maracaju - MsConectado","og_description":"No dia 10 de outubro, o Laborat\u00f3rio Bioan\u00e1lise celebra 13 anos de atua\u00e7\u00e3o em Maracaju, consolidando uma trajet\u00f3ria marcada por dedica\u00e7\u00e3o, tecnologia e compromisso com a sa\u00fade da comunidade. Desde sua funda\u00e7\u00e3o, o Bioan\u00e1lise tem se destacado pela excel\u00eancia nos servi\u00e7os laboratoriais, unindo qualidade t\u00e9cnica, atendimento humanizado e resultados precisos. Ao longo dos anos, cresceu [&hellip;]","og_url":"https:\/\/msconectado.com.br\/?p=26359","og_site_name":"MsConectado","article_published_time":"2025-10-10T18:31:55+00:00","article_modified_time":"2025-10-10T18:31:57+00:00","og_image":[{"width":1280,"height":720,"url":"https:\/\/msconectado.com.br\/wp-content\/uploads\/2025\/10\/b042dfc6-d644-429f-bf25-ac96b369cf9d.jpg","type":"image\/jpeg"}],"author":"Jeferson","twitter_card":"summary_large_image","twitter_misc":{"Escrito por":"Jeferson","Est. tempo de leitura":"2 minutos"},"schema":{"@context":"https:\/\/schema.org","@graph":[{"@type":"Article","@id":"https:\/\/msconectado.com.br\/?p=26359#article","isPartOf":{"@id":"https:\/\/msconectado.com.br\/?p=26359"},"author":{"name":"Jeferson","@id":"https:\/\/msconectado.com.br\/#\/schema\/person\/feb123a95a93eebea36f0ed6a2e5ba48"},"headline":"Bioan\u00e1lise celebra 13 anos de hist\u00f3ria e compromisso com a sa\u00fade de Maracaju","datePublished":"2025-10-10T18:31:55+00:00","dateModified":"2025-10-10T18:31:57+00:00","mainEntityOfPage":{"@id":"https:\/\/msconectado.com.br\/?p=26359"},"wordCount":257,"commentCount":0,"publisher":{"@id":"https:\/\/msconectado.com.br\/#organization"},"image":{"@id":"https:\/\/msconectado.com.br\/?p=26359#primaryimage"},"thumbnailUrl":"https:\/\/msconectado.com.br\/wp-content\/uploads\/2025\/10\/b042dfc6-d644-429f-bf25-ac96b369cf9d.jpg","articleSection":["Com\u00e9rcio","Eventos"],"inLanguage":"pt-BR","potentialAction":[{"@type":"CommentAction","name":"Comment","target":["https:\/\/msconectado.com.br\/?p=26359#respond"]}]},{"@type":"WebPage","@id":"https:\/\/msconectado.com.br\/?p=26359","url":"https:\/\/msconectado.com.br\/?p=26359","name":"Bioan\u00e1lise celebra 13 anos de hist\u00f3ria e compromisso com a sa\u00fade de Maracaju - MsConectado","isPartOf":{"@id":"https:\/\/msconectado.com.br\/#website"},"primaryImageOfPage":{"@id":"https:\/\/msconectado.com.br\/?p=26359#primaryimage"},"image":{"@id":"https:\/\/msconectado.com.br\/?p=26359#primaryimage"},"thumbnailUrl":"https:\/\/msconectado.com.br\/wp-content\/uploads\/2025\/10\/b042dfc6-d644-429f-bf25-ac96b369cf9d.jpg","datePublished":"2025-10-10T18:31:55+00:00","dateModified":"2025-10-10T18:31:57+00:00","breadcrumb":{"@id":"https:\/\/msconectado.com.br\/?p=26359#breadcrumb"},"inLanguage":"pt-BR","potentialAction":[{"@type":"ReadAction","target":["https:\/\/msconectado.com.br\/?p=26359"]}]},{"@type":"ImageObject","inLanguage":"pt-BR","@id":"https:\/\/msconectado.com.br\/?p=26359#primaryimage","url":"https:\/\/msconectado.com.br\/wp-content\/uploads\/2025\/10\/b042dfc6-d644-429f-bf25-ac96b369cf9d.jpg","contentUrl":"https:\/\/msconectado.com.br\/wp-content\/uploads\/2025\/10\/b042dfc6-d644-429f-bf25-ac96b369cf9d.jpg","width":1280,"height":720},{"@type":"BreadcrumbList","@id":"https:\/\/msconectado.com.br\/?p=26359#breadcrumb","itemListElement":[{"@type":"ListItem","position":1,"name":"In\u00edcio","item":"https:\/\/msconectado.com.br\/"},{"@type":"ListItem","position":2,"name":"Bioan\u00e1lise celebra 13 anos de hist\u00f3ria e compromisso com a sa\u00fade de Maracaju"}]},{"@type":"WebSite","@id":"https:\/\/msconectado.com.br\/#website","url":"https:\/\/msconectado.com.br\/","name":"MsConectado","description":"Voc\u00ea Conectado com a Not\u00edcia!","publisher":{"@id":"https:\/\/msconectado.com.br\/#organization"},"potentialAction":[{"@type":"SearchAction","target":{"@type":"EntryPoint","urlTemplate":"https:\/\/msconectado.com.br\/?s={search_term_string}"},"query-input":{"@type":"PropertyValueSpecification","valueRequired":true,"valueName":"search_term_string"}}],"inLanguage":"pt-BR"},{"@type":"Organization","@id":"https:\/\/msconectado.com.br\/#organization","name":"MsConectado","url":"https:\/\/msconectado.com.br\/","logo":{"@type":"ImageObject","inLanguage":"pt-BR","@id":"https:\/\/msconectado.com.br\/#\/schema\/logo\/image\/","url":"https:\/\/msconectado.com.br\/wp-content\/uploads\/2023\/01\/cropped-noticia-2.png","contentUrl":"https:\/\/msconectado.com.br\/wp-content\/uploads\/2023\/01\/cropped-noticia-2.png","width":720,"height":157,"caption":"MsConectado"},"image":{"@id":"https:\/\/msconectado.com.br\/#\/schema\/logo\/image\/"}},{"@type":"Person","@id":"https:\/\/msconectado.com.br\/#\/schema\/person\/feb123a95a93eebea36f0ed6a2e5ba48","name":"Jeferson","image":{"@type":"ImageObject","inLanguage":"pt-BR","@id":"https:\/\/secure.gravatar.com\/avatar\/e23e8901c88f0cdc0ad479ef7a39bf3e4c806344549c087c00b721a65549a328?s=96&d=mm&r=g","url":"https:\/\/secure.gravatar.com\/avatar\/e23e8901c88f0cdc0ad479ef7a39bf3e4c806344549c087c00b721a65549a328?s=96&d=mm&r=g","contentUrl":"https:\/\/secure.gravatar.com\/avatar\/e23e8901c88f0cdc0ad479ef7a39bf3e4c806344549c087c00b721a65549a328?s=96&d=mm&r=g","caption":"Jeferson"},"url":"https:\/\/msconectado.com.br\/?author=3"}]}},"_links":{"self":[{"href":"https:\/\/msconectado.com.br\/index.php?rest_route=\/wp\/v2\/posts\/26359","targetHints":{"allow":["GET"]}}],"collection":[{"href":"https:\/\/msconectado.com.br\/index.php?rest_route=\/wp\/v2\/posts"}],"about":[{"href":"https:\/\/msconectado.com.br\/index.php?rest_route=\/wp\/v2\/types\/post"}],"author":[{"embeddable":true,"href":"https:\/\/msconectado.com.br\/index.php?rest_route=\/wp\/v2\/users\/3"}],"replies":[{"embeddable":true,"href":"https:\/\/msconectado.com.br\/index.php?rest_route=%2Fwp%2Fv2%2Fcomments&post=26359"}],"version-history":[{"count":1,"href":"https:\/\/msconectado.com.br\/index.php?rest_route=\/wp\/v2\/posts\/26359\/revisions"}],"predecessor-version":[{"id":26361,"href":"https:\/\/msconectado.com.br\/index.php?rest_route=\/wp\/v2\/posts\/26359\/revisions\/26361"}],"wp:featuredmedia":[{"embeddable":true,"href":"https:\/\/msconectado.com.br\/index.php?rest_route=\/wp\/v2\/media\/26360"}],"wp:attachment":[{"href":"https:\/\/msconectado.com.br\/index.php?rest_route=%2Fwp%2Fv2%2Fmedia&parent=26359"}],"wp:term":[{"taxonomy":"category","embeddable":true,"href":"https:\/\/msconectado.com.br\/index.php?rest_route=%2Fwp%2Fv2%2Fcategories&post=26359"},{"taxonomy":"post_tag","embeddable":true,"href":"https:\/\/msconectado.com.br\/index.php?rest_route=%2Fwp%2Fv2%2Ftags&post=26359"}],"curies":[{"name":"wp","href":"https:\/\/api.w.org\/{rel}","templated":true}]}}