{"id":26376,"date":"2025-10-14T23:49:20","date_gmt":"2025-10-14T23:49:20","guid":{"rendered":"https:\/\/msconectado.com.br\/?p=26376"},"modified":"2025-10-14T23:49:39","modified_gmt":"2025-10-14T23:49:39","slug":"deputadas-debatem-projeto-do-executivo-que-propoe-a-instalacao-de-videos-nas-escolas","status":"publish","type":"post","link":"https:\/\/msconectado.com.br\/?p=26376","title":{"rendered":"Deputadas debatem projeto do Executivo que prop\u00f5e a instala\u00e7\u00e3o de v\u00eddeos nas escolas"},"content":{"rendered":"\n<p>Na tribuna da Assembleia Legislativa de Mato Grosso do Sul (ALEMS), a deputada Mara Caseiro (PSDB), 3\u00aa vice-presidente da Casa de Leis, defendeu o Projeto de Lei 264\/2024, de autoria do Poder Executivo, que altera a reda\u00e7\u00e3o de dispositivos da Lei 3.946, de 11 de agosto de 2010, nos termos que menciona, propondo a instala\u00e7\u00e3o de c\u00e2meras de v\u00eddeo em estabelecimentos de ensino, sendo vedada a capta\u00e7\u00e3o de \u00e1udio.<\/p>\n\n\n\n<p>\u201cIn\u00fameros il\u00edcitos penais acontecem nas unidades escolares, desde furtos, amea\u00e7as, agress\u00f5es f\u00edsicas e porte de armas. Pe\u00e7o \u00e0 deputada Gleice Jane [PT], que est\u00e1 com a relatoria da mat\u00e9ria na Comiss\u00e3o de Servi\u00e7o P\u00fablico, Obras, Transporte, Infraestrutura e Administra\u00e7\u00e3o, que o projeto seja analisado e continue sua tramita\u00e7\u00e3o na ALEMS\u201d, disse a deputada Mara Caseiro, iniciando seu discurso.<\/p>\n\n\n\n<p>\u201cMeu pedido acontece porque v\u00e1rias pessoas me procuram em fun\u00e7\u00e3o de que essas c\u00e2meras tem trazido inseguran\u00e7a nessa escola. E n\u00e3o se falava em grava\u00e7\u00e3o de \u00e1udios e sim de v\u00eddeo, o projeto recebeu, entre as emendas, uma do deputado Jo\u00e3o Henrique [PL], Pedro Kemp [PT], e uma minha em conjunto com os deputados Junior Mochi [MDB] e Caravina [PSDB]\u201d\u201d, elencou a deputada Mara Caseiro.<\/p>\n\n\n\n<p>Por fim, Mara Caseiro fala sobre a urg\u00eancia da tramita\u00e7\u00e3o e aprova\u00e7\u00e3o da mat\u00e9ria em benef\u00edcio da sociedade. \u201cSomos cobrados pela autoriza\u00e7\u00e3o e aprova\u00e7\u00e3o desse projeto com certa urg\u00eancia, temos problemas nas escolas que podem ser revolvidos com apresenta\u00e7\u00e3o dessas c\u00e2meras, e as mesmas n\u00e3o tem essa legitimidade, para possam resolver alguns problemas que tem acontecido. Professores, profissionais e at\u00e9 os pr\u00f3prios alunos t\u00eam pedido que essas c\u00e2meras sejam implantadas. Espero que esse projeto seja aprovado para garantir a seguran\u00e7a de todos\u201d, destacou.<\/p>\n\n\n\n<p>A deputada Gleice Jane, relatora do projeto na Comiss\u00e3o de Servi\u00e7o P\u00fablico, Obras, Transporte, Infraestrutura e Administra\u00e7\u00e3o, ressaltou que ainda \u00e9 necess\u00e1rio um amplo debate sobre o assunto. \u201cO trabalho tem sido intenso, com visitas \u00e0s escolas, estudos sobre a inconstitucionalidade em outros estados deste projeto, ouvindo quem j\u00e1 tem c\u00e2meras e quem n\u00e3o t\u00eam, e se elas auxiliam ou representam um risco. Sou contra as c\u00e2meras nas salas de aula, mas a minha opini\u00e3o n\u00e3o prepondera a relatoria, tenho um compromisso que nos pr\u00f3ximos meses seja apresentado aquilo que a educa\u00e7\u00e3o achar melhor. Considero que essa discuss\u00e3o deve ser aprofundada na ALEMS\u201d, refor\u00e7ou a deputada. &nbsp;<\/p>\n\n\n\n<p>Por: ALEMS<\/p>\n\n\n<div class=\"wp-block-image\">\n<figure class=\"aligncenter size-full\"><img fetchpriority=\"high\" decoding=\"async\" width=\"900\" height=\"100\" src=\"https:\/\/msconectado.com.br\/wp-content\/uploads\/2025\/10\/MS-CONECTADO_900x100.gif\" alt=\"\" class=\"wp-image-26363\"\/><\/figure>\n<\/div>\n\n\n<p><\/p>\n","protected":false},"excerpt":{"rendered":"<p>Na tribuna da Assembleia Legislativa de Mato Grosso do Sul (ALEMS), a deputada Mara Caseiro (PSDB), 3\u00aa vice-presidente da Casa de Leis, defendeu o Projeto de Lei 264\/2024, de autoria do Poder Executivo, que altera a reda\u00e7\u00e3o de dispositivos da Lei 3.946, de 11 de agosto de 2010, nos termos que menciona, propondo a instala\u00e7\u00e3o [&hellip;]<\/p>\n","protected":false},"author":3,"featured_media":26377,"comment_status":"open","ping_status":"closed","sticky":false,"template":"","format":"standard","meta":{"footnotes":""},"categories":[38,35],"tags":[],"class_list":["post-26376","post","type-post","status-publish","format-standard","has-post-thumbnail","hentry","category-assembleia-legislativa","category-cidades"],"yoast_head":"<!-- This site is optimized with the Yoast SEO plugin v27.5 - https:\/\/yoast.com\/product\/yoast-seo-wordpress\/ -->\n<title>Deputadas debatem projeto do Executivo que prop\u00f5e a instala\u00e7\u00e3o de v\u00eddeos nas escolas - MsConectado<\/title>\n<meta name=\"robots\" content=\"index, follow, max-snippet:-1, max-image-preview:large, max-video-preview:-1\" \/>\n<link rel=\"canonical\" href=\"https:\/\/msconectado.com.br\/?p=26376\" \/>\n<meta property=\"og:locale\" content=\"pt_BR\" \/>\n<meta property=\"og:type\" content=\"article\" \/>\n<meta property=\"og:title\" content=\"Deputadas debatem projeto do Executivo que prop\u00f5e a instala\u00e7\u00e3o de v\u00eddeos nas escolas - MsConectado\" \/>\n<meta property=\"og:description\" content=\"Na tribuna da Assembleia Legislativa de Mato Grosso do Sul (ALEMS), a deputada Mara Caseiro (PSDB), 3\u00aa vice-presidente da Casa de Leis, defendeu o Projeto de Lei 264\/2024, de autoria do Poder Executivo, que altera a reda\u00e7\u00e3o de dispositivos da Lei 3.946, de 11 de agosto de 2010, nos termos que menciona, propondo a instala\u00e7\u00e3o [&hellip;]\" \/>\n<meta property=\"og:url\" content=\"https:\/\/msconectado.com.br\/?p=26376\" \/>\n<meta property=\"og:site_name\" content=\"MsConectado\" \/>\n<meta property=\"article:published_time\" content=\"2025-10-14T23:49:20+00:00\" \/>\n<meta property=\"article:modified_time\" content=\"2025-10-14T23:49:39+00:00\" \/>\n<meta property=\"og:image\" content=\"https:\/\/msconectado.com.br\/wp-content\/uploads\/2025\/10\/7-1-e1760485720196.jpg\" \/>\n\t<meta property=\"og:image:width\" content=\"1028\" \/>\n\t<meta property=\"og:image:height\" content=\"590\" \/>\n\t<meta property=\"og:image:type\" content=\"image\/jpeg\" \/>\n<meta name=\"author\" content=\"Jeferson\" \/>\n<meta name=\"twitter:card\" content=\"summary_large_image\" \/>\n<meta name=\"twitter:label1\" content=\"Escrito por\" \/>\n\t<meta name=\"twitter:data1\" content=\"Jeferson\" \/>\n\t<meta name=\"twitter:label2\" content=\"Est. tempo de leitura\" \/>\n\t<meta name=\"twitter:data2\" content=\"3 minutos\" \/>\n<script type=\"application\/ld+json\" class=\"yoast-schema-graph\">{\"@context\":\"https:\\\/\\\/schema.org\",\"@graph\":[{\"@type\":\"Article\",\"@id\":\"https:\\\/\\\/msconectado.com.br\\\/?p=26376#article\",\"isPartOf\":{\"@id\":\"https:\\\/\\\/msconectado.com.br\\\/?p=26376\"},\"author\":{\"name\":\"Jeferson\",\"@id\":\"https:\\\/\\\/msconectado.com.br\\\/#\\\/schema\\\/person\\\/feb123a95a93eebea36f0ed6a2e5ba48\"},\"headline\":\"Deputadas debatem projeto do Executivo que prop\u00f5e a instala\u00e7\u00e3o de v\u00eddeos nas escolas\",\"datePublished\":\"2025-10-14T23:49:20+00:00\",\"dateModified\":\"2025-10-14T23:49:39+00:00\",\"mainEntityOfPage\":{\"@id\":\"https:\\\/\\\/msconectado.com.br\\\/?p=26376\"},\"wordCount\":448,\"commentCount\":0,\"publisher\":{\"@id\":\"https:\\\/\\\/msconectado.com.br\\\/#organization\"},\"image\":{\"@id\":\"https:\\\/\\\/msconectado.com.br\\\/?p=26376#primaryimage\"},\"thumbnailUrl\":\"https:\\\/\\\/msconectado.com.br\\\/wp-content\\\/uploads\\\/2025\\\/10\\\/7-1-e1760485720196.jpg\",\"articleSection\":[\"Assembleia Legislativa\",\"Cidades\"],\"inLanguage\":\"pt-BR\",\"potentialAction\":[{\"@type\":\"CommentAction\",\"name\":\"Comment\",\"target\":[\"https:\\\/\\\/msconectado.com.br\\\/?p=26376#respond\"]}]},{\"@type\":\"WebPage\",\"@id\":\"https:\\\/\\\/msconectado.com.br\\\/?p=26376\",\"url\":\"https:\\\/\\\/msconectado.com.br\\\/?p=26376\",\"name\":\"Deputadas debatem projeto do Executivo que prop\u00f5e a instala\u00e7\u00e3o de v\u00eddeos nas escolas - MsConectado\",\"isPartOf\":{\"@id\":\"https:\\\/\\\/msconectado.com.br\\\/#website\"},\"primaryImageOfPage\":{\"@id\":\"https:\\\/\\\/msconectado.com.br\\\/?p=26376#primaryimage\"},\"image\":{\"@id\":\"https:\\\/\\\/msconectado.com.br\\\/?p=26376#primaryimage\"},\"thumbnailUrl\":\"https:\\\/\\\/msconectado.com.br\\\/wp-content\\\/uploads\\\/2025\\\/10\\\/7-1-e1760485720196.jpg\",\"datePublished\":\"2025-10-14T23:49:20+00:00\",\"dateModified\":\"2025-10-14T23:49:39+00:00\",\"breadcrumb\":{\"@id\":\"https:\\\/\\\/msconectado.com.br\\\/?p=26376#breadcrumb\"},\"inLanguage\":\"pt-BR\",\"potentialAction\":[{\"@type\":\"ReadAction\",\"target\":[\"https:\\\/\\\/msconectado.com.br\\\/?p=26376\"]}]},{\"@type\":\"ImageObject\",\"inLanguage\":\"pt-BR\",\"@id\":\"https:\\\/\\\/msconectado.com.br\\\/?p=26376#primaryimage\",\"url\":\"https:\\\/\\\/msconectado.com.br\\\/wp-content\\\/uploads\\\/2025\\\/10\\\/7-1-e1760485720196.jpg\",\"contentUrl\":\"https:\\\/\\\/msconectado.com.br\\\/wp-content\\\/uploads\\\/2025\\\/10\\\/7-1-e1760485720196.jpg\",\"width\":1028,\"height\":590},{\"@type\":\"BreadcrumbList\",\"@id\":\"https:\\\/\\\/msconectado.com.br\\\/?p=26376#breadcrumb\",\"itemListElement\":[{\"@type\":\"ListItem\",\"position\":1,\"name\":\"In\u00edcio\",\"item\":\"https:\\\/\\\/msconectado.com.br\\\/?page_id=105\"},{\"@type\":\"ListItem\",\"position\":2,\"name\":\"Deputadas debatem projeto do Executivo que prop\u00f5e a instala\u00e7\u00e3o de v\u00eddeos nas escolas\"}]},{\"@type\":\"WebSite\",\"@id\":\"https:\\\/\\\/msconectado.com.br\\\/#website\",\"url\":\"https:\\\/\\\/msconectado.com.br\\\/\",\"name\":\"MsConectado\",\"description\":\"Voc\u00ea Conectado com a Not\u00edcia!\",\"publisher\":{\"@id\":\"https:\\\/\\\/msconectado.com.br\\\/#organization\"},\"potentialAction\":[{\"@type\":\"SearchAction\",\"target\":{\"@type\":\"EntryPoint\",\"urlTemplate\":\"https:\\\/\\\/msconectado.com.br\\\/?s={search_term_string}\"},\"query-input\":{\"@type\":\"PropertyValueSpecification\",\"valueRequired\":true,\"valueName\":\"search_term_string\"}}],\"inLanguage\":\"pt-BR\"},{\"@type\":\"Organization\",\"@id\":\"https:\\\/\\\/msconectado.com.br\\\/#organization\",\"name\":\"MsConectado\",\"url\":\"https:\\\/\\\/msconectado.com.br\\\/\",\"logo\":{\"@type\":\"ImageObject\",\"inLanguage\":\"pt-BR\",\"@id\":\"https:\\\/\\\/msconectado.com.br\\\/#\\\/schema\\\/logo\\\/image\\\/\",\"url\":\"https:\\\/\\\/msconectado.com.br\\\/wp-content\\\/uploads\\\/2023\\\/01\\\/cropped-noticia-2.png\",\"contentUrl\":\"https:\\\/\\\/msconectado.com.br\\\/wp-content\\\/uploads\\\/2023\\\/01\\\/cropped-noticia-2.png\",\"width\":720,\"height\":157,\"caption\":\"MsConectado\"},\"image\":{\"@id\":\"https:\\\/\\\/msconectado.com.br\\\/#\\\/schema\\\/logo\\\/image\\\/\"}},{\"@type\":\"Person\",\"@id\":\"https:\\\/\\\/msconectado.com.br\\\/#\\\/schema\\\/person\\\/feb123a95a93eebea36f0ed6a2e5ba48\",\"name\":\"Jeferson\",\"image\":{\"@type\":\"ImageObject\",\"inLanguage\":\"pt-BR\",\"@id\":\"https:\\\/\\\/secure.gravatar.com\\\/avatar\\\/e23e8901c88f0cdc0ad479ef7a39bf3e4c806344549c087c00b721a65549a328?s=96&d=mm&r=g\",\"url\":\"https:\\\/\\\/secure.gravatar.com\\\/avatar\\\/e23e8901c88f0cdc0ad479ef7a39bf3e4c806344549c087c00b721a65549a328?s=96&d=mm&r=g\",\"contentUrl\":\"https:\\\/\\\/secure.gravatar.com\\\/avatar\\\/e23e8901c88f0cdc0ad479ef7a39bf3e4c806344549c087c00b721a65549a328?s=96&d=mm&r=g\",\"caption\":\"Jeferson\"},\"url\":\"https:\\\/\\\/msconectado.com.br\\\/?author=3\"}]}<\/script>\n<!-- \/ Yoast SEO plugin. -->","yoast_head_json":{"title":"Deputadas debatem projeto do Executivo que prop\u00f5e a instala\u00e7\u00e3o de v\u00eddeos nas escolas - MsConectado","robots":{"index":"index","follow":"follow","max-snippet":"max-snippet:-1","max-image-preview":"max-image-preview:large","max-video-preview":"max-video-preview:-1"},"canonical":"https:\/\/msconectado.com.br\/?p=26376","og_locale":"pt_BR","og_type":"article","og_title":"Deputadas debatem projeto do Executivo que prop\u00f5e a instala\u00e7\u00e3o de v\u00eddeos nas escolas - MsConectado","og_description":"Na tribuna da Assembleia Legislativa de Mato Grosso do Sul (ALEMS), a deputada Mara Caseiro (PSDB), 3\u00aa vice-presidente da Casa de Leis, defendeu o Projeto de Lei 264\/2024, de autoria do Poder Executivo, que altera a reda\u00e7\u00e3o de dispositivos da Lei 3.946, de 11 de agosto de 2010, nos termos que menciona, propondo a instala\u00e7\u00e3o [&hellip;]","og_url":"https:\/\/msconectado.com.br\/?p=26376","og_site_name":"MsConectado","article_published_time":"2025-10-14T23:49:20+00:00","article_modified_time":"2025-10-14T23:49:39+00:00","og_image":[{"width":1028,"height":590,"url":"https:\/\/msconectado.com.br\/wp-content\/uploads\/2025\/10\/7-1-e1760485720196.jpg","type":"image\/jpeg"}],"author":"Jeferson","twitter_card":"summary_large_image","twitter_misc":{"Escrito por":"Jeferson","Est. tempo de leitura":"3 minutos"},"schema":{"@context":"https:\/\/schema.org","@graph":[{"@type":"Article","@id":"https:\/\/msconectado.com.br\/?p=26376#article","isPartOf":{"@id":"https:\/\/msconectado.com.br\/?p=26376"},"author":{"name":"Jeferson","@id":"https:\/\/msconectado.com.br\/#\/schema\/person\/feb123a95a93eebea36f0ed6a2e5ba48"},"headline":"Deputadas debatem projeto do Executivo que prop\u00f5e a instala\u00e7\u00e3o de v\u00eddeos nas escolas","datePublished":"2025-10-14T23:49:20+00:00","dateModified":"2025-10-14T23:49:39+00:00","mainEntityOfPage":{"@id":"https:\/\/msconectado.com.br\/?p=26376"},"wordCount":448,"commentCount":0,"publisher":{"@id":"https:\/\/msconectado.com.br\/#organization"},"image":{"@id":"https:\/\/msconectado.com.br\/?p=26376#primaryimage"},"thumbnailUrl":"https:\/\/msconectado.com.br\/wp-content\/uploads\/2025\/10\/7-1-e1760485720196.jpg","articleSection":["Assembleia Legislativa","Cidades"],"inLanguage":"pt-BR","potentialAction":[{"@type":"CommentAction","name":"Comment","target":["https:\/\/msconectado.com.br\/?p=26376#respond"]}]},{"@type":"WebPage","@id":"https:\/\/msconectado.com.br\/?p=26376","url":"https:\/\/msconectado.com.br\/?p=26376","name":"Deputadas debatem projeto do Executivo que prop\u00f5e a instala\u00e7\u00e3o de v\u00eddeos nas escolas - MsConectado","isPartOf":{"@id":"https:\/\/msconectado.com.br\/#website"},"primaryImageOfPage":{"@id":"https:\/\/msconectado.com.br\/?p=26376#primaryimage"},"image":{"@id":"https:\/\/msconectado.com.br\/?p=26376#primaryimage"},"thumbnailUrl":"https:\/\/msconectado.com.br\/wp-content\/uploads\/2025\/10\/7-1-e1760485720196.jpg","datePublished":"2025-10-14T23:49:20+00:00","dateModified":"2025-10-14T23:49:39+00:00","breadcrumb":{"@id":"https:\/\/msconectado.com.br\/?p=26376#breadcrumb"},"inLanguage":"pt-BR","potentialAction":[{"@type":"ReadAction","target":["https:\/\/msconectado.com.br\/?p=26376"]}]},{"@type":"ImageObject","inLanguage":"pt-BR","@id":"https:\/\/msconectado.com.br\/?p=26376#primaryimage","url":"https:\/\/msconectado.com.br\/wp-content\/uploads\/2025\/10\/7-1-e1760485720196.jpg","contentUrl":"https:\/\/msconectado.com.br\/wp-content\/uploads\/2025\/10\/7-1-e1760485720196.jpg","width":1028,"height":590},{"@type":"BreadcrumbList","@id":"https:\/\/msconectado.com.br\/?p=26376#breadcrumb","itemListElement":[{"@type":"ListItem","position":1,"name":"In\u00edcio","item":"https:\/\/msconectado.com.br\/?page_id=105"},{"@type":"ListItem","position":2,"name":"Deputadas debatem projeto do Executivo que prop\u00f5e a instala\u00e7\u00e3o de v\u00eddeos nas escolas"}]},{"@type":"WebSite","@id":"https:\/\/msconectado.com.br\/#website","url":"https:\/\/msconectado.com.br\/","name":"MsConectado","description":"Voc\u00ea Conectado com a Not\u00edcia!","publisher":{"@id":"https:\/\/msconectado.com.br\/#organization"},"potentialAction":[{"@type":"SearchAction","target":{"@type":"EntryPoint","urlTemplate":"https:\/\/msconectado.com.br\/?s={search_term_string}"},"query-input":{"@type":"PropertyValueSpecification","valueRequired":true,"valueName":"search_term_string"}}],"inLanguage":"pt-BR"},{"@type":"Organization","@id":"https:\/\/msconectado.com.br\/#organization","name":"MsConectado","url":"https:\/\/msconectado.com.br\/","logo":{"@type":"ImageObject","inLanguage":"pt-BR","@id":"https:\/\/msconectado.com.br\/#\/schema\/logo\/image\/","url":"https:\/\/msconectado.com.br\/wp-content\/uploads\/2023\/01\/cropped-noticia-2.png","contentUrl":"https:\/\/msconectado.com.br\/wp-content\/uploads\/2023\/01\/cropped-noticia-2.png","width":720,"height":157,"caption":"MsConectado"},"image":{"@id":"https:\/\/msconectado.com.br\/#\/schema\/logo\/image\/"}},{"@type":"Person","@id":"https:\/\/msconectado.com.br\/#\/schema\/person\/feb123a95a93eebea36f0ed6a2e5ba48","name":"Jeferson","image":{"@type":"ImageObject","inLanguage":"pt-BR","@id":"https:\/\/secure.gravatar.com\/avatar\/e23e8901c88f0cdc0ad479ef7a39bf3e4c806344549c087c00b721a65549a328?s=96&d=mm&r=g","url":"https:\/\/secure.gravatar.com\/avatar\/e23e8901c88f0cdc0ad479ef7a39bf3e4c806344549c087c00b721a65549a328?s=96&d=mm&r=g","contentUrl":"https:\/\/secure.gravatar.com\/avatar\/e23e8901c88f0cdc0ad479ef7a39bf3e4c806344549c087c00b721a65549a328?s=96&d=mm&r=g","caption":"Jeferson"},"url":"https:\/\/msconectado.com.br\/?author=3"}]}},"_links":{"self":[{"href":"https:\/\/msconectado.com.br\/index.php?rest_route=\/wp\/v2\/posts\/26376","targetHints":{"allow":["GET"]}}],"collection":[{"href":"https:\/\/msconectado.com.br\/index.php?rest_route=\/wp\/v2\/posts"}],"about":[{"href":"https:\/\/msconectado.com.br\/index.php?rest_route=\/wp\/v2\/types\/post"}],"author":[{"embeddable":true,"href":"https:\/\/msconectado.com.br\/index.php?rest_route=\/wp\/v2\/users\/3"}],"replies":[{"embeddable":true,"href":"https:\/\/msconectado.com.br\/index.php?rest_route=%2Fwp%2Fv2%2Fcomments&post=26376"}],"version-history":[{"count":1,"href":"https:\/\/msconectado.com.br\/index.php?rest_route=\/wp\/v2\/posts\/26376\/revisions"}],"predecessor-version":[{"id":26378,"href":"https:\/\/msconectado.com.br\/index.php?rest_route=\/wp\/v2\/posts\/26376\/revisions\/26378"}],"wp:featuredmedia":[{"embeddable":true,"href":"https:\/\/msconectado.com.br\/index.php?rest_route=\/wp\/v2\/media\/26377"}],"wp:attachment":[{"href":"https:\/\/msconectado.com.br\/index.php?rest_route=%2Fwp%2Fv2%2Fmedia&parent=26376"}],"wp:term":[{"taxonomy":"category","embeddable":true,"href":"https:\/\/msconectado.com.br\/index.php?rest_route=%2Fwp%2Fv2%2Fcategories&post=26376"},{"taxonomy":"post_tag","embeddable":true,"href":"https:\/\/msconectado.com.br\/index.php?rest_route=%2Fwp%2Fv2%2Ftags&post=26376"}],"curies":[{"name":"wp","href":"https:\/\/api.w.org\/{rel}","templated":true}]}}