{"id":26517,"date":"2025-11-08T14:16:36","date_gmt":"2025-11-08T14:16:36","guid":{"rendered":"https:\/\/msconectado.com.br\/?p=26517"},"modified":"2025-11-08T14:30:43","modified_gmt":"2025-11-08T14:30:43","slug":"prefeito-cleber-dias-e-homenageado-com-a-comenda-do-merito-legislativo-da-assembleia-de-ms","status":"publish","type":"post","link":"https:\/\/msconectado.com.br\/?p=26517","title":{"rendered":"Prefeito Cl\u00e9ber Dias \u00e9 homenageado com a Comenda do M\u00e9rito Legislativo da Assembleia de MS"},"content":{"rendered":"\n<p>O prefeito de Vicentina, <strong>Cl\u00e9ber Dias da Silva<\/strong>, foi agraciado na semana passada com a <strong>Comenda do M\u00e9rito Legislativo<\/strong>, uma das mais altas honrarias concedidas pela <strong>Assembleia Legislativa de Mato Grosso do Sul<\/strong>.<br>A solenidade aconteceu no <strong>Pal\u00e1cio Popular da Cultura<\/strong>, em Campo Grande, reunindo autoridades estaduais, municipais e representantes da sociedade civil.<\/p>\n\n\n\n<p>O prefeito recebeu a homenagem acompanhado da primeira-dama, <strong>\u00c9rica Cordeiro Bezerra Dias<\/strong>. O evento contou ainda com a presen\u00e7a do governador <strong>Eduardo Riedel<\/strong>, da primeira-dama do Estado, <strong>M\u00f4nica Riedel<\/strong>, al\u00e9m de deputados estaduais e demais lideran\u00e7as pol\u00edticas.<\/p>\n\n\n<div class=\"wp-block-image\">\n<figure class=\"aligncenter size-large\"><img decoding=\"async\" src=\"https:\/\/msconectado.com.br\/wp-content\/uploads\/2025\/11\/image-2-1024x1024.png\" alt=\"\" class=\"wp-image-26519\"\/><\/figure>\n<\/div>\n\n\n<p>A indica\u00e7\u00e3o do nome de Cl\u00e9ber Dias foi feita pela deputada estadual <strong>Mara Caseiro<\/strong>, com aprova\u00e7\u00e3o un\u00e2nime dos parlamentares da Casa de Leis.<\/p>\n\n\n\n<blockquote class=\"wp-block-quote is-layout-flow wp-block-quote-is-layout-flow\">\n<p>\u201cReceber a Comenda do M\u00e9rito Legislativo da Assembleia Legislativa de MS \u00e9 uma honra que compartilho com cada morador de Vicentina. Este reconhecimento representa o esfor\u00e7o di\u00e1rio para construir uma cidade mais forte, humana e desenvolvida \u2014 e refor\u00e7a nosso compromisso com todo o Estado\u201d, destacou o prefeito.<\/p>\n\n\n\n<p>\u201cSeguimos trabalhando com dedica\u00e7\u00e3o, transpar\u00eancia e uni\u00e3o para transformar nossa realidade e abrir novos caminhos para o nosso povo\u201d, completou.<\/p>\n<\/blockquote>\n\n\n\n<p>A Comenda do M\u00e9rito Legislativo \u00e9 concedida a personalidades e institui\u00e7\u00f5es que contribuem significativamente para o desenvolvimento social, pol\u00edtico e econ\u00f4mico de Mato Grosso do Sul, reconhecendo trajet\u00f3rias de destaque e servi\u00e7os prestados \u00e0 popula\u00e7\u00e3o.<\/p>\n\n\n\n<p>Assessoria<\/p>\n\n\n\n<p><em>Fotos: Victor Chileno<\/em><\/p>\n\n\n<div class=\"wp-block-image\">\n<figure class=\"aligncenter size-full\"><img fetchpriority=\"high\" decoding=\"async\" width=\"900\" height=\"100\" src=\"https:\/\/msconectado.com.br\/wp-content\/uploads\/2025\/11\/Fullbanner-900X100px-Novembro-Azul.gif\" alt=\"\" class=\"wp-image-26477\"\/><\/figure>\n<\/div>","protected":false},"excerpt":{"rendered":"<p>O prefeito de Vicentina, Cl\u00e9ber Dias da Silva, foi agraciado na semana passada com a Comenda do M\u00e9rito Legislativo, uma das mais altas honrarias concedidas pela Assembleia Legislativa de Mato Grosso do Sul.A solenidade aconteceu no Pal\u00e1cio Popular da Cultura, em Campo Grande, reunindo autoridades estaduais, municipais e representantes da sociedade civil. O prefeito recebeu [&hellip;]<\/p>\n","protected":false},"author":3,"featured_media":0,"comment_status":"open","ping_status":"closed","sticky":false,"template":"","format":"standard","meta":{"footnotes":""},"categories":[38,33],"tags":[],"class_list":["post-26517","post","type-post","status-publish","format-standard","hentry","category-assembleia-legislativa","category-politica"],"yoast_head":"<!-- This site is optimized with the Yoast SEO plugin v27.5 - https:\/\/yoast.com\/product\/yoast-seo-wordpress\/ -->\n<title>Prefeito Cl\u00e9ber Dias \u00e9 homenageado com a Comenda do M\u00e9rito Legislativo da Assembleia de MS - MsConectado<\/title>\n<meta name=\"robots\" content=\"index, follow, max-snippet:-1, max-image-preview:large, max-video-preview:-1\" \/>\n<link rel=\"canonical\" href=\"https:\/\/msconectado.com.br\/?p=26517\" \/>\n<meta property=\"og:locale\" content=\"pt_BR\" \/>\n<meta property=\"og:type\" content=\"article\" \/>\n<meta property=\"og:title\" content=\"Prefeito Cl\u00e9ber Dias \u00e9 homenageado com a Comenda do M\u00e9rito Legislativo da Assembleia de MS - MsConectado\" \/>\n<meta property=\"og:description\" content=\"O prefeito de Vicentina, Cl\u00e9ber Dias da Silva, foi agraciado na semana passada com a Comenda do M\u00e9rito Legislativo, uma das mais altas honrarias concedidas pela Assembleia Legislativa de Mato Grosso do Sul.A solenidade aconteceu no Pal\u00e1cio Popular da Cultura, em Campo Grande, reunindo autoridades estaduais, municipais e representantes da sociedade civil. O prefeito recebeu [&hellip;]\" \/>\n<meta property=\"og:url\" content=\"https:\/\/msconectado.com.br\/?p=26517\" \/>\n<meta property=\"og:site_name\" content=\"MsConectado\" \/>\n<meta property=\"article:published_time\" content=\"2025-11-08T14:16:36+00:00\" \/>\n<meta property=\"article:modified_time\" content=\"2025-11-08T14:30:43+00:00\" \/>\n<meta property=\"og:image\" content=\"https:\/\/msconectado.com.br\/wp-content\/uploads\/2025\/11\/8-2.jpg\" \/>\n\t<meta property=\"og:image:width\" content=\"1239\" \/>\n\t<meta property=\"og:image:height\" content=\"764\" \/>\n\t<meta property=\"og:image:type\" content=\"image\/jpeg\" \/>\n<meta name=\"author\" content=\"Jeferson\" \/>\n<meta name=\"twitter:card\" content=\"summary_large_image\" \/>\n<meta name=\"twitter:label1\" content=\"Escrito por\" \/>\n\t<meta name=\"twitter:data1\" content=\"Jeferson\" \/>\n\t<meta name=\"twitter:label2\" content=\"Est. tempo de leitura\" \/>\n\t<meta name=\"twitter:data2\" content=\"2 minutos\" \/>\n<script type=\"application\/ld+json\" class=\"yoast-schema-graph\">{\"@context\":\"https:\\\/\\\/schema.org\",\"@graph\":[{\"@type\":\"Article\",\"@id\":\"https:\\\/\\\/msconectado.com.br\\\/?p=26517#article\",\"isPartOf\":{\"@id\":\"https:\\\/\\\/msconectado.com.br\\\/?p=26517\"},\"author\":{\"name\":\"Jeferson\",\"@id\":\"https:\\\/\\\/msconectado.com.br\\\/#\\\/schema\\\/person\\\/feb123a95a93eebea36f0ed6a2e5ba48\"},\"headline\":\"Prefeito Cl\u00e9ber Dias \u00e9 homenageado com a Comenda do M\u00e9rito Legislativo da Assembleia de MS\",\"datePublished\":\"2025-11-08T14:16:36+00:00\",\"dateModified\":\"2025-11-08T14:30:43+00:00\",\"mainEntityOfPage\":{\"@id\":\"https:\\\/\\\/msconectado.com.br\\\/?p=26517\"},\"wordCount\":258,\"commentCount\":0,\"publisher\":{\"@id\":\"https:\\\/\\\/msconectado.com.br\\\/#organization\"},\"image\":{\"@id\":\"https:\\\/\\\/msconectado.com.br\\\/?p=26517#primaryimage\"},\"thumbnailUrl\":\"https:\\\/\\\/msconectado.com.br\\\/wp-content\\\/uploads\\\/2025\\\/11\\\/image-2-1024x1024.png\",\"articleSection\":[\"Assembleia Legislativa\",\"Pol\u00edtica\"],\"inLanguage\":\"pt-BR\",\"potentialAction\":[{\"@type\":\"CommentAction\",\"name\":\"Comment\",\"target\":[\"https:\\\/\\\/msconectado.com.br\\\/?p=26517#respond\"]}]},{\"@type\":\"WebPage\",\"@id\":\"https:\\\/\\\/msconectado.com.br\\\/?p=26517\",\"url\":\"https:\\\/\\\/msconectado.com.br\\\/?p=26517\",\"name\":\"Prefeito Cl\u00e9ber Dias \u00e9 homenageado com a Comenda do M\u00e9rito Legislativo da Assembleia de MS - MsConectado\",\"isPartOf\":{\"@id\":\"https:\\\/\\\/msconectado.com.br\\\/#website\"},\"primaryImageOfPage\":{\"@id\":\"https:\\\/\\\/msconectado.com.br\\\/?p=26517#primaryimage\"},\"image\":{\"@id\":\"https:\\\/\\\/msconectado.com.br\\\/?p=26517#primaryimage\"},\"thumbnailUrl\":\"https:\\\/\\\/msconectado.com.br\\\/wp-content\\\/uploads\\\/2025\\\/11\\\/image-2-1024x1024.png\",\"datePublished\":\"2025-11-08T14:16:36+00:00\",\"dateModified\":\"2025-11-08T14:30:43+00:00\",\"breadcrumb\":{\"@id\":\"https:\\\/\\\/msconectado.com.br\\\/?p=26517#breadcrumb\"},\"inLanguage\":\"pt-BR\",\"potentialAction\":[{\"@type\":\"ReadAction\",\"target\":[\"https:\\\/\\\/msconectado.com.br\\\/?p=26517\"]}]},{\"@type\":\"ImageObject\",\"inLanguage\":\"pt-BR\",\"@id\":\"https:\\\/\\\/msconectado.com.br\\\/?p=26517#primaryimage\",\"url\":\"\",\"contentUrl\":\"\"},{\"@type\":\"BreadcrumbList\",\"@id\":\"https:\\\/\\\/msconectado.com.br\\\/?p=26517#breadcrumb\",\"itemListElement\":[{\"@type\":\"ListItem\",\"position\":1,\"name\":\"In\u00edcio\",\"item\":\"https:\\\/\\\/msconectado.com.br\\\/?page_id=105\"},{\"@type\":\"ListItem\",\"position\":2,\"name\":\"Prefeito Cl\u00e9ber Dias \u00e9 homenageado com a Comenda do M\u00e9rito Legislativo da Assembleia de MS\"}]},{\"@type\":\"WebSite\",\"@id\":\"https:\\\/\\\/msconectado.com.br\\\/#website\",\"url\":\"https:\\\/\\\/msconectado.com.br\\\/\",\"name\":\"MsConectado\",\"description\":\"Voc\u00ea Conectado com a Not\u00edcia!\",\"publisher\":{\"@id\":\"https:\\\/\\\/msconectado.com.br\\\/#organization\"},\"potentialAction\":[{\"@type\":\"SearchAction\",\"target\":{\"@type\":\"EntryPoint\",\"urlTemplate\":\"https:\\\/\\\/msconectado.com.br\\\/?s={search_term_string}\"},\"query-input\":{\"@type\":\"PropertyValueSpecification\",\"valueRequired\":true,\"valueName\":\"search_term_string\"}}],\"inLanguage\":\"pt-BR\"},{\"@type\":\"Organization\",\"@id\":\"https:\\\/\\\/msconectado.com.br\\\/#organization\",\"name\":\"MsConectado\",\"url\":\"https:\\\/\\\/msconectado.com.br\\\/\",\"logo\":{\"@type\":\"ImageObject\",\"inLanguage\":\"pt-BR\",\"@id\":\"https:\\\/\\\/msconectado.com.br\\\/#\\\/schema\\\/logo\\\/image\\\/\",\"url\":\"https:\\\/\\\/msconectado.com.br\\\/wp-content\\\/uploads\\\/2023\\\/01\\\/cropped-noticia-2.png\",\"contentUrl\":\"https:\\\/\\\/msconectado.com.br\\\/wp-content\\\/uploads\\\/2023\\\/01\\\/cropped-noticia-2.png\",\"width\":720,\"height\":157,\"caption\":\"MsConectado\"},\"image\":{\"@id\":\"https:\\\/\\\/msconectado.com.br\\\/#\\\/schema\\\/logo\\\/image\\\/\"}},{\"@type\":\"Person\",\"@id\":\"https:\\\/\\\/msconectado.com.br\\\/#\\\/schema\\\/person\\\/feb123a95a93eebea36f0ed6a2e5ba48\",\"name\":\"Jeferson\",\"image\":{\"@type\":\"ImageObject\",\"inLanguage\":\"pt-BR\",\"@id\":\"https:\\\/\\\/secure.gravatar.com\\\/avatar\\\/e23e8901c88f0cdc0ad479ef7a39bf3e4c806344549c087c00b721a65549a328?s=96&d=mm&r=g\",\"url\":\"https:\\\/\\\/secure.gravatar.com\\\/avatar\\\/e23e8901c88f0cdc0ad479ef7a39bf3e4c806344549c087c00b721a65549a328?s=96&d=mm&r=g\",\"contentUrl\":\"https:\\\/\\\/secure.gravatar.com\\\/avatar\\\/e23e8901c88f0cdc0ad479ef7a39bf3e4c806344549c087c00b721a65549a328?s=96&d=mm&r=g\",\"caption\":\"Jeferson\"},\"url\":\"https:\\\/\\\/msconectado.com.br\\\/?author=3\"}]}<\/script>\n<!-- \/ Yoast SEO plugin. -->","yoast_head_json":{"title":"Prefeito Cl\u00e9ber Dias \u00e9 homenageado com a Comenda do M\u00e9rito Legislativo da Assembleia de MS - MsConectado","robots":{"index":"index","follow":"follow","max-snippet":"max-snippet:-1","max-image-preview":"max-image-preview:large","max-video-preview":"max-video-preview:-1"},"canonical":"https:\/\/msconectado.com.br\/?p=26517","og_locale":"pt_BR","og_type":"article","og_title":"Prefeito Cl\u00e9ber Dias \u00e9 homenageado com a Comenda do M\u00e9rito Legislativo da Assembleia de MS - MsConectado","og_description":"O prefeito de Vicentina, Cl\u00e9ber Dias da Silva, foi agraciado na semana passada com a Comenda do M\u00e9rito Legislativo, uma das mais altas honrarias concedidas pela Assembleia Legislativa de Mato Grosso do Sul.A solenidade aconteceu no Pal\u00e1cio Popular da Cultura, em Campo Grande, reunindo autoridades estaduais, municipais e representantes da sociedade civil. O prefeito recebeu [&hellip;]","og_url":"https:\/\/msconectado.com.br\/?p=26517","og_site_name":"MsConectado","article_published_time":"2025-11-08T14:16:36+00:00","article_modified_time":"2025-11-08T14:30:43+00:00","og_image":[{"width":1239,"height":764,"url":"https:\/\/msconectado.com.br\/wp-content\/uploads\/2025\/11\/8-2.jpg","type":"image\/jpeg"}],"author":"Jeferson","twitter_card":"summary_large_image","twitter_misc":{"Escrito por":"Jeferson","Est. tempo de leitura":"2 minutos"},"schema":{"@context":"https:\/\/schema.org","@graph":[{"@type":"Article","@id":"https:\/\/msconectado.com.br\/?p=26517#article","isPartOf":{"@id":"https:\/\/msconectado.com.br\/?p=26517"},"author":{"name":"Jeferson","@id":"https:\/\/msconectado.com.br\/#\/schema\/person\/feb123a95a93eebea36f0ed6a2e5ba48"},"headline":"Prefeito Cl\u00e9ber Dias \u00e9 homenageado com a Comenda do M\u00e9rito Legislativo da Assembleia de MS","datePublished":"2025-11-08T14:16:36+00:00","dateModified":"2025-11-08T14:30:43+00:00","mainEntityOfPage":{"@id":"https:\/\/msconectado.com.br\/?p=26517"},"wordCount":258,"commentCount":0,"publisher":{"@id":"https:\/\/msconectado.com.br\/#organization"},"image":{"@id":"https:\/\/msconectado.com.br\/?p=26517#primaryimage"},"thumbnailUrl":"https:\/\/msconectado.com.br\/wp-content\/uploads\/2025\/11\/image-2-1024x1024.png","articleSection":["Assembleia Legislativa","Pol\u00edtica"],"inLanguage":"pt-BR","potentialAction":[{"@type":"CommentAction","name":"Comment","target":["https:\/\/msconectado.com.br\/?p=26517#respond"]}]},{"@type":"WebPage","@id":"https:\/\/msconectado.com.br\/?p=26517","url":"https:\/\/msconectado.com.br\/?p=26517","name":"Prefeito Cl\u00e9ber Dias \u00e9 homenageado com a Comenda do M\u00e9rito Legislativo da Assembleia de MS - MsConectado","isPartOf":{"@id":"https:\/\/msconectado.com.br\/#website"},"primaryImageOfPage":{"@id":"https:\/\/msconectado.com.br\/?p=26517#primaryimage"},"image":{"@id":"https:\/\/msconectado.com.br\/?p=26517#primaryimage"},"thumbnailUrl":"https:\/\/msconectado.com.br\/wp-content\/uploads\/2025\/11\/image-2-1024x1024.png","datePublished":"2025-11-08T14:16:36+00:00","dateModified":"2025-11-08T14:30:43+00:00","breadcrumb":{"@id":"https:\/\/msconectado.com.br\/?p=26517#breadcrumb"},"inLanguage":"pt-BR","potentialAction":[{"@type":"ReadAction","target":["https:\/\/msconectado.com.br\/?p=26517"]}]},{"@type":"ImageObject","inLanguage":"pt-BR","@id":"https:\/\/msconectado.com.br\/?p=26517#primaryimage","url":"","contentUrl":""},{"@type":"BreadcrumbList","@id":"https:\/\/msconectado.com.br\/?p=26517#breadcrumb","itemListElement":[{"@type":"ListItem","position":1,"name":"In\u00edcio","item":"https:\/\/msconectado.com.br\/?page_id=105"},{"@type":"ListItem","position":2,"name":"Prefeito Cl\u00e9ber Dias \u00e9 homenageado com a Comenda do M\u00e9rito Legislativo da Assembleia de MS"}]},{"@type":"WebSite","@id":"https:\/\/msconectado.com.br\/#website","url":"https:\/\/msconectado.com.br\/","name":"MsConectado","description":"Voc\u00ea Conectado com a Not\u00edcia!","publisher":{"@id":"https:\/\/msconectado.com.br\/#organization"},"potentialAction":[{"@type":"SearchAction","target":{"@type":"EntryPoint","urlTemplate":"https:\/\/msconectado.com.br\/?s={search_term_string}"},"query-input":{"@type":"PropertyValueSpecification","valueRequired":true,"valueName":"search_term_string"}}],"inLanguage":"pt-BR"},{"@type":"Organization","@id":"https:\/\/msconectado.com.br\/#organization","name":"MsConectado","url":"https:\/\/msconectado.com.br\/","logo":{"@type":"ImageObject","inLanguage":"pt-BR","@id":"https:\/\/msconectado.com.br\/#\/schema\/logo\/image\/","url":"https:\/\/msconectado.com.br\/wp-content\/uploads\/2023\/01\/cropped-noticia-2.png","contentUrl":"https:\/\/msconectado.com.br\/wp-content\/uploads\/2023\/01\/cropped-noticia-2.png","width":720,"height":157,"caption":"MsConectado"},"image":{"@id":"https:\/\/msconectado.com.br\/#\/schema\/logo\/image\/"}},{"@type":"Person","@id":"https:\/\/msconectado.com.br\/#\/schema\/person\/feb123a95a93eebea36f0ed6a2e5ba48","name":"Jeferson","image":{"@type":"ImageObject","inLanguage":"pt-BR","@id":"https:\/\/secure.gravatar.com\/avatar\/e23e8901c88f0cdc0ad479ef7a39bf3e4c806344549c087c00b721a65549a328?s=96&d=mm&r=g","url":"https:\/\/secure.gravatar.com\/avatar\/e23e8901c88f0cdc0ad479ef7a39bf3e4c806344549c087c00b721a65549a328?s=96&d=mm&r=g","contentUrl":"https:\/\/secure.gravatar.com\/avatar\/e23e8901c88f0cdc0ad479ef7a39bf3e4c806344549c087c00b721a65549a328?s=96&d=mm&r=g","caption":"Jeferson"},"url":"https:\/\/msconectado.com.br\/?author=3"}]}},"_links":{"self":[{"href":"https:\/\/msconectado.com.br\/index.php?rest_route=\/wp\/v2\/posts\/26517","targetHints":{"allow":["GET"]}}],"collection":[{"href":"https:\/\/msconectado.com.br\/index.php?rest_route=\/wp\/v2\/posts"}],"about":[{"href":"https:\/\/msconectado.com.br\/index.php?rest_route=\/wp\/v2\/types\/post"}],"author":[{"embeddable":true,"href":"https:\/\/msconectado.com.br\/index.php?rest_route=\/wp\/v2\/users\/3"}],"replies":[{"embeddable":true,"href":"https:\/\/msconectado.com.br\/index.php?rest_route=%2Fwp%2Fv2%2Fcomments&post=26517"}],"version-history":[{"count":2,"href":"https:\/\/msconectado.com.br\/index.php?rest_route=\/wp\/v2\/posts\/26517\/revisions"}],"predecessor-version":[{"id":26524,"href":"https:\/\/msconectado.com.br\/index.php?rest_route=\/wp\/v2\/posts\/26517\/revisions\/26524"}],"wp:attachment":[{"href":"https:\/\/msconectado.com.br\/index.php?rest_route=%2Fwp%2Fv2%2Fmedia&parent=26517"}],"wp:term":[{"taxonomy":"category","embeddable":true,"href":"https:\/\/msconectado.com.br\/index.php?rest_route=%2Fwp%2Fv2%2Fcategories&post=26517"},{"taxonomy":"post_tag","embeddable":true,"href":"https:\/\/msconectado.com.br\/index.php?rest_route=%2Fwp%2Fv2%2Ftags&post=26517"}],"curies":[{"name":"wp","href":"https:\/\/api.w.org\/{rel}","templated":true}]}}