
{"id":26580,"date":"2025-11-14T20:19:02","date_gmt":"2025-11-14T20:19:02","guid":{"rendered":"https:\/\/msconectado.com.br\/?p=26580"},"modified":"2025-11-14T20:19:04","modified_gmt":"2025-11-14T20:19:04","slug":"sicredi-promove-palestra-brasil-de-oportunidades-para-associados-de-jardim","status":"publish","type":"post","link":"https:\/\/msconectado.com.br\/?p=26580","title":{"rendered":"Sicredi promove palestra \u201cBrasil de Oportunidades\u201d para associados de Jardim"},"content":{"rendered":"\n<p>Evento refor\u00e7a o compromisso da Cooperativa com o desenvolvimento regional e a<\/p>\n\n\n\n<p>proximidade com os associados<\/p>\n\n\n\n<p>A Sicredi Centro-Sul MS\/BA \u2013 institui\u00e7\u00e3o financeira cooperativa \u2013 promoveu, nesta<\/p>\n\n\n\n<p>quinta-feira (13), a segunda edi\u00e7\u00e3o do evento \u201cBrasil de Oportunidades\u201d, desta vez<\/p>\n\n\n\n<p>voltado aos associados de Jardim\/MS. O encontro aconteceu no espa\u00e7o Bakari Eventos<\/p>\n\n\n\n<p>e reuniu lideran\u00e7as locais, empres\u00e1rios e associados em uma noite de conhecimento e<\/p>\n\n\n\n<p>conex\u00e3o.<\/p>\n\n\n\n<p>A programa\u00e7\u00e3o contou com a participa\u00e7\u00e3o do renomado antrop\u00f3logo, professor e<\/p>\n\n\n\n<p>consultor empresarial Luiz Marins, refer\u00eancia nacional e internacional em temas de<\/p>\n\n\n\n<p>gest\u00e3o, comportamento e empreendedorismo. Em sua palestra, Marins trouxe<\/p>\n\n\n\n<p>reflex\u00f5es sobre o cen\u00e1rio econ\u00f4mico atual e as perspectivas para o futuro do Brasil,<\/p>\n\n\n\n<p>destacando a import\u00e2ncia da inova\u00e7\u00e3o, da adaptabilidade e da vis\u00e3o estrat\u00e9gica para<\/p>\n\n\n\n<p>enfrentar os desafios e aproveitar as oportunidades.<\/p>\n\n\n\n<p>Durante a abertura, o presidente da Cooperativa, Paulo Roberto Neves, apresentou os<\/p>\n\n\n\n<p>resultados da Cooperativa e refor\u00e7ou o compromisso com o desenvolvimento regional.<\/p>\n\n\n\n<p>\u201cEstar em Jardim, ao lado dos nossos associados, \u00e9 reafirmar o prop\u00f3sito do Sicredi de<\/p>\n\n\n\n<p>construir uma sociedade mais pr\u00f3spera. Acreditamos que o cooperativismo \u00e9 uma<\/p>\n\n\n\n<p>ferramenta poderosa para transformar realidades e promover o crescimento<\/p>\n\n\n\n<p>sustent\u00e1vel das comunidades onde atuamos\u201d, destacou.<\/p>\n\n\n\n<p>O evento tamb\u00e9m foi marcado por momentos de troca de experi\u00eancias e<\/p>\n\n\n\n<p>fortalecimento dos v\u00ednculos entre a Cooperativa e seus associados, evidenciando a<\/p>\n\n\n\n<p>import\u00e2ncia do relacionamento e da educa\u00e7\u00e3o para a constru\u00e7\u00e3o de um futuro com<\/p>\n\n\n\n<p>mais oportunidades.<\/p>\n\n\n\n<p>A jornada do \u201cBrasil de Oportunidades\u201d segue nesta sexta-feira (14), com a \u00faltima<\/p>\n\n\n\n<p>edi\u00e7\u00e3o do evento em Maracaju\/MS, encerrando o ciclo de encontros que celebram o<\/p>\n\n\n\n<p>protagonismo do cooperativismo na regi\u00e3o.<\/p>\n\n\n\n<p>Sobre a Sicredi Centro-Sul MS\/BA<\/p>\n\n\n\n<p>A Sicredi Centro-Sul MS\/BA \u00e9 uma institui\u00e7\u00e3o financeira cooperativa comprometida com o crescimento<\/p>\n\n\n\n<p>de seus associados e com o desenvolvimento das regi\u00f5es onde atua em 44 munic\u00edpios do Mato Grosso<\/p>\n\n\n\n<p>do Sul e 54 munic\u00edpios da Bahia. Possui um modelo de gest\u00e3o que valoriza a participa\u00e7\u00e3o dos mais de<\/p>\n\n\n\n<p>185 mil associados, que exercem o papel de donos do neg\u00f3cio.<\/p>\n\n\n\n<p>O atendimento a todo associado \u00e9 feito presencialmente, via WhatsApp (51) 3358-4770 ou pelo<\/p>\n\n\n\n<p>telefone 0800 724 4770.<\/p>\n\n\n\n<p>Site da Cooperativa: Clique aqui<\/p>\n\n\n<div class=\"wp-block-image\">\n<figure class=\"aligncenter size-full\"><img fetchpriority=\"high\" decoding=\"async\" width=\"900\" height=\"100\" src=\"https:\/\/msconectado.com.br\/wp-content\/uploads\/2025\/11\/fullbanner-APROVADO-PROUEMS-900x100px.gif\" alt=\"\" class=\"wp-image-26549\"\/><\/figure>\n<\/div>","protected":false},"excerpt":{"rendered":"<p>Evento refor\u00e7a o compromisso da Cooperativa com o desenvolvimento regional e a proximidade com os associados A Sicredi Centro-Sul MS\/BA \u2013 institui\u00e7\u00e3o financeira cooperativa \u2013 promoveu, nesta quinta-feira (13), a segunda edi\u00e7\u00e3o do evento \u201cBrasil de Oportunidades\u201d, desta vez voltado aos associados de Jardim\/MS. O encontro aconteceu no espa\u00e7o Bakari Eventos e reuniu lideran\u00e7as locais, [&hellip;]<\/p>\n","protected":false},"author":3,"featured_media":26581,"comment_status":"open","ping_status":"closed","sticky":false,"template":"","format":"standard","meta":{"footnotes":""},"categories":[35,36,1],"tags":[],"class_list":["post-26580","post","type-post","status-publish","format-standard","has-post-thumbnail","hentry","category-cidades","category-eventos","category-noticia"],"yoast_head":"<!-- This site is optimized with the Yoast SEO plugin v27.5 - https:\/\/yoast.com\/product\/yoast-seo-wordpress\/ -->\n<title>Sicredi promove palestra \u201cBrasil de Oportunidades\u201d para associados de Jardim - MsConectado<\/title>\n<meta name=\"robots\" content=\"index, follow, max-snippet:-1, max-image-preview:large, max-video-preview:-1\" \/>\n<link rel=\"canonical\" href=\"https:\/\/msconectado.com.br\/?p=26580\" \/>\n<meta property=\"og:locale\" content=\"pt_BR\" \/>\n<meta property=\"og:type\" content=\"article\" \/>\n<meta property=\"og:title\" content=\"Sicredi promove palestra \u201cBrasil de Oportunidades\u201d para associados de Jardim - MsConectado\" \/>\n<meta property=\"og:description\" content=\"Evento refor\u00e7a o compromisso da Cooperativa com o desenvolvimento regional e a proximidade com os associados A Sicredi Centro-Sul MS\/BA \u2013 institui\u00e7\u00e3o financeira cooperativa \u2013 promoveu, nesta quinta-feira (13), a segunda edi\u00e7\u00e3o do evento \u201cBrasil de Oportunidades\u201d, desta vez voltado aos associados de Jardim\/MS. O encontro aconteceu no espa\u00e7o Bakari Eventos e reuniu lideran\u00e7as locais, [&hellip;]\" \/>\n<meta property=\"og:url\" content=\"https:\/\/msconectado.com.br\/?p=26580\" \/>\n<meta property=\"og:site_name\" content=\"MsConectado\" \/>\n<meta property=\"article:published_time\" content=\"2025-11-14T20:19:02+00:00\" \/>\n<meta property=\"article:modified_time\" content=\"2025-11-14T20:19:04+00:00\" \/>\n<meta property=\"og:image\" content=\"https:\/\/msconectado.com.br\/wp-content\/uploads\/2025\/11\/1.jpg\" \/>\n\t<meta property=\"og:image:width\" content=\"800\" \/>\n\t<meta property=\"og:image:height\" content=\"533\" \/>\n\t<meta property=\"og:image:type\" content=\"image\/jpeg\" \/>\n<meta name=\"author\" content=\"Jeferson\" \/>\n<meta name=\"twitter:card\" content=\"summary_large_image\" \/>\n<meta name=\"twitter:label1\" content=\"Escrito por\" \/>\n\t<meta name=\"twitter:data1\" content=\"Jeferson\" \/>\n\t<meta name=\"twitter:label2\" content=\"Est. tempo de leitura\" \/>\n\t<meta name=\"twitter:data2\" content=\"3 minutos\" \/>\n<script type=\"application\/ld+json\" class=\"yoast-schema-graph\">{\"@context\":\"https:\\\/\\\/schema.org\",\"@graph\":[{\"@type\":\"Article\",\"@id\":\"https:\\\/\\\/msconectado.com.br\\\/?p=26580#article\",\"isPartOf\":{\"@id\":\"https:\\\/\\\/msconectado.com.br\\\/?p=26580\"},\"author\":{\"name\":\"Jeferson\",\"@id\":\"https:\\\/\\\/msconectado.com.br\\\/#\\\/schema\\\/person\\\/feb123a95a93eebea36f0ed6a2e5ba48\"},\"headline\":\"Sicredi promove palestra \u201cBrasil de Oportunidades\u201d para associados de Jardim\",\"datePublished\":\"2025-11-14T20:19:02+00:00\",\"dateModified\":\"2025-11-14T20:19:04+00:00\",\"mainEntityOfPage\":{\"@id\":\"https:\\\/\\\/msconectado.com.br\\\/?p=26580\"},\"wordCount\":388,\"commentCount\":0,\"publisher\":{\"@id\":\"https:\\\/\\\/msconectado.com.br\\\/#organization\"},\"image\":{\"@id\":\"https:\\\/\\\/msconectado.com.br\\\/?p=26580#primaryimage\"},\"thumbnailUrl\":\"https:\\\/\\\/msconectado.com.br\\\/wp-content\\\/uploads\\\/2025\\\/11\\\/1.jpg\",\"articleSection\":[\"Cidades\",\"Eventos\",\"Not\u00edcia\"],\"inLanguage\":\"pt-BR\",\"potentialAction\":[{\"@type\":\"CommentAction\",\"name\":\"Comment\",\"target\":[\"https:\\\/\\\/msconectado.com.br\\\/?p=26580#respond\"]}]},{\"@type\":\"WebPage\",\"@id\":\"https:\\\/\\\/msconectado.com.br\\\/?p=26580\",\"url\":\"https:\\\/\\\/msconectado.com.br\\\/?p=26580\",\"name\":\"Sicredi promove palestra \u201cBrasil de Oportunidades\u201d para associados de Jardim - MsConectado\",\"isPartOf\":{\"@id\":\"https:\\\/\\\/msconectado.com.br\\\/#website\"},\"primaryImageOfPage\":{\"@id\":\"https:\\\/\\\/msconectado.com.br\\\/?p=26580#primaryimage\"},\"image\":{\"@id\":\"https:\\\/\\\/msconectado.com.br\\\/?p=26580#primaryimage\"},\"thumbnailUrl\":\"https:\\\/\\\/msconectado.com.br\\\/wp-content\\\/uploads\\\/2025\\\/11\\\/1.jpg\",\"datePublished\":\"2025-11-14T20:19:02+00:00\",\"dateModified\":\"2025-11-14T20:19:04+00:00\",\"breadcrumb\":{\"@id\":\"https:\\\/\\\/msconectado.com.br\\\/?p=26580#breadcrumb\"},\"inLanguage\":\"pt-BR\",\"potentialAction\":[{\"@type\":\"ReadAction\",\"target\":[\"https:\\\/\\\/msconectado.com.br\\\/?p=26580\"]}]},{\"@type\":\"ImageObject\",\"inLanguage\":\"pt-BR\",\"@id\":\"https:\\\/\\\/msconectado.com.br\\\/?p=26580#primaryimage\",\"url\":\"https:\\\/\\\/msconectado.com.br\\\/wp-content\\\/uploads\\\/2025\\\/11\\\/1.jpg\",\"contentUrl\":\"https:\\\/\\\/msconectado.com.br\\\/wp-content\\\/uploads\\\/2025\\\/11\\\/1.jpg\",\"width\":800,\"height\":533},{\"@type\":\"BreadcrumbList\",\"@id\":\"https:\\\/\\\/msconectado.com.br\\\/?p=26580#breadcrumb\",\"itemListElement\":[{\"@type\":\"ListItem\",\"position\":1,\"name\":\"In\u00edcio\",\"item\":\"https:\\\/\\\/msconectado.com.br\\\/\"},{\"@type\":\"ListItem\",\"position\":2,\"name\":\"Sicredi promove palestra \u201cBrasil de Oportunidades\u201d para associados de Jardim\"}]},{\"@type\":\"WebSite\",\"@id\":\"https:\\\/\\\/msconectado.com.br\\\/#website\",\"url\":\"https:\\\/\\\/msconectado.com.br\\\/\",\"name\":\"MsConectado\",\"description\":\"Voc\u00ea Conectado com a Not\u00edcia!\",\"publisher\":{\"@id\":\"https:\\\/\\\/msconectado.com.br\\\/#organization\"},\"potentialAction\":[{\"@type\":\"SearchAction\",\"target\":{\"@type\":\"EntryPoint\",\"urlTemplate\":\"https:\\\/\\\/msconectado.com.br\\\/?s={search_term_string}\"},\"query-input\":{\"@type\":\"PropertyValueSpecification\",\"valueRequired\":true,\"valueName\":\"search_term_string\"}}],\"inLanguage\":\"pt-BR\"},{\"@type\":\"Organization\",\"@id\":\"https:\\\/\\\/msconectado.com.br\\\/#organization\",\"name\":\"MsConectado\",\"url\":\"https:\\\/\\\/msconectado.com.br\\\/\",\"logo\":{\"@type\":\"ImageObject\",\"inLanguage\":\"pt-BR\",\"@id\":\"https:\\\/\\\/msconectado.com.br\\\/#\\\/schema\\\/logo\\\/image\\\/\",\"url\":\"https:\\\/\\\/msconectado.com.br\\\/wp-content\\\/uploads\\\/2023\\\/01\\\/cropped-noticia-2.png\",\"contentUrl\":\"https:\\\/\\\/msconectado.com.br\\\/wp-content\\\/uploads\\\/2023\\\/01\\\/cropped-noticia-2.png\",\"width\":720,\"height\":157,\"caption\":\"MsConectado\"},\"image\":{\"@id\":\"https:\\\/\\\/msconectado.com.br\\\/#\\\/schema\\\/logo\\\/image\\\/\"}},{\"@type\":\"Person\",\"@id\":\"https:\\\/\\\/msconectado.com.br\\\/#\\\/schema\\\/person\\\/feb123a95a93eebea36f0ed6a2e5ba48\",\"name\":\"Jeferson\",\"image\":{\"@type\":\"ImageObject\",\"inLanguage\":\"pt-BR\",\"@id\":\"https:\\\/\\\/secure.gravatar.com\\\/avatar\\\/e23e8901c88f0cdc0ad479ef7a39bf3e4c806344549c087c00b721a65549a328?s=96&d=mm&r=g\",\"url\":\"https:\\\/\\\/secure.gravatar.com\\\/avatar\\\/e23e8901c88f0cdc0ad479ef7a39bf3e4c806344549c087c00b721a65549a328?s=96&d=mm&r=g\",\"contentUrl\":\"https:\\\/\\\/secure.gravatar.com\\\/avatar\\\/e23e8901c88f0cdc0ad479ef7a39bf3e4c806344549c087c00b721a65549a328?s=96&d=mm&r=g\",\"caption\":\"Jeferson\"},\"url\":\"https:\\\/\\\/msconectado.com.br\\\/?author=3\"}]}<\/script>\n<!-- \/ Yoast SEO plugin. -->","yoast_head_json":{"title":"Sicredi promove palestra \u201cBrasil de Oportunidades\u201d para associados de Jardim - MsConectado","robots":{"index":"index","follow":"follow","max-snippet":"max-snippet:-1","max-image-preview":"max-image-preview:large","max-video-preview":"max-video-preview:-1"},"canonical":"https:\/\/msconectado.com.br\/?p=26580","og_locale":"pt_BR","og_type":"article","og_title":"Sicredi promove palestra \u201cBrasil de Oportunidades\u201d para associados de Jardim - MsConectado","og_description":"Evento refor\u00e7a o compromisso da Cooperativa com o desenvolvimento regional e a proximidade com os associados A Sicredi Centro-Sul MS\/BA \u2013 institui\u00e7\u00e3o financeira cooperativa \u2013 promoveu, nesta quinta-feira (13), a segunda edi\u00e7\u00e3o do evento \u201cBrasil de Oportunidades\u201d, desta vez voltado aos associados de Jardim\/MS. O encontro aconteceu no espa\u00e7o Bakari Eventos e reuniu lideran\u00e7as locais, [&hellip;]","og_url":"https:\/\/msconectado.com.br\/?p=26580","og_site_name":"MsConectado","article_published_time":"2025-11-14T20:19:02+00:00","article_modified_time":"2025-11-14T20:19:04+00:00","og_image":[{"width":800,"height":533,"url":"https:\/\/msconectado.com.br\/wp-content\/uploads\/2025\/11\/1.jpg","type":"image\/jpeg"}],"author":"Jeferson","twitter_card":"summary_large_image","twitter_misc":{"Escrito por":"Jeferson","Est. tempo de leitura":"3 minutos"},"schema":{"@context":"https:\/\/schema.org","@graph":[{"@type":"Article","@id":"https:\/\/msconectado.com.br\/?p=26580#article","isPartOf":{"@id":"https:\/\/msconectado.com.br\/?p=26580"},"author":{"name":"Jeferson","@id":"https:\/\/msconectado.com.br\/#\/schema\/person\/feb123a95a93eebea36f0ed6a2e5ba48"},"headline":"Sicredi promove palestra \u201cBrasil de Oportunidades\u201d para associados de Jardim","datePublished":"2025-11-14T20:19:02+00:00","dateModified":"2025-11-14T20:19:04+00:00","mainEntityOfPage":{"@id":"https:\/\/msconectado.com.br\/?p=26580"},"wordCount":388,"commentCount":0,"publisher":{"@id":"https:\/\/msconectado.com.br\/#organization"},"image":{"@id":"https:\/\/msconectado.com.br\/?p=26580#primaryimage"},"thumbnailUrl":"https:\/\/msconectado.com.br\/wp-content\/uploads\/2025\/11\/1.jpg","articleSection":["Cidades","Eventos","Not\u00edcia"],"inLanguage":"pt-BR","potentialAction":[{"@type":"CommentAction","name":"Comment","target":["https:\/\/msconectado.com.br\/?p=26580#respond"]}]},{"@type":"WebPage","@id":"https:\/\/msconectado.com.br\/?p=26580","url":"https:\/\/msconectado.com.br\/?p=26580","name":"Sicredi promove palestra \u201cBrasil de Oportunidades\u201d para associados de Jardim - MsConectado","isPartOf":{"@id":"https:\/\/msconectado.com.br\/#website"},"primaryImageOfPage":{"@id":"https:\/\/msconectado.com.br\/?p=26580#primaryimage"},"image":{"@id":"https:\/\/msconectado.com.br\/?p=26580#primaryimage"},"thumbnailUrl":"https:\/\/msconectado.com.br\/wp-content\/uploads\/2025\/11\/1.jpg","datePublished":"2025-11-14T20:19:02+00:00","dateModified":"2025-11-14T20:19:04+00:00","breadcrumb":{"@id":"https:\/\/msconectado.com.br\/?p=26580#breadcrumb"},"inLanguage":"pt-BR","potentialAction":[{"@type":"ReadAction","target":["https:\/\/msconectado.com.br\/?p=26580"]}]},{"@type":"ImageObject","inLanguage":"pt-BR","@id":"https:\/\/msconectado.com.br\/?p=26580#primaryimage","url":"https:\/\/msconectado.com.br\/wp-content\/uploads\/2025\/11\/1.jpg","contentUrl":"https:\/\/msconectado.com.br\/wp-content\/uploads\/2025\/11\/1.jpg","width":800,"height":533},{"@type":"BreadcrumbList","@id":"https:\/\/msconectado.com.br\/?p=26580#breadcrumb","itemListElement":[{"@type":"ListItem","position":1,"name":"In\u00edcio","item":"https:\/\/msconectado.com.br\/"},{"@type":"ListItem","position":2,"name":"Sicredi promove palestra \u201cBrasil de Oportunidades\u201d para associados de Jardim"}]},{"@type":"WebSite","@id":"https:\/\/msconectado.com.br\/#website","url":"https:\/\/msconectado.com.br\/","name":"MsConectado","description":"Voc\u00ea Conectado com a Not\u00edcia!","publisher":{"@id":"https:\/\/msconectado.com.br\/#organization"},"potentialAction":[{"@type":"SearchAction","target":{"@type":"EntryPoint","urlTemplate":"https:\/\/msconectado.com.br\/?s={search_term_string}"},"query-input":{"@type":"PropertyValueSpecification","valueRequired":true,"valueName":"search_term_string"}}],"inLanguage":"pt-BR"},{"@type":"Organization","@id":"https:\/\/msconectado.com.br\/#organization","name":"MsConectado","url":"https:\/\/msconectado.com.br\/","logo":{"@type":"ImageObject","inLanguage":"pt-BR","@id":"https:\/\/msconectado.com.br\/#\/schema\/logo\/image\/","url":"https:\/\/msconectado.com.br\/wp-content\/uploads\/2023\/01\/cropped-noticia-2.png","contentUrl":"https:\/\/msconectado.com.br\/wp-content\/uploads\/2023\/01\/cropped-noticia-2.png","width":720,"height":157,"caption":"MsConectado"},"image":{"@id":"https:\/\/msconectado.com.br\/#\/schema\/logo\/image\/"}},{"@type":"Person","@id":"https:\/\/msconectado.com.br\/#\/schema\/person\/feb123a95a93eebea36f0ed6a2e5ba48","name":"Jeferson","image":{"@type":"ImageObject","inLanguage":"pt-BR","@id":"https:\/\/secure.gravatar.com\/avatar\/e23e8901c88f0cdc0ad479ef7a39bf3e4c806344549c087c00b721a65549a328?s=96&d=mm&r=g","url":"https:\/\/secure.gravatar.com\/avatar\/e23e8901c88f0cdc0ad479ef7a39bf3e4c806344549c087c00b721a65549a328?s=96&d=mm&r=g","contentUrl":"https:\/\/secure.gravatar.com\/avatar\/e23e8901c88f0cdc0ad479ef7a39bf3e4c806344549c087c00b721a65549a328?s=96&d=mm&r=g","caption":"Jeferson"},"url":"https:\/\/msconectado.com.br\/?author=3"}]}},"_links":{"self":[{"href":"https:\/\/msconectado.com.br\/index.php?rest_route=\/wp\/v2\/posts\/26580","targetHints":{"allow":["GET"]}}],"collection":[{"href":"https:\/\/msconectado.com.br\/index.php?rest_route=\/wp\/v2\/posts"}],"about":[{"href":"https:\/\/msconectado.com.br\/index.php?rest_route=\/wp\/v2\/types\/post"}],"author":[{"embeddable":true,"href":"https:\/\/msconectado.com.br\/index.php?rest_route=\/wp\/v2\/users\/3"}],"replies":[{"embeddable":true,"href":"https:\/\/msconectado.com.br\/index.php?rest_route=%2Fwp%2Fv2%2Fcomments&post=26580"}],"version-history":[{"count":1,"href":"https:\/\/msconectado.com.br\/index.php?rest_route=\/wp\/v2\/posts\/26580\/revisions"}],"predecessor-version":[{"id":26582,"href":"https:\/\/msconectado.com.br\/index.php?rest_route=\/wp\/v2\/posts\/26580\/revisions\/26582"}],"wp:featuredmedia":[{"embeddable":true,"href":"https:\/\/msconectado.com.br\/index.php?rest_route=\/wp\/v2\/media\/26581"}],"wp:attachment":[{"href":"https:\/\/msconectado.com.br\/index.php?rest_route=%2Fwp%2Fv2%2Fmedia&parent=26580"}],"wp:term":[{"taxonomy":"category","embeddable":true,"href":"https:\/\/msconectado.com.br\/index.php?rest_route=%2Fwp%2Fv2%2Fcategories&post=26580"},{"taxonomy":"post_tag","embeddable":true,"href":"https:\/\/msconectado.com.br\/index.php?rest_route=%2Fwp%2Fv2%2Ftags&post=26580"}],"curies":[{"name":"wp","href":"https:\/\/api.w.org\/{rel}","templated":true}]}}