
{"id":26641,"date":"2025-11-24T19:00:07","date_gmt":"2025-11-24T19:00:07","guid":{"rendered":"https:\/\/msconectado.com.br\/?p=26641"},"modified":"2025-11-24T19:00:09","modified_gmt":"2025-11-24T19:00:09","slug":"sicredi-centro-sul-ms-ba-lanca-a-22a-edicao-da-revista-minha-cooperativa","status":"publish","type":"post","link":"https:\/\/msconectado.com.br\/?p=26641","title":{"rendered":"Sicredi Centro-Sul MS\/BA lan\u00e7a a 22\u00aa edi\u00e7\u00e3o da Revista Minha Cooperativa"},"content":{"rendered":"\n<p><em>Publica\u00e7\u00e3o semestral destaca programas, a\u00e7\u00f5es e refor\u00e7a o compromisso da Cooperativa com a informa\u00e7\u00e3o aos associados<\/em><\/p>\n\n\n\n<p>A Sicredi Centro-Sul MS\/BA, institui\u00e7\u00e3o financeira cooperativa, lan\u00e7ou a 22\u00aa edi\u00e7\u00e3o da Revista Minha Cooperativa, uma iniciativa que conecta associados e fortalece o v\u00ednculo com o cooperativismo. Nesta edi\u00e7\u00e3o, a publica\u00e7\u00e3o celebra o <strong>Ano Internacional das Cooperativas<\/strong> e marca um momento hist\u00f3rico: a amplia\u00e7\u00e3o da \u00e1rea de atua\u00e7\u00e3o da Cooperativa, consolidando a uni\u00e3o e o crescimento estrat\u00e9gico no Mato Grosso do Sul e na Bahia.<\/p>\n\n\n\n<p>Como em todas as edi\u00e7\u00f5es, os associados s\u00e3o os protagonistas das p\u00e1ginas da revista. O destaque desta vez \u00e9 o cooperado Giovani Villetti, de Rio Brilhante\/MS, que tamb\u00e9m integrou a equipe da Sicredi Centro-Sul MS\/BA em sua trajet\u00f3ria profissional. Ele compartilha sua hist\u00f3ria e fala sobre como o apoio da Cooperativa impulsionou o crescimento da <strong>Agromays<\/strong>, seu neg\u00f3cio no setor agropecu\u00e1rio.<\/p>\n\n\n\n<p>Outro ponto especial \u00e9 a <strong>nova sede administrativa da Sicredi Centro-Sul MS\/BA<\/strong>, apresentada em duas p\u00e1ginas exclusivas. O projeto foi pensado para oferecer um ambiente funcional, acolhedor e de conviv\u00eancia, al\u00e9m de preservar a hist\u00f3ria da Cooperativa por meio do <strong>Espa\u00e7o Ra\u00edzes<\/strong>, que celebra d\u00e9cadas de conquistas.<\/p>\n\n\n\n<p>A publica\u00e7\u00e3o refor\u00e7a ainda o compromisso da Sicredi Centro-Sul MS\/BA em mostrar, na pr\u00e1tica, como o cooperativismo transforma vidas. Hist\u00f3rias inspiradoras, como as de Maycon e Cristiane, do <em>Hot Dog Alvorada<\/em>, e da associada Meira Aparecida da Cruz, que adquiriu um carro seminovo via cons\u00f3rcio Sicredi, exemplificam o impacto positivo dos produtos e servi\u00e7os oferecidos pela institui\u00e7\u00e3o.<\/p>\n\n\n\n<p>A Revista Minha Cooperativa est\u00e1 dispon\u00edvel para leitura no link: <a href=\"https:\/\/link.sicredicentrosulmsba.com.br\/revista22\">link.sicredicentrosulmsba.com.br\/revista22<\/a><\/p>\n\n\n\n<p>As vers\u00f5es impressas podem ser encontradas em todas as ag\u00eancias da Cooperativa.<\/p>\n\n\n\n<p><strong>Sobre a Sicredi Centro-Sul MS\/BA<\/strong><\/p>\n\n\n\n<p>A Sicredi Centro-Sul MS\/BA \u00e9 uma institui\u00e7\u00e3o financeira cooperativa comprometida com o crescimento de seus associados e com o desenvolvimento das regi\u00f5es onde atua em 44 munic\u00edpios do Mato Grosso do Sul e 54 munic\u00edpios da Bahia. Possui um modelo de gest\u00e3o que valoriza a participa\u00e7\u00e3o dos mais de 185 mil associados, que exercem o papel de donos do neg\u00f3cio.<\/p>\n\n\n\n<p>O atendimento a todo associado \u00e9 feito presencialmente, via WhatsApp (51) 3358-4770 ou pelo telefone 0800 724 4770.<\/p>\n\n\n\n<p>Site da Cooperativa: <a href=\"https:\/\/www.sicredi.com.br\/coop\/centrosulmsba\/\">Clique aqui<\/a><\/p>\n\n\n\n<p>Assessoria<\/p>\n\n\n<div class=\"wp-block-image\">\n<figure class=\"aligncenter size-full\"><img fetchpriority=\"high\" decoding=\"async\" width=\"900\" height=\"100\" src=\"https:\/\/msconectado.com.br\/wp-content\/uploads\/2025\/11\/15780-.-Natal-Brilhante-2025_GOV-RB_900x100.gif\" alt=\"\" class=\"wp-image-26611\"\/><\/figure>\n<\/div>","protected":false},"excerpt":{"rendered":"<p>Publica\u00e7\u00e3o semestral destaca programas, a\u00e7\u00f5es e refor\u00e7a o compromisso da Cooperativa com a informa\u00e7\u00e3o aos associados A Sicredi Centro-Sul MS\/BA, institui\u00e7\u00e3o financeira cooperativa, lan\u00e7ou a 22\u00aa edi\u00e7\u00e3o da Revista Minha Cooperativa, uma iniciativa que conecta associados e fortalece o v\u00ednculo com o cooperativismo. Nesta edi\u00e7\u00e3o, a publica\u00e7\u00e3o celebra o Ano Internacional das Cooperativas e marca [&hellip;]<\/p>\n","protected":false},"author":3,"featured_media":26642,"comment_status":"open","ping_status":"closed","sticky":false,"template":"","format":"standard","meta":{"footnotes":""},"categories":[34],"tags":[],"class_list":["post-26641","post","type-post","status-publish","format-standard","has-post-thumbnail","hentry","category-comercio"],"yoast_head":"<!-- This site is optimized with the Yoast SEO plugin v27.5 - https:\/\/yoast.com\/product\/yoast-seo-wordpress\/ -->\n<title>Sicredi Centro-Sul MS\/BA lan\u00e7a a 22\u00aa edi\u00e7\u00e3o da Revista Minha Cooperativa - MsConectado<\/title>\n<meta name=\"robots\" content=\"index, follow, max-snippet:-1, max-image-preview:large, max-video-preview:-1\" \/>\n<link rel=\"canonical\" href=\"https:\/\/msconectado.com.br\/?p=26641\" \/>\n<meta property=\"og:locale\" content=\"pt_BR\" \/>\n<meta property=\"og:type\" content=\"article\" \/>\n<meta property=\"og:title\" content=\"Sicredi Centro-Sul MS\/BA lan\u00e7a a 22\u00aa edi\u00e7\u00e3o da Revista Minha Cooperativa - MsConectado\" \/>\n<meta property=\"og:description\" content=\"Publica\u00e7\u00e3o semestral destaca programas, a\u00e7\u00f5es e refor\u00e7a o compromisso da Cooperativa com a informa\u00e7\u00e3o aos associados A Sicredi Centro-Sul MS\/BA, institui\u00e7\u00e3o financeira cooperativa, lan\u00e7ou a 22\u00aa edi\u00e7\u00e3o da Revista Minha Cooperativa, uma iniciativa que conecta associados e fortalece o v\u00ednculo com o cooperativismo. Nesta edi\u00e7\u00e3o, a publica\u00e7\u00e3o celebra o Ano Internacional das Cooperativas e marca [&hellip;]\" \/>\n<meta property=\"og:url\" content=\"https:\/\/msconectado.com.br\/?p=26641\" \/>\n<meta property=\"og:site_name\" content=\"MsConectado\" \/>\n<meta property=\"article:published_time\" content=\"2025-11-24T19:00:07+00:00\" \/>\n<meta property=\"article:modified_time\" content=\"2025-11-24T19:00:09+00:00\" \/>\n<meta property=\"og:image\" content=\"https:\/\/msconectado.com.br\/wp-content\/uploads\/2025\/11\/Sicredi-Revista-Minha-Cooperativa-22.png\" \/>\n\t<meta property=\"og:image:width\" content=\"700\" \/>\n\t<meta property=\"og:image:height\" content=\"394\" \/>\n\t<meta property=\"og:image:type\" content=\"image\/png\" \/>\n<meta name=\"author\" content=\"Jeferson\" \/>\n<meta name=\"twitter:card\" content=\"summary_large_image\" \/>\n<meta name=\"twitter:label1\" content=\"Escrito por\" \/>\n\t<meta name=\"twitter:data1\" content=\"Jeferson\" \/>\n\t<meta name=\"twitter:label2\" content=\"Est. tempo de leitura\" \/>\n\t<meta name=\"twitter:data2\" content=\"3 minutos\" \/>\n<script type=\"application\/ld+json\" class=\"yoast-schema-graph\">{\"@context\":\"https:\\\/\\\/schema.org\",\"@graph\":[{\"@type\":\"Article\",\"@id\":\"https:\\\/\\\/msconectado.com.br\\\/?p=26641#article\",\"isPartOf\":{\"@id\":\"https:\\\/\\\/msconectado.com.br\\\/?p=26641\"},\"author\":{\"name\":\"Jeferson\",\"@id\":\"https:\\\/\\\/msconectado.com.br\\\/#\\\/schema\\\/person\\\/feb123a95a93eebea36f0ed6a2e5ba48\"},\"headline\":\"Sicredi Centro-Sul MS\\\/BA lan\u00e7a a 22\u00aa edi\u00e7\u00e3o da Revista Minha Cooperativa\",\"datePublished\":\"2025-11-24T19:00:07+00:00\",\"dateModified\":\"2025-11-24T19:00:09+00:00\",\"mainEntityOfPage\":{\"@id\":\"https:\\\/\\\/msconectado.com.br\\\/?p=26641\"},\"wordCount\":417,\"commentCount\":0,\"publisher\":{\"@id\":\"https:\\\/\\\/msconectado.com.br\\\/#organization\"},\"image\":{\"@id\":\"https:\\\/\\\/msconectado.com.br\\\/?p=26641#primaryimage\"},\"thumbnailUrl\":\"https:\\\/\\\/msconectado.com.br\\\/wp-content\\\/uploads\\\/2025\\\/11\\\/Sicredi-Revista-Minha-Cooperativa-22.png\",\"articleSection\":[\"Com\u00e9rcio\"],\"inLanguage\":\"pt-BR\",\"potentialAction\":[{\"@type\":\"CommentAction\",\"name\":\"Comment\",\"target\":[\"https:\\\/\\\/msconectado.com.br\\\/?p=26641#respond\"]}]},{\"@type\":\"WebPage\",\"@id\":\"https:\\\/\\\/msconectado.com.br\\\/?p=26641\",\"url\":\"https:\\\/\\\/msconectado.com.br\\\/?p=26641\",\"name\":\"Sicredi Centro-Sul MS\\\/BA lan\u00e7a a 22\u00aa edi\u00e7\u00e3o da Revista Minha Cooperativa - MsConectado\",\"isPartOf\":{\"@id\":\"https:\\\/\\\/msconectado.com.br\\\/#website\"},\"primaryImageOfPage\":{\"@id\":\"https:\\\/\\\/msconectado.com.br\\\/?p=26641#primaryimage\"},\"image\":{\"@id\":\"https:\\\/\\\/msconectado.com.br\\\/?p=26641#primaryimage\"},\"thumbnailUrl\":\"https:\\\/\\\/msconectado.com.br\\\/wp-content\\\/uploads\\\/2025\\\/11\\\/Sicredi-Revista-Minha-Cooperativa-22.png\",\"datePublished\":\"2025-11-24T19:00:07+00:00\",\"dateModified\":\"2025-11-24T19:00:09+00:00\",\"breadcrumb\":{\"@id\":\"https:\\\/\\\/msconectado.com.br\\\/?p=26641#breadcrumb\"},\"inLanguage\":\"pt-BR\",\"potentialAction\":[{\"@type\":\"ReadAction\",\"target\":[\"https:\\\/\\\/msconectado.com.br\\\/?p=26641\"]}]},{\"@type\":\"ImageObject\",\"inLanguage\":\"pt-BR\",\"@id\":\"https:\\\/\\\/msconectado.com.br\\\/?p=26641#primaryimage\",\"url\":\"https:\\\/\\\/msconectado.com.br\\\/wp-content\\\/uploads\\\/2025\\\/11\\\/Sicredi-Revista-Minha-Cooperativa-22.png\",\"contentUrl\":\"https:\\\/\\\/msconectado.com.br\\\/wp-content\\\/uploads\\\/2025\\\/11\\\/Sicredi-Revista-Minha-Cooperativa-22.png\",\"width\":700,\"height\":394},{\"@type\":\"BreadcrumbList\",\"@id\":\"https:\\\/\\\/msconectado.com.br\\\/?p=26641#breadcrumb\",\"itemListElement\":[{\"@type\":\"ListItem\",\"position\":1,\"name\":\"In\u00edcio\",\"item\":\"https:\\\/\\\/msconectado.com.br\\\/?page_id=105\"},{\"@type\":\"ListItem\",\"position\":2,\"name\":\"Sicredi Centro-Sul MS\\\/BA lan\u00e7a a 22\u00aa edi\u00e7\u00e3o da Revista Minha Cooperativa\"}]},{\"@type\":\"WebSite\",\"@id\":\"https:\\\/\\\/msconectado.com.br\\\/#website\",\"url\":\"https:\\\/\\\/msconectado.com.br\\\/\",\"name\":\"MsConectado\",\"description\":\"Voc\u00ea Conectado com a Not\u00edcia!\",\"publisher\":{\"@id\":\"https:\\\/\\\/msconectado.com.br\\\/#organization\"},\"potentialAction\":[{\"@type\":\"SearchAction\",\"target\":{\"@type\":\"EntryPoint\",\"urlTemplate\":\"https:\\\/\\\/msconectado.com.br\\\/?s={search_term_string}\"},\"query-input\":{\"@type\":\"PropertyValueSpecification\",\"valueRequired\":true,\"valueName\":\"search_term_string\"}}],\"inLanguage\":\"pt-BR\"},{\"@type\":\"Organization\",\"@id\":\"https:\\\/\\\/msconectado.com.br\\\/#organization\",\"name\":\"MsConectado\",\"url\":\"https:\\\/\\\/msconectado.com.br\\\/\",\"logo\":{\"@type\":\"ImageObject\",\"inLanguage\":\"pt-BR\",\"@id\":\"https:\\\/\\\/msconectado.com.br\\\/#\\\/schema\\\/logo\\\/image\\\/\",\"url\":\"https:\\\/\\\/msconectado.com.br\\\/wp-content\\\/uploads\\\/2023\\\/01\\\/cropped-noticia-2.png\",\"contentUrl\":\"https:\\\/\\\/msconectado.com.br\\\/wp-content\\\/uploads\\\/2023\\\/01\\\/cropped-noticia-2.png\",\"width\":720,\"height\":157,\"caption\":\"MsConectado\"},\"image\":{\"@id\":\"https:\\\/\\\/msconectado.com.br\\\/#\\\/schema\\\/logo\\\/image\\\/\"}},{\"@type\":\"Person\",\"@id\":\"https:\\\/\\\/msconectado.com.br\\\/#\\\/schema\\\/person\\\/feb123a95a93eebea36f0ed6a2e5ba48\",\"name\":\"Jeferson\",\"image\":{\"@type\":\"ImageObject\",\"inLanguage\":\"pt-BR\",\"@id\":\"https:\\\/\\\/secure.gravatar.com\\\/avatar\\\/e23e8901c88f0cdc0ad479ef7a39bf3e4c806344549c087c00b721a65549a328?s=96&d=mm&r=g\",\"url\":\"https:\\\/\\\/secure.gravatar.com\\\/avatar\\\/e23e8901c88f0cdc0ad479ef7a39bf3e4c806344549c087c00b721a65549a328?s=96&d=mm&r=g\",\"contentUrl\":\"https:\\\/\\\/secure.gravatar.com\\\/avatar\\\/e23e8901c88f0cdc0ad479ef7a39bf3e4c806344549c087c00b721a65549a328?s=96&d=mm&r=g\",\"caption\":\"Jeferson\"},\"url\":\"https:\\\/\\\/msconectado.com.br\\\/?author=3\"}]}<\/script>\n<!-- \/ Yoast SEO plugin. -->","yoast_head_json":{"title":"Sicredi Centro-Sul MS\/BA lan\u00e7a a 22\u00aa edi\u00e7\u00e3o da Revista Minha Cooperativa - MsConectado","robots":{"index":"index","follow":"follow","max-snippet":"max-snippet:-1","max-image-preview":"max-image-preview:large","max-video-preview":"max-video-preview:-1"},"canonical":"https:\/\/msconectado.com.br\/?p=26641","og_locale":"pt_BR","og_type":"article","og_title":"Sicredi Centro-Sul MS\/BA lan\u00e7a a 22\u00aa edi\u00e7\u00e3o da Revista Minha Cooperativa - MsConectado","og_description":"Publica\u00e7\u00e3o semestral destaca programas, a\u00e7\u00f5es e refor\u00e7a o compromisso da Cooperativa com a informa\u00e7\u00e3o aos associados A Sicredi Centro-Sul MS\/BA, institui\u00e7\u00e3o financeira cooperativa, lan\u00e7ou a 22\u00aa edi\u00e7\u00e3o da Revista Minha Cooperativa, uma iniciativa que conecta associados e fortalece o v\u00ednculo com o cooperativismo. Nesta edi\u00e7\u00e3o, a publica\u00e7\u00e3o celebra o Ano Internacional das Cooperativas e marca [&hellip;]","og_url":"https:\/\/msconectado.com.br\/?p=26641","og_site_name":"MsConectado","article_published_time":"2025-11-24T19:00:07+00:00","article_modified_time":"2025-11-24T19:00:09+00:00","og_image":[{"width":700,"height":394,"url":"https:\/\/msconectado.com.br\/wp-content\/uploads\/2025\/11\/Sicredi-Revista-Minha-Cooperativa-22.png","type":"image\/png"}],"author":"Jeferson","twitter_card":"summary_large_image","twitter_misc":{"Escrito por":"Jeferson","Est. tempo de leitura":"3 minutos"},"schema":{"@context":"https:\/\/schema.org","@graph":[{"@type":"Article","@id":"https:\/\/msconectado.com.br\/?p=26641#article","isPartOf":{"@id":"https:\/\/msconectado.com.br\/?p=26641"},"author":{"name":"Jeferson","@id":"https:\/\/msconectado.com.br\/#\/schema\/person\/feb123a95a93eebea36f0ed6a2e5ba48"},"headline":"Sicredi Centro-Sul MS\/BA lan\u00e7a a 22\u00aa edi\u00e7\u00e3o da Revista Minha Cooperativa","datePublished":"2025-11-24T19:00:07+00:00","dateModified":"2025-11-24T19:00:09+00:00","mainEntityOfPage":{"@id":"https:\/\/msconectado.com.br\/?p=26641"},"wordCount":417,"commentCount":0,"publisher":{"@id":"https:\/\/msconectado.com.br\/#organization"},"image":{"@id":"https:\/\/msconectado.com.br\/?p=26641#primaryimage"},"thumbnailUrl":"https:\/\/msconectado.com.br\/wp-content\/uploads\/2025\/11\/Sicredi-Revista-Minha-Cooperativa-22.png","articleSection":["Com\u00e9rcio"],"inLanguage":"pt-BR","potentialAction":[{"@type":"CommentAction","name":"Comment","target":["https:\/\/msconectado.com.br\/?p=26641#respond"]}]},{"@type":"WebPage","@id":"https:\/\/msconectado.com.br\/?p=26641","url":"https:\/\/msconectado.com.br\/?p=26641","name":"Sicredi Centro-Sul MS\/BA lan\u00e7a a 22\u00aa edi\u00e7\u00e3o da Revista Minha Cooperativa - MsConectado","isPartOf":{"@id":"https:\/\/msconectado.com.br\/#website"},"primaryImageOfPage":{"@id":"https:\/\/msconectado.com.br\/?p=26641#primaryimage"},"image":{"@id":"https:\/\/msconectado.com.br\/?p=26641#primaryimage"},"thumbnailUrl":"https:\/\/msconectado.com.br\/wp-content\/uploads\/2025\/11\/Sicredi-Revista-Minha-Cooperativa-22.png","datePublished":"2025-11-24T19:00:07+00:00","dateModified":"2025-11-24T19:00:09+00:00","breadcrumb":{"@id":"https:\/\/msconectado.com.br\/?p=26641#breadcrumb"},"inLanguage":"pt-BR","potentialAction":[{"@type":"ReadAction","target":["https:\/\/msconectado.com.br\/?p=26641"]}]},{"@type":"ImageObject","inLanguage":"pt-BR","@id":"https:\/\/msconectado.com.br\/?p=26641#primaryimage","url":"https:\/\/msconectado.com.br\/wp-content\/uploads\/2025\/11\/Sicredi-Revista-Minha-Cooperativa-22.png","contentUrl":"https:\/\/msconectado.com.br\/wp-content\/uploads\/2025\/11\/Sicredi-Revista-Minha-Cooperativa-22.png","width":700,"height":394},{"@type":"BreadcrumbList","@id":"https:\/\/msconectado.com.br\/?p=26641#breadcrumb","itemListElement":[{"@type":"ListItem","position":1,"name":"In\u00edcio","item":"https:\/\/msconectado.com.br\/?page_id=105"},{"@type":"ListItem","position":2,"name":"Sicredi Centro-Sul MS\/BA lan\u00e7a a 22\u00aa edi\u00e7\u00e3o da Revista Minha Cooperativa"}]},{"@type":"WebSite","@id":"https:\/\/msconectado.com.br\/#website","url":"https:\/\/msconectado.com.br\/","name":"MsConectado","description":"Voc\u00ea Conectado com a Not\u00edcia!","publisher":{"@id":"https:\/\/msconectado.com.br\/#organization"},"potentialAction":[{"@type":"SearchAction","target":{"@type":"EntryPoint","urlTemplate":"https:\/\/msconectado.com.br\/?s={search_term_string}"},"query-input":{"@type":"PropertyValueSpecification","valueRequired":true,"valueName":"search_term_string"}}],"inLanguage":"pt-BR"},{"@type":"Organization","@id":"https:\/\/msconectado.com.br\/#organization","name":"MsConectado","url":"https:\/\/msconectado.com.br\/","logo":{"@type":"ImageObject","inLanguage":"pt-BR","@id":"https:\/\/msconectado.com.br\/#\/schema\/logo\/image\/","url":"https:\/\/msconectado.com.br\/wp-content\/uploads\/2023\/01\/cropped-noticia-2.png","contentUrl":"https:\/\/msconectado.com.br\/wp-content\/uploads\/2023\/01\/cropped-noticia-2.png","width":720,"height":157,"caption":"MsConectado"},"image":{"@id":"https:\/\/msconectado.com.br\/#\/schema\/logo\/image\/"}},{"@type":"Person","@id":"https:\/\/msconectado.com.br\/#\/schema\/person\/feb123a95a93eebea36f0ed6a2e5ba48","name":"Jeferson","image":{"@type":"ImageObject","inLanguage":"pt-BR","@id":"https:\/\/secure.gravatar.com\/avatar\/e23e8901c88f0cdc0ad479ef7a39bf3e4c806344549c087c00b721a65549a328?s=96&d=mm&r=g","url":"https:\/\/secure.gravatar.com\/avatar\/e23e8901c88f0cdc0ad479ef7a39bf3e4c806344549c087c00b721a65549a328?s=96&d=mm&r=g","contentUrl":"https:\/\/secure.gravatar.com\/avatar\/e23e8901c88f0cdc0ad479ef7a39bf3e4c806344549c087c00b721a65549a328?s=96&d=mm&r=g","caption":"Jeferson"},"url":"https:\/\/msconectado.com.br\/?author=3"}]}},"_links":{"self":[{"href":"https:\/\/msconectado.com.br\/index.php?rest_route=\/wp\/v2\/posts\/26641","targetHints":{"allow":["GET"]}}],"collection":[{"href":"https:\/\/msconectado.com.br\/index.php?rest_route=\/wp\/v2\/posts"}],"about":[{"href":"https:\/\/msconectado.com.br\/index.php?rest_route=\/wp\/v2\/types\/post"}],"author":[{"embeddable":true,"href":"https:\/\/msconectado.com.br\/index.php?rest_route=\/wp\/v2\/users\/3"}],"replies":[{"embeddable":true,"href":"https:\/\/msconectado.com.br\/index.php?rest_route=%2Fwp%2Fv2%2Fcomments&post=26641"}],"version-history":[{"count":1,"href":"https:\/\/msconectado.com.br\/index.php?rest_route=\/wp\/v2\/posts\/26641\/revisions"}],"predecessor-version":[{"id":26643,"href":"https:\/\/msconectado.com.br\/index.php?rest_route=\/wp\/v2\/posts\/26641\/revisions\/26643"}],"wp:featuredmedia":[{"embeddable":true,"href":"https:\/\/msconectado.com.br\/index.php?rest_route=\/wp\/v2\/media\/26642"}],"wp:attachment":[{"href":"https:\/\/msconectado.com.br\/index.php?rest_route=%2Fwp%2Fv2%2Fmedia&parent=26641"}],"wp:term":[{"taxonomy":"category","embeddable":true,"href":"https:\/\/msconectado.com.br\/index.php?rest_route=%2Fwp%2Fv2%2Fcategories&post=26641"},{"taxonomy":"post_tag","embeddable":true,"href":"https:\/\/msconectado.com.br\/index.php?rest_route=%2Fwp%2Fv2%2Ftags&post=26641"}],"curies":[{"name":"wp","href":"https:\/\/api.w.org\/{rel}","templated":true}]}}