
{"id":26724,"date":"2025-12-13T11:31:09","date_gmt":"2025-12-13T11:31:09","guid":{"rendered":"https:\/\/msconectado.com.br\/?p=26724"},"modified":"2025-12-13T11:33:25","modified_gmt":"2025-12-13T11:33:25","slug":"inauguracao-do-memorial-sicredi-pantanal-celebra-legado-de-36-anos-e-marca-transicao-historica-da-cooperativa","status":"publish","type":"post","link":"https:\/\/msconectado.com.br\/?p=26724","title":{"rendered":"Inaugura\u00e7\u00e3o do Memorial Sicredi Pantanal celebra legado de 36 anos e marca transi\u00e7\u00e3o hist\u00f3rica da cooperativa"},"content":{"rendered":"\n<p><em>Espa\u00e7o em Maracaju re\u00fane linha do tempo, fotos, marcos institucionais e homenagens aos l\u00edderes que constru\u00edram a trajet\u00f3ria da cooperativa fundada em 1989<\/em><\/p>\n\n\n\n<p>A Sicredi Pantanal inaugura, nesta quinta-feira (11\/12), o Memorial Sicredi Pantanal, um espa\u00e7o permanente instalado na ag\u00eancia de Maracaju que preserva e compartilha com a comunidade os principais cap\u00edtulos da trajet\u00f3ria da cooperativa desde sua funda\u00e7\u00e3o, em 1989. A entrega do memorial ocorre em um momento simb\u00f3lico: no dia 13 de dezembro, a Sicredi Pantanal se unir\u00e1 oficialmente a Sicredi Uni\u00e3o MS\/TO e Oeste da Bahia e a Sicredi Centro-Sul MS, encerrando um ciclo hist\u00f3rico e iniciando uma nova etapa de expans\u00e3o e fortalecimento regional.<\/p>\n\n\n\n<p>O memorial foi concebido para garantir que a hist\u00f3ria da cooperativa permane\u00e7a acess\u00edvel \u00e0s gera\u00e7\u00f5es futuras. No espa\u00e7o, os visitantes poder\u00e3o conhecer uma linha do tempo completa, desde a inaugura\u00e7\u00e3o da primeira ag\u00eancia, em Maracaju, at\u00e9 os recentes movimentos de crescimento e a uni\u00e3o estrat\u00e9gica. O ambiente inclui ainda um totem de fotos, que resgata projetos, a\u00e7\u00f5es e momentos marcantes da Sicredi Pantanal ao longo de mais de tr\u00eas d\u00e9cadas, al\u00e9m de um painel com fotos dos ex-presidentes e recortes de not\u00edcias que refletiram a evolu\u00e7\u00e3o da cooperativa na regi\u00e3o.<\/p>\n\n\n\n<p><strong>Uma trajet\u00f3ria de expans\u00e3o e desenvolvimento regional<\/strong><\/p>\n\n\n\n<p>Fundada em 1989, a Sicredi Pantanal construiu uma hist\u00f3ria baseada em crescimento sustent\u00e1vel e presen\u00e7a ativa na comunidade. A primeira ag\u00eancia, aberta em Maracaju, marcou o in\u00edcio de uma expans\u00e3o cont\u00ednua pelos munic\u00edpios sul-mato-grossenses.<\/p>\n\n\n\n<p>Nos anos 2000, a cooperativa ampliou sua atua\u00e7\u00e3o com as aberturas das ag\u00eancias de Sidrol\u00e2ndia (2002), Jardim (2005), Bonito e Aquidauana (2009). A d\u00e9cada de 2010 consolidou a estrutura organizacional, com a conquista da Livre Admiss\u00e3o de Associados, em 2010, passando a atender todos os segmentos da sociedade, em 2013 com a abertura da ag\u00eancia em Miranda e em 2017 a inaugura\u00e7\u00e3o de uma Sede Administrativa pr\u00f3pria.<\/p>\n\n\n\n<p>A partir de 2019, a expans\u00e3o se acelerou com a chegada das ag\u00eancias Nioaque (2019), Bodoquena (2021), Dois Irm\u00e3os do Buriti e Guia Lopes da Laguna (2023), al\u00e9m da segunda unidade em Maracaju (2024). Em 2022, a instala\u00e7\u00e3o de um Rel\u00f3gio\/Maracaju marcou simbolicamente o compromisso da cooperativa com modernidade e presen\u00e7a comunit\u00e1ria.<\/p>\n\n\n\n<p>Em 2025, a Sicredi Pantanal deu um passo importante atrav\u00e9s da uni\u00e3o estrat\u00e9gico com as cooperativas co-irm\u00e3s Sicredi Uni\u00e3o MS\/TO e Oeste da Bahia e Sicredi Centro-Sul MS.<\/p>\n\n\n\n<p>\u201cEntregar este memorial \u00e0 comunidade \u00e9 uma forma de eternizar tudo o que constru\u00edmos juntos desde 1989. A Sicredi Pantanal \u00e9 fruto da confian\u00e7a dos associados, do trabalho de colaboradores comprometidos e da vis\u00e3o de l\u00edderes que acreditaram no cooperativismo como for\u00e7a de desenvolvimento regional. Neste momento de transi\u00e7\u00e3o, deixamos aqui um legado f\u00edsico e emocional, para que a hist\u00f3ria que nos trouxe at\u00e9 aqui nunca seja esquecida\u201d, enfatiza o atual presidente da Sicredi Pantanal, Fernando Casali.<\/p>\n\n\n\n<p>O presidente da Central Sicredi Brasil Centra, Celso Figueira, que foi presidente da Cooperativa e resgata um pouco dessa hist\u00f3ria. \u201cQuando iniciamos a cooperativa, h\u00e1 mais de tr\u00eas d\u00e9cadas, sonh\u00e1vamos com uma institui\u00e7\u00e3o s\u00f3lida, capaz de transformar a vida das pessoas. Ver hoje esse memorial \u00e9 reviver cada passo dessa caminhada e sentir orgulho do que constru\u00edmos. A hist\u00f3ria da Sicredi Pantanal continua viva  agora ampliada pelas novas cooperativas que seguem esse mesmo prop\u00f3sito de coopera\u00e7\u00e3o e desenvolvimento.\u201d<\/p>\n\n\n<div class=\"wp-block-image\">\n<figure class=\"aligncenter size-large\"><img fetchpriority=\"high\" decoding=\"async\" width=\"1024\" height=\"683\" src=\"https:\/\/msconectado.com.br\/wp-content\/uploads\/2025\/12\/WhatsApp-Image-2025-12-11-at-14.00.22-1024x683.jpeg\" alt=\"\" class=\"wp-image-26726\" srcset=\"https:\/\/msconectado.com.br\/wp-content\/uploads\/2025\/12\/WhatsApp-Image-2025-12-11-at-14.00.22-1024x683.jpeg 1024w, https:\/\/msconectado.com.br\/wp-content\/uploads\/2025\/12\/WhatsApp-Image-2025-12-11-at-14.00.22-300x200.jpeg 300w, https:\/\/msconectado.com.br\/wp-content\/uploads\/2025\/12\/WhatsApp-Image-2025-12-11-at-14.00.22-768x512.jpeg 768w, https:\/\/msconectado.com.br\/wp-content\/uploads\/2025\/12\/WhatsApp-Image-2025-12-11-at-14.00.22-1536x1024.jpeg 1536w, https:\/\/msconectado.com.br\/wp-content\/uploads\/2025\/12\/WhatsApp-Image-2025-12-11-at-14.00.22-2048x1365.jpeg 2048w, https:\/\/msconectado.com.br\/wp-content\/uploads\/2025\/12\/WhatsApp-Image-2025-12-11-at-14.00.22-360x240.jpeg 360w\" sizes=\"(max-width: 1024px) 100vw, 1024px\" \/><\/figure>\n<\/div>\n\n\n<p>A inaugura\u00e7\u00e3o do memorial refor\u00e7a o compromisso da Sicredi Pantanal em honrar sua pr\u00f3pria hist\u00f3ria e fortalecer os v\u00ednculos com a regi\u00e3o que ajudou a desenvolver ao longo de 36 anos. Mais do que um espa\u00e7o de mem\u00f3ria, o memorial simboliza o legado deixado \u00e0s comunidades onde a cooperativa atuou, resgatando conquistas, desafios e a contribui\u00e7\u00e3o do Sicredi para o crescimento econ\u00f4mico e social dos munic\u00edpios. \u00c9 uma entrega definitiva \u00e0 popula\u00e7\u00e3o  um gesto de gratid\u00e3o e reconhecimento por tudo o que foi constru\u00eddo em conjunto com cada associado, lideran\u00e7a e parceiro que fizeram parte dessa trajet\u00f3ria.<\/p>\n\n\n\n<p>Assessoria<\/p>\n\n\n<div class=\"wp-block-image\">\n<figure class=\"aligncenter size-full\"><img decoding=\"async\" width=\"900\" height=\"100\" src=\"https:\/\/msconectado.com.br\/wp-content\/uploads\/2025\/11\/15780-.-Natal-Brilhante-2025_GOV-RB_900x100.gif\" alt=\"\" class=\"wp-image-26611\"\/><\/figure>\n<\/div>\n\n\n<p><\/p>\n","protected":false},"excerpt":{"rendered":"<p>Espa\u00e7o em Maracaju re\u00fane linha do tempo, fotos, marcos institucionais e homenagens aos l\u00edderes que constru\u00edram a trajet\u00f3ria da cooperativa fundada em 1989 A Sicredi Pantanal inaugura, nesta quinta-feira (11\/12), o Memorial Sicredi Pantanal, um espa\u00e7o permanente instalado na ag\u00eancia de Maracaju que preserva e compartilha com a comunidade os principais cap\u00edtulos da trajet\u00f3ria da [&hellip;]<\/p>\n","protected":false},"author":3,"featured_media":26728,"comment_status":"open","ping_status":"closed","sticky":false,"template":"","format":"standard","meta":{"footnotes":""},"categories":[35,34,1],"tags":[],"class_list":["post-26724","post","type-post","status-publish","format-standard","has-post-thumbnail","hentry","category-cidades","category-comercio","category-noticia"],"yoast_head":"<!-- This site is optimized with the Yoast SEO plugin v27.5 - https:\/\/yoast.com\/product\/yoast-seo-wordpress\/ -->\n<title>Inaugura\u00e7\u00e3o do Memorial Sicredi Pantanal celebra legado de 36 anos e marca transi\u00e7\u00e3o hist\u00f3rica da cooperativa - MsConectado<\/title>\n<meta name=\"robots\" content=\"index, follow, max-snippet:-1, max-image-preview:large, max-video-preview:-1\" \/>\n<link rel=\"canonical\" href=\"https:\/\/msconectado.com.br\/?p=26724\" \/>\n<meta property=\"og:locale\" content=\"pt_BR\" \/>\n<meta property=\"og:type\" content=\"article\" \/>\n<meta property=\"og:title\" content=\"Inaugura\u00e7\u00e3o do Memorial Sicredi Pantanal celebra legado de 36 anos e marca transi\u00e7\u00e3o hist\u00f3rica da cooperativa - MsConectado\" \/>\n<meta property=\"og:description\" content=\"Espa\u00e7o em Maracaju re\u00fane linha do tempo, fotos, marcos institucionais e homenagens aos l\u00edderes que constru\u00edram a trajet\u00f3ria da cooperativa fundada em 1989 A Sicredi Pantanal inaugura, nesta quinta-feira (11\/12), o Memorial Sicredi Pantanal, um espa\u00e7o permanente instalado na ag\u00eancia de Maracaju que preserva e compartilha com a comunidade os principais cap\u00edtulos da trajet\u00f3ria da [&hellip;]\" \/>\n<meta property=\"og:url\" content=\"https:\/\/msconectado.com.br\/?p=26724\" \/>\n<meta property=\"og:site_name\" content=\"MsConectado\" \/>\n<meta property=\"article:published_time\" content=\"2025-12-13T11:31:09+00:00\" \/>\n<meta property=\"article:modified_time\" content=\"2025-12-13T11:33:25+00:00\" \/>\n<meta property=\"og:image\" content=\"https:\/\/msconectado.com.br\/wp-content\/uploads\/2025\/12\/WhatsApp-Image-2025-12-11-at-14.00.23-scaled.jpeg\" \/>\n\t<meta property=\"og:image:width\" content=\"2560\" \/>\n\t<meta property=\"og:image:height\" content=\"1542\" \/>\n\t<meta property=\"og:image:type\" content=\"image\/jpeg\" \/>\n<meta name=\"author\" content=\"Jeferson\" \/>\n<meta name=\"twitter:card\" content=\"summary_large_image\" \/>\n<meta name=\"twitter:label1\" content=\"Escrito por\" \/>\n\t<meta name=\"twitter:data1\" content=\"Jeferson\" \/>\n\t<meta name=\"twitter:label2\" content=\"Est. tempo de leitura\" \/>\n\t<meta name=\"twitter:data2\" content=\"5 minutos\" \/>\n<script type=\"application\/ld+json\" class=\"yoast-schema-graph\">{\"@context\":\"https:\\\/\\\/schema.org\",\"@graph\":[{\"@type\":\"Article\",\"@id\":\"https:\\\/\\\/msconectado.com.br\\\/?p=26724#article\",\"isPartOf\":{\"@id\":\"https:\\\/\\\/msconectado.com.br\\\/?p=26724\"},\"author\":{\"name\":\"Jeferson\",\"@id\":\"https:\\\/\\\/msconectado.com.br\\\/#\\\/schema\\\/person\\\/feb123a95a93eebea36f0ed6a2e5ba48\"},\"headline\":\"Inaugura\u00e7\u00e3o do Memorial Sicredi Pantanal celebra legado de 36 anos e marca transi\u00e7\u00e3o hist\u00f3rica da cooperativa\",\"datePublished\":\"2025-12-13T11:31:09+00:00\",\"dateModified\":\"2025-12-13T11:33:25+00:00\",\"mainEntityOfPage\":{\"@id\":\"https:\\\/\\\/msconectado.com.br\\\/?p=26724\"},\"wordCount\":728,\"commentCount\":0,\"publisher\":{\"@id\":\"https:\\\/\\\/msconectado.com.br\\\/#organization\"},\"image\":{\"@id\":\"https:\\\/\\\/msconectado.com.br\\\/?p=26724#primaryimage\"},\"thumbnailUrl\":\"https:\\\/\\\/msconectado.com.br\\\/wp-content\\\/uploads\\\/2025\\\/12\\\/WhatsApp-Image-2025-12-11-at-14.00.23-scaled.jpeg\",\"articleSection\":[\"Cidades\",\"Com\u00e9rcio\",\"Not\u00edcia\"],\"inLanguage\":\"pt-BR\",\"potentialAction\":[{\"@type\":\"CommentAction\",\"name\":\"Comment\",\"target\":[\"https:\\\/\\\/msconectado.com.br\\\/?p=26724#respond\"]}]},{\"@type\":\"WebPage\",\"@id\":\"https:\\\/\\\/msconectado.com.br\\\/?p=26724\",\"url\":\"https:\\\/\\\/msconectado.com.br\\\/?p=26724\",\"name\":\"Inaugura\u00e7\u00e3o do Memorial Sicredi Pantanal celebra legado de 36 anos e marca transi\u00e7\u00e3o hist\u00f3rica da cooperativa - MsConectado\",\"isPartOf\":{\"@id\":\"https:\\\/\\\/msconectado.com.br\\\/#website\"},\"primaryImageOfPage\":{\"@id\":\"https:\\\/\\\/msconectado.com.br\\\/?p=26724#primaryimage\"},\"image\":{\"@id\":\"https:\\\/\\\/msconectado.com.br\\\/?p=26724#primaryimage\"},\"thumbnailUrl\":\"https:\\\/\\\/msconectado.com.br\\\/wp-content\\\/uploads\\\/2025\\\/12\\\/WhatsApp-Image-2025-12-11-at-14.00.23-scaled.jpeg\",\"datePublished\":\"2025-12-13T11:31:09+00:00\",\"dateModified\":\"2025-12-13T11:33:25+00:00\",\"breadcrumb\":{\"@id\":\"https:\\\/\\\/msconectado.com.br\\\/?p=26724#breadcrumb\"},\"inLanguage\":\"pt-BR\",\"potentialAction\":[{\"@type\":\"ReadAction\",\"target\":[\"https:\\\/\\\/msconectado.com.br\\\/?p=26724\"]}]},{\"@type\":\"ImageObject\",\"inLanguage\":\"pt-BR\",\"@id\":\"https:\\\/\\\/msconectado.com.br\\\/?p=26724#primaryimage\",\"url\":\"https:\\\/\\\/msconectado.com.br\\\/wp-content\\\/uploads\\\/2025\\\/12\\\/WhatsApp-Image-2025-12-11-at-14.00.23-scaled.jpeg\",\"contentUrl\":\"https:\\\/\\\/msconectado.com.br\\\/wp-content\\\/uploads\\\/2025\\\/12\\\/WhatsApp-Image-2025-12-11-at-14.00.23-scaled.jpeg\",\"width\":2560,\"height\":1542},{\"@type\":\"BreadcrumbList\",\"@id\":\"https:\\\/\\\/msconectado.com.br\\\/?p=26724#breadcrumb\",\"itemListElement\":[{\"@type\":\"ListItem\",\"position\":1,\"name\":\"In\u00edcio\",\"item\":\"https:\\\/\\\/msconectado.com.br\\\/\"},{\"@type\":\"ListItem\",\"position\":2,\"name\":\"Inaugura\u00e7\u00e3o do Memorial Sicredi Pantanal celebra legado de 36 anos e marca transi\u00e7\u00e3o hist\u00f3rica da cooperativa\"}]},{\"@type\":\"WebSite\",\"@id\":\"https:\\\/\\\/msconectado.com.br\\\/#website\",\"url\":\"https:\\\/\\\/msconectado.com.br\\\/\",\"name\":\"MsConectado\",\"description\":\"Voc\u00ea Conectado com a Not\u00edcia!\",\"publisher\":{\"@id\":\"https:\\\/\\\/msconectado.com.br\\\/#organization\"},\"potentialAction\":[{\"@type\":\"SearchAction\",\"target\":{\"@type\":\"EntryPoint\",\"urlTemplate\":\"https:\\\/\\\/msconectado.com.br\\\/?s={search_term_string}\"},\"query-input\":{\"@type\":\"PropertyValueSpecification\",\"valueRequired\":true,\"valueName\":\"search_term_string\"}}],\"inLanguage\":\"pt-BR\"},{\"@type\":\"Organization\",\"@id\":\"https:\\\/\\\/msconectado.com.br\\\/#organization\",\"name\":\"MsConectado\",\"url\":\"https:\\\/\\\/msconectado.com.br\\\/\",\"logo\":{\"@type\":\"ImageObject\",\"inLanguage\":\"pt-BR\",\"@id\":\"https:\\\/\\\/msconectado.com.br\\\/#\\\/schema\\\/logo\\\/image\\\/\",\"url\":\"https:\\\/\\\/msconectado.com.br\\\/wp-content\\\/uploads\\\/2023\\\/01\\\/cropped-noticia-2.png\",\"contentUrl\":\"https:\\\/\\\/msconectado.com.br\\\/wp-content\\\/uploads\\\/2023\\\/01\\\/cropped-noticia-2.png\",\"width\":720,\"height\":157,\"caption\":\"MsConectado\"},\"image\":{\"@id\":\"https:\\\/\\\/msconectado.com.br\\\/#\\\/schema\\\/logo\\\/image\\\/\"}},{\"@type\":\"Person\",\"@id\":\"https:\\\/\\\/msconectado.com.br\\\/#\\\/schema\\\/person\\\/feb123a95a93eebea36f0ed6a2e5ba48\",\"name\":\"Jeferson\",\"image\":{\"@type\":\"ImageObject\",\"inLanguage\":\"pt-BR\",\"@id\":\"https:\\\/\\\/secure.gravatar.com\\\/avatar\\\/e23e8901c88f0cdc0ad479ef7a39bf3e4c806344549c087c00b721a65549a328?s=96&d=mm&r=g\",\"url\":\"https:\\\/\\\/secure.gravatar.com\\\/avatar\\\/e23e8901c88f0cdc0ad479ef7a39bf3e4c806344549c087c00b721a65549a328?s=96&d=mm&r=g\",\"contentUrl\":\"https:\\\/\\\/secure.gravatar.com\\\/avatar\\\/e23e8901c88f0cdc0ad479ef7a39bf3e4c806344549c087c00b721a65549a328?s=96&d=mm&r=g\",\"caption\":\"Jeferson\"},\"url\":\"https:\\\/\\\/msconectado.com.br\\\/?author=3\"}]}<\/script>\n<!-- \/ Yoast SEO plugin. -->","yoast_head_json":{"title":"Inaugura\u00e7\u00e3o do Memorial Sicredi Pantanal celebra legado de 36 anos e marca transi\u00e7\u00e3o hist\u00f3rica da cooperativa - MsConectado","robots":{"index":"index","follow":"follow","max-snippet":"max-snippet:-1","max-image-preview":"max-image-preview:large","max-video-preview":"max-video-preview:-1"},"canonical":"https:\/\/msconectado.com.br\/?p=26724","og_locale":"pt_BR","og_type":"article","og_title":"Inaugura\u00e7\u00e3o do Memorial Sicredi Pantanal celebra legado de 36 anos e marca transi\u00e7\u00e3o hist\u00f3rica da cooperativa - MsConectado","og_description":"Espa\u00e7o em Maracaju re\u00fane linha do tempo, fotos, marcos institucionais e homenagens aos l\u00edderes que constru\u00edram a trajet\u00f3ria da cooperativa fundada em 1989 A Sicredi Pantanal inaugura, nesta quinta-feira (11\/12), o Memorial Sicredi Pantanal, um espa\u00e7o permanente instalado na ag\u00eancia de Maracaju que preserva e compartilha com a comunidade os principais cap\u00edtulos da trajet\u00f3ria da [&hellip;]","og_url":"https:\/\/msconectado.com.br\/?p=26724","og_site_name":"MsConectado","article_published_time":"2025-12-13T11:31:09+00:00","article_modified_time":"2025-12-13T11:33:25+00:00","og_image":[{"width":2560,"height":1542,"url":"https:\/\/msconectado.com.br\/wp-content\/uploads\/2025\/12\/WhatsApp-Image-2025-12-11-at-14.00.23-scaled.jpeg","type":"image\/jpeg"}],"author":"Jeferson","twitter_card":"summary_large_image","twitter_misc":{"Escrito por":"Jeferson","Est. tempo de leitura":"5 minutos"},"schema":{"@context":"https:\/\/schema.org","@graph":[{"@type":"Article","@id":"https:\/\/msconectado.com.br\/?p=26724#article","isPartOf":{"@id":"https:\/\/msconectado.com.br\/?p=26724"},"author":{"name":"Jeferson","@id":"https:\/\/msconectado.com.br\/#\/schema\/person\/feb123a95a93eebea36f0ed6a2e5ba48"},"headline":"Inaugura\u00e7\u00e3o do Memorial Sicredi Pantanal celebra legado de 36 anos e marca transi\u00e7\u00e3o hist\u00f3rica da cooperativa","datePublished":"2025-12-13T11:31:09+00:00","dateModified":"2025-12-13T11:33:25+00:00","mainEntityOfPage":{"@id":"https:\/\/msconectado.com.br\/?p=26724"},"wordCount":728,"commentCount":0,"publisher":{"@id":"https:\/\/msconectado.com.br\/#organization"},"image":{"@id":"https:\/\/msconectado.com.br\/?p=26724#primaryimage"},"thumbnailUrl":"https:\/\/msconectado.com.br\/wp-content\/uploads\/2025\/12\/WhatsApp-Image-2025-12-11-at-14.00.23-scaled.jpeg","articleSection":["Cidades","Com\u00e9rcio","Not\u00edcia"],"inLanguage":"pt-BR","potentialAction":[{"@type":"CommentAction","name":"Comment","target":["https:\/\/msconectado.com.br\/?p=26724#respond"]}]},{"@type":"WebPage","@id":"https:\/\/msconectado.com.br\/?p=26724","url":"https:\/\/msconectado.com.br\/?p=26724","name":"Inaugura\u00e7\u00e3o do Memorial Sicredi Pantanal celebra legado de 36 anos e marca transi\u00e7\u00e3o hist\u00f3rica da cooperativa - MsConectado","isPartOf":{"@id":"https:\/\/msconectado.com.br\/#website"},"primaryImageOfPage":{"@id":"https:\/\/msconectado.com.br\/?p=26724#primaryimage"},"image":{"@id":"https:\/\/msconectado.com.br\/?p=26724#primaryimage"},"thumbnailUrl":"https:\/\/msconectado.com.br\/wp-content\/uploads\/2025\/12\/WhatsApp-Image-2025-12-11-at-14.00.23-scaled.jpeg","datePublished":"2025-12-13T11:31:09+00:00","dateModified":"2025-12-13T11:33:25+00:00","breadcrumb":{"@id":"https:\/\/msconectado.com.br\/?p=26724#breadcrumb"},"inLanguage":"pt-BR","potentialAction":[{"@type":"ReadAction","target":["https:\/\/msconectado.com.br\/?p=26724"]}]},{"@type":"ImageObject","inLanguage":"pt-BR","@id":"https:\/\/msconectado.com.br\/?p=26724#primaryimage","url":"https:\/\/msconectado.com.br\/wp-content\/uploads\/2025\/12\/WhatsApp-Image-2025-12-11-at-14.00.23-scaled.jpeg","contentUrl":"https:\/\/msconectado.com.br\/wp-content\/uploads\/2025\/12\/WhatsApp-Image-2025-12-11-at-14.00.23-scaled.jpeg","width":2560,"height":1542},{"@type":"BreadcrumbList","@id":"https:\/\/msconectado.com.br\/?p=26724#breadcrumb","itemListElement":[{"@type":"ListItem","position":1,"name":"In\u00edcio","item":"https:\/\/msconectado.com.br\/"},{"@type":"ListItem","position":2,"name":"Inaugura\u00e7\u00e3o do Memorial Sicredi Pantanal celebra legado de 36 anos e marca transi\u00e7\u00e3o hist\u00f3rica da cooperativa"}]},{"@type":"WebSite","@id":"https:\/\/msconectado.com.br\/#website","url":"https:\/\/msconectado.com.br\/","name":"MsConectado","description":"Voc\u00ea Conectado com a Not\u00edcia!","publisher":{"@id":"https:\/\/msconectado.com.br\/#organization"},"potentialAction":[{"@type":"SearchAction","target":{"@type":"EntryPoint","urlTemplate":"https:\/\/msconectado.com.br\/?s={search_term_string}"},"query-input":{"@type":"PropertyValueSpecification","valueRequired":true,"valueName":"search_term_string"}}],"inLanguage":"pt-BR"},{"@type":"Organization","@id":"https:\/\/msconectado.com.br\/#organization","name":"MsConectado","url":"https:\/\/msconectado.com.br\/","logo":{"@type":"ImageObject","inLanguage":"pt-BR","@id":"https:\/\/msconectado.com.br\/#\/schema\/logo\/image\/","url":"https:\/\/msconectado.com.br\/wp-content\/uploads\/2023\/01\/cropped-noticia-2.png","contentUrl":"https:\/\/msconectado.com.br\/wp-content\/uploads\/2023\/01\/cropped-noticia-2.png","width":720,"height":157,"caption":"MsConectado"},"image":{"@id":"https:\/\/msconectado.com.br\/#\/schema\/logo\/image\/"}},{"@type":"Person","@id":"https:\/\/msconectado.com.br\/#\/schema\/person\/feb123a95a93eebea36f0ed6a2e5ba48","name":"Jeferson","image":{"@type":"ImageObject","inLanguage":"pt-BR","@id":"https:\/\/secure.gravatar.com\/avatar\/e23e8901c88f0cdc0ad479ef7a39bf3e4c806344549c087c00b721a65549a328?s=96&d=mm&r=g","url":"https:\/\/secure.gravatar.com\/avatar\/e23e8901c88f0cdc0ad479ef7a39bf3e4c806344549c087c00b721a65549a328?s=96&d=mm&r=g","contentUrl":"https:\/\/secure.gravatar.com\/avatar\/e23e8901c88f0cdc0ad479ef7a39bf3e4c806344549c087c00b721a65549a328?s=96&d=mm&r=g","caption":"Jeferson"},"url":"https:\/\/msconectado.com.br\/?author=3"}]}},"_links":{"self":[{"href":"https:\/\/msconectado.com.br\/index.php?rest_route=\/wp\/v2\/posts\/26724","targetHints":{"allow":["GET"]}}],"collection":[{"href":"https:\/\/msconectado.com.br\/index.php?rest_route=\/wp\/v2\/posts"}],"about":[{"href":"https:\/\/msconectado.com.br\/index.php?rest_route=\/wp\/v2\/types\/post"}],"author":[{"embeddable":true,"href":"https:\/\/msconectado.com.br\/index.php?rest_route=\/wp\/v2\/users\/3"}],"replies":[{"embeddable":true,"href":"https:\/\/msconectado.com.br\/index.php?rest_route=%2Fwp%2Fv2%2Fcomments&post=26724"}],"version-history":[{"count":1,"href":"https:\/\/msconectado.com.br\/index.php?rest_route=\/wp\/v2\/posts\/26724\/revisions"}],"predecessor-version":[{"id":26727,"href":"https:\/\/msconectado.com.br\/index.php?rest_route=\/wp\/v2\/posts\/26724\/revisions\/26727"}],"wp:featuredmedia":[{"embeddable":true,"href":"https:\/\/msconectado.com.br\/index.php?rest_route=\/wp\/v2\/media\/26728"}],"wp:attachment":[{"href":"https:\/\/msconectado.com.br\/index.php?rest_route=%2Fwp%2Fv2%2Fmedia&parent=26724"}],"wp:term":[{"taxonomy":"category","embeddable":true,"href":"https:\/\/msconectado.com.br\/index.php?rest_route=%2Fwp%2Fv2%2Fcategories&post=26724"},{"taxonomy":"post_tag","embeddable":true,"href":"https:\/\/msconectado.com.br\/index.php?rest_route=%2Fwp%2Fv2%2Ftags&post=26724"}],"curies":[{"name":"wp","href":"https:\/\/api.w.org\/{rel}","templated":true}]}}