
{"id":26883,"date":"2026-01-21T14:48:19","date_gmt":"2026-01-21T14:48:19","guid":{"rendered":"https:\/\/msconectado.com.br\/?p=26883"},"modified":"2026-01-21T14:48:21","modified_gmt":"2026-01-21T14:48:21","slug":"em-segundo-evento-do-ano-cooperativa-leva-produtos-e-servicos-financeiros-ao-segmento-agro","status":"publish","type":"post","link":"https:\/\/msconectado.com.br\/?p=26883","title":{"rendered":"Em segundo evento do ano, Cooperativa leva produtos e servi\u00e7os financeiros ao segmento Agro"},"content":{"rendered":"\n<p>A Sicredi Centro-Sul MS\/BA, institui\u00e7\u00e3o financeira cooperativa, estar\u00e1 presente na 24\u00aa edi\u00e7\u00e3o do Show da Soja, evento tradicional de Itapor\u00e3 (MS) voltado \u00e0 tecnologia, inova\u00e7\u00e3o e produtividade no agroneg\u00f3cio, promovido pela Agro Jangada. A feira acontece no dia 21 de janeiro, no Campo da Agro Jangada, e a Cooperativa participar\u00e1 com um estande para atendimento aos associados e \u00e0 comunidade.<\/p>\n\n\n\n<p>Durante o evento, os participantes poder\u00e3o realizar um circuito livre de visita\u00e7\u00e3o ao campo, conhecendo as mais recentes tecnologias Syngenta para manejo de doen\u00e7as e pragas, al\u00e9m de cultivares de soja com diferentes variedades, apresentadas pelos obtentores. A programa\u00e7\u00e3o inclui ainda palestras com pesquisadores renomados do setor agropecu\u00e1rio.<\/p>\n\n\n\n<p>Em sua tenda, a Sicredi Centro-Sul MS\/BA estar\u00e1 com estande pr\u00f3prio para apresentar seu portf\u00f3lio completo de produtos e servi\u00e7os, com condi\u00e7\u00f5es exclusivas para o segmento Agro. Entre os principais destaques est\u00e3o as linhas de cr\u00e9dito e financiamento para ve\u00edculos, m\u00e1quinas agr\u00edcolas e sistemas de energia solar, setores estrat\u00e9gicos para o desenvolvimento do munic\u00edpio e da regi\u00e3o.<\/p>\n\n\n\n<p>Os visitantes tamb\u00e9m poder\u00e3o conhecer solu\u00e7\u00f5es em cons\u00f3rcios e seguros \u2014 rural, autom\u00f3veis, residenciais, entre outros \u2014 al\u00e9m de contar com atendimento personalizado, garantindo que cada associado encontre as melhores alternativas para suas necessidades financeiras e para o fortalecimento de seus neg\u00f3cios.<\/p>\n\n\n\n<p>Este \u00e9 o segundo grande evento do calend\u00e1rio de 2026 com a presen\u00e7a da Sicredi Centro-Sul MS\/BA. Na semana anterior, a Cooperativa participou do Dia de Campo da Sementes Verluz, em Bonito (MS), refor\u00e7ando sua proximidade e parceria com os produtores rurais.<\/p>\n\n\n\n<p>\u201cNosso compromisso \u00e9 fortalecer o agroneg\u00f3cio regional, apoiando o crescimento dos nossos associados e de seus empreendimentos, e contribuindo diretamente para o desenvolvimento das comunidades onde estamos presentes\u201d, destaca o superintendente de desenvolvimento de neg\u00f3cios da Sicredi Centro-Sul MS\/BA, Alex Machado.<\/p>\n\n\n\n<p><strong>Sobre a Sicredi Centro-Sul MS\/BA<\/strong><\/p>\n\n\n\n<p>A Sicredi Centro-Sul MS\/BA \u00e9 uma institui\u00e7\u00e3o financeira cooperativa comprometida com o crescimento de seus associados e com o desenvolvimento das regi\u00f5es onde atua em 44 munic\u00edpios do Mato Grosso do Sul e 54 munic\u00edpios da Bahia. Possui um modelo de gest\u00e3o que valoriza a participa\u00e7\u00e3o dos mais de 185 mil associados, que exercem o papel de donos do neg\u00f3cio.<\/p>\n\n\n\n<p>O atendimento a todo associado \u00e9 feito presencialmente, via WhatsApp (51) 3358-4770 ou pelo telefone 0800 724 4770.<\/p>\n\n\n\n<p>Site da Cooperativa: <a href=\"https:\/\/www.sicredi.com.br\/coop\/centrosulmsba\/\">Clique aqui<\/a><\/p>\n\n\n\n<p>Assessoria<\/p>\n\n\n<div class=\"wp-block-image\">\n<figure class=\"aligncenter size-full\"><img fetchpriority=\"high\" decoding=\"async\" width=\"900\" height=\"100\" src=\"https:\/\/msconectado.com.br\/wp-content\/uploads\/2026\/01\/900x100px.gif\" alt=\"\" class=\"wp-image-26866\"\/><\/figure>\n<\/div>","protected":false},"excerpt":{"rendered":"<p>A Sicredi Centro-Sul MS\/BA, institui\u00e7\u00e3o financeira cooperativa, estar\u00e1 presente na 24\u00aa edi\u00e7\u00e3o do Show da Soja, evento tradicional de Itapor\u00e3 (MS) voltado \u00e0 tecnologia, inova\u00e7\u00e3o e produtividade no agroneg\u00f3cio, promovido pela Agro Jangada. A feira acontece no dia 21 de janeiro, no Campo da Agro Jangada, e a Cooperativa participar\u00e1 com um estande para atendimento [&hellip;]<\/p>\n","protected":false},"author":3,"featured_media":26884,"comment_status":"open","ping_status":"closed","sticky":false,"template":"","format":"standard","meta":{"footnotes":""},"categories":[34],"tags":[],"class_list":["post-26883","post","type-post","status-publish","format-standard","has-post-thumbnail","hentry","category-comercio"],"yoast_head":"<!-- This site is optimized with the Yoast SEO plugin v27.5 - https:\/\/yoast.com\/product\/yoast-seo-wordpress\/ -->\n<title>Em segundo evento do ano, Cooperativa leva produtos e servi\u00e7os financeiros ao segmento Agro - MsConectado<\/title>\n<meta name=\"robots\" content=\"index, follow, max-snippet:-1, max-image-preview:large, max-video-preview:-1\" \/>\n<link rel=\"canonical\" href=\"https:\/\/msconectado.com.br\/?p=26883\" \/>\n<meta property=\"og:locale\" content=\"pt_BR\" \/>\n<meta property=\"og:type\" content=\"article\" \/>\n<meta property=\"og:title\" content=\"Em segundo evento do ano, Cooperativa leva produtos e servi\u00e7os financeiros ao segmento Agro - MsConectado\" \/>\n<meta property=\"og:description\" content=\"A Sicredi Centro-Sul MS\/BA, institui\u00e7\u00e3o financeira cooperativa, estar\u00e1 presente na 24\u00aa edi\u00e7\u00e3o do Show da Soja, evento tradicional de Itapor\u00e3 (MS) voltado \u00e0 tecnologia, inova\u00e7\u00e3o e produtividade no agroneg\u00f3cio, promovido pela Agro Jangada. A feira acontece no dia 21 de janeiro, no Campo da Agro Jangada, e a Cooperativa participar\u00e1 com um estande para atendimento [&hellip;]\" \/>\n<meta property=\"og:url\" content=\"https:\/\/msconectado.com.br\/?p=26883\" \/>\n<meta property=\"og:site_name\" content=\"MsConectado\" \/>\n<meta property=\"article:published_time\" content=\"2026-01-21T14:48:19+00:00\" \/>\n<meta property=\"article:modified_time\" content=\"2026-01-21T14:48:21+00:00\" \/>\n<meta property=\"og:image\" content=\"https:\/\/msconectado.com.br\/wp-content\/uploads\/2026\/01\/Sicredi-Feiras.jpg\" \/>\n\t<meta property=\"og:image:width\" content=\"600\" \/>\n\t<meta property=\"og:image:height\" content=\"450\" \/>\n\t<meta property=\"og:image:type\" content=\"image\/jpeg\" \/>\n<meta name=\"author\" content=\"Jeferson\" \/>\n<meta name=\"twitter:card\" content=\"summary_large_image\" \/>\n<meta name=\"twitter:label1\" content=\"Escrito por\" \/>\n\t<meta name=\"twitter:data1\" content=\"Jeferson\" \/>\n\t<meta name=\"twitter:label2\" content=\"Est. tempo de leitura\" \/>\n\t<meta name=\"twitter:data2\" content=\"3 minutos\" \/>\n<script type=\"application\/ld+json\" class=\"yoast-schema-graph\">{\"@context\":\"https:\\\/\\\/schema.org\",\"@graph\":[{\"@type\":\"Article\",\"@id\":\"https:\\\/\\\/msconectado.com.br\\\/?p=26883#article\",\"isPartOf\":{\"@id\":\"https:\\\/\\\/msconectado.com.br\\\/?p=26883\"},\"author\":{\"name\":\"Jeferson\",\"@id\":\"https:\\\/\\\/msconectado.com.br\\\/#\\\/schema\\\/person\\\/feb123a95a93eebea36f0ed6a2e5ba48\"},\"headline\":\"Em segundo evento do ano, Cooperativa leva produtos e servi\u00e7os financeiros ao segmento Agro\",\"datePublished\":\"2026-01-21T14:48:19+00:00\",\"dateModified\":\"2026-01-21T14:48:21+00:00\",\"mainEntityOfPage\":{\"@id\":\"https:\\\/\\\/msconectado.com.br\\\/?p=26883\"},\"wordCount\":423,\"commentCount\":0,\"publisher\":{\"@id\":\"https:\\\/\\\/msconectado.com.br\\\/#organization\"},\"image\":{\"@id\":\"https:\\\/\\\/msconectado.com.br\\\/?p=26883#primaryimage\"},\"thumbnailUrl\":\"https:\\\/\\\/msconectado.com.br\\\/wp-content\\\/uploads\\\/2026\\\/01\\\/Sicredi-Feiras.jpg\",\"articleSection\":[\"Com\u00e9rcio\"],\"inLanguage\":\"pt-BR\",\"potentialAction\":[{\"@type\":\"CommentAction\",\"name\":\"Comment\",\"target\":[\"https:\\\/\\\/msconectado.com.br\\\/?p=26883#respond\"]}]},{\"@type\":\"WebPage\",\"@id\":\"https:\\\/\\\/msconectado.com.br\\\/?p=26883\",\"url\":\"https:\\\/\\\/msconectado.com.br\\\/?p=26883\",\"name\":\"Em segundo evento do ano, Cooperativa leva produtos e servi\u00e7os financeiros ao segmento Agro - MsConectado\",\"isPartOf\":{\"@id\":\"https:\\\/\\\/msconectado.com.br\\\/#website\"},\"primaryImageOfPage\":{\"@id\":\"https:\\\/\\\/msconectado.com.br\\\/?p=26883#primaryimage\"},\"image\":{\"@id\":\"https:\\\/\\\/msconectado.com.br\\\/?p=26883#primaryimage\"},\"thumbnailUrl\":\"https:\\\/\\\/msconectado.com.br\\\/wp-content\\\/uploads\\\/2026\\\/01\\\/Sicredi-Feiras.jpg\",\"datePublished\":\"2026-01-21T14:48:19+00:00\",\"dateModified\":\"2026-01-21T14:48:21+00:00\",\"breadcrumb\":{\"@id\":\"https:\\\/\\\/msconectado.com.br\\\/?p=26883#breadcrumb\"},\"inLanguage\":\"pt-BR\",\"potentialAction\":[{\"@type\":\"ReadAction\",\"target\":[\"https:\\\/\\\/msconectado.com.br\\\/?p=26883\"]}]},{\"@type\":\"ImageObject\",\"inLanguage\":\"pt-BR\",\"@id\":\"https:\\\/\\\/msconectado.com.br\\\/?p=26883#primaryimage\",\"url\":\"https:\\\/\\\/msconectado.com.br\\\/wp-content\\\/uploads\\\/2026\\\/01\\\/Sicredi-Feiras.jpg\",\"contentUrl\":\"https:\\\/\\\/msconectado.com.br\\\/wp-content\\\/uploads\\\/2026\\\/01\\\/Sicredi-Feiras.jpg\",\"width\":600,\"height\":450},{\"@type\":\"BreadcrumbList\",\"@id\":\"https:\\\/\\\/msconectado.com.br\\\/?p=26883#breadcrumb\",\"itemListElement\":[{\"@type\":\"ListItem\",\"position\":1,\"name\":\"In\u00edcio\",\"item\":\"https:\\\/\\\/msconectado.com.br\\\/\"},{\"@type\":\"ListItem\",\"position\":2,\"name\":\"Em segundo evento do ano, Cooperativa leva produtos e servi\u00e7os financeiros ao segmento Agro\"}]},{\"@type\":\"WebSite\",\"@id\":\"https:\\\/\\\/msconectado.com.br\\\/#website\",\"url\":\"https:\\\/\\\/msconectado.com.br\\\/\",\"name\":\"MsConectado\",\"description\":\"Voc\u00ea Conectado com a Not\u00edcia!\",\"publisher\":{\"@id\":\"https:\\\/\\\/msconectado.com.br\\\/#organization\"},\"potentialAction\":[{\"@type\":\"SearchAction\",\"target\":{\"@type\":\"EntryPoint\",\"urlTemplate\":\"https:\\\/\\\/msconectado.com.br\\\/?s={search_term_string}\"},\"query-input\":{\"@type\":\"PropertyValueSpecification\",\"valueRequired\":true,\"valueName\":\"search_term_string\"}}],\"inLanguage\":\"pt-BR\"},{\"@type\":\"Organization\",\"@id\":\"https:\\\/\\\/msconectado.com.br\\\/#organization\",\"name\":\"MsConectado\",\"url\":\"https:\\\/\\\/msconectado.com.br\\\/\",\"logo\":{\"@type\":\"ImageObject\",\"inLanguage\":\"pt-BR\",\"@id\":\"https:\\\/\\\/msconectado.com.br\\\/#\\\/schema\\\/logo\\\/image\\\/\",\"url\":\"https:\\\/\\\/msconectado.com.br\\\/wp-content\\\/uploads\\\/2023\\\/01\\\/cropped-noticia-2.png\",\"contentUrl\":\"https:\\\/\\\/msconectado.com.br\\\/wp-content\\\/uploads\\\/2023\\\/01\\\/cropped-noticia-2.png\",\"width\":720,\"height\":157,\"caption\":\"MsConectado\"},\"image\":{\"@id\":\"https:\\\/\\\/msconectado.com.br\\\/#\\\/schema\\\/logo\\\/image\\\/\"}},{\"@type\":\"Person\",\"@id\":\"https:\\\/\\\/msconectado.com.br\\\/#\\\/schema\\\/person\\\/feb123a95a93eebea36f0ed6a2e5ba48\",\"name\":\"Jeferson\",\"image\":{\"@type\":\"ImageObject\",\"inLanguage\":\"pt-BR\",\"@id\":\"https:\\\/\\\/secure.gravatar.com\\\/avatar\\\/e23e8901c88f0cdc0ad479ef7a39bf3e4c806344549c087c00b721a65549a328?s=96&d=mm&r=g\",\"url\":\"https:\\\/\\\/secure.gravatar.com\\\/avatar\\\/e23e8901c88f0cdc0ad479ef7a39bf3e4c806344549c087c00b721a65549a328?s=96&d=mm&r=g\",\"contentUrl\":\"https:\\\/\\\/secure.gravatar.com\\\/avatar\\\/e23e8901c88f0cdc0ad479ef7a39bf3e4c806344549c087c00b721a65549a328?s=96&d=mm&r=g\",\"caption\":\"Jeferson\"},\"url\":\"https:\\\/\\\/msconectado.com.br\\\/?author=3\"}]}<\/script>\n<!-- \/ Yoast SEO plugin. -->","yoast_head_json":{"title":"Em segundo evento do ano, Cooperativa leva produtos e servi\u00e7os financeiros ao segmento Agro - MsConectado","robots":{"index":"index","follow":"follow","max-snippet":"max-snippet:-1","max-image-preview":"max-image-preview:large","max-video-preview":"max-video-preview:-1"},"canonical":"https:\/\/msconectado.com.br\/?p=26883","og_locale":"pt_BR","og_type":"article","og_title":"Em segundo evento do ano, Cooperativa leva produtos e servi\u00e7os financeiros ao segmento Agro - MsConectado","og_description":"A Sicredi Centro-Sul MS\/BA, institui\u00e7\u00e3o financeira cooperativa, estar\u00e1 presente na 24\u00aa edi\u00e7\u00e3o do Show da Soja, evento tradicional de Itapor\u00e3 (MS) voltado \u00e0 tecnologia, inova\u00e7\u00e3o e produtividade no agroneg\u00f3cio, promovido pela Agro Jangada. A feira acontece no dia 21 de janeiro, no Campo da Agro Jangada, e a Cooperativa participar\u00e1 com um estande para atendimento [&hellip;]","og_url":"https:\/\/msconectado.com.br\/?p=26883","og_site_name":"MsConectado","article_published_time":"2026-01-21T14:48:19+00:00","article_modified_time":"2026-01-21T14:48:21+00:00","og_image":[{"width":600,"height":450,"url":"https:\/\/msconectado.com.br\/wp-content\/uploads\/2026\/01\/Sicredi-Feiras.jpg","type":"image\/jpeg"}],"author":"Jeferson","twitter_card":"summary_large_image","twitter_misc":{"Escrito por":"Jeferson","Est. tempo de leitura":"3 minutos"},"schema":{"@context":"https:\/\/schema.org","@graph":[{"@type":"Article","@id":"https:\/\/msconectado.com.br\/?p=26883#article","isPartOf":{"@id":"https:\/\/msconectado.com.br\/?p=26883"},"author":{"name":"Jeferson","@id":"https:\/\/msconectado.com.br\/#\/schema\/person\/feb123a95a93eebea36f0ed6a2e5ba48"},"headline":"Em segundo evento do ano, Cooperativa leva produtos e servi\u00e7os financeiros ao segmento Agro","datePublished":"2026-01-21T14:48:19+00:00","dateModified":"2026-01-21T14:48:21+00:00","mainEntityOfPage":{"@id":"https:\/\/msconectado.com.br\/?p=26883"},"wordCount":423,"commentCount":0,"publisher":{"@id":"https:\/\/msconectado.com.br\/#organization"},"image":{"@id":"https:\/\/msconectado.com.br\/?p=26883#primaryimage"},"thumbnailUrl":"https:\/\/msconectado.com.br\/wp-content\/uploads\/2026\/01\/Sicredi-Feiras.jpg","articleSection":["Com\u00e9rcio"],"inLanguage":"pt-BR","potentialAction":[{"@type":"CommentAction","name":"Comment","target":["https:\/\/msconectado.com.br\/?p=26883#respond"]}]},{"@type":"WebPage","@id":"https:\/\/msconectado.com.br\/?p=26883","url":"https:\/\/msconectado.com.br\/?p=26883","name":"Em segundo evento do ano, Cooperativa leva produtos e servi\u00e7os financeiros ao segmento Agro - MsConectado","isPartOf":{"@id":"https:\/\/msconectado.com.br\/#website"},"primaryImageOfPage":{"@id":"https:\/\/msconectado.com.br\/?p=26883#primaryimage"},"image":{"@id":"https:\/\/msconectado.com.br\/?p=26883#primaryimage"},"thumbnailUrl":"https:\/\/msconectado.com.br\/wp-content\/uploads\/2026\/01\/Sicredi-Feiras.jpg","datePublished":"2026-01-21T14:48:19+00:00","dateModified":"2026-01-21T14:48:21+00:00","breadcrumb":{"@id":"https:\/\/msconectado.com.br\/?p=26883#breadcrumb"},"inLanguage":"pt-BR","potentialAction":[{"@type":"ReadAction","target":["https:\/\/msconectado.com.br\/?p=26883"]}]},{"@type":"ImageObject","inLanguage":"pt-BR","@id":"https:\/\/msconectado.com.br\/?p=26883#primaryimage","url":"https:\/\/msconectado.com.br\/wp-content\/uploads\/2026\/01\/Sicredi-Feiras.jpg","contentUrl":"https:\/\/msconectado.com.br\/wp-content\/uploads\/2026\/01\/Sicredi-Feiras.jpg","width":600,"height":450},{"@type":"BreadcrumbList","@id":"https:\/\/msconectado.com.br\/?p=26883#breadcrumb","itemListElement":[{"@type":"ListItem","position":1,"name":"In\u00edcio","item":"https:\/\/msconectado.com.br\/"},{"@type":"ListItem","position":2,"name":"Em segundo evento do ano, Cooperativa leva produtos e servi\u00e7os financeiros ao segmento Agro"}]},{"@type":"WebSite","@id":"https:\/\/msconectado.com.br\/#website","url":"https:\/\/msconectado.com.br\/","name":"MsConectado","description":"Voc\u00ea Conectado com a Not\u00edcia!","publisher":{"@id":"https:\/\/msconectado.com.br\/#organization"},"potentialAction":[{"@type":"SearchAction","target":{"@type":"EntryPoint","urlTemplate":"https:\/\/msconectado.com.br\/?s={search_term_string}"},"query-input":{"@type":"PropertyValueSpecification","valueRequired":true,"valueName":"search_term_string"}}],"inLanguage":"pt-BR"},{"@type":"Organization","@id":"https:\/\/msconectado.com.br\/#organization","name":"MsConectado","url":"https:\/\/msconectado.com.br\/","logo":{"@type":"ImageObject","inLanguage":"pt-BR","@id":"https:\/\/msconectado.com.br\/#\/schema\/logo\/image\/","url":"https:\/\/msconectado.com.br\/wp-content\/uploads\/2023\/01\/cropped-noticia-2.png","contentUrl":"https:\/\/msconectado.com.br\/wp-content\/uploads\/2023\/01\/cropped-noticia-2.png","width":720,"height":157,"caption":"MsConectado"},"image":{"@id":"https:\/\/msconectado.com.br\/#\/schema\/logo\/image\/"}},{"@type":"Person","@id":"https:\/\/msconectado.com.br\/#\/schema\/person\/feb123a95a93eebea36f0ed6a2e5ba48","name":"Jeferson","image":{"@type":"ImageObject","inLanguage":"pt-BR","@id":"https:\/\/secure.gravatar.com\/avatar\/e23e8901c88f0cdc0ad479ef7a39bf3e4c806344549c087c00b721a65549a328?s=96&d=mm&r=g","url":"https:\/\/secure.gravatar.com\/avatar\/e23e8901c88f0cdc0ad479ef7a39bf3e4c806344549c087c00b721a65549a328?s=96&d=mm&r=g","contentUrl":"https:\/\/secure.gravatar.com\/avatar\/e23e8901c88f0cdc0ad479ef7a39bf3e4c806344549c087c00b721a65549a328?s=96&d=mm&r=g","caption":"Jeferson"},"url":"https:\/\/msconectado.com.br\/?author=3"}]}},"_links":{"self":[{"href":"https:\/\/msconectado.com.br\/index.php?rest_route=\/wp\/v2\/posts\/26883","targetHints":{"allow":["GET"]}}],"collection":[{"href":"https:\/\/msconectado.com.br\/index.php?rest_route=\/wp\/v2\/posts"}],"about":[{"href":"https:\/\/msconectado.com.br\/index.php?rest_route=\/wp\/v2\/types\/post"}],"author":[{"embeddable":true,"href":"https:\/\/msconectado.com.br\/index.php?rest_route=\/wp\/v2\/users\/3"}],"replies":[{"embeddable":true,"href":"https:\/\/msconectado.com.br\/index.php?rest_route=%2Fwp%2Fv2%2Fcomments&post=26883"}],"version-history":[{"count":1,"href":"https:\/\/msconectado.com.br\/index.php?rest_route=\/wp\/v2\/posts\/26883\/revisions"}],"predecessor-version":[{"id":26885,"href":"https:\/\/msconectado.com.br\/index.php?rest_route=\/wp\/v2\/posts\/26883\/revisions\/26885"}],"wp:featuredmedia":[{"embeddable":true,"href":"https:\/\/msconectado.com.br\/index.php?rest_route=\/wp\/v2\/media\/26884"}],"wp:attachment":[{"href":"https:\/\/msconectado.com.br\/index.php?rest_route=%2Fwp%2Fv2%2Fmedia&parent=26883"}],"wp:term":[{"taxonomy":"category","embeddable":true,"href":"https:\/\/msconectado.com.br\/index.php?rest_route=%2Fwp%2Fv2%2Fcategories&post=26883"},{"taxonomy":"post_tag","embeddable":true,"href":"https:\/\/msconectado.com.br\/index.php?rest_route=%2Fwp%2Fv2%2Ftags&post=26883"}],"curies":[{"name":"wp","href":"https:\/\/api.w.org\/{rel}","templated":true}]}}