
{"id":26886,"date":"2026-01-21T15:03:07","date_gmt":"2026-01-21T15:03:07","guid":{"rendered":"https:\/\/msconectado.com.br\/?p=26886"},"modified":"2026-01-21T15:03:09","modified_gmt":"2026-01-21T15:03:09","slug":"maracaju-recebe-novo-veiculo-para-apoiar-a-central-de-abastecimento-farmaceutico","status":"publish","type":"post","link":"https:\/\/msconectado.com.br\/?p=26886","title":{"rendered":"Maracaju recebe novo ve\u00edculo para apoiar a Central de Abastecimento Farmac\u00eautico."},"content":{"rendered":"\n<p><strong>Ve\u00edculo foi adquirido com recursos indicados pelo ent\u00e3o Vereador Oseias Enfermeiro.<\/strong><\/p>\n\n\n\n<p>Prefeitura de Maracaju, por meio da Secretaria Municipal de Sa\u00fade, deu mais um passo importante na melhoria do atendimento \u00e0 popula\u00e7\u00e3o com a entrega de um novo ve\u00edculo Peugeot, tipo furg\u00e3o compacto, destinado \u00e0 Central de Abastecimento Farmac\u00eautico (CAF). O investimento, que totaliza R$ 117.600,00 (cento e dezessete mil e seiscentos reais), visa garantir maior efici\u00eancia e agilidade no transporte de medicamentos e insumos hospitalares entre a CAF e as Unidades de Sa\u00fade do munic\u00edpio.<\/p>\n\n\n\n<p>A nova aquisi\u00e7\u00e3o \u00e9 parte de um esfor\u00e7o cont\u00ednuo para renovar e melhorar a infraestrutura da sa\u00fade p\u00fablica local, assegurando que os materiais e medicamentos cheguem rapidamente \u00e0s unidades que atendem a popula\u00e7\u00e3o de Maracaju. O ve\u00edculo ser\u00e1 utilizado principalmente para otimizar o processo log\u00edstico de distribui\u00e7\u00e3o de insumos essenciais para o atendimento m\u00e9dico e hospitalar.<\/p>\n\n\n\n<p>A aquisi\u00e7\u00e3o do ve\u00edculo foi poss\u00edvel gra\u00e7as a uma emenda impositiva da C\u00e2mara Municipal, proposta pelo ent\u00e3o vereador Oseias Enfermeiro, que reconheceu a necessidade de moderniza\u00e7\u00e3o da frota da sa\u00fade municipal para garantir mais rapidez e efici\u00eancia nos servi\u00e7os prestados \u00e0 popula\u00e7\u00e3o.<\/p>\n\n\n\n<p>Em sua fala, o Prefeito de Maracaju, Marcos Calderan, destacou a import\u00e2ncia da parceria com a C\u00e2mara Municipal e ressaltou os benef\u00edcios que o novo ve\u00edculo trar\u00e1 para a comunidade.<\/p>\n\n\n\n<p>&#8220;<em>Este \u00e9 mais um avan\u00e7o na nossa constante busca por melhorar o atendimento \u00e0 sa\u00fade da popula\u00e7\u00e3o de Maracaju. Com a entrega deste novo ve\u00edculo, conseguimos fortalecer a estrutura log\u00edstica da Central de Abastecimento Farmac\u00eautico, garantindo que medicamentos e insumos essenciais cheguem com mais rapidez e seguran\u00e7a \u00e0s Unidades de Sa\u00fade. Agradecemos imensamente \u00e0 C\u00e2mara Municipal pela parceria, especialmente ao ex-vereador Oseias Enfermeiro, que com sua emenda impositiva, contribuiu para que essa conquista fosse poss\u00edvel. A renova\u00e7\u00e3o da frota de ve\u00edculos \u00e9 fundamental para podermos oferecer cada vez mais qualidade e agilidade nos servi\u00e7os de sa\u00fade para nossa popula\u00e7\u00e3o<\/em>.\u201d Destacou o Prefeito de Maracaju, Marcos Calderan.<\/p>\n\n\n\n<p>A renova\u00e7\u00e3o da frota de ve\u00edculos da sa\u00fade \u00e9 uma das a\u00e7\u00f5es priorit\u00e1rias da atual administra\u00e7\u00e3o, que segue focada em investimentos que aprimorem a efici\u00eancia dos servi\u00e7os p\u00fablicos e contribuam para o bem-estar da popula\u00e7\u00e3o maracajuense.<\/p>\n\n\n\n<p>A entrega do ve\u00edculo foi realizada na presen\u00e7a de representantes da Secretaria Municipal de Sa\u00fade, servidores p\u00fablicos e autoridades locais, que celebraram mais uma importante conquista para o munic\u00edpio.<\/p>\n\n\n\n<p><strong>Sobre a Central de Abastecimento Farmac\u00eautico (CAF)<\/strong><\/p>\n\n\n\n<p>A Central de Abastecimento Farmac\u00eautico de Maracaju \u00e9 respons\u00e1vel por gerenciar e distribuir medicamentos e insumos hospitalares para as Unidades de Sa\u00fade do munic\u00edpio. O trabalho da CAF \u00e9 fundamental para garantir que os servi\u00e7os de sa\u00fade de Maracaju funcionem de maneira eficiente, com o fornecimento adequado e em tempo h\u00e1bil de medicamentos essenciais para o atendimento da popula\u00e7\u00e3o.<\/p>\n\n\n\n<p>Assessoria<\/p>\n\n\n<div class=\"wp-block-image\">\n<figure class=\"aligncenter size-full\"><img fetchpriority=\"high\" decoding=\"async\" width=\"900\" height=\"100\" src=\"https:\/\/msconectado.com.br\/wp-content\/uploads\/2026\/01\/900x100px.gif\" alt=\"\" class=\"wp-image-26866\"\/><\/figure>\n<\/div>","protected":false},"excerpt":{"rendered":"<p>Ve\u00edculo foi adquirido com recursos indicados pelo ent\u00e3o Vereador Oseias Enfermeiro. Prefeitura de Maracaju, por meio da Secretaria Municipal de Sa\u00fade, deu mais um passo importante na melhoria do atendimento \u00e0 popula\u00e7\u00e3o com a entrega de um novo ve\u00edculo Peugeot, tipo furg\u00e3o compacto, destinado \u00e0 Central de Abastecimento Farmac\u00eautico (CAF). O investimento, que totaliza R$ [&hellip;]<\/p>\n","protected":false},"author":3,"featured_media":26888,"comment_status":"open","ping_status":"closed","sticky":false,"template":"","format":"standard","meta":{"footnotes":""},"categories":[1,33],"tags":[],"class_list":["post-26886","post","type-post","status-publish","format-standard","has-post-thumbnail","hentry","category-noticia","category-politica"],"yoast_head":"<!-- This site is optimized with the Yoast SEO plugin v27.5 - https:\/\/yoast.com\/product\/yoast-seo-wordpress\/ -->\n<title>Maracaju recebe novo ve\u00edculo para apoiar a Central de Abastecimento Farmac\u00eautico. - MsConectado<\/title>\n<meta name=\"robots\" content=\"index, follow, max-snippet:-1, max-image-preview:large, max-video-preview:-1\" \/>\n<link rel=\"canonical\" href=\"https:\/\/msconectado.com.br\/?p=26886\" \/>\n<meta property=\"og:locale\" content=\"pt_BR\" \/>\n<meta property=\"og:type\" content=\"article\" \/>\n<meta property=\"og:title\" content=\"Maracaju recebe novo ve\u00edculo para apoiar a Central de Abastecimento Farmac\u00eautico. - MsConectado\" \/>\n<meta property=\"og:description\" content=\"Ve\u00edculo foi adquirido com recursos indicados pelo ent\u00e3o Vereador Oseias Enfermeiro. Prefeitura de Maracaju, por meio da Secretaria Municipal de Sa\u00fade, deu mais um passo importante na melhoria do atendimento \u00e0 popula\u00e7\u00e3o com a entrega de um novo ve\u00edculo Peugeot, tipo furg\u00e3o compacto, destinado \u00e0 Central de Abastecimento Farmac\u00eautico (CAF). O investimento, que totaliza R$ [&hellip;]\" \/>\n<meta property=\"og:url\" content=\"https:\/\/msconectado.com.br\/?p=26886\" \/>\n<meta property=\"og:site_name\" content=\"MsConectado\" \/>\n<meta property=\"article:published_time\" content=\"2026-01-21T15:03:07+00:00\" \/>\n<meta property=\"article:modified_time\" content=\"2026-01-21T15:03:09+00:00\" \/>\n<meta property=\"og:image\" content=\"https:\/\/msconectado.com.br\/wp-content\/uploads\/2026\/01\/x-8.jpg\" \/>\n\t<meta property=\"og:image:width\" content=\"600\" \/>\n\t<meta property=\"og:image:height\" content=\"357\" \/>\n\t<meta property=\"og:image:type\" content=\"image\/jpeg\" \/>\n<meta name=\"author\" content=\"Jeferson\" \/>\n<meta name=\"twitter:card\" content=\"summary_large_image\" \/>\n<meta name=\"twitter:label1\" content=\"Escrito por\" \/>\n\t<meta name=\"twitter:data1\" content=\"Jeferson\" \/>\n\t<meta name=\"twitter:label2\" content=\"Est. tempo de leitura\" \/>\n\t<meta name=\"twitter:data2\" content=\"3 minutos\" \/>\n<script type=\"application\/ld+json\" class=\"yoast-schema-graph\">{\"@context\":\"https:\\\/\\\/schema.org\",\"@graph\":[{\"@type\":\"Article\",\"@id\":\"https:\\\/\\\/msconectado.com.br\\\/?p=26886#article\",\"isPartOf\":{\"@id\":\"https:\\\/\\\/msconectado.com.br\\\/?p=26886\"},\"author\":{\"name\":\"Jeferson\",\"@id\":\"https:\\\/\\\/msconectado.com.br\\\/#\\\/schema\\\/person\\\/feb123a95a93eebea36f0ed6a2e5ba48\"},\"headline\":\"Maracaju recebe novo ve\u00edculo para apoiar a Central de Abastecimento Farmac\u00eautico.\",\"datePublished\":\"2026-01-21T15:03:07+00:00\",\"dateModified\":\"2026-01-21T15:03:09+00:00\",\"mainEntityOfPage\":{\"@id\":\"https:\\\/\\\/msconectado.com.br\\\/?p=26886\"},\"wordCount\":527,\"commentCount\":0,\"publisher\":{\"@id\":\"https:\\\/\\\/msconectado.com.br\\\/#organization\"},\"image\":{\"@id\":\"https:\\\/\\\/msconectado.com.br\\\/?p=26886#primaryimage\"},\"thumbnailUrl\":\"https:\\\/\\\/msconectado.com.br\\\/wp-content\\\/uploads\\\/2026\\\/01\\\/x-8.jpg\",\"articleSection\":[\"Not\u00edcia\",\"Pol\u00edtica\"],\"inLanguage\":\"pt-BR\",\"potentialAction\":[{\"@type\":\"CommentAction\",\"name\":\"Comment\",\"target\":[\"https:\\\/\\\/msconectado.com.br\\\/?p=26886#respond\"]}]},{\"@type\":\"WebPage\",\"@id\":\"https:\\\/\\\/msconectado.com.br\\\/?p=26886\",\"url\":\"https:\\\/\\\/msconectado.com.br\\\/?p=26886\",\"name\":\"Maracaju recebe novo ve\u00edculo para apoiar a Central de Abastecimento Farmac\u00eautico. - MsConectado\",\"isPartOf\":{\"@id\":\"https:\\\/\\\/msconectado.com.br\\\/#website\"},\"primaryImageOfPage\":{\"@id\":\"https:\\\/\\\/msconectado.com.br\\\/?p=26886#primaryimage\"},\"image\":{\"@id\":\"https:\\\/\\\/msconectado.com.br\\\/?p=26886#primaryimage\"},\"thumbnailUrl\":\"https:\\\/\\\/msconectado.com.br\\\/wp-content\\\/uploads\\\/2026\\\/01\\\/x-8.jpg\",\"datePublished\":\"2026-01-21T15:03:07+00:00\",\"dateModified\":\"2026-01-21T15:03:09+00:00\",\"breadcrumb\":{\"@id\":\"https:\\\/\\\/msconectado.com.br\\\/?p=26886#breadcrumb\"},\"inLanguage\":\"pt-BR\",\"potentialAction\":[{\"@type\":\"ReadAction\",\"target\":[\"https:\\\/\\\/msconectado.com.br\\\/?p=26886\"]}]},{\"@type\":\"ImageObject\",\"inLanguage\":\"pt-BR\",\"@id\":\"https:\\\/\\\/msconectado.com.br\\\/?p=26886#primaryimage\",\"url\":\"https:\\\/\\\/msconectado.com.br\\\/wp-content\\\/uploads\\\/2026\\\/01\\\/x-8.jpg\",\"contentUrl\":\"https:\\\/\\\/msconectado.com.br\\\/wp-content\\\/uploads\\\/2026\\\/01\\\/x-8.jpg\",\"width\":600,\"height\":357},{\"@type\":\"BreadcrumbList\",\"@id\":\"https:\\\/\\\/msconectado.com.br\\\/?p=26886#breadcrumb\",\"itemListElement\":[{\"@type\":\"ListItem\",\"position\":1,\"name\":\"In\u00edcio\",\"item\":\"https:\\\/\\\/msconectado.com.br\\\/\"},{\"@type\":\"ListItem\",\"position\":2,\"name\":\"Maracaju recebe novo ve\u00edculo para apoiar a Central de Abastecimento Farmac\u00eautico.\"}]},{\"@type\":\"WebSite\",\"@id\":\"https:\\\/\\\/msconectado.com.br\\\/#website\",\"url\":\"https:\\\/\\\/msconectado.com.br\\\/\",\"name\":\"MsConectado\",\"description\":\"Voc\u00ea Conectado com a Not\u00edcia!\",\"publisher\":{\"@id\":\"https:\\\/\\\/msconectado.com.br\\\/#organization\"},\"potentialAction\":[{\"@type\":\"SearchAction\",\"target\":{\"@type\":\"EntryPoint\",\"urlTemplate\":\"https:\\\/\\\/msconectado.com.br\\\/?s={search_term_string}\"},\"query-input\":{\"@type\":\"PropertyValueSpecification\",\"valueRequired\":true,\"valueName\":\"search_term_string\"}}],\"inLanguage\":\"pt-BR\"},{\"@type\":\"Organization\",\"@id\":\"https:\\\/\\\/msconectado.com.br\\\/#organization\",\"name\":\"MsConectado\",\"url\":\"https:\\\/\\\/msconectado.com.br\\\/\",\"logo\":{\"@type\":\"ImageObject\",\"inLanguage\":\"pt-BR\",\"@id\":\"https:\\\/\\\/msconectado.com.br\\\/#\\\/schema\\\/logo\\\/image\\\/\",\"url\":\"https:\\\/\\\/msconectado.com.br\\\/wp-content\\\/uploads\\\/2023\\\/01\\\/cropped-noticia-2.png\",\"contentUrl\":\"https:\\\/\\\/msconectado.com.br\\\/wp-content\\\/uploads\\\/2023\\\/01\\\/cropped-noticia-2.png\",\"width\":720,\"height\":157,\"caption\":\"MsConectado\"},\"image\":{\"@id\":\"https:\\\/\\\/msconectado.com.br\\\/#\\\/schema\\\/logo\\\/image\\\/\"}},{\"@type\":\"Person\",\"@id\":\"https:\\\/\\\/msconectado.com.br\\\/#\\\/schema\\\/person\\\/feb123a95a93eebea36f0ed6a2e5ba48\",\"name\":\"Jeferson\",\"image\":{\"@type\":\"ImageObject\",\"inLanguage\":\"pt-BR\",\"@id\":\"https:\\\/\\\/secure.gravatar.com\\\/avatar\\\/e23e8901c88f0cdc0ad479ef7a39bf3e4c806344549c087c00b721a65549a328?s=96&d=mm&r=g\",\"url\":\"https:\\\/\\\/secure.gravatar.com\\\/avatar\\\/e23e8901c88f0cdc0ad479ef7a39bf3e4c806344549c087c00b721a65549a328?s=96&d=mm&r=g\",\"contentUrl\":\"https:\\\/\\\/secure.gravatar.com\\\/avatar\\\/e23e8901c88f0cdc0ad479ef7a39bf3e4c806344549c087c00b721a65549a328?s=96&d=mm&r=g\",\"caption\":\"Jeferson\"},\"url\":\"https:\\\/\\\/msconectado.com.br\\\/?author=3\"}]}<\/script>\n<!-- \/ Yoast SEO plugin. -->","yoast_head_json":{"title":"Maracaju recebe novo ve\u00edculo para apoiar a Central de Abastecimento Farmac\u00eautico. - MsConectado","robots":{"index":"index","follow":"follow","max-snippet":"max-snippet:-1","max-image-preview":"max-image-preview:large","max-video-preview":"max-video-preview:-1"},"canonical":"https:\/\/msconectado.com.br\/?p=26886","og_locale":"pt_BR","og_type":"article","og_title":"Maracaju recebe novo ve\u00edculo para apoiar a Central de Abastecimento Farmac\u00eautico. - MsConectado","og_description":"Ve\u00edculo foi adquirido com recursos indicados pelo ent\u00e3o Vereador Oseias Enfermeiro. Prefeitura de Maracaju, por meio da Secretaria Municipal de Sa\u00fade, deu mais um passo importante na melhoria do atendimento \u00e0 popula\u00e7\u00e3o com a entrega de um novo ve\u00edculo Peugeot, tipo furg\u00e3o compacto, destinado \u00e0 Central de Abastecimento Farmac\u00eautico (CAF). O investimento, que totaliza R$ [&hellip;]","og_url":"https:\/\/msconectado.com.br\/?p=26886","og_site_name":"MsConectado","article_published_time":"2026-01-21T15:03:07+00:00","article_modified_time":"2026-01-21T15:03:09+00:00","og_image":[{"width":600,"height":357,"url":"https:\/\/msconectado.com.br\/wp-content\/uploads\/2026\/01\/x-8.jpg","type":"image\/jpeg"}],"author":"Jeferson","twitter_card":"summary_large_image","twitter_misc":{"Escrito por":"Jeferson","Est. tempo de leitura":"3 minutos"},"schema":{"@context":"https:\/\/schema.org","@graph":[{"@type":"Article","@id":"https:\/\/msconectado.com.br\/?p=26886#article","isPartOf":{"@id":"https:\/\/msconectado.com.br\/?p=26886"},"author":{"name":"Jeferson","@id":"https:\/\/msconectado.com.br\/#\/schema\/person\/feb123a95a93eebea36f0ed6a2e5ba48"},"headline":"Maracaju recebe novo ve\u00edculo para apoiar a Central de Abastecimento Farmac\u00eautico.","datePublished":"2026-01-21T15:03:07+00:00","dateModified":"2026-01-21T15:03:09+00:00","mainEntityOfPage":{"@id":"https:\/\/msconectado.com.br\/?p=26886"},"wordCount":527,"commentCount":0,"publisher":{"@id":"https:\/\/msconectado.com.br\/#organization"},"image":{"@id":"https:\/\/msconectado.com.br\/?p=26886#primaryimage"},"thumbnailUrl":"https:\/\/msconectado.com.br\/wp-content\/uploads\/2026\/01\/x-8.jpg","articleSection":["Not\u00edcia","Pol\u00edtica"],"inLanguage":"pt-BR","potentialAction":[{"@type":"CommentAction","name":"Comment","target":["https:\/\/msconectado.com.br\/?p=26886#respond"]}]},{"@type":"WebPage","@id":"https:\/\/msconectado.com.br\/?p=26886","url":"https:\/\/msconectado.com.br\/?p=26886","name":"Maracaju recebe novo ve\u00edculo para apoiar a Central de Abastecimento Farmac\u00eautico. - MsConectado","isPartOf":{"@id":"https:\/\/msconectado.com.br\/#website"},"primaryImageOfPage":{"@id":"https:\/\/msconectado.com.br\/?p=26886#primaryimage"},"image":{"@id":"https:\/\/msconectado.com.br\/?p=26886#primaryimage"},"thumbnailUrl":"https:\/\/msconectado.com.br\/wp-content\/uploads\/2026\/01\/x-8.jpg","datePublished":"2026-01-21T15:03:07+00:00","dateModified":"2026-01-21T15:03:09+00:00","breadcrumb":{"@id":"https:\/\/msconectado.com.br\/?p=26886#breadcrumb"},"inLanguage":"pt-BR","potentialAction":[{"@type":"ReadAction","target":["https:\/\/msconectado.com.br\/?p=26886"]}]},{"@type":"ImageObject","inLanguage":"pt-BR","@id":"https:\/\/msconectado.com.br\/?p=26886#primaryimage","url":"https:\/\/msconectado.com.br\/wp-content\/uploads\/2026\/01\/x-8.jpg","contentUrl":"https:\/\/msconectado.com.br\/wp-content\/uploads\/2026\/01\/x-8.jpg","width":600,"height":357},{"@type":"BreadcrumbList","@id":"https:\/\/msconectado.com.br\/?p=26886#breadcrumb","itemListElement":[{"@type":"ListItem","position":1,"name":"In\u00edcio","item":"https:\/\/msconectado.com.br\/"},{"@type":"ListItem","position":2,"name":"Maracaju recebe novo ve\u00edculo para apoiar a Central de Abastecimento Farmac\u00eautico."}]},{"@type":"WebSite","@id":"https:\/\/msconectado.com.br\/#website","url":"https:\/\/msconectado.com.br\/","name":"MsConectado","description":"Voc\u00ea Conectado com a Not\u00edcia!","publisher":{"@id":"https:\/\/msconectado.com.br\/#organization"},"potentialAction":[{"@type":"SearchAction","target":{"@type":"EntryPoint","urlTemplate":"https:\/\/msconectado.com.br\/?s={search_term_string}"},"query-input":{"@type":"PropertyValueSpecification","valueRequired":true,"valueName":"search_term_string"}}],"inLanguage":"pt-BR"},{"@type":"Organization","@id":"https:\/\/msconectado.com.br\/#organization","name":"MsConectado","url":"https:\/\/msconectado.com.br\/","logo":{"@type":"ImageObject","inLanguage":"pt-BR","@id":"https:\/\/msconectado.com.br\/#\/schema\/logo\/image\/","url":"https:\/\/msconectado.com.br\/wp-content\/uploads\/2023\/01\/cropped-noticia-2.png","contentUrl":"https:\/\/msconectado.com.br\/wp-content\/uploads\/2023\/01\/cropped-noticia-2.png","width":720,"height":157,"caption":"MsConectado"},"image":{"@id":"https:\/\/msconectado.com.br\/#\/schema\/logo\/image\/"}},{"@type":"Person","@id":"https:\/\/msconectado.com.br\/#\/schema\/person\/feb123a95a93eebea36f0ed6a2e5ba48","name":"Jeferson","image":{"@type":"ImageObject","inLanguage":"pt-BR","@id":"https:\/\/secure.gravatar.com\/avatar\/e23e8901c88f0cdc0ad479ef7a39bf3e4c806344549c087c00b721a65549a328?s=96&d=mm&r=g","url":"https:\/\/secure.gravatar.com\/avatar\/e23e8901c88f0cdc0ad479ef7a39bf3e4c806344549c087c00b721a65549a328?s=96&d=mm&r=g","contentUrl":"https:\/\/secure.gravatar.com\/avatar\/e23e8901c88f0cdc0ad479ef7a39bf3e4c806344549c087c00b721a65549a328?s=96&d=mm&r=g","caption":"Jeferson"},"url":"https:\/\/msconectado.com.br\/?author=3"}]}},"_links":{"self":[{"href":"https:\/\/msconectado.com.br\/index.php?rest_route=\/wp\/v2\/posts\/26886","targetHints":{"allow":["GET"]}}],"collection":[{"href":"https:\/\/msconectado.com.br\/index.php?rest_route=\/wp\/v2\/posts"}],"about":[{"href":"https:\/\/msconectado.com.br\/index.php?rest_route=\/wp\/v2\/types\/post"}],"author":[{"embeddable":true,"href":"https:\/\/msconectado.com.br\/index.php?rest_route=\/wp\/v2\/users\/3"}],"replies":[{"embeddable":true,"href":"https:\/\/msconectado.com.br\/index.php?rest_route=%2Fwp%2Fv2%2Fcomments&post=26886"}],"version-history":[{"count":1,"href":"https:\/\/msconectado.com.br\/index.php?rest_route=\/wp\/v2\/posts\/26886\/revisions"}],"predecessor-version":[{"id":26889,"href":"https:\/\/msconectado.com.br\/index.php?rest_route=\/wp\/v2\/posts\/26886\/revisions\/26889"}],"wp:featuredmedia":[{"embeddable":true,"href":"https:\/\/msconectado.com.br\/index.php?rest_route=\/wp\/v2\/media\/26888"}],"wp:attachment":[{"href":"https:\/\/msconectado.com.br\/index.php?rest_route=%2Fwp%2Fv2%2Fmedia&parent=26886"}],"wp:term":[{"taxonomy":"category","embeddable":true,"href":"https:\/\/msconectado.com.br\/index.php?rest_route=%2Fwp%2Fv2%2Fcategories&post=26886"},{"taxonomy":"post_tag","embeddable":true,"href":"https:\/\/msconectado.com.br\/index.php?rest_route=%2Fwp%2Fv2%2Ftags&post=26886"}],"curies":[{"name":"wp","href":"https:\/\/api.w.org\/{rel}","templated":true}]}}