
{"id":26890,"date":"2026-01-22T13:02:28","date_gmt":"2026-01-22T13:02:28","guid":{"rendered":"https:\/\/msconectado.com.br\/?p=26890"},"modified":"2026-01-22T13:02:37","modified_gmt":"2026-01-22T13:02:37","slug":"sidrolandia-recebe-caravana-da-castracao-com-atendimentos-gratuitos-para-caes-e-gatos","status":"publish","type":"post","link":"https:\/\/msconectado.com.br\/?p=26890","title":{"rendered":"Sidrol\u00e2ndia recebe Caravana da Castra\u00e7\u00e3o com atendimentos gratuitos para c\u00e3es e gatos"},"content":{"rendered":"\n<p>A Prefeitura de Sidrol\u00e2ndia, por meio da Secretaria Municipal de Sa\u00fade, promove a&nbsp;<strong>Caravana da Castra\u00e7\u00e3o<\/strong>, uma a\u00e7\u00e3o de cuidado com a&nbsp;<strong>sa\u00fade animal<\/strong>&nbsp;realizada em parceria com o Governo do Estado de Mato Grosso do Sul.<\/p>\n\n\n\n<p>A campanha acontece de&nbsp;<strong>26 de fevereiro a 3 de mar\u00e7o,<\/strong>&nbsp;no Gin\u00e1sio Oleg\u00e1rio da Costa Machado, com<strong>&nbsp;atendimentos gratuitos&nbsp;<\/strong>de castra\u00e7\u00e3o para<strong>&nbsp;c\u00e3es e gatos.<\/strong>&nbsp;A iniciativa contribui para o&nbsp;<strong>bem estar dos animais<\/strong>, o controle populacional e a&nbsp;<strong>promo\u00e7\u00e3o da sa\u00fade p\u00fablica no munic\u00edpio,<\/strong>&nbsp;ajudando a prevenir doen\u00e7as.<\/p>\n\n\n\n<p><strong>Quem pode participar<\/strong><\/p>\n\n\n\n<p>A campanha \u00e9 destinada a c\u00e3es e gatos, machos e f\u00eameas, de todas as ra\u00e7as e tamanhos. Cada pessoa poder\u00e1 inscrever at\u00e9 tr\u00eas animais.<\/p>\n\n\n\n<p><strong>Vagas dispon\u00edveis<\/strong><\/p>\n\n\n\n<p>Ser\u00e3o oferecidas 480 vagas, distribu\u00eddas ao longo dos dias de atendimento.<\/p>\n\n\n\n<p><strong>Inscri\u00e7\u00f5es<\/strong><\/p>\n\n\n\n<p>As inscri\u00e7\u00f5es podem ser feitas online (<a href=\"https:\/\/www.sidrolandia.ms.gov.br\/ficha-de-cadastro\">clique aqui<\/a>) ou presencialmente na Superintend\u00eancia de Vigil\u00e2ncia, localizada na Rua Rio Grande do Norte, 565, centro.<\/p>\n\n\n\n<p>\u00c9 importante que os tutores<strong>&nbsp;realizem a inscri\u00e7\u00e3o com anteced\u00eancia<\/strong>&nbsp;e levem seus animais conforme as orienta\u00e7\u00f5es da equipe t\u00e9cnica.<\/p>\n\n\n\n<p>Cuidar com responsabilidade faz a diferen\u00e7a para os animais e para Sidrol\u00e2ndia.<\/p>\n\n\n\n<p>Assessoria<\/p>\n\n\n<div class=\"wp-block-image\">\n<figure class=\"aligncenter size-full\"><img fetchpriority=\"high\" decoding=\"async\" width=\"900\" height=\"100\" src=\"https:\/\/msconectado.com.br\/wp-content\/uploads\/2026\/01\/900x100px.gif\" alt=\"\" class=\"wp-image-26866\"\/><\/figure>\n<\/div>","protected":false},"excerpt":{"rendered":"<p>A Prefeitura de Sidrol\u00e2ndia, por meio da Secretaria Municipal de Sa\u00fade, promove a&nbsp;Caravana da Castra\u00e7\u00e3o, uma a\u00e7\u00e3o de cuidado com a&nbsp;sa\u00fade animal&nbsp;realizada em parceria com o Governo do Estado de Mato Grosso do Sul. A campanha acontece de&nbsp;26 de fevereiro a 3 de mar\u00e7o,&nbsp;no Gin\u00e1sio Oleg\u00e1rio da Costa Machado, com&nbsp;atendimentos gratuitos&nbsp;de castra\u00e7\u00e3o para&nbsp;c\u00e3es e gatos.&nbsp;A [&hellip;]<\/p>\n","protected":false},"author":3,"featured_media":26891,"comment_status":"open","ping_status":"closed","sticky":false,"template":"","format":"standard","meta":{"footnotes":""},"categories":[35,1,33],"tags":[],"class_list":["post-26890","post","type-post","status-publish","format-standard","has-post-thumbnail","hentry","category-cidades","category-noticia","category-politica"],"yoast_head":"<!-- This site is optimized with the Yoast SEO plugin v27.5 - https:\/\/yoast.com\/product\/yoast-seo-wordpress\/ -->\n<title>Sidrol\u00e2ndia recebe Caravana da Castra\u00e7\u00e3o com atendimentos gratuitos para c\u00e3es e gatos - MsConectado<\/title>\n<meta name=\"robots\" content=\"index, follow, max-snippet:-1, max-image-preview:large, max-video-preview:-1\" \/>\n<link rel=\"canonical\" href=\"https:\/\/msconectado.com.br\/?p=26890\" \/>\n<meta property=\"og:locale\" content=\"pt_BR\" \/>\n<meta property=\"og:type\" content=\"article\" \/>\n<meta property=\"og:title\" content=\"Sidrol\u00e2ndia recebe Caravana da Castra\u00e7\u00e3o com atendimentos gratuitos para c\u00e3es e gatos - MsConectado\" \/>\n<meta property=\"og:description\" content=\"A Prefeitura de Sidrol\u00e2ndia, por meio da Secretaria Municipal de Sa\u00fade, promove a&nbsp;Caravana da Castra\u00e7\u00e3o, uma a\u00e7\u00e3o de cuidado com a&nbsp;sa\u00fade animal&nbsp;realizada em parceria com o Governo do Estado de Mato Grosso do Sul. A campanha acontece de&nbsp;26 de fevereiro a 3 de mar\u00e7o,&nbsp;no Gin\u00e1sio Oleg\u00e1rio da Costa Machado, com&nbsp;atendimentos gratuitos&nbsp;de castra\u00e7\u00e3o para&nbsp;c\u00e3es e gatos.&nbsp;A [&hellip;]\" \/>\n<meta property=\"og:url\" content=\"https:\/\/msconectado.com.br\/?p=26890\" \/>\n<meta property=\"og:site_name\" content=\"MsConectado\" \/>\n<meta property=\"article:published_time\" content=\"2026-01-22T13:02:28+00:00\" \/>\n<meta property=\"article:modified_time\" content=\"2026-01-22T13:02:37+00:00\" \/>\n<meta property=\"og:image\" content=\"https:\/\/msconectado.com.br\/wp-content\/uploads\/2026\/01\/image-2-1024x683-1.png\" \/>\n\t<meta property=\"og:image:width\" content=\"900\" \/>\n\t<meta property=\"og:image:height\" content=\"720\" \/>\n\t<meta property=\"og:image:type\" content=\"image\/png\" \/>\n<meta name=\"author\" content=\"Jeferson\" \/>\n<meta name=\"twitter:card\" content=\"summary_large_image\" \/>\n<meta name=\"twitter:label1\" content=\"Escrito por\" \/>\n\t<meta name=\"twitter:data1\" content=\"Jeferson\" \/>\n\t<meta name=\"twitter:label2\" content=\"Est. tempo de leitura\" \/>\n\t<meta name=\"twitter:data2\" content=\"2 minutos\" \/>\n<script type=\"application\/ld+json\" class=\"yoast-schema-graph\">{\"@context\":\"https:\\\/\\\/schema.org\",\"@graph\":[{\"@type\":\"Article\",\"@id\":\"https:\\\/\\\/msconectado.com.br\\\/?p=26890#article\",\"isPartOf\":{\"@id\":\"https:\\\/\\\/msconectado.com.br\\\/?p=26890\"},\"author\":{\"name\":\"Jeferson\",\"@id\":\"https:\\\/\\\/msconectado.com.br\\\/#\\\/schema\\\/person\\\/feb123a95a93eebea36f0ed6a2e5ba48\"},\"headline\":\"Sidrol\u00e2ndia recebe Caravana da Castra\u00e7\u00e3o com atendimentos gratuitos para c\u00e3es e gatos\",\"datePublished\":\"2026-01-22T13:02:28+00:00\",\"dateModified\":\"2026-01-22T13:02:37+00:00\",\"mainEntityOfPage\":{\"@id\":\"https:\\\/\\\/msconectado.com.br\\\/?p=26890\"},\"wordCount\":239,\"commentCount\":0,\"publisher\":{\"@id\":\"https:\\\/\\\/msconectado.com.br\\\/#organization\"},\"image\":{\"@id\":\"https:\\\/\\\/msconectado.com.br\\\/?p=26890#primaryimage\"},\"thumbnailUrl\":\"https:\\\/\\\/msconectado.com.br\\\/wp-content\\\/uploads\\\/2026\\\/01\\\/image-2-1024x683-1.png\",\"articleSection\":[\"Cidades\",\"Not\u00edcia\",\"Pol\u00edtica\"],\"inLanguage\":\"pt-BR\",\"potentialAction\":[{\"@type\":\"CommentAction\",\"name\":\"Comment\",\"target\":[\"https:\\\/\\\/msconectado.com.br\\\/?p=26890#respond\"]}]},{\"@type\":\"WebPage\",\"@id\":\"https:\\\/\\\/msconectado.com.br\\\/?p=26890\",\"url\":\"https:\\\/\\\/msconectado.com.br\\\/?p=26890\",\"name\":\"Sidrol\u00e2ndia recebe Caravana da Castra\u00e7\u00e3o com atendimentos gratuitos para c\u00e3es e gatos - MsConectado\",\"isPartOf\":{\"@id\":\"https:\\\/\\\/msconectado.com.br\\\/#website\"},\"primaryImageOfPage\":{\"@id\":\"https:\\\/\\\/msconectado.com.br\\\/?p=26890#primaryimage\"},\"image\":{\"@id\":\"https:\\\/\\\/msconectado.com.br\\\/?p=26890#primaryimage\"},\"thumbnailUrl\":\"https:\\\/\\\/msconectado.com.br\\\/wp-content\\\/uploads\\\/2026\\\/01\\\/image-2-1024x683-1.png\",\"datePublished\":\"2026-01-22T13:02:28+00:00\",\"dateModified\":\"2026-01-22T13:02:37+00:00\",\"breadcrumb\":{\"@id\":\"https:\\\/\\\/msconectado.com.br\\\/?p=26890#breadcrumb\"},\"inLanguage\":\"pt-BR\",\"potentialAction\":[{\"@type\":\"ReadAction\",\"target\":[\"https:\\\/\\\/msconectado.com.br\\\/?p=26890\"]}]},{\"@type\":\"ImageObject\",\"inLanguage\":\"pt-BR\",\"@id\":\"https:\\\/\\\/msconectado.com.br\\\/?p=26890#primaryimage\",\"url\":\"https:\\\/\\\/msconectado.com.br\\\/wp-content\\\/uploads\\\/2026\\\/01\\\/image-2-1024x683-1.png\",\"contentUrl\":\"https:\\\/\\\/msconectado.com.br\\\/wp-content\\\/uploads\\\/2026\\\/01\\\/image-2-1024x683-1.png\",\"width\":900,\"height\":720},{\"@type\":\"BreadcrumbList\",\"@id\":\"https:\\\/\\\/msconectado.com.br\\\/?p=26890#breadcrumb\",\"itemListElement\":[{\"@type\":\"ListItem\",\"position\":1,\"name\":\"In\u00edcio\",\"item\":\"https:\\\/\\\/msconectado.com.br\\\/\"},{\"@type\":\"ListItem\",\"position\":2,\"name\":\"Sidrol\u00e2ndia recebe Caravana da Castra\u00e7\u00e3o com atendimentos gratuitos para c\u00e3es e gatos\"}]},{\"@type\":\"WebSite\",\"@id\":\"https:\\\/\\\/msconectado.com.br\\\/#website\",\"url\":\"https:\\\/\\\/msconectado.com.br\\\/\",\"name\":\"MsConectado\",\"description\":\"Voc\u00ea Conectado com a Not\u00edcia!\",\"publisher\":{\"@id\":\"https:\\\/\\\/msconectado.com.br\\\/#organization\"},\"potentialAction\":[{\"@type\":\"SearchAction\",\"target\":{\"@type\":\"EntryPoint\",\"urlTemplate\":\"https:\\\/\\\/msconectado.com.br\\\/?s={search_term_string}\"},\"query-input\":{\"@type\":\"PropertyValueSpecification\",\"valueRequired\":true,\"valueName\":\"search_term_string\"}}],\"inLanguage\":\"pt-BR\"},{\"@type\":\"Organization\",\"@id\":\"https:\\\/\\\/msconectado.com.br\\\/#organization\",\"name\":\"MsConectado\",\"url\":\"https:\\\/\\\/msconectado.com.br\\\/\",\"logo\":{\"@type\":\"ImageObject\",\"inLanguage\":\"pt-BR\",\"@id\":\"https:\\\/\\\/msconectado.com.br\\\/#\\\/schema\\\/logo\\\/image\\\/\",\"url\":\"https:\\\/\\\/msconectado.com.br\\\/wp-content\\\/uploads\\\/2023\\\/01\\\/cropped-noticia-2.png\",\"contentUrl\":\"https:\\\/\\\/msconectado.com.br\\\/wp-content\\\/uploads\\\/2023\\\/01\\\/cropped-noticia-2.png\",\"width\":720,\"height\":157,\"caption\":\"MsConectado\"},\"image\":{\"@id\":\"https:\\\/\\\/msconectado.com.br\\\/#\\\/schema\\\/logo\\\/image\\\/\"}},{\"@type\":\"Person\",\"@id\":\"https:\\\/\\\/msconectado.com.br\\\/#\\\/schema\\\/person\\\/feb123a95a93eebea36f0ed6a2e5ba48\",\"name\":\"Jeferson\",\"image\":{\"@type\":\"ImageObject\",\"inLanguage\":\"pt-BR\",\"@id\":\"https:\\\/\\\/secure.gravatar.com\\\/avatar\\\/e23e8901c88f0cdc0ad479ef7a39bf3e4c806344549c087c00b721a65549a328?s=96&d=mm&r=g\",\"url\":\"https:\\\/\\\/secure.gravatar.com\\\/avatar\\\/e23e8901c88f0cdc0ad479ef7a39bf3e4c806344549c087c00b721a65549a328?s=96&d=mm&r=g\",\"contentUrl\":\"https:\\\/\\\/secure.gravatar.com\\\/avatar\\\/e23e8901c88f0cdc0ad479ef7a39bf3e4c806344549c087c00b721a65549a328?s=96&d=mm&r=g\",\"caption\":\"Jeferson\"},\"url\":\"https:\\\/\\\/msconectado.com.br\\\/?author=3\"}]}<\/script>\n<!-- \/ Yoast SEO plugin. -->","yoast_head_json":{"title":"Sidrol\u00e2ndia recebe Caravana da Castra\u00e7\u00e3o com atendimentos gratuitos para c\u00e3es e gatos - MsConectado","robots":{"index":"index","follow":"follow","max-snippet":"max-snippet:-1","max-image-preview":"max-image-preview:large","max-video-preview":"max-video-preview:-1"},"canonical":"https:\/\/msconectado.com.br\/?p=26890","og_locale":"pt_BR","og_type":"article","og_title":"Sidrol\u00e2ndia recebe Caravana da Castra\u00e7\u00e3o com atendimentos gratuitos para c\u00e3es e gatos - MsConectado","og_description":"A Prefeitura de Sidrol\u00e2ndia, por meio da Secretaria Municipal de Sa\u00fade, promove a&nbsp;Caravana da Castra\u00e7\u00e3o, uma a\u00e7\u00e3o de cuidado com a&nbsp;sa\u00fade animal&nbsp;realizada em parceria com o Governo do Estado de Mato Grosso do Sul. A campanha acontece de&nbsp;26 de fevereiro a 3 de mar\u00e7o,&nbsp;no Gin\u00e1sio Oleg\u00e1rio da Costa Machado, com&nbsp;atendimentos gratuitos&nbsp;de castra\u00e7\u00e3o para&nbsp;c\u00e3es e gatos.&nbsp;A [&hellip;]","og_url":"https:\/\/msconectado.com.br\/?p=26890","og_site_name":"MsConectado","article_published_time":"2026-01-22T13:02:28+00:00","article_modified_time":"2026-01-22T13:02:37+00:00","og_image":[{"width":900,"height":720,"url":"https:\/\/msconectado.com.br\/wp-content\/uploads\/2026\/01\/image-2-1024x683-1.png","type":"image\/png"}],"author":"Jeferson","twitter_card":"summary_large_image","twitter_misc":{"Escrito por":"Jeferson","Est. tempo de leitura":"2 minutos"},"schema":{"@context":"https:\/\/schema.org","@graph":[{"@type":"Article","@id":"https:\/\/msconectado.com.br\/?p=26890#article","isPartOf":{"@id":"https:\/\/msconectado.com.br\/?p=26890"},"author":{"name":"Jeferson","@id":"https:\/\/msconectado.com.br\/#\/schema\/person\/feb123a95a93eebea36f0ed6a2e5ba48"},"headline":"Sidrol\u00e2ndia recebe Caravana da Castra\u00e7\u00e3o com atendimentos gratuitos para c\u00e3es e gatos","datePublished":"2026-01-22T13:02:28+00:00","dateModified":"2026-01-22T13:02:37+00:00","mainEntityOfPage":{"@id":"https:\/\/msconectado.com.br\/?p=26890"},"wordCount":239,"commentCount":0,"publisher":{"@id":"https:\/\/msconectado.com.br\/#organization"},"image":{"@id":"https:\/\/msconectado.com.br\/?p=26890#primaryimage"},"thumbnailUrl":"https:\/\/msconectado.com.br\/wp-content\/uploads\/2026\/01\/image-2-1024x683-1.png","articleSection":["Cidades","Not\u00edcia","Pol\u00edtica"],"inLanguage":"pt-BR","potentialAction":[{"@type":"CommentAction","name":"Comment","target":["https:\/\/msconectado.com.br\/?p=26890#respond"]}]},{"@type":"WebPage","@id":"https:\/\/msconectado.com.br\/?p=26890","url":"https:\/\/msconectado.com.br\/?p=26890","name":"Sidrol\u00e2ndia recebe Caravana da Castra\u00e7\u00e3o com atendimentos gratuitos para c\u00e3es e gatos - MsConectado","isPartOf":{"@id":"https:\/\/msconectado.com.br\/#website"},"primaryImageOfPage":{"@id":"https:\/\/msconectado.com.br\/?p=26890#primaryimage"},"image":{"@id":"https:\/\/msconectado.com.br\/?p=26890#primaryimage"},"thumbnailUrl":"https:\/\/msconectado.com.br\/wp-content\/uploads\/2026\/01\/image-2-1024x683-1.png","datePublished":"2026-01-22T13:02:28+00:00","dateModified":"2026-01-22T13:02:37+00:00","breadcrumb":{"@id":"https:\/\/msconectado.com.br\/?p=26890#breadcrumb"},"inLanguage":"pt-BR","potentialAction":[{"@type":"ReadAction","target":["https:\/\/msconectado.com.br\/?p=26890"]}]},{"@type":"ImageObject","inLanguage":"pt-BR","@id":"https:\/\/msconectado.com.br\/?p=26890#primaryimage","url":"https:\/\/msconectado.com.br\/wp-content\/uploads\/2026\/01\/image-2-1024x683-1.png","contentUrl":"https:\/\/msconectado.com.br\/wp-content\/uploads\/2026\/01\/image-2-1024x683-1.png","width":900,"height":720},{"@type":"BreadcrumbList","@id":"https:\/\/msconectado.com.br\/?p=26890#breadcrumb","itemListElement":[{"@type":"ListItem","position":1,"name":"In\u00edcio","item":"https:\/\/msconectado.com.br\/"},{"@type":"ListItem","position":2,"name":"Sidrol\u00e2ndia recebe Caravana da Castra\u00e7\u00e3o com atendimentos gratuitos para c\u00e3es e gatos"}]},{"@type":"WebSite","@id":"https:\/\/msconectado.com.br\/#website","url":"https:\/\/msconectado.com.br\/","name":"MsConectado","description":"Voc\u00ea Conectado com a Not\u00edcia!","publisher":{"@id":"https:\/\/msconectado.com.br\/#organization"},"potentialAction":[{"@type":"SearchAction","target":{"@type":"EntryPoint","urlTemplate":"https:\/\/msconectado.com.br\/?s={search_term_string}"},"query-input":{"@type":"PropertyValueSpecification","valueRequired":true,"valueName":"search_term_string"}}],"inLanguage":"pt-BR"},{"@type":"Organization","@id":"https:\/\/msconectado.com.br\/#organization","name":"MsConectado","url":"https:\/\/msconectado.com.br\/","logo":{"@type":"ImageObject","inLanguage":"pt-BR","@id":"https:\/\/msconectado.com.br\/#\/schema\/logo\/image\/","url":"https:\/\/msconectado.com.br\/wp-content\/uploads\/2023\/01\/cropped-noticia-2.png","contentUrl":"https:\/\/msconectado.com.br\/wp-content\/uploads\/2023\/01\/cropped-noticia-2.png","width":720,"height":157,"caption":"MsConectado"},"image":{"@id":"https:\/\/msconectado.com.br\/#\/schema\/logo\/image\/"}},{"@type":"Person","@id":"https:\/\/msconectado.com.br\/#\/schema\/person\/feb123a95a93eebea36f0ed6a2e5ba48","name":"Jeferson","image":{"@type":"ImageObject","inLanguage":"pt-BR","@id":"https:\/\/secure.gravatar.com\/avatar\/e23e8901c88f0cdc0ad479ef7a39bf3e4c806344549c087c00b721a65549a328?s=96&d=mm&r=g","url":"https:\/\/secure.gravatar.com\/avatar\/e23e8901c88f0cdc0ad479ef7a39bf3e4c806344549c087c00b721a65549a328?s=96&d=mm&r=g","contentUrl":"https:\/\/secure.gravatar.com\/avatar\/e23e8901c88f0cdc0ad479ef7a39bf3e4c806344549c087c00b721a65549a328?s=96&d=mm&r=g","caption":"Jeferson"},"url":"https:\/\/msconectado.com.br\/?author=3"}]}},"_links":{"self":[{"href":"https:\/\/msconectado.com.br\/index.php?rest_route=\/wp\/v2\/posts\/26890","targetHints":{"allow":["GET"]}}],"collection":[{"href":"https:\/\/msconectado.com.br\/index.php?rest_route=\/wp\/v2\/posts"}],"about":[{"href":"https:\/\/msconectado.com.br\/index.php?rest_route=\/wp\/v2\/types\/post"}],"author":[{"embeddable":true,"href":"https:\/\/msconectado.com.br\/index.php?rest_route=\/wp\/v2\/users\/3"}],"replies":[{"embeddable":true,"href":"https:\/\/msconectado.com.br\/index.php?rest_route=%2Fwp%2Fv2%2Fcomments&post=26890"}],"version-history":[{"count":1,"href":"https:\/\/msconectado.com.br\/index.php?rest_route=\/wp\/v2\/posts\/26890\/revisions"}],"predecessor-version":[{"id":26892,"href":"https:\/\/msconectado.com.br\/index.php?rest_route=\/wp\/v2\/posts\/26890\/revisions\/26892"}],"wp:featuredmedia":[{"embeddable":true,"href":"https:\/\/msconectado.com.br\/index.php?rest_route=\/wp\/v2\/media\/26891"}],"wp:attachment":[{"href":"https:\/\/msconectado.com.br\/index.php?rest_route=%2Fwp%2Fv2%2Fmedia&parent=26890"}],"wp:term":[{"taxonomy":"category","embeddable":true,"href":"https:\/\/msconectado.com.br\/index.php?rest_route=%2Fwp%2Fv2%2Fcategories&post=26890"},{"taxonomy":"post_tag","embeddable":true,"href":"https:\/\/msconectado.com.br\/index.php?rest_route=%2Fwp%2Fv2%2Ftags&post=26890"}],"curies":[{"name":"wp","href":"https:\/\/api.w.org\/{rel}","templated":true}]}}