
{"id":26893,"date":"2026-01-22T14:24:00","date_gmt":"2026-01-22T14:24:00","guid":{"rendered":"https:\/\/msconectado.com.br\/?p=26893"},"modified":"2026-01-22T14:24:04","modified_gmt":"2026-01-22T14:24:04","slug":"programa-ferias-sem-fome-garante-alimentacao-a-alunos-e-familias-da-rede-publica-durante-o-recesso-escolar","status":"publish","type":"post","link":"https:\/\/msconectado.com.br\/?p=26893","title":{"rendered":"Programa \u201cF\u00e9rias Sem Fome\u201d garante alimenta\u00e7\u00e3o a alunos e fam\u00edlias da rede p\u00fablica durante o recesso escolar"},"content":{"rendered":"\n<p>Pelo quinto ano consecutivo, a Gest\u00e3o do Prefeito Lucas Foroni reafirma seu compromisso com a seguran\u00e7a alimentar por meio do programa \u201cF\u00e9rias Sem Fome\u201d, que assegura refei\u00e7\u00f5es a alunos da rede p\u00fablica municipal mesmo durante o per\u00edodo de f\u00e9rias escolares. A iniciativa \u00e9 coordenada pela Secretaria Municipal de Educa\u00e7\u00e3o (SEMED) e acontece em tr\u00eas unidades escolares do munic\u00edpio.<br>A a\u00e7\u00e3o teve in\u00edcio nesta quinta-feira, dia 15, e segue at\u00e9 o dia 30 de janeiro, com a distribui\u00e7\u00e3o das refei\u00e7\u00f5es a partir das 10h30. O card\u00e1pio \u00e9 cuidadosamente elaborado por nutricionistas da SEMED e preparado pelas merendeiras das pr\u00f3prias unidades, garantindo qualidade nutricional e seguran\u00e7a alimentar.<br>Durante o per\u00edodo, estudantes da rede municipal, assim como pais e respons\u00e1veis, podem receber alimenta\u00e7\u00e3o nas escolas participantes. De acordo com dados da Secretaria de Educa\u00e7\u00e3o, no ano anterior foram servidas, em m\u00e9dia, 340 refei\u00e7\u00f5es por dia, distribu\u00eddas em tr\u00eas unidades, CEM Crian\u00e7a Esperan\u00e7a I no CEM Crian\u00e7a Esperan\u00e7a VI e no CEM Crian\u00e7a Esperan\u00e7a III, no distrito de Prud\u00eancio Thomaz.<br>O prefeito Lucas Foroni destacou a import\u00e2ncia do programa, especialmente para as fam\u00edlias que dependem da merenda escolar como parte essencial da alimenta\u00e7\u00e3o das crian\u00e7as. Segundo ele, a iniciativa refor\u00e7a o papel social da educa\u00e7\u00e3o e o cuidado do munic\u00edpio com a prote\u00e7\u00e3o e o bem-estar da inf\u00e2ncia.<br>\u201cDurante o ano letivo, centenas de estudantes t\u00eam na merenda escolar uma base fundamental da sua alimenta\u00e7\u00e3o. Quando chegam as f\u00e9rias, muitas fam\u00edlias sentem o impacto da aus\u00eancia dessas refei\u00e7\u00f5es. Foi observando essa realidade que nasceu o Programa F\u00e9rias Sem Fome, garantindo que nossas crian\u00e7as continuem tendo acesso \u00e0 alimenta\u00e7\u00e3o adequada mesmo fora da sala de aula\u201d, afirmou o prefeito.<br>Lucas Foroni tamb\u00e9m ressaltou que o programa vai al\u00e9m dos alunos matriculados, atendendo, quando necess\u00e1rio, pais e respons\u00e1veis, fortalecendo o cuidado com toda a fam\u00edlia e promovendo dignidade e seguran\u00e7a alimentar durante o per\u00edodo de recesso escolar.<\/p>\n\n\n\n<p>Assessoria<\/p>\n\n\n<div class=\"wp-block-image\">\n<figure class=\"aligncenter size-full\"><img fetchpriority=\"high\" decoding=\"async\" width=\"900\" height=\"100\" src=\"https:\/\/msconectado.com.br\/wp-content\/uploads\/2026\/01\/900x100px.gif\" alt=\"\" class=\"wp-image-26866\"\/><\/figure>\n<\/div>","protected":false},"excerpt":{"rendered":"<p>Pelo quinto ano consecutivo, a Gest\u00e3o do Prefeito Lucas Foroni reafirma seu compromisso com a seguran\u00e7a alimentar por meio do programa \u201cF\u00e9rias Sem Fome\u201d, que assegura refei\u00e7\u00f5es a alunos da rede p\u00fablica municipal mesmo durante o per\u00edodo de f\u00e9rias escolares. A iniciativa \u00e9 coordenada pela Secretaria Municipal de Educa\u00e7\u00e3o (SEMED) e acontece em tr\u00eas unidades [&hellip;]<\/p>\n","protected":false},"author":3,"featured_media":26894,"comment_status":"open","ping_status":"closed","sticky":false,"template":"","format":"standard","meta":{"footnotes":""},"categories":[35,1],"tags":[],"class_list":["post-26893","post","type-post","status-publish","format-standard","has-post-thumbnail","hentry","category-cidades","category-noticia"],"yoast_head":"<!-- This site is optimized with the Yoast SEO plugin v27.5 - https:\/\/yoast.com\/product\/yoast-seo-wordpress\/ -->\n<title>Programa \u201cF\u00e9rias Sem Fome\u201d garante alimenta\u00e7\u00e3o a alunos e fam\u00edlias da rede p\u00fablica durante o recesso escolar - MsConectado<\/title>\n<meta name=\"robots\" content=\"index, follow, max-snippet:-1, max-image-preview:large, max-video-preview:-1\" \/>\n<link rel=\"canonical\" href=\"https:\/\/msconectado.com.br\/?p=26893\" \/>\n<meta property=\"og:locale\" content=\"pt_BR\" \/>\n<meta property=\"og:type\" content=\"article\" \/>\n<meta property=\"og:title\" content=\"Programa \u201cF\u00e9rias Sem Fome\u201d garante alimenta\u00e7\u00e3o a alunos e fam\u00edlias da rede p\u00fablica durante o recesso escolar - MsConectado\" \/>\n<meta property=\"og:description\" content=\"Pelo quinto ano consecutivo, a Gest\u00e3o do Prefeito Lucas Foroni reafirma seu compromisso com a seguran\u00e7a alimentar por meio do programa \u201cF\u00e9rias Sem Fome\u201d, que assegura refei\u00e7\u00f5es a alunos da rede p\u00fablica municipal mesmo durante o per\u00edodo de f\u00e9rias escolares. A iniciativa \u00e9 coordenada pela Secretaria Municipal de Educa\u00e7\u00e3o (SEMED) e acontece em tr\u00eas unidades [&hellip;]\" \/>\n<meta property=\"og:url\" content=\"https:\/\/msconectado.com.br\/?p=26893\" \/>\n<meta property=\"og:site_name\" content=\"MsConectado\" \/>\n<meta property=\"article:published_time\" content=\"2026-01-22T14:24:00+00:00\" \/>\n<meta property=\"article:modified_time\" content=\"2026-01-22T14:24:04+00:00\" \/>\n<meta property=\"og:image\" content=\"https:\/\/msconectado.com.br\/wp-content\/uploads\/2026\/01\/x-9-scaled.jpg\" \/>\n\t<meta property=\"og:image:width\" content=\"2560\" \/>\n\t<meta property=\"og:image:height\" content=\"1440\" \/>\n\t<meta property=\"og:image:type\" content=\"image\/jpeg\" \/>\n<meta name=\"author\" content=\"Jeferson\" \/>\n<meta name=\"twitter:card\" content=\"summary_large_image\" \/>\n<meta name=\"twitter:label1\" content=\"Escrito por\" \/>\n\t<meta name=\"twitter:data1\" content=\"Jeferson\" \/>\n\t<meta name=\"twitter:label2\" content=\"Est. tempo de leitura\" \/>\n\t<meta name=\"twitter:data2\" content=\"3 minutos\" \/>\n<script type=\"application\/ld+json\" class=\"yoast-schema-graph\">{\"@context\":\"https:\\\/\\\/schema.org\",\"@graph\":[{\"@type\":\"Article\",\"@id\":\"https:\\\/\\\/msconectado.com.br\\\/?p=26893#article\",\"isPartOf\":{\"@id\":\"https:\\\/\\\/msconectado.com.br\\\/?p=26893\"},\"author\":{\"name\":\"Jeferson\",\"@id\":\"https:\\\/\\\/msconectado.com.br\\\/#\\\/schema\\\/person\\\/feb123a95a93eebea36f0ed6a2e5ba48\"},\"headline\":\"Programa \u201cF\u00e9rias Sem Fome\u201d garante alimenta\u00e7\u00e3o a alunos e fam\u00edlias da rede p\u00fablica durante o recesso escolar\",\"datePublished\":\"2026-01-22T14:24:00+00:00\",\"dateModified\":\"2026-01-22T14:24:04+00:00\",\"mainEntityOfPage\":{\"@id\":\"https:\\\/\\\/msconectado.com.br\\\/?p=26893\"},\"wordCount\":384,\"commentCount\":0,\"publisher\":{\"@id\":\"https:\\\/\\\/msconectado.com.br\\\/#organization\"},\"image\":{\"@id\":\"https:\\\/\\\/msconectado.com.br\\\/?p=26893#primaryimage\"},\"thumbnailUrl\":\"https:\\\/\\\/msconectado.com.br\\\/wp-content\\\/uploads\\\/2026\\\/01\\\/x-9-scaled.jpg\",\"articleSection\":[\"Cidades\",\"Not\u00edcia\"],\"inLanguage\":\"pt-BR\",\"potentialAction\":[{\"@type\":\"CommentAction\",\"name\":\"Comment\",\"target\":[\"https:\\\/\\\/msconectado.com.br\\\/?p=26893#respond\"]}]},{\"@type\":\"WebPage\",\"@id\":\"https:\\\/\\\/msconectado.com.br\\\/?p=26893\",\"url\":\"https:\\\/\\\/msconectado.com.br\\\/?p=26893\",\"name\":\"Programa \u201cF\u00e9rias Sem Fome\u201d garante alimenta\u00e7\u00e3o a alunos e fam\u00edlias da rede p\u00fablica durante o recesso escolar - MsConectado\",\"isPartOf\":{\"@id\":\"https:\\\/\\\/msconectado.com.br\\\/#website\"},\"primaryImageOfPage\":{\"@id\":\"https:\\\/\\\/msconectado.com.br\\\/?p=26893#primaryimage\"},\"image\":{\"@id\":\"https:\\\/\\\/msconectado.com.br\\\/?p=26893#primaryimage\"},\"thumbnailUrl\":\"https:\\\/\\\/msconectado.com.br\\\/wp-content\\\/uploads\\\/2026\\\/01\\\/x-9-scaled.jpg\",\"datePublished\":\"2026-01-22T14:24:00+00:00\",\"dateModified\":\"2026-01-22T14:24:04+00:00\",\"breadcrumb\":{\"@id\":\"https:\\\/\\\/msconectado.com.br\\\/?p=26893#breadcrumb\"},\"inLanguage\":\"pt-BR\",\"potentialAction\":[{\"@type\":\"ReadAction\",\"target\":[\"https:\\\/\\\/msconectado.com.br\\\/?p=26893\"]}]},{\"@type\":\"ImageObject\",\"inLanguage\":\"pt-BR\",\"@id\":\"https:\\\/\\\/msconectado.com.br\\\/?p=26893#primaryimage\",\"url\":\"https:\\\/\\\/msconectado.com.br\\\/wp-content\\\/uploads\\\/2026\\\/01\\\/x-9-scaled.jpg\",\"contentUrl\":\"https:\\\/\\\/msconectado.com.br\\\/wp-content\\\/uploads\\\/2026\\\/01\\\/x-9-scaled.jpg\",\"width\":2560,\"height\":1440},{\"@type\":\"BreadcrumbList\",\"@id\":\"https:\\\/\\\/msconectado.com.br\\\/?p=26893#breadcrumb\",\"itemListElement\":[{\"@type\":\"ListItem\",\"position\":1,\"name\":\"In\u00edcio\",\"item\":\"https:\\\/\\\/msconectado.com.br\\\/\"},{\"@type\":\"ListItem\",\"position\":2,\"name\":\"Programa \u201cF\u00e9rias Sem Fome\u201d garante alimenta\u00e7\u00e3o a alunos e fam\u00edlias da rede p\u00fablica durante o recesso escolar\"}]},{\"@type\":\"WebSite\",\"@id\":\"https:\\\/\\\/msconectado.com.br\\\/#website\",\"url\":\"https:\\\/\\\/msconectado.com.br\\\/\",\"name\":\"MsConectado\",\"description\":\"Voc\u00ea Conectado com a Not\u00edcia!\",\"publisher\":{\"@id\":\"https:\\\/\\\/msconectado.com.br\\\/#organization\"},\"potentialAction\":[{\"@type\":\"SearchAction\",\"target\":{\"@type\":\"EntryPoint\",\"urlTemplate\":\"https:\\\/\\\/msconectado.com.br\\\/?s={search_term_string}\"},\"query-input\":{\"@type\":\"PropertyValueSpecification\",\"valueRequired\":true,\"valueName\":\"search_term_string\"}}],\"inLanguage\":\"pt-BR\"},{\"@type\":\"Organization\",\"@id\":\"https:\\\/\\\/msconectado.com.br\\\/#organization\",\"name\":\"MsConectado\",\"url\":\"https:\\\/\\\/msconectado.com.br\\\/\",\"logo\":{\"@type\":\"ImageObject\",\"inLanguage\":\"pt-BR\",\"@id\":\"https:\\\/\\\/msconectado.com.br\\\/#\\\/schema\\\/logo\\\/image\\\/\",\"url\":\"https:\\\/\\\/msconectado.com.br\\\/wp-content\\\/uploads\\\/2023\\\/01\\\/cropped-noticia-2.png\",\"contentUrl\":\"https:\\\/\\\/msconectado.com.br\\\/wp-content\\\/uploads\\\/2023\\\/01\\\/cropped-noticia-2.png\",\"width\":720,\"height\":157,\"caption\":\"MsConectado\"},\"image\":{\"@id\":\"https:\\\/\\\/msconectado.com.br\\\/#\\\/schema\\\/logo\\\/image\\\/\"}},{\"@type\":\"Person\",\"@id\":\"https:\\\/\\\/msconectado.com.br\\\/#\\\/schema\\\/person\\\/feb123a95a93eebea36f0ed6a2e5ba48\",\"name\":\"Jeferson\",\"image\":{\"@type\":\"ImageObject\",\"inLanguage\":\"pt-BR\",\"@id\":\"https:\\\/\\\/secure.gravatar.com\\\/avatar\\\/e23e8901c88f0cdc0ad479ef7a39bf3e4c806344549c087c00b721a65549a328?s=96&d=mm&r=g\",\"url\":\"https:\\\/\\\/secure.gravatar.com\\\/avatar\\\/e23e8901c88f0cdc0ad479ef7a39bf3e4c806344549c087c00b721a65549a328?s=96&d=mm&r=g\",\"contentUrl\":\"https:\\\/\\\/secure.gravatar.com\\\/avatar\\\/e23e8901c88f0cdc0ad479ef7a39bf3e4c806344549c087c00b721a65549a328?s=96&d=mm&r=g\",\"caption\":\"Jeferson\"},\"url\":\"https:\\\/\\\/msconectado.com.br\\\/?author=3\"}]}<\/script>\n<!-- \/ Yoast SEO plugin. -->","yoast_head_json":{"title":"Programa \u201cF\u00e9rias Sem Fome\u201d garante alimenta\u00e7\u00e3o a alunos e fam\u00edlias da rede p\u00fablica durante o recesso escolar - MsConectado","robots":{"index":"index","follow":"follow","max-snippet":"max-snippet:-1","max-image-preview":"max-image-preview:large","max-video-preview":"max-video-preview:-1"},"canonical":"https:\/\/msconectado.com.br\/?p=26893","og_locale":"pt_BR","og_type":"article","og_title":"Programa \u201cF\u00e9rias Sem Fome\u201d garante alimenta\u00e7\u00e3o a alunos e fam\u00edlias da rede p\u00fablica durante o recesso escolar - MsConectado","og_description":"Pelo quinto ano consecutivo, a Gest\u00e3o do Prefeito Lucas Foroni reafirma seu compromisso com a seguran\u00e7a alimentar por meio do programa \u201cF\u00e9rias Sem Fome\u201d, que assegura refei\u00e7\u00f5es a alunos da rede p\u00fablica municipal mesmo durante o per\u00edodo de f\u00e9rias escolares. A iniciativa \u00e9 coordenada pela Secretaria Municipal de Educa\u00e7\u00e3o (SEMED) e acontece em tr\u00eas unidades [&hellip;]","og_url":"https:\/\/msconectado.com.br\/?p=26893","og_site_name":"MsConectado","article_published_time":"2026-01-22T14:24:00+00:00","article_modified_time":"2026-01-22T14:24:04+00:00","og_image":[{"width":2560,"height":1440,"url":"https:\/\/msconectado.com.br\/wp-content\/uploads\/2026\/01\/x-9-scaled.jpg","type":"image\/jpeg"}],"author":"Jeferson","twitter_card":"summary_large_image","twitter_misc":{"Escrito por":"Jeferson","Est. tempo de leitura":"3 minutos"},"schema":{"@context":"https:\/\/schema.org","@graph":[{"@type":"Article","@id":"https:\/\/msconectado.com.br\/?p=26893#article","isPartOf":{"@id":"https:\/\/msconectado.com.br\/?p=26893"},"author":{"name":"Jeferson","@id":"https:\/\/msconectado.com.br\/#\/schema\/person\/feb123a95a93eebea36f0ed6a2e5ba48"},"headline":"Programa \u201cF\u00e9rias Sem Fome\u201d garante alimenta\u00e7\u00e3o a alunos e fam\u00edlias da rede p\u00fablica durante o recesso escolar","datePublished":"2026-01-22T14:24:00+00:00","dateModified":"2026-01-22T14:24:04+00:00","mainEntityOfPage":{"@id":"https:\/\/msconectado.com.br\/?p=26893"},"wordCount":384,"commentCount":0,"publisher":{"@id":"https:\/\/msconectado.com.br\/#organization"},"image":{"@id":"https:\/\/msconectado.com.br\/?p=26893#primaryimage"},"thumbnailUrl":"https:\/\/msconectado.com.br\/wp-content\/uploads\/2026\/01\/x-9-scaled.jpg","articleSection":["Cidades","Not\u00edcia"],"inLanguage":"pt-BR","potentialAction":[{"@type":"CommentAction","name":"Comment","target":["https:\/\/msconectado.com.br\/?p=26893#respond"]}]},{"@type":"WebPage","@id":"https:\/\/msconectado.com.br\/?p=26893","url":"https:\/\/msconectado.com.br\/?p=26893","name":"Programa \u201cF\u00e9rias Sem Fome\u201d garante alimenta\u00e7\u00e3o a alunos e fam\u00edlias da rede p\u00fablica durante o recesso escolar - MsConectado","isPartOf":{"@id":"https:\/\/msconectado.com.br\/#website"},"primaryImageOfPage":{"@id":"https:\/\/msconectado.com.br\/?p=26893#primaryimage"},"image":{"@id":"https:\/\/msconectado.com.br\/?p=26893#primaryimage"},"thumbnailUrl":"https:\/\/msconectado.com.br\/wp-content\/uploads\/2026\/01\/x-9-scaled.jpg","datePublished":"2026-01-22T14:24:00+00:00","dateModified":"2026-01-22T14:24:04+00:00","breadcrumb":{"@id":"https:\/\/msconectado.com.br\/?p=26893#breadcrumb"},"inLanguage":"pt-BR","potentialAction":[{"@type":"ReadAction","target":["https:\/\/msconectado.com.br\/?p=26893"]}]},{"@type":"ImageObject","inLanguage":"pt-BR","@id":"https:\/\/msconectado.com.br\/?p=26893#primaryimage","url":"https:\/\/msconectado.com.br\/wp-content\/uploads\/2026\/01\/x-9-scaled.jpg","contentUrl":"https:\/\/msconectado.com.br\/wp-content\/uploads\/2026\/01\/x-9-scaled.jpg","width":2560,"height":1440},{"@type":"BreadcrumbList","@id":"https:\/\/msconectado.com.br\/?p=26893#breadcrumb","itemListElement":[{"@type":"ListItem","position":1,"name":"In\u00edcio","item":"https:\/\/msconectado.com.br\/"},{"@type":"ListItem","position":2,"name":"Programa \u201cF\u00e9rias Sem Fome\u201d garante alimenta\u00e7\u00e3o a alunos e fam\u00edlias da rede p\u00fablica durante o recesso escolar"}]},{"@type":"WebSite","@id":"https:\/\/msconectado.com.br\/#website","url":"https:\/\/msconectado.com.br\/","name":"MsConectado","description":"Voc\u00ea Conectado com a Not\u00edcia!","publisher":{"@id":"https:\/\/msconectado.com.br\/#organization"},"potentialAction":[{"@type":"SearchAction","target":{"@type":"EntryPoint","urlTemplate":"https:\/\/msconectado.com.br\/?s={search_term_string}"},"query-input":{"@type":"PropertyValueSpecification","valueRequired":true,"valueName":"search_term_string"}}],"inLanguage":"pt-BR"},{"@type":"Organization","@id":"https:\/\/msconectado.com.br\/#organization","name":"MsConectado","url":"https:\/\/msconectado.com.br\/","logo":{"@type":"ImageObject","inLanguage":"pt-BR","@id":"https:\/\/msconectado.com.br\/#\/schema\/logo\/image\/","url":"https:\/\/msconectado.com.br\/wp-content\/uploads\/2023\/01\/cropped-noticia-2.png","contentUrl":"https:\/\/msconectado.com.br\/wp-content\/uploads\/2023\/01\/cropped-noticia-2.png","width":720,"height":157,"caption":"MsConectado"},"image":{"@id":"https:\/\/msconectado.com.br\/#\/schema\/logo\/image\/"}},{"@type":"Person","@id":"https:\/\/msconectado.com.br\/#\/schema\/person\/feb123a95a93eebea36f0ed6a2e5ba48","name":"Jeferson","image":{"@type":"ImageObject","inLanguage":"pt-BR","@id":"https:\/\/secure.gravatar.com\/avatar\/e23e8901c88f0cdc0ad479ef7a39bf3e4c806344549c087c00b721a65549a328?s=96&d=mm&r=g","url":"https:\/\/secure.gravatar.com\/avatar\/e23e8901c88f0cdc0ad479ef7a39bf3e4c806344549c087c00b721a65549a328?s=96&d=mm&r=g","contentUrl":"https:\/\/secure.gravatar.com\/avatar\/e23e8901c88f0cdc0ad479ef7a39bf3e4c806344549c087c00b721a65549a328?s=96&d=mm&r=g","caption":"Jeferson"},"url":"https:\/\/msconectado.com.br\/?author=3"}]}},"_links":{"self":[{"href":"https:\/\/msconectado.com.br\/index.php?rest_route=\/wp\/v2\/posts\/26893","targetHints":{"allow":["GET"]}}],"collection":[{"href":"https:\/\/msconectado.com.br\/index.php?rest_route=\/wp\/v2\/posts"}],"about":[{"href":"https:\/\/msconectado.com.br\/index.php?rest_route=\/wp\/v2\/types\/post"}],"author":[{"embeddable":true,"href":"https:\/\/msconectado.com.br\/index.php?rest_route=\/wp\/v2\/users\/3"}],"replies":[{"embeddable":true,"href":"https:\/\/msconectado.com.br\/index.php?rest_route=%2Fwp%2Fv2%2Fcomments&post=26893"}],"version-history":[{"count":1,"href":"https:\/\/msconectado.com.br\/index.php?rest_route=\/wp\/v2\/posts\/26893\/revisions"}],"predecessor-version":[{"id":26895,"href":"https:\/\/msconectado.com.br\/index.php?rest_route=\/wp\/v2\/posts\/26893\/revisions\/26895"}],"wp:featuredmedia":[{"embeddable":true,"href":"https:\/\/msconectado.com.br\/index.php?rest_route=\/wp\/v2\/media\/26894"}],"wp:attachment":[{"href":"https:\/\/msconectado.com.br\/index.php?rest_route=%2Fwp%2Fv2%2Fmedia&parent=26893"}],"wp:term":[{"taxonomy":"category","embeddable":true,"href":"https:\/\/msconectado.com.br\/index.php?rest_route=%2Fwp%2Fv2%2Fcategories&post=26893"},{"taxonomy":"post_tag","embeddable":true,"href":"https:\/\/msconectado.com.br\/index.php?rest_route=%2Fwp%2Fv2%2Ftags&post=26893"}],"curies":[{"name":"wp","href":"https:\/\/api.w.org\/{rel}","templated":true}]}}