
{"id":26900,"date":"2026-01-23T21:52:35","date_gmt":"2026-01-23T21:52:35","guid":{"rendered":"https:\/\/msconectado.com.br\/?p=26900"},"modified":"2026-01-23T21:52:40","modified_gmt":"2026-01-23T21:52:40","slug":"governador-eduardo-riedel-cumpre-agenda-oficial-em-jardim-e-reforca-parceria-com-o-municipio","status":"publish","type":"post","link":"https:\/\/msconectado.com.br\/?p=26900","title":{"rendered":"Governador Eduardo Riedel cumpre agenda oficial em Jardim e refor\u00e7a parceria com o munic\u00edpio"},"content":{"rendered":"\n<p>O munic\u00edpio de Jardim recebeu, nesta sexta-feira, 23 de janeiro, a visita do governador de Mato Grosso do Sul, Eduardo Riedel, que cumpriu uma extensa agenda oficial ao longo do dia, acompanhado do prefeito Juliano Miranda (Guga), al\u00e9m de autoridades municipais e estaduais.<\/p>\n\n\n\n<p>A programa\u00e7\u00e3o teve in\u00edcio \u00e0s 15 horas com o descerramento da placa da obra de restaura\u00e7\u00e3o da pista de pouso e decolagem, taxiway, p\u00e1tio de aeronaves e a implanta\u00e7\u00e3o da cerca operacional do Aer\u00f3dromo Municipal. A obra \u00e9 considerada estrat\u00e9gica para o fortalecimento da log\u00edstica, seguran\u00e7a a\u00e9rea e desenvolvimento econ\u00f4mico da cidade, ampliando a capacidade de atra\u00e7\u00e3o de novos investimentos.<\/p>\n\n\n\n<p>Na sequ\u00eancia, \u00e0s 17h30, o governador e o prefeito realizaram a entrega de importantes obras que impactam diretamente a qualidade de vida da popula\u00e7\u00e3o. Entre elas, a reforma geral e amplia\u00e7\u00e3o da Escola Estadual Coronel Juv\u00eancio, refor\u00e7ando o compromisso com a educa\u00e7\u00e3o, al\u00e9m da pavimenta\u00e7\u00e3o asf\u00e1ltica e drenagem de \u00e1guas pluviais em diversas ruas dos bairros Morena e S\u00e3o Francisco, garantindo mais mobilidade urbana e infraestrutura.<\/p>\n\n\n\n<p>Durante o ato, tamb\u00e9m foram assinadas ordens de servi\u00e7o que autorizam novas frentes de trabalho no munic\u00edpio, incluindo obras de drenagem e pavimenta\u00e7\u00e3o no Parque Industrial, fundamentais para o fortalecimento do setor produtivo local, e o in\u00edcio das obras de pavimenta\u00e7\u00e3o e drenagem da Rua Deolindo Peixoto e vias adjacentes.<\/p>\n\n\n\n<p>Encerrando a agenda, logo mais as 19 horas, o governador participara da abertura oficial do Festival de Ver\u00e3o, evento que marca uma das maiores programa\u00e7\u00f5es culturais e esportivas do munic\u00edpio, promovendo lazer, cultura e movimenta\u00e7\u00e3o econ\u00f4mica.<\/p>\n\n\n\n<p>A visita do governador Eduardo Riedel refor\u00e7ou a parceria institucional entre o Governo do Estado e a Prefeitura de Jardim, evidenciando um trabalho conjunto voltado a investimentos, obras estruturantes e avan\u00e7os concretos que contribuem para o desenvolvimento e o bem-estar da popula\u00e7\u00e3o.<\/p>\n\n\n\n<p>Reda\u00e7\u00e3o<\/p>\n\n\n\n<p> <\/p>\n\n\n\n<figure class=\"wp-block-image size-full\"><img fetchpriority=\"high\" decoding=\"async\" width=\"900\" height=\"100\" src=\"https:\/\/msconectado.com.br\/wp-content\/uploads\/2026\/01\/900x100px.gif\" alt=\"\" class=\"wp-image-26866\"\/><\/figure>\n","protected":false},"excerpt":{"rendered":"<p>O munic\u00edpio de Jardim recebeu, nesta sexta-feira, 23 de janeiro, a visita do governador de Mato Grosso do Sul, Eduardo Riedel, que cumpriu uma extensa agenda oficial ao longo do dia, acompanhado do prefeito Juliano Miranda (Guga), al\u00e9m de autoridades municipais e estaduais. A programa\u00e7\u00e3o teve in\u00edcio \u00e0s 15 horas com o descerramento da placa [&hellip;]<\/p>\n","protected":false},"author":3,"featured_media":26901,"comment_status":"open","ping_status":"closed","sticky":false,"template":"","format":"standard","meta":{"footnotes":""},"categories":[35,1,33],"tags":[],"class_list":["post-26900","post","type-post","status-publish","format-standard","has-post-thumbnail","hentry","category-cidades","category-noticia","category-politica"],"yoast_head":"<!-- This site is optimized with the Yoast SEO plugin v27.5 - https:\/\/yoast.com\/product\/yoast-seo-wordpress\/ -->\n<title>Governador Eduardo Riedel cumpre agenda oficial em Jardim e refor\u00e7a parceria com o munic\u00edpio - MsConectado<\/title>\n<meta name=\"robots\" content=\"index, follow, max-snippet:-1, max-image-preview:large, max-video-preview:-1\" \/>\n<link rel=\"canonical\" href=\"https:\/\/msconectado.com.br\/?p=26900\" \/>\n<meta property=\"og:locale\" content=\"pt_BR\" \/>\n<meta property=\"og:type\" content=\"article\" \/>\n<meta property=\"og:title\" content=\"Governador Eduardo Riedel cumpre agenda oficial em Jardim e refor\u00e7a parceria com o munic\u00edpio - MsConectado\" \/>\n<meta property=\"og:description\" content=\"O munic\u00edpio de Jardim recebeu, nesta sexta-feira, 23 de janeiro, a visita do governador de Mato Grosso do Sul, Eduardo Riedel, que cumpriu uma extensa agenda oficial ao longo do dia, acompanhado do prefeito Juliano Miranda (Guga), al\u00e9m de autoridades municipais e estaduais. A programa\u00e7\u00e3o teve in\u00edcio \u00e0s 15 horas com o descerramento da placa [&hellip;]\" \/>\n<meta property=\"og:url\" content=\"https:\/\/msconectado.com.br\/?p=26900\" \/>\n<meta property=\"og:site_name\" content=\"MsConectado\" \/>\n<meta property=\"article:published_time\" content=\"2026-01-23T21:52:35+00:00\" \/>\n<meta property=\"article:modified_time\" content=\"2026-01-23T21:52:40+00:00\" \/>\n<meta property=\"og:image\" content=\"https:\/\/msconectado.com.br\/wp-content\/uploads\/2026\/01\/618636048_906466468570721_7436131086330022829_n.jpg\" \/>\n\t<meta property=\"og:image:width\" content=\"2048\" \/>\n\t<meta property=\"og:image:height\" content=\"1364\" \/>\n\t<meta property=\"og:image:type\" content=\"image\/jpeg\" \/>\n<meta name=\"author\" content=\"Jeferson\" \/>\n<meta name=\"twitter:card\" content=\"summary_large_image\" \/>\n<meta name=\"twitter:label1\" content=\"Escrito por\" \/>\n\t<meta name=\"twitter:data1\" content=\"Jeferson\" \/>\n\t<meta name=\"twitter:label2\" content=\"Est. tempo de leitura\" \/>\n\t<meta name=\"twitter:data2\" content=\"3 minutos\" \/>\n<script type=\"application\/ld+json\" class=\"yoast-schema-graph\">{\"@context\":\"https:\\\/\\\/schema.org\",\"@graph\":[{\"@type\":\"Article\",\"@id\":\"https:\\\/\\\/msconectado.com.br\\\/?p=26900#article\",\"isPartOf\":{\"@id\":\"https:\\\/\\\/msconectado.com.br\\\/?p=26900\"},\"author\":{\"name\":\"Jeferson\",\"@id\":\"https:\\\/\\\/msconectado.com.br\\\/#\\\/schema\\\/person\\\/feb123a95a93eebea36f0ed6a2e5ba48\"},\"headline\":\"Governador Eduardo Riedel cumpre agenda oficial em Jardim e refor\u00e7a parceria com o munic\u00edpio\",\"datePublished\":\"2026-01-23T21:52:35+00:00\",\"dateModified\":\"2026-01-23T21:52:40+00:00\",\"mainEntityOfPage\":{\"@id\":\"https:\\\/\\\/msconectado.com.br\\\/?p=26900\"},\"wordCount\":349,\"commentCount\":0,\"publisher\":{\"@id\":\"https:\\\/\\\/msconectado.com.br\\\/#organization\"},\"image\":{\"@id\":\"https:\\\/\\\/msconectado.com.br\\\/?p=26900#primaryimage\"},\"thumbnailUrl\":\"https:\\\/\\\/msconectado.com.br\\\/wp-content\\\/uploads\\\/2026\\\/01\\\/618636048_906466468570721_7436131086330022829_n.jpg\",\"articleSection\":[\"Cidades\",\"Not\u00edcia\",\"Pol\u00edtica\"],\"inLanguage\":\"pt-BR\",\"potentialAction\":[{\"@type\":\"CommentAction\",\"name\":\"Comment\",\"target\":[\"https:\\\/\\\/msconectado.com.br\\\/?p=26900#respond\"]}]},{\"@type\":\"WebPage\",\"@id\":\"https:\\\/\\\/msconectado.com.br\\\/?p=26900\",\"url\":\"https:\\\/\\\/msconectado.com.br\\\/?p=26900\",\"name\":\"Governador Eduardo Riedel cumpre agenda oficial em Jardim e refor\u00e7a parceria com o munic\u00edpio - MsConectado\",\"isPartOf\":{\"@id\":\"https:\\\/\\\/msconectado.com.br\\\/#website\"},\"primaryImageOfPage\":{\"@id\":\"https:\\\/\\\/msconectado.com.br\\\/?p=26900#primaryimage\"},\"image\":{\"@id\":\"https:\\\/\\\/msconectado.com.br\\\/?p=26900#primaryimage\"},\"thumbnailUrl\":\"https:\\\/\\\/msconectado.com.br\\\/wp-content\\\/uploads\\\/2026\\\/01\\\/618636048_906466468570721_7436131086330022829_n.jpg\",\"datePublished\":\"2026-01-23T21:52:35+00:00\",\"dateModified\":\"2026-01-23T21:52:40+00:00\",\"breadcrumb\":{\"@id\":\"https:\\\/\\\/msconectado.com.br\\\/?p=26900#breadcrumb\"},\"inLanguage\":\"pt-BR\",\"potentialAction\":[{\"@type\":\"ReadAction\",\"target\":[\"https:\\\/\\\/msconectado.com.br\\\/?p=26900\"]}]},{\"@type\":\"ImageObject\",\"inLanguage\":\"pt-BR\",\"@id\":\"https:\\\/\\\/msconectado.com.br\\\/?p=26900#primaryimage\",\"url\":\"https:\\\/\\\/msconectado.com.br\\\/wp-content\\\/uploads\\\/2026\\\/01\\\/618636048_906466468570721_7436131086330022829_n.jpg\",\"contentUrl\":\"https:\\\/\\\/msconectado.com.br\\\/wp-content\\\/uploads\\\/2026\\\/01\\\/618636048_906466468570721_7436131086330022829_n.jpg\",\"width\":2048,\"height\":1364},{\"@type\":\"BreadcrumbList\",\"@id\":\"https:\\\/\\\/msconectado.com.br\\\/?p=26900#breadcrumb\",\"itemListElement\":[{\"@type\":\"ListItem\",\"position\":1,\"name\":\"In\u00edcio\",\"item\":\"https:\\\/\\\/msconectado.com.br\\\/\"},{\"@type\":\"ListItem\",\"position\":2,\"name\":\"Governador Eduardo Riedel cumpre agenda oficial em Jardim e refor\u00e7a parceria com o munic\u00edpio\"}]},{\"@type\":\"WebSite\",\"@id\":\"https:\\\/\\\/msconectado.com.br\\\/#website\",\"url\":\"https:\\\/\\\/msconectado.com.br\\\/\",\"name\":\"MsConectado\",\"description\":\"Voc\u00ea Conectado com a Not\u00edcia!\",\"publisher\":{\"@id\":\"https:\\\/\\\/msconectado.com.br\\\/#organization\"},\"potentialAction\":[{\"@type\":\"SearchAction\",\"target\":{\"@type\":\"EntryPoint\",\"urlTemplate\":\"https:\\\/\\\/msconectado.com.br\\\/?s={search_term_string}\"},\"query-input\":{\"@type\":\"PropertyValueSpecification\",\"valueRequired\":true,\"valueName\":\"search_term_string\"}}],\"inLanguage\":\"pt-BR\"},{\"@type\":\"Organization\",\"@id\":\"https:\\\/\\\/msconectado.com.br\\\/#organization\",\"name\":\"MsConectado\",\"url\":\"https:\\\/\\\/msconectado.com.br\\\/\",\"logo\":{\"@type\":\"ImageObject\",\"inLanguage\":\"pt-BR\",\"@id\":\"https:\\\/\\\/msconectado.com.br\\\/#\\\/schema\\\/logo\\\/image\\\/\",\"url\":\"https:\\\/\\\/msconectado.com.br\\\/wp-content\\\/uploads\\\/2023\\\/01\\\/cropped-noticia-2.png\",\"contentUrl\":\"https:\\\/\\\/msconectado.com.br\\\/wp-content\\\/uploads\\\/2023\\\/01\\\/cropped-noticia-2.png\",\"width\":720,\"height\":157,\"caption\":\"MsConectado\"},\"image\":{\"@id\":\"https:\\\/\\\/msconectado.com.br\\\/#\\\/schema\\\/logo\\\/image\\\/\"}},{\"@type\":\"Person\",\"@id\":\"https:\\\/\\\/msconectado.com.br\\\/#\\\/schema\\\/person\\\/feb123a95a93eebea36f0ed6a2e5ba48\",\"name\":\"Jeferson\",\"image\":{\"@type\":\"ImageObject\",\"inLanguage\":\"pt-BR\",\"@id\":\"https:\\\/\\\/secure.gravatar.com\\\/avatar\\\/e23e8901c88f0cdc0ad479ef7a39bf3e4c806344549c087c00b721a65549a328?s=96&d=mm&r=g\",\"url\":\"https:\\\/\\\/secure.gravatar.com\\\/avatar\\\/e23e8901c88f0cdc0ad479ef7a39bf3e4c806344549c087c00b721a65549a328?s=96&d=mm&r=g\",\"contentUrl\":\"https:\\\/\\\/secure.gravatar.com\\\/avatar\\\/e23e8901c88f0cdc0ad479ef7a39bf3e4c806344549c087c00b721a65549a328?s=96&d=mm&r=g\",\"caption\":\"Jeferson\"},\"url\":\"https:\\\/\\\/msconectado.com.br\\\/?author=3\"}]}<\/script>\n<!-- \/ Yoast SEO plugin. -->","yoast_head_json":{"title":"Governador Eduardo Riedel cumpre agenda oficial em Jardim e refor\u00e7a parceria com o munic\u00edpio - MsConectado","robots":{"index":"index","follow":"follow","max-snippet":"max-snippet:-1","max-image-preview":"max-image-preview:large","max-video-preview":"max-video-preview:-1"},"canonical":"https:\/\/msconectado.com.br\/?p=26900","og_locale":"pt_BR","og_type":"article","og_title":"Governador Eduardo Riedel cumpre agenda oficial em Jardim e refor\u00e7a parceria com o munic\u00edpio - MsConectado","og_description":"O munic\u00edpio de Jardim recebeu, nesta sexta-feira, 23 de janeiro, a visita do governador de Mato Grosso do Sul, Eduardo Riedel, que cumpriu uma extensa agenda oficial ao longo do dia, acompanhado do prefeito Juliano Miranda (Guga), al\u00e9m de autoridades municipais e estaduais. A programa\u00e7\u00e3o teve in\u00edcio \u00e0s 15 horas com o descerramento da placa [&hellip;]","og_url":"https:\/\/msconectado.com.br\/?p=26900","og_site_name":"MsConectado","article_published_time":"2026-01-23T21:52:35+00:00","article_modified_time":"2026-01-23T21:52:40+00:00","og_image":[{"width":2048,"height":1364,"url":"https:\/\/msconectado.com.br\/wp-content\/uploads\/2026\/01\/618636048_906466468570721_7436131086330022829_n.jpg","type":"image\/jpeg"}],"author":"Jeferson","twitter_card":"summary_large_image","twitter_misc":{"Escrito por":"Jeferson","Est. tempo de leitura":"3 minutos"},"schema":{"@context":"https:\/\/schema.org","@graph":[{"@type":"Article","@id":"https:\/\/msconectado.com.br\/?p=26900#article","isPartOf":{"@id":"https:\/\/msconectado.com.br\/?p=26900"},"author":{"name":"Jeferson","@id":"https:\/\/msconectado.com.br\/#\/schema\/person\/feb123a95a93eebea36f0ed6a2e5ba48"},"headline":"Governador Eduardo Riedel cumpre agenda oficial em Jardim e refor\u00e7a parceria com o munic\u00edpio","datePublished":"2026-01-23T21:52:35+00:00","dateModified":"2026-01-23T21:52:40+00:00","mainEntityOfPage":{"@id":"https:\/\/msconectado.com.br\/?p=26900"},"wordCount":349,"commentCount":0,"publisher":{"@id":"https:\/\/msconectado.com.br\/#organization"},"image":{"@id":"https:\/\/msconectado.com.br\/?p=26900#primaryimage"},"thumbnailUrl":"https:\/\/msconectado.com.br\/wp-content\/uploads\/2026\/01\/618636048_906466468570721_7436131086330022829_n.jpg","articleSection":["Cidades","Not\u00edcia","Pol\u00edtica"],"inLanguage":"pt-BR","potentialAction":[{"@type":"CommentAction","name":"Comment","target":["https:\/\/msconectado.com.br\/?p=26900#respond"]}]},{"@type":"WebPage","@id":"https:\/\/msconectado.com.br\/?p=26900","url":"https:\/\/msconectado.com.br\/?p=26900","name":"Governador Eduardo Riedel cumpre agenda oficial em Jardim e refor\u00e7a parceria com o munic\u00edpio - MsConectado","isPartOf":{"@id":"https:\/\/msconectado.com.br\/#website"},"primaryImageOfPage":{"@id":"https:\/\/msconectado.com.br\/?p=26900#primaryimage"},"image":{"@id":"https:\/\/msconectado.com.br\/?p=26900#primaryimage"},"thumbnailUrl":"https:\/\/msconectado.com.br\/wp-content\/uploads\/2026\/01\/618636048_906466468570721_7436131086330022829_n.jpg","datePublished":"2026-01-23T21:52:35+00:00","dateModified":"2026-01-23T21:52:40+00:00","breadcrumb":{"@id":"https:\/\/msconectado.com.br\/?p=26900#breadcrumb"},"inLanguage":"pt-BR","potentialAction":[{"@type":"ReadAction","target":["https:\/\/msconectado.com.br\/?p=26900"]}]},{"@type":"ImageObject","inLanguage":"pt-BR","@id":"https:\/\/msconectado.com.br\/?p=26900#primaryimage","url":"https:\/\/msconectado.com.br\/wp-content\/uploads\/2026\/01\/618636048_906466468570721_7436131086330022829_n.jpg","contentUrl":"https:\/\/msconectado.com.br\/wp-content\/uploads\/2026\/01\/618636048_906466468570721_7436131086330022829_n.jpg","width":2048,"height":1364},{"@type":"BreadcrumbList","@id":"https:\/\/msconectado.com.br\/?p=26900#breadcrumb","itemListElement":[{"@type":"ListItem","position":1,"name":"In\u00edcio","item":"https:\/\/msconectado.com.br\/"},{"@type":"ListItem","position":2,"name":"Governador Eduardo Riedel cumpre agenda oficial em Jardim e refor\u00e7a parceria com o munic\u00edpio"}]},{"@type":"WebSite","@id":"https:\/\/msconectado.com.br\/#website","url":"https:\/\/msconectado.com.br\/","name":"MsConectado","description":"Voc\u00ea Conectado com a Not\u00edcia!","publisher":{"@id":"https:\/\/msconectado.com.br\/#organization"},"potentialAction":[{"@type":"SearchAction","target":{"@type":"EntryPoint","urlTemplate":"https:\/\/msconectado.com.br\/?s={search_term_string}"},"query-input":{"@type":"PropertyValueSpecification","valueRequired":true,"valueName":"search_term_string"}}],"inLanguage":"pt-BR"},{"@type":"Organization","@id":"https:\/\/msconectado.com.br\/#organization","name":"MsConectado","url":"https:\/\/msconectado.com.br\/","logo":{"@type":"ImageObject","inLanguage":"pt-BR","@id":"https:\/\/msconectado.com.br\/#\/schema\/logo\/image\/","url":"https:\/\/msconectado.com.br\/wp-content\/uploads\/2023\/01\/cropped-noticia-2.png","contentUrl":"https:\/\/msconectado.com.br\/wp-content\/uploads\/2023\/01\/cropped-noticia-2.png","width":720,"height":157,"caption":"MsConectado"},"image":{"@id":"https:\/\/msconectado.com.br\/#\/schema\/logo\/image\/"}},{"@type":"Person","@id":"https:\/\/msconectado.com.br\/#\/schema\/person\/feb123a95a93eebea36f0ed6a2e5ba48","name":"Jeferson","image":{"@type":"ImageObject","inLanguage":"pt-BR","@id":"https:\/\/secure.gravatar.com\/avatar\/e23e8901c88f0cdc0ad479ef7a39bf3e4c806344549c087c00b721a65549a328?s=96&d=mm&r=g","url":"https:\/\/secure.gravatar.com\/avatar\/e23e8901c88f0cdc0ad479ef7a39bf3e4c806344549c087c00b721a65549a328?s=96&d=mm&r=g","contentUrl":"https:\/\/secure.gravatar.com\/avatar\/e23e8901c88f0cdc0ad479ef7a39bf3e4c806344549c087c00b721a65549a328?s=96&d=mm&r=g","caption":"Jeferson"},"url":"https:\/\/msconectado.com.br\/?author=3"}]}},"_links":{"self":[{"href":"https:\/\/msconectado.com.br\/index.php?rest_route=\/wp\/v2\/posts\/26900","targetHints":{"allow":["GET"]}}],"collection":[{"href":"https:\/\/msconectado.com.br\/index.php?rest_route=\/wp\/v2\/posts"}],"about":[{"href":"https:\/\/msconectado.com.br\/index.php?rest_route=\/wp\/v2\/types\/post"}],"author":[{"embeddable":true,"href":"https:\/\/msconectado.com.br\/index.php?rest_route=\/wp\/v2\/users\/3"}],"replies":[{"embeddable":true,"href":"https:\/\/msconectado.com.br\/index.php?rest_route=%2Fwp%2Fv2%2Fcomments&post=26900"}],"version-history":[{"count":1,"href":"https:\/\/msconectado.com.br\/index.php?rest_route=\/wp\/v2\/posts\/26900\/revisions"}],"predecessor-version":[{"id":26902,"href":"https:\/\/msconectado.com.br\/index.php?rest_route=\/wp\/v2\/posts\/26900\/revisions\/26902"}],"wp:featuredmedia":[{"embeddable":true,"href":"https:\/\/msconectado.com.br\/index.php?rest_route=\/wp\/v2\/media\/26901"}],"wp:attachment":[{"href":"https:\/\/msconectado.com.br\/index.php?rest_route=%2Fwp%2Fv2%2Fmedia&parent=26900"}],"wp:term":[{"taxonomy":"category","embeddable":true,"href":"https:\/\/msconectado.com.br\/index.php?rest_route=%2Fwp%2Fv2%2Fcategories&post=26900"},{"taxonomy":"post_tag","embeddable":true,"href":"https:\/\/msconectado.com.br\/index.php?rest_route=%2Fwp%2Fv2%2Ftags&post=26900"}],"curies":[{"name":"wp","href":"https:\/\/api.w.org\/{rel}","templated":true}]}}