
{"id":26904,"date":"2026-01-26T12:21:09","date_gmt":"2026-01-26T12:21:09","guid":{"rendered":"https:\/\/msconectado.com.br\/?p=26904"},"modified":"2026-01-26T12:21:13","modified_gmt":"2026-01-26T12:21:13","slug":"sessao-solene-dia-3-de-fevereiro-marca-inicio-do-ano-legislativo-na-alems","status":"publish","type":"post","link":"https:\/\/msconectado.com.br\/?p=26904","title":{"rendered":"Sess\u00e3o solene dia 3 de fevereiro marca in\u00edcio do ano legislativo na ALEMS"},"content":{"rendered":"\n<p>No dia 3 de fevereiro de 2026 (ter\u00e7a-feira), \u00e0s 9h, no Pal\u00e1cio Guaicurus, a Assembleia Legislativa de Mato Grosso do Sul (ALEMS) realizar\u00e1 a Sess\u00e3o Solene de Instala\u00e7\u00e3o da 4\u00aa Sess\u00e3o Legislativa da 12\u00aa Legislatura.<\/p>\n\n\n\n<p>Conforme o Regimento Interno, ap\u00f3s os ritos protocolares na \u00e1rea externa do Parlamento, autoridades e convidados seguir\u00e3o para o Plen\u00e1rio Deputado J\u00falio Maia.<\/p>\n\n\n\n<p>Antes da solenidade, \u00e0s 8h45, o governador do Estado, Eduardo Riedel (PP), far\u00e1 a revista \u00e0 tropa da Pol\u00edcia Militar (PMMS), na rampa de acesso ao Parlamento, onde ser\u00e1 recepcionado pelo presidente da ALEMS, deputado Gerson Claro (PP), e demais parlamentares. Na sequ\u00eancia, haver\u00e1 o hasteamento das bandeiras no pavilh\u00e3o externo.<\/p>\n\n\n\n<p>Com in\u00edcio \u00e0s 9h, a Sess\u00e3o Solene marcar\u00e1 oficialmente a abertura do ano legislativo. Em cumprimento ao artigo 89 da Constitui\u00e7\u00e3o Estadual, o chefe do Executivo apresentar\u00e1 sua mensagem. Ap\u00f3s o pronunciamento, o presidente da Assembleia Legislativa far\u00e1 uso da palavra.<\/p>\n\n\n\n<p>Servi\u00e7o<\/p>\n\n\n\n<p>A solenidade de instala\u00e7\u00e3o dos trabalhos parlamentares da Assembleia Legislativa \u00e9 aberta ao p\u00fablico e \u00e0 imprensa. O Pal\u00e1cio Guaicurus fica localizado na Avenida Desembargador Jos\u00e9 Nunes da Cunha, Bloco 9 do Parque dos Poderes, em Campo Grande-MS.<\/p>\n\n\n\n<p>Para os profissionais de imprensa e assessorias parlamentares de comunica\u00e7\u00e3o que realizar\u00e3o a cobertura, \u00e9 indispens\u00e1vel o uso do crach\u00e1 funcional. Os jornalistas devem seguir o traje passeio completo, enquanto as equipes t\u00e9cnicas devem utilizar uniforme profissional e colete identificado.<\/p>\n\n\n\n<p>No Plen\u00e1rio Deputado J\u00falio Maia, n\u00e3o ser\u00e1 permitida a entrada de trip\u00e9s e monop\u00e9s para c\u00e2meras e filmadoras. O acesso alternado de profissionais de imagem ser\u00e1 organizado e controlado pela Diretoria de Seguran\u00e7a e Pol\u00edcia Legislativa, em conjunto com a Diretoria de Cerimonial.<\/p>\n\n\n\n<p>A sess\u00e3o ser\u00e1 transmitida ao vivo por todos os canais oficiais do Parlamento Estadual, com cobertura da Secretaria de Comunica\u00e7\u00e3o Institucional: Facebook, YouTube, TV ALEMS e R\u00e1dio ALEMS, al\u00e9m das publica\u00e7\u00f5es no Portal da ALEMS e no Instagram. A TV ALEMS e a R\u00e1dio ALEMS tamb\u00e9m possuem sinal aberto, respectivamente, no canal 7.2 e na FM 105.5.<\/p>\n\n\n\n<p>A Secretaria de Comunica\u00e7\u00e3o Institucional disponibilizar\u00e1 as fotos oficiais do evento para toda a imprensa e assessorias por meio deste link.&nbsp;Autoridades podem confirmar presen\u00e7a com a diretoria de Cerimonial: 67 3389-6359 \/ 99906-3438.<\/p>\n\n\n\n<p>ALEMS<\/p>\n\n\n<div class=\"wp-block-image\">\n<figure class=\"aligncenter size-full\"><img fetchpriority=\"high\" decoding=\"async\" width=\"900\" height=\"100\" src=\"https:\/\/msconectado.com.br\/wp-content\/uploads\/2026\/01\/900x100px.gif\" alt=\"\" class=\"wp-image-26866\"\/><\/figure>\n<\/div>","protected":false},"excerpt":{"rendered":"<p>No dia 3 de fevereiro de 2026 (ter\u00e7a-feira), \u00e0s 9h, no Pal\u00e1cio Guaicurus, a Assembleia Legislativa de Mato Grosso do Sul (ALEMS) realizar\u00e1 a Sess\u00e3o Solene de Instala\u00e7\u00e3o da 4\u00aa Sess\u00e3o Legislativa da 12\u00aa Legislatura. Conforme o Regimento Interno, ap\u00f3s os ritos protocolares na \u00e1rea externa do Parlamento, autoridades e convidados seguir\u00e3o para o Plen\u00e1rio [&hellip;]<\/p>\n","protected":false},"author":3,"featured_media":26905,"comment_status":"open","ping_status":"closed","sticky":false,"template":"","format":"standard","meta":{"footnotes":""},"categories":[35,1],"tags":[],"class_list":["post-26904","post","type-post","status-publish","format-standard","has-post-thumbnail","hentry","category-cidades","category-noticia"],"yoast_head":"<!-- This site is optimized with the Yoast SEO plugin v27.5 - https:\/\/yoast.com\/product\/yoast-seo-wordpress\/ -->\n<title>Sess\u00e3o solene dia 3 de fevereiro marca in\u00edcio do ano legislativo na ALEMS - MsConectado<\/title>\n<meta name=\"robots\" content=\"index, follow, max-snippet:-1, max-image-preview:large, max-video-preview:-1\" \/>\n<link rel=\"canonical\" href=\"https:\/\/msconectado.com.br\/?p=26904\" \/>\n<meta property=\"og:locale\" content=\"pt_BR\" \/>\n<meta property=\"og:type\" content=\"article\" \/>\n<meta property=\"og:title\" content=\"Sess\u00e3o solene dia 3 de fevereiro marca in\u00edcio do ano legislativo na ALEMS - MsConectado\" \/>\n<meta property=\"og:description\" content=\"No dia 3 de fevereiro de 2026 (ter\u00e7a-feira), \u00e0s 9h, no Pal\u00e1cio Guaicurus, a Assembleia Legislativa de Mato Grosso do Sul (ALEMS) realizar\u00e1 a Sess\u00e3o Solene de Instala\u00e7\u00e3o da 4\u00aa Sess\u00e3o Legislativa da 12\u00aa Legislatura. Conforme o Regimento Interno, ap\u00f3s os ritos protocolares na \u00e1rea externa do Parlamento, autoridades e convidados seguir\u00e3o para o Plen\u00e1rio [&hellip;]\" \/>\n<meta property=\"og:url\" content=\"https:\/\/msconectado.com.br\/?p=26904\" \/>\n<meta property=\"og:site_name\" content=\"MsConectado\" \/>\n<meta property=\"article:published_time\" content=\"2026-01-26T12:21:09+00:00\" \/>\n<meta property=\"article:modified_time\" content=\"2026-01-26T12:21:13+00:00\" \/>\n<meta property=\"og:image\" content=\"https:\/\/msconectado.com.br\/wp-content\/uploads\/2026\/01\/63ec30bf-b8b6-4964-b73a-d1276fc42f23.jpg\" \/>\n\t<meta property=\"og:image:width\" content=\"1028\" \/>\n\t<meta property=\"og:image:height\" content=\"686\" \/>\n\t<meta property=\"og:image:type\" content=\"image\/jpeg\" \/>\n<meta name=\"author\" content=\"Jeferson\" \/>\n<meta name=\"twitter:card\" content=\"summary_large_image\" \/>\n<meta name=\"twitter:label1\" content=\"Escrito por\" \/>\n\t<meta name=\"twitter:data1\" content=\"Jeferson\" \/>\n\t<meta name=\"twitter:label2\" content=\"Est. tempo de leitura\" \/>\n\t<meta name=\"twitter:data2\" content=\"3 minutos\" \/>\n<script type=\"application\/ld+json\" class=\"yoast-schema-graph\">{\"@context\":\"https:\\\/\\\/schema.org\",\"@graph\":[{\"@type\":\"Article\",\"@id\":\"https:\\\/\\\/msconectado.com.br\\\/?p=26904#article\",\"isPartOf\":{\"@id\":\"https:\\\/\\\/msconectado.com.br\\\/?p=26904\"},\"author\":{\"name\":\"Jeferson\",\"@id\":\"https:\\\/\\\/msconectado.com.br\\\/#\\\/schema\\\/person\\\/feb123a95a93eebea36f0ed6a2e5ba48\"},\"headline\":\"Sess\u00e3o solene dia 3 de fevereiro marca in\u00edcio do ano legislativo na ALEMS\",\"datePublished\":\"2026-01-26T12:21:09+00:00\",\"dateModified\":\"2026-01-26T12:21:13+00:00\",\"mainEntityOfPage\":{\"@id\":\"https:\\\/\\\/msconectado.com.br\\\/?p=26904\"},\"wordCount\":406,\"commentCount\":0,\"publisher\":{\"@id\":\"https:\\\/\\\/msconectado.com.br\\\/#organization\"},\"image\":{\"@id\":\"https:\\\/\\\/msconectado.com.br\\\/?p=26904#primaryimage\"},\"thumbnailUrl\":\"https:\\\/\\\/msconectado.com.br\\\/wp-content\\\/uploads\\\/2026\\\/01\\\/63ec30bf-b8b6-4964-b73a-d1276fc42f23.jpg\",\"articleSection\":[\"Cidades\",\"Not\u00edcia\"],\"inLanguage\":\"pt-BR\",\"potentialAction\":[{\"@type\":\"CommentAction\",\"name\":\"Comment\",\"target\":[\"https:\\\/\\\/msconectado.com.br\\\/?p=26904#respond\"]}]},{\"@type\":\"WebPage\",\"@id\":\"https:\\\/\\\/msconectado.com.br\\\/?p=26904\",\"url\":\"https:\\\/\\\/msconectado.com.br\\\/?p=26904\",\"name\":\"Sess\u00e3o solene dia 3 de fevereiro marca in\u00edcio do ano legislativo na ALEMS - MsConectado\",\"isPartOf\":{\"@id\":\"https:\\\/\\\/msconectado.com.br\\\/#website\"},\"primaryImageOfPage\":{\"@id\":\"https:\\\/\\\/msconectado.com.br\\\/?p=26904#primaryimage\"},\"image\":{\"@id\":\"https:\\\/\\\/msconectado.com.br\\\/?p=26904#primaryimage\"},\"thumbnailUrl\":\"https:\\\/\\\/msconectado.com.br\\\/wp-content\\\/uploads\\\/2026\\\/01\\\/63ec30bf-b8b6-4964-b73a-d1276fc42f23.jpg\",\"datePublished\":\"2026-01-26T12:21:09+00:00\",\"dateModified\":\"2026-01-26T12:21:13+00:00\",\"breadcrumb\":{\"@id\":\"https:\\\/\\\/msconectado.com.br\\\/?p=26904#breadcrumb\"},\"inLanguage\":\"pt-BR\",\"potentialAction\":[{\"@type\":\"ReadAction\",\"target\":[\"https:\\\/\\\/msconectado.com.br\\\/?p=26904\"]}]},{\"@type\":\"ImageObject\",\"inLanguage\":\"pt-BR\",\"@id\":\"https:\\\/\\\/msconectado.com.br\\\/?p=26904#primaryimage\",\"url\":\"https:\\\/\\\/msconectado.com.br\\\/wp-content\\\/uploads\\\/2026\\\/01\\\/63ec30bf-b8b6-4964-b73a-d1276fc42f23.jpg\",\"contentUrl\":\"https:\\\/\\\/msconectado.com.br\\\/wp-content\\\/uploads\\\/2026\\\/01\\\/63ec30bf-b8b6-4964-b73a-d1276fc42f23.jpg\",\"width\":1028,\"height\":686},{\"@type\":\"BreadcrumbList\",\"@id\":\"https:\\\/\\\/msconectado.com.br\\\/?p=26904#breadcrumb\",\"itemListElement\":[{\"@type\":\"ListItem\",\"position\":1,\"name\":\"In\u00edcio\",\"item\":\"https:\\\/\\\/msconectado.com.br\\\/\"},{\"@type\":\"ListItem\",\"position\":2,\"name\":\"Sess\u00e3o solene dia 3 de fevereiro marca in\u00edcio do ano legislativo na ALEMS\"}]},{\"@type\":\"WebSite\",\"@id\":\"https:\\\/\\\/msconectado.com.br\\\/#website\",\"url\":\"https:\\\/\\\/msconectado.com.br\\\/\",\"name\":\"MsConectado\",\"description\":\"Voc\u00ea Conectado com a Not\u00edcia!\",\"publisher\":{\"@id\":\"https:\\\/\\\/msconectado.com.br\\\/#organization\"},\"potentialAction\":[{\"@type\":\"SearchAction\",\"target\":{\"@type\":\"EntryPoint\",\"urlTemplate\":\"https:\\\/\\\/msconectado.com.br\\\/?s={search_term_string}\"},\"query-input\":{\"@type\":\"PropertyValueSpecification\",\"valueRequired\":true,\"valueName\":\"search_term_string\"}}],\"inLanguage\":\"pt-BR\"},{\"@type\":\"Organization\",\"@id\":\"https:\\\/\\\/msconectado.com.br\\\/#organization\",\"name\":\"MsConectado\",\"url\":\"https:\\\/\\\/msconectado.com.br\\\/\",\"logo\":{\"@type\":\"ImageObject\",\"inLanguage\":\"pt-BR\",\"@id\":\"https:\\\/\\\/msconectado.com.br\\\/#\\\/schema\\\/logo\\\/image\\\/\",\"url\":\"https:\\\/\\\/msconectado.com.br\\\/wp-content\\\/uploads\\\/2023\\\/01\\\/cropped-noticia-2.png\",\"contentUrl\":\"https:\\\/\\\/msconectado.com.br\\\/wp-content\\\/uploads\\\/2023\\\/01\\\/cropped-noticia-2.png\",\"width\":720,\"height\":157,\"caption\":\"MsConectado\"},\"image\":{\"@id\":\"https:\\\/\\\/msconectado.com.br\\\/#\\\/schema\\\/logo\\\/image\\\/\"}},{\"@type\":\"Person\",\"@id\":\"https:\\\/\\\/msconectado.com.br\\\/#\\\/schema\\\/person\\\/feb123a95a93eebea36f0ed6a2e5ba48\",\"name\":\"Jeferson\",\"image\":{\"@type\":\"ImageObject\",\"inLanguage\":\"pt-BR\",\"@id\":\"https:\\\/\\\/secure.gravatar.com\\\/avatar\\\/e23e8901c88f0cdc0ad479ef7a39bf3e4c806344549c087c00b721a65549a328?s=96&d=mm&r=g\",\"url\":\"https:\\\/\\\/secure.gravatar.com\\\/avatar\\\/e23e8901c88f0cdc0ad479ef7a39bf3e4c806344549c087c00b721a65549a328?s=96&d=mm&r=g\",\"contentUrl\":\"https:\\\/\\\/secure.gravatar.com\\\/avatar\\\/e23e8901c88f0cdc0ad479ef7a39bf3e4c806344549c087c00b721a65549a328?s=96&d=mm&r=g\",\"caption\":\"Jeferson\"},\"url\":\"https:\\\/\\\/msconectado.com.br\\\/?author=3\"}]}<\/script>\n<!-- \/ Yoast SEO plugin. -->","yoast_head_json":{"title":"Sess\u00e3o solene dia 3 de fevereiro marca in\u00edcio do ano legislativo na ALEMS - MsConectado","robots":{"index":"index","follow":"follow","max-snippet":"max-snippet:-1","max-image-preview":"max-image-preview:large","max-video-preview":"max-video-preview:-1"},"canonical":"https:\/\/msconectado.com.br\/?p=26904","og_locale":"pt_BR","og_type":"article","og_title":"Sess\u00e3o solene dia 3 de fevereiro marca in\u00edcio do ano legislativo na ALEMS - MsConectado","og_description":"No dia 3 de fevereiro de 2026 (ter\u00e7a-feira), \u00e0s 9h, no Pal\u00e1cio Guaicurus, a Assembleia Legislativa de Mato Grosso do Sul (ALEMS) realizar\u00e1 a Sess\u00e3o Solene de Instala\u00e7\u00e3o da 4\u00aa Sess\u00e3o Legislativa da 12\u00aa Legislatura. Conforme o Regimento Interno, ap\u00f3s os ritos protocolares na \u00e1rea externa do Parlamento, autoridades e convidados seguir\u00e3o para o Plen\u00e1rio [&hellip;]","og_url":"https:\/\/msconectado.com.br\/?p=26904","og_site_name":"MsConectado","article_published_time":"2026-01-26T12:21:09+00:00","article_modified_time":"2026-01-26T12:21:13+00:00","og_image":[{"width":1028,"height":686,"url":"https:\/\/msconectado.com.br\/wp-content\/uploads\/2026\/01\/63ec30bf-b8b6-4964-b73a-d1276fc42f23.jpg","type":"image\/jpeg"}],"author":"Jeferson","twitter_card":"summary_large_image","twitter_misc":{"Escrito por":"Jeferson","Est. tempo de leitura":"3 minutos"},"schema":{"@context":"https:\/\/schema.org","@graph":[{"@type":"Article","@id":"https:\/\/msconectado.com.br\/?p=26904#article","isPartOf":{"@id":"https:\/\/msconectado.com.br\/?p=26904"},"author":{"name":"Jeferson","@id":"https:\/\/msconectado.com.br\/#\/schema\/person\/feb123a95a93eebea36f0ed6a2e5ba48"},"headline":"Sess\u00e3o solene dia 3 de fevereiro marca in\u00edcio do ano legislativo na ALEMS","datePublished":"2026-01-26T12:21:09+00:00","dateModified":"2026-01-26T12:21:13+00:00","mainEntityOfPage":{"@id":"https:\/\/msconectado.com.br\/?p=26904"},"wordCount":406,"commentCount":0,"publisher":{"@id":"https:\/\/msconectado.com.br\/#organization"},"image":{"@id":"https:\/\/msconectado.com.br\/?p=26904#primaryimage"},"thumbnailUrl":"https:\/\/msconectado.com.br\/wp-content\/uploads\/2026\/01\/63ec30bf-b8b6-4964-b73a-d1276fc42f23.jpg","articleSection":["Cidades","Not\u00edcia"],"inLanguage":"pt-BR","potentialAction":[{"@type":"CommentAction","name":"Comment","target":["https:\/\/msconectado.com.br\/?p=26904#respond"]}]},{"@type":"WebPage","@id":"https:\/\/msconectado.com.br\/?p=26904","url":"https:\/\/msconectado.com.br\/?p=26904","name":"Sess\u00e3o solene dia 3 de fevereiro marca in\u00edcio do ano legislativo na ALEMS - MsConectado","isPartOf":{"@id":"https:\/\/msconectado.com.br\/#website"},"primaryImageOfPage":{"@id":"https:\/\/msconectado.com.br\/?p=26904#primaryimage"},"image":{"@id":"https:\/\/msconectado.com.br\/?p=26904#primaryimage"},"thumbnailUrl":"https:\/\/msconectado.com.br\/wp-content\/uploads\/2026\/01\/63ec30bf-b8b6-4964-b73a-d1276fc42f23.jpg","datePublished":"2026-01-26T12:21:09+00:00","dateModified":"2026-01-26T12:21:13+00:00","breadcrumb":{"@id":"https:\/\/msconectado.com.br\/?p=26904#breadcrumb"},"inLanguage":"pt-BR","potentialAction":[{"@type":"ReadAction","target":["https:\/\/msconectado.com.br\/?p=26904"]}]},{"@type":"ImageObject","inLanguage":"pt-BR","@id":"https:\/\/msconectado.com.br\/?p=26904#primaryimage","url":"https:\/\/msconectado.com.br\/wp-content\/uploads\/2026\/01\/63ec30bf-b8b6-4964-b73a-d1276fc42f23.jpg","contentUrl":"https:\/\/msconectado.com.br\/wp-content\/uploads\/2026\/01\/63ec30bf-b8b6-4964-b73a-d1276fc42f23.jpg","width":1028,"height":686},{"@type":"BreadcrumbList","@id":"https:\/\/msconectado.com.br\/?p=26904#breadcrumb","itemListElement":[{"@type":"ListItem","position":1,"name":"In\u00edcio","item":"https:\/\/msconectado.com.br\/"},{"@type":"ListItem","position":2,"name":"Sess\u00e3o solene dia 3 de fevereiro marca in\u00edcio do ano legislativo na ALEMS"}]},{"@type":"WebSite","@id":"https:\/\/msconectado.com.br\/#website","url":"https:\/\/msconectado.com.br\/","name":"MsConectado","description":"Voc\u00ea Conectado com a Not\u00edcia!","publisher":{"@id":"https:\/\/msconectado.com.br\/#organization"},"potentialAction":[{"@type":"SearchAction","target":{"@type":"EntryPoint","urlTemplate":"https:\/\/msconectado.com.br\/?s={search_term_string}"},"query-input":{"@type":"PropertyValueSpecification","valueRequired":true,"valueName":"search_term_string"}}],"inLanguage":"pt-BR"},{"@type":"Organization","@id":"https:\/\/msconectado.com.br\/#organization","name":"MsConectado","url":"https:\/\/msconectado.com.br\/","logo":{"@type":"ImageObject","inLanguage":"pt-BR","@id":"https:\/\/msconectado.com.br\/#\/schema\/logo\/image\/","url":"https:\/\/msconectado.com.br\/wp-content\/uploads\/2023\/01\/cropped-noticia-2.png","contentUrl":"https:\/\/msconectado.com.br\/wp-content\/uploads\/2023\/01\/cropped-noticia-2.png","width":720,"height":157,"caption":"MsConectado"},"image":{"@id":"https:\/\/msconectado.com.br\/#\/schema\/logo\/image\/"}},{"@type":"Person","@id":"https:\/\/msconectado.com.br\/#\/schema\/person\/feb123a95a93eebea36f0ed6a2e5ba48","name":"Jeferson","image":{"@type":"ImageObject","inLanguage":"pt-BR","@id":"https:\/\/secure.gravatar.com\/avatar\/e23e8901c88f0cdc0ad479ef7a39bf3e4c806344549c087c00b721a65549a328?s=96&d=mm&r=g","url":"https:\/\/secure.gravatar.com\/avatar\/e23e8901c88f0cdc0ad479ef7a39bf3e4c806344549c087c00b721a65549a328?s=96&d=mm&r=g","contentUrl":"https:\/\/secure.gravatar.com\/avatar\/e23e8901c88f0cdc0ad479ef7a39bf3e4c806344549c087c00b721a65549a328?s=96&d=mm&r=g","caption":"Jeferson"},"url":"https:\/\/msconectado.com.br\/?author=3"}]}},"_links":{"self":[{"href":"https:\/\/msconectado.com.br\/index.php?rest_route=\/wp\/v2\/posts\/26904","targetHints":{"allow":["GET"]}}],"collection":[{"href":"https:\/\/msconectado.com.br\/index.php?rest_route=\/wp\/v2\/posts"}],"about":[{"href":"https:\/\/msconectado.com.br\/index.php?rest_route=\/wp\/v2\/types\/post"}],"author":[{"embeddable":true,"href":"https:\/\/msconectado.com.br\/index.php?rest_route=\/wp\/v2\/users\/3"}],"replies":[{"embeddable":true,"href":"https:\/\/msconectado.com.br\/index.php?rest_route=%2Fwp%2Fv2%2Fcomments&post=26904"}],"version-history":[{"count":1,"href":"https:\/\/msconectado.com.br\/index.php?rest_route=\/wp\/v2\/posts\/26904\/revisions"}],"predecessor-version":[{"id":26906,"href":"https:\/\/msconectado.com.br\/index.php?rest_route=\/wp\/v2\/posts\/26904\/revisions\/26906"}],"wp:featuredmedia":[{"embeddable":true,"href":"https:\/\/msconectado.com.br\/index.php?rest_route=\/wp\/v2\/media\/26905"}],"wp:attachment":[{"href":"https:\/\/msconectado.com.br\/index.php?rest_route=%2Fwp%2Fv2%2Fmedia&parent=26904"}],"wp:term":[{"taxonomy":"category","embeddable":true,"href":"https:\/\/msconectado.com.br\/index.php?rest_route=%2Fwp%2Fv2%2Fcategories&post=26904"},{"taxonomy":"post_tag","embeddable":true,"href":"https:\/\/msconectado.com.br\/index.php?rest_route=%2Fwp%2Fv2%2Ftags&post=26904"}],"curies":[{"name":"wp","href":"https:\/\/api.w.org\/{rel}","templated":true}]}}