
{"id":27099,"date":"2026-02-23T13:53:05","date_gmt":"2026-02-23T13:53:05","guid":{"rendered":"https:\/\/msconectado.com.br\/?p=27099"},"modified":"2026-02-23T13:54:05","modified_gmt":"2026-02-23T13:54:05","slug":"vereador-bruno-barros-propoe-incentivo-a-participacao-de-alunos-nas-sessoes-da-camara","status":"publish","type":"post","link":"https:\/\/msconectado.com.br\/?p=27099","title":{"rendered":"Vereador Bruno Barros prop\u00f5e incentivo \u00e0 participa\u00e7\u00e3o de alunos nas sess\u00f5es da C\u00e2mara"},"content":{"rendered":"\n<p>Durante a 4\u00aa Sess\u00e3o Ordin\u00e1ria da C\u00e2mara Municipal de Maracaju, o vereador <strong>Bruno Barros<\/strong> apresentou requerimento solicitando \u00e0 Secretaria Municipal de Educa\u00e7\u00e3o que incentive a participa\u00e7\u00e3o de alunos da rede p\u00fablica nas sess\u00f5es ordin\u00e1rias do Legislativo, especialmente os estudantes da quinta s\u00e9rie.<\/p>\n\n\n\n<p>A proposta tem como principal objetivo aproximar os jovens do funcionamento do Poder Legislativo, promovendo maior compreens\u00e3o sobre cidadania, democracia e participa\u00e7\u00e3o popular. Para o parlamentar, \u00e9 fundamental que os estudantes tenham contato direto com a rotina da C\u00e2mara, entendendo na pr\u00e1tica como s\u00e3o discutidos e votados os projetos que impactam a vida da comunidade.<\/p>\n\n\n\n<p>\u201cPe\u00e7o que seja colocada no cronograma pedag\u00f3gico a participa\u00e7\u00e3o dos alunos nas sess\u00f5es\u201d, destacou o vereador durante seu pronunciamento na tribuna.<\/p>\n\n\n\n<p>Bruno Barros ressaltou que a iniciativa pode despertar o interesse dos jovens pela vida p\u00fablica, al\u00e9m de fortalecer valores como responsabilidade social, respeito \u00e0s institui\u00e7\u00f5es e consci\u00eancia cidad\u00e3. Segundo ele, aproximar a escola do Legislativo \u00e9 uma forma de investir na forma\u00e7\u00e3o de cidad\u00e3os mais participativos e informados.<\/p>\n\n\n\n<p>A proposta agora aguarda an\u00e1lise por parte da Secretaria Municipal de Educa\u00e7\u00e3o e poder\u00e1 integrar o planejamento pedag\u00f3gico das escolas de <strong>Maracaju<\/strong>, ampliando o di\u00e1logo entre o poder p\u00fablico e a comunidade escolar.<\/p>\n\n\n\n<p>Reda\u00e7\u00e3o<\/p>\n\n\n<div class=\"wp-block-image\">\n<figure class=\"aligncenter size-full\"><img fetchpriority=\"high\" decoding=\"async\" width=\"900\" height=\"100\" src=\"https:\/\/msconectado.com.br\/wp-content\/uploads\/2026\/02\/Copia-de-BANNER-WEB-900x100-16168-1.gif\" alt=\"\" class=\"wp-image-27098\"\/><\/figure>\n<\/div>","protected":false},"excerpt":{"rendered":"<p>Durante a 4\u00aa Sess\u00e3o Ordin\u00e1ria da C\u00e2mara Municipal de Maracaju, o vereador Bruno Barros apresentou requerimento solicitando \u00e0 Secretaria Municipal de Educa\u00e7\u00e3o que incentive a participa\u00e7\u00e3o de alunos da rede p\u00fablica nas sess\u00f5es ordin\u00e1rias do Legislativo, especialmente os estudantes da quinta s\u00e9rie. A proposta tem como principal objetivo aproximar os jovens do funcionamento do Poder [&hellip;]<\/p>\n","protected":false},"author":3,"featured_media":27100,"comment_status":"open","ping_status":"closed","sticky":false,"template":"","format":"standard","meta":{"footnotes":""},"categories":[35,33],"tags":[],"class_list":["post-27099","post","type-post","status-publish","format-standard","has-post-thumbnail","hentry","category-cidades","category-politica"],"yoast_head":"<!-- This site is optimized with the Yoast SEO plugin v27.5 - https:\/\/yoast.com\/product\/yoast-seo-wordpress\/ -->\n<title>Vereador Bruno Barros prop\u00f5e incentivo \u00e0 participa\u00e7\u00e3o de alunos nas sess\u00f5es da C\u00e2mara - MsConectado<\/title>\n<meta name=\"robots\" content=\"index, follow, max-snippet:-1, max-image-preview:large, max-video-preview:-1\" \/>\n<link rel=\"canonical\" href=\"https:\/\/msconectado.com.br\/?p=27099\" \/>\n<meta property=\"og:locale\" content=\"pt_BR\" \/>\n<meta property=\"og:type\" content=\"article\" \/>\n<meta property=\"og:title\" content=\"Vereador Bruno Barros prop\u00f5e incentivo \u00e0 participa\u00e7\u00e3o de alunos nas sess\u00f5es da C\u00e2mara - MsConectado\" \/>\n<meta property=\"og:description\" content=\"Durante a 4\u00aa Sess\u00e3o Ordin\u00e1ria da C\u00e2mara Municipal de Maracaju, o vereador Bruno Barros apresentou requerimento solicitando \u00e0 Secretaria Municipal de Educa\u00e7\u00e3o que incentive a participa\u00e7\u00e3o de alunos da rede p\u00fablica nas sess\u00f5es ordin\u00e1rias do Legislativo, especialmente os estudantes da quinta s\u00e9rie. A proposta tem como principal objetivo aproximar os jovens do funcionamento do Poder [&hellip;]\" \/>\n<meta property=\"og:url\" content=\"https:\/\/msconectado.com.br\/?p=27099\" \/>\n<meta property=\"og:site_name\" content=\"MsConectado\" \/>\n<meta property=\"article:published_time\" content=\"2026-02-23T13:53:05+00:00\" \/>\n<meta property=\"article:modified_time\" content=\"2026-02-23T13:54:05+00:00\" \/>\n<meta property=\"og:image\" content=\"https:\/\/msconectado.com.br\/wp-content\/uploads\/2026\/02\/493902541_1259118789550566_122448145801149294_n-e1771854835895.jpg\" \/>\n\t<meta property=\"og:image:width\" content=\"1597\" \/>\n\t<meta property=\"og:image:height\" content=\"747\" \/>\n\t<meta property=\"og:image:type\" content=\"image\/jpeg\" \/>\n<meta name=\"author\" content=\"Jeferson\" \/>\n<meta name=\"twitter:card\" content=\"summary_large_image\" \/>\n<meta name=\"twitter:label1\" content=\"Escrito por\" \/>\n\t<meta name=\"twitter:data1\" content=\"Jeferson\" \/>\n\t<meta name=\"twitter:label2\" content=\"Est. tempo de leitura\" \/>\n\t<meta name=\"twitter:data2\" content=\"2 minutos\" \/>\n<script type=\"application\/ld+json\" class=\"yoast-schema-graph\">{\"@context\":\"https:\\\/\\\/schema.org\",\"@graph\":[{\"@type\":\"Article\",\"@id\":\"https:\\\/\\\/msconectado.com.br\\\/?p=27099#article\",\"isPartOf\":{\"@id\":\"https:\\\/\\\/msconectado.com.br\\\/?p=27099\"},\"author\":{\"name\":\"Jeferson\",\"@id\":\"https:\\\/\\\/msconectado.com.br\\\/#\\\/schema\\\/person\\\/feb123a95a93eebea36f0ed6a2e5ba48\"},\"headline\":\"Vereador Bruno Barros prop\u00f5e incentivo \u00e0 participa\u00e7\u00e3o de alunos nas sess\u00f5es da C\u00e2mara\",\"datePublished\":\"2026-02-23T13:53:05+00:00\",\"dateModified\":\"2026-02-23T13:54:05+00:00\",\"mainEntityOfPage\":{\"@id\":\"https:\\\/\\\/msconectado.com.br\\\/?p=27099\"},\"wordCount\":242,\"commentCount\":0,\"publisher\":{\"@id\":\"https:\\\/\\\/msconectado.com.br\\\/#organization\"},\"image\":{\"@id\":\"https:\\\/\\\/msconectado.com.br\\\/?p=27099#primaryimage\"},\"thumbnailUrl\":\"https:\\\/\\\/msconectado.com.br\\\/wp-content\\\/uploads\\\/2026\\\/02\\\/493902541_1259118789550566_122448145801149294_n-e1771854835895.jpg\",\"articleSection\":[\"Cidades\",\"Pol\u00edtica\"],\"inLanguage\":\"pt-BR\",\"potentialAction\":[{\"@type\":\"CommentAction\",\"name\":\"Comment\",\"target\":[\"https:\\\/\\\/msconectado.com.br\\\/?p=27099#respond\"]}]},{\"@type\":\"WebPage\",\"@id\":\"https:\\\/\\\/msconectado.com.br\\\/?p=27099\",\"url\":\"https:\\\/\\\/msconectado.com.br\\\/?p=27099\",\"name\":\"Vereador Bruno Barros prop\u00f5e incentivo \u00e0 participa\u00e7\u00e3o de alunos nas sess\u00f5es da C\u00e2mara - MsConectado\",\"isPartOf\":{\"@id\":\"https:\\\/\\\/msconectado.com.br\\\/#website\"},\"primaryImageOfPage\":{\"@id\":\"https:\\\/\\\/msconectado.com.br\\\/?p=27099#primaryimage\"},\"image\":{\"@id\":\"https:\\\/\\\/msconectado.com.br\\\/?p=27099#primaryimage\"},\"thumbnailUrl\":\"https:\\\/\\\/msconectado.com.br\\\/wp-content\\\/uploads\\\/2026\\\/02\\\/493902541_1259118789550566_122448145801149294_n-e1771854835895.jpg\",\"datePublished\":\"2026-02-23T13:53:05+00:00\",\"dateModified\":\"2026-02-23T13:54:05+00:00\",\"breadcrumb\":{\"@id\":\"https:\\\/\\\/msconectado.com.br\\\/?p=27099#breadcrumb\"},\"inLanguage\":\"pt-BR\",\"potentialAction\":[{\"@type\":\"ReadAction\",\"target\":[\"https:\\\/\\\/msconectado.com.br\\\/?p=27099\"]}]},{\"@type\":\"ImageObject\",\"inLanguage\":\"pt-BR\",\"@id\":\"https:\\\/\\\/msconectado.com.br\\\/?p=27099#primaryimage\",\"url\":\"https:\\\/\\\/msconectado.com.br\\\/wp-content\\\/uploads\\\/2026\\\/02\\\/493902541_1259118789550566_122448145801149294_n-e1771854835895.jpg\",\"contentUrl\":\"https:\\\/\\\/msconectado.com.br\\\/wp-content\\\/uploads\\\/2026\\\/02\\\/493902541_1259118789550566_122448145801149294_n-e1771854835895.jpg\",\"width\":1597,\"height\":747},{\"@type\":\"BreadcrumbList\",\"@id\":\"https:\\\/\\\/msconectado.com.br\\\/?p=27099#breadcrumb\",\"itemListElement\":[{\"@type\":\"ListItem\",\"position\":1,\"name\":\"In\u00edcio\",\"item\":\"https:\\\/\\\/msconectado.com.br\\\/?page_id=105\"},{\"@type\":\"ListItem\",\"position\":2,\"name\":\"Vereador Bruno Barros prop\u00f5e incentivo \u00e0 participa\u00e7\u00e3o de alunos nas sess\u00f5es da C\u00e2mara\"}]},{\"@type\":\"WebSite\",\"@id\":\"https:\\\/\\\/msconectado.com.br\\\/#website\",\"url\":\"https:\\\/\\\/msconectado.com.br\\\/\",\"name\":\"MsConectado\",\"description\":\"Voc\u00ea Conectado com a Not\u00edcia!\",\"publisher\":{\"@id\":\"https:\\\/\\\/msconectado.com.br\\\/#organization\"},\"potentialAction\":[{\"@type\":\"SearchAction\",\"target\":{\"@type\":\"EntryPoint\",\"urlTemplate\":\"https:\\\/\\\/msconectado.com.br\\\/?s={search_term_string}\"},\"query-input\":{\"@type\":\"PropertyValueSpecification\",\"valueRequired\":true,\"valueName\":\"search_term_string\"}}],\"inLanguage\":\"pt-BR\"},{\"@type\":\"Organization\",\"@id\":\"https:\\\/\\\/msconectado.com.br\\\/#organization\",\"name\":\"MsConectado\",\"url\":\"https:\\\/\\\/msconectado.com.br\\\/\",\"logo\":{\"@type\":\"ImageObject\",\"inLanguage\":\"pt-BR\",\"@id\":\"https:\\\/\\\/msconectado.com.br\\\/#\\\/schema\\\/logo\\\/image\\\/\",\"url\":\"https:\\\/\\\/msconectado.com.br\\\/wp-content\\\/uploads\\\/2023\\\/01\\\/cropped-noticia-2.png\",\"contentUrl\":\"https:\\\/\\\/msconectado.com.br\\\/wp-content\\\/uploads\\\/2023\\\/01\\\/cropped-noticia-2.png\",\"width\":720,\"height\":157,\"caption\":\"MsConectado\"},\"image\":{\"@id\":\"https:\\\/\\\/msconectado.com.br\\\/#\\\/schema\\\/logo\\\/image\\\/\"}},{\"@type\":\"Person\",\"@id\":\"https:\\\/\\\/msconectado.com.br\\\/#\\\/schema\\\/person\\\/feb123a95a93eebea36f0ed6a2e5ba48\",\"name\":\"Jeferson\",\"image\":{\"@type\":\"ImageObject\",\"inLanguage\":\"pt-BR\",\"@id\":\"https:\\\/\\\/secure.gravatar.com\\\/avatar\\\/e23e8901c88f0cdc0ad479ef7a39bf3e4c806344549c087c00b721a65549a328?s=96&d=mm&r=g\",\"url\":\"https:\\\/\\\/secure.gravatar.com\\\/avatar\\\/e23e8901c88f0cdc0ad479ef7a39bf3e4c806344549c087c00b721a65549a328?s=96&d=mm&r=g\",\"contentUrl\":\"https:\\\/\\\/secure.gravatar.com\\\/avatar\\\/e23e8901c88f0cdc0ad479ef7a39bf3e4c806344549c087c00b721a65549a328?s=96&d=mm&r=g\",\"caption\":\"Jeferson\"},\"url\":\"https:\\\/\\\/msconectado.com.br\\\/?author=3\"}]}<\/script>\n<!-- \/ Yoast SEO plugin. -->","yoast_head_json":{"title":"Vereador Bruno Barros prop\u00f5e incentivo \u00e0 participa\u00e7\u00e3o de alunos nas sess\u00f5es da C\u00e2mara - MsConectado","robots":{"index":"index","follow":"follow","max-snippet":"max-snippet:-1","max-image-preview":"max-image-preview:large","max-video-preview":"max-video-preview:-1"},"canonical":"https:\/\/msconectado.com.br\/?p=27099","og_locale":"pt_BR","og_type":"article","og_title":"Vereador Bruno Barros prop\u00f5e incentivo \u00e0 participa\u00e7\u00e3o de alunos nas sess\u00f5es da C\u00e2mara - MsConectado","og_description":"Durante a 4\u00aa Sess\u00e3o Ordin\u00e1ria da C\u00e2mara Municipal de Maracaju, o vereador Bruno Barros apresentou requerimento solicitando \u00e0 Secretaria Municipal de Educa\u00e7\u00e3o que incentive a participa\u00e7\u00e3o de alunos da rede p\u00fablica nas sess\u00f5es ordin\u00e1rias do Legislativo, especialmente os estudantes da quinta s\u00e9rie. A proposta tem como principal objetivo aproximar os jovens do funcionamento do Poder [&hellip;]","og_url":"https:\/\/msconectado.com.br\/?p=27099","og_site_name":"MsConectado","article_published_time":"2026-02-23T13:53:05+00:00","article_modified_time":"2026-02-23T13:54:05+00:00","og_image":[{"width":1597,"height":747,"url":"https:\/\/msconectado.com.br\/wp-content\/uploads\/2026\/02\/493902541_1259118789550566_122448145801149294_n-e1771854835895.jpg","type":"image\/jpeg"}],"author":"Jeferson","twitter_card":"summary_large_image","twitter_misc":{"Escrito por":"Jeferson","Est. tempo de leitura":"2 minutos"},"schema":{"@context":"https:\/\/schema.org","@graph":[{"@type":"Article","@id":"https:\/\/msconectado.com.br\/?p=27099#article","isPartOf":{"@id":"https:\/\/msconectado.com.br\/?p=27099"},"author":{"name":"Jeferson","@id":"https:\/\/msconectado.com.br\/#\/schema\/person\/feb123a95a93eebea36f0ed6a2e5ba48"},"headline":"Vereador Bruno Barros prop\u00f5e incentivo \u00e0 participa\u00e7\u00e3o de alunos nas sess\u00f5es da C\u00e2mara","datePublished":"2026-02-23T13:53:05+00:00","dateModified":"2026-02-23T13:54:05+00:00","mainEntityOfPage":{"@id":"https:\/\/msconectado.com.br\/?p=27099"},"wordCount":242,"commentCount":0,"publisher":{"@id":"https:\/\/msconectado.com.br\/#organization"},"image":{"@id":"https:\/\/msconectado.com.br\/?p=27099#primaryimage"},"thumbnailUrl":"https:\/\/msconectado.com.br\/wp-content\/uploads\/2026\/02\/493902541_1259118789550566_122448145801149294_n-e1771854835895.jpg","articleSection":["Cidades","Pol\u00edtica"],"inLanguage":"pt-BR","potentialAction":[{"@type":"CommentAction","name":"Comment","target":["https:\/\/msconectado.com.br\/?p=27099#respond"]}]},{"@type":"WebPage","@id":"https:\/\/msconectado.com.br\/?p=27099","url":"https:\/\/msconectado.com.br\/?p=27099","name":"Vereador Bruno Barros prop\u00f5e incentivo \u00e0 participa\u00e7\u00e3o de alunos nas sess\u00f5es da C\u00e2mara - MsConectado","isPartOf":{"@id":"https:\/\/msconectado.com.br\/#website"},"primaryImageOfPage":{"@id":"https:\/\/msconectado.com.br\/?p=27099#primaryimage"},"image":{"@id":"https:\/\/msconectado.com.br\/?p=27099#primaryimage"},"thumbnailUrl":"https:\/\/msconectado.com.br\/wp-content\/uploads\/2026\/02\/493902541_1259118789550566_122448145801149294_n-e1771854835895.jpg","datePublished":"2026-02-23T13:53:05+00:00","dateModified":"2026-02-23T13:54:05+00:00","breadcrumb":{"@id":"https:\/\/msconectado.com.br\/?p=27099#breadcrumb"},"inLanguage":"pt-BR","potentialAction":[{"@type":"ReadAction","target":["https:\/\/msconectado.com.br\/?p=27099"]}]},{"@type":"ImageObject","inLanguage":"pt-BR","@id":"https:\/\/msconectado.com.br\/?p=27099#primaryimage","url":"https:\/\/msconectado.com.br\/wp-content\/uploads\/2026\/02\/493902541_1259118789550566_122448145801149294_n-e1771854835895.jpg","contentUrl":"https:\/\/msconectado.com.br\/wp-content\/uploads\/2026\/02\/493902541_1259118789550566_122448145801149294_n-e1771854835895.jpg","width":1597,"height":747},{"@type":"BreadcrumbList","@id":"https:\/\/msconectado.com.br\/?p=27099#breadcrumb","itemListElement":[{"@type":"ListItem","position":1,"name":"In\u00edcio","item":"https:\/\/msconectado.com.br\/?page_id=105"},{"@type":"ListItem","position":2,"name":"Vereador Bruno Barros prop\u00f5e incentivo \u00e0 participa\u00e7\u00e3o de alunos nas sess\u00f5es da C\u00e2mara"}]},{"@type":"WebSite","@id":"https:\/\/msconectado.com.br\/#website","url":"https:\/\/msconectado.com.br\/","name":"MsConectado","description":"Voc\u00ea Conectado com a Not\u00edcia!","publisher":{"@id":"https:\/\/msconectado.com.br\/#organization"},"potentialAction":[{"@type":"SearchAction","target":{"@type":"EntryPoint","urlTemplate":"https:\/\/msconectado.com.br\/?s={search_term_string}"},"query-input":{"@type":"PropertyValueSpecification","valueRequired":true,"valueName":"search_term_string"}}],"inLanguage":"pt-BR"},{"@type":"Organization","@id":"https:\/\/msconectado.com.br\/#organization","name":"MsConectado","url":"https:\/\/msconectado.com.br\/","logo":{"@type":"ImageObject","inLanguage":"pt-BR","@id":"https:\/\/msconectado.com.br\/#\/schema\/logo\/image\/","url":"https:\/\/msconectado.com.br\/wp-content\/uploads\/2023\/01\/cropped-noticia-2.png","contentUrl":"https:\/\/msconectado.com.br\/wp-content\/uploads\/2023\/01\/cropped-noticia-2.png","width":720,"height":157,"caption":"MsConectado"},"image":{"@id":"https:\/\/msconectado.com.br\/#\/schema\/logo\/image\/"}},{"@type":"Person","@id":"https:\/\/msconectado.com.br\/#\/schema\/person\/feb123a95a93eebea36f0ed6a2e5ba48","name":"Jeferson","image":{"@type":"ImageObject","inLanguage":"pt-BR","@id":"https:\/\/secure.gravatar.com\/avatar\/e23e8901c88f0cdc0ad479ef7a39bf3e4c806344549c087c00b721a65549a328?s=96&d=mm&r=g","url":"https:\/\/secure.gravatar.com\/avatar\/e23e8901c88f0cdc0ad479ef7a39bf3e4c806344549c087c00b721a65549a328?s=96&d=mm&r=g","contentUrl":"https:\/\/secure.gravatar.com\/avatar\/e23e8901c88f0cdc0ad479ef7a39bf3e4c806344549c087c00b721a65549a328?s=96&d=mm&r=g","caption":"Jeferson"},"url":"https:\/\/msconectado.com.br\/?author=3"}]}},"_links":{"self":[{"href":"https:\/\/msconectado.com.br\/index.php?rest_route=\/wp\/v2\/posts\/27099","targetHints":{"allow":["GET"]}}],"collection":[{"href":"https:\/\/msconectado.com.br\/index.php?rest_route=\/wp\/v2\/posts"}],"about":[{"href":"https:\/\/msconectado.com.br\/index.php?rest_route=\/wp\/v2\/types\/post"}],"author":[{"embeddable":true,"href":"https:\/\/msconectado.com.br\/index.php?rest_route=\/wp\/v2\/users\/3"}],"replies":[{"embeddable":true,"href":"https:\/\/msconectado.com.br\/index.php?rest_route=%2Fwp%2Fv2%2Fcomments&post=27099"}],"version-history":[{"count":1,"href":"https:\/\/msconectado.com.br\/index.php?rest_route=\/wp\/v2\/posts\/27099\/revisions"}],"predecessor-version":[{"id":27101,"href":"https:\/\/msconectado.com.br\/index.php?rest_route=\/wp\/v2\/posts\/27099\/revisions\/27101"}],"wp:featuredmedia":[{"embeddable":true,"href":"https:\/\/msconectado.com.br\/index.php?rest_route=\/wp\/v2\/media\/27100"}],"wp:attachment":[{"href":"https:\/\/msconectado.com.br\/index.php?rest_route=%2Fwp%2Fv2%2Fmedia&parent=27099"}],"wp:term":[{"taxonomy":"category","embeddable":true,"href":"https:\/\/msconectado.com.br\/index.php?rest_route=%2Fwp%2Fv2%2Fcategories&post=27099"},{"taxonomy":"post_tag","embeddable":true,"href":"https:\/\/msconectado.com.br\/index.php?rest_route=%2Fwp%2Fv2%2Ftags&post=27099"}],"curies":[{"name":"wp","href":"https:\/\/api.w.org\/{rel}","templated":true}]}}