
{"id":27121,"date":"2026-02-26T13:30:52","date_gmt":"2026-02-26T13:30:52","guid":{"rendered":"https:\/\/msconectado.com.br\/?p=27121"},"modified":"2026-02-26T13:30:54","modified_gmt":"2026-02-26T13:30:54","slug":"vereadores-aprovam-projetos-e-apresentam-propostas-que-impulsionam-o-progresso-de-rio-brilhante","status":"publish","type":"post","link":"https:\/\/msconectado.com.br\/?p=27121","title":{"rendered":"Vereadores aprovam projetos e apresentam propostas que impulsionam o progresso de Rio Brilhante"},"content":{"rendered":"\n<p>Proposi\u00e7\u00f5es e projetos importantes para o munic\u00edpio foram aprovados pelos vereadores em Sess\u00e3o Ordin\u00e1ria<\/p>\n\n\n\n<p>A C\u00e2mara Municipal de Rio Brilhante realizou, na noite desta segunda-feira (23), a 4\u00aa Sess\u00e3o Ordin\u00e1ria do ano legislativo de 2026, com a aprecia\u00e7\u00e3o de projetos e a apresenta\u00e7\u00e3o de diversas proposi\u00e7\u00f5es voltadas a \u00e1reas como educa\u00e7\u00e3o, infraestrutura, mobilidade urbana, esporte e valoriza\u00e7\u00e3o do funcionalismo p\u00fablico. No Plen\u00e1rio, presen\u00e7a de servidores p\u00fablicos municipais.<\/p>\n\n\n\n<p>Durante a Ordem do Dia, foi colocado em primeira vota\u00e7\u00e3o o Projeto de Lei n\u00ba 06\/2026, de autoria do Poder Executivo, que disp\u00f5e sobre a institui\u00e7\u00e3o da Semana Municipal de Seguran\u00e7a no Tr\u00e2nsito, a ser realizada anualmente no per\u00edodo compreendido entre os dias 15 e 22 do m\u00eas de mar\u00e7o.<\/p>\n\n\n\n<p>Entre as proposi\u00e7\u00f5es apresentadas pelos parlamentares, o vereador Jeferson da Silva, o Jefinho (Republicanos) solicitou informa\u00e7\u00f5es \u00e0 Secretaria Municipal de Educa\u00e7\u00e3o sobre o n\u00famero de crian\u00e7as com Transtorno do Espectro Autista (TEA) matriculadas na rede municipal de ensino, bem como a quantidade delas que necessita de um Profissional de Apoio Especializado (PAE) em sala de aula.<\/p>\n\n\n\n<p>J\u00e1 o vereador Daverson Matos (PL) apresentou requerimentos solicitando a presen\u00e7a do secret\u00e1rio municipal de Educa\u00e7\u00e3o para esclarecimentos sobre a implementa\u00e7\u00e3o da Lei Federal n\u00ba 15.326\/2026 \u2013 que inclui os professores da educa\u00e7\u00e3o infantil como profissionais do magist\u00e9rio &#8211; al\u00e9m da realiza\u00e7\u00e3o de audi\u00eancia p\u00fablica para debater o Plano de Cargos, Carreiras e Remunera\u00e7\u00e3o (PCCR) dos servidores municipais. O parlamentar tamb\u00e9m requereu ao Governo do Estado e \u00e0 Agesul a implanta\u00e7\u00e3o de redutores de velocidade na rodovia MS-465, conhecida como Estrada da Suez.<\/p>\n\n\n\n<p>O vereador Paulo C\u00e9sar Alves, o PC (MDB) solicitou estudo para regulariza\u00e7\u00e3o e asfaltamento da pista do aer\u00f3dromo municipal, al\u00e9m da constru\u00e7\u00e3o de uma ponte em concreto sobre o C\u00f3rrego Boa Vista, na MS-455. Tamb\u00e9m apresentou indica\u00e7\u00f5es para constru\u00e7\u00e3o de um complexo esportivo destinado \u00e0 terceira idade, implanta\u00e7\u00e3o de redutores de velocidade no bairro Pr\u00f3 Moradia XIV e manuten\u00e7\u00e3o das placas do Memorial dos Ip\u00eas.<\/p>\n\n\n\n<p>O vereador Rodrigo Laboissier (MDB) indicou a revis\u00e3o salarial dos servidores p\u00fablicos do Executivo Municipal, a retomada das atividades esportivas no campinho do bairro Pr\u00f3 Moradia XV e a instala\u00e7\u00e3o de ilumina\u00e7\u00e3o p\u00fablica em rotat\u00f3ria nas proximidades da Usina Passatempo Cocal, na BR-267.<\/p>\n\n\n\n<p>Por sua vez, o vereador Tucura (Uni\u00e3o) apresentou indica\u00e7\u00f5es voltadas \u00e0 reforma e climatiza\u00e7\u00e3o da Escola Euclides da Cunha, no Distrito de Prud\u00eancio Thomaz, \u00e0 conclus\u00e3o da quadra de esportes do Assentamento Taquara, al\u00e9m da instala\u00e7\u00e3o de c\u00e2meras de seguran\u00e7a em pontos estrat\u00e9gicos do munic\u00edpio e designa\u00e7\u00e3o de equipe para atendimento emergencial na ponte do Rio Brilhante.<\/p>\n\n\n\n<p>Encerrando as proposi\u00e7\u00f5es, o vereador J\u00falio Tolomei (MDB) sugeriu a revitaliza\u00e7\u00e3o do campo de futebol do bairro Nova Rio Brilhante, com pintura das traves, instala\u00e7\u00e3o de redes e a realiza\u00e7\u00e3o do 1\u00ba Campeonato \u201cTerr\u00e3o\u201d de Futebol do munic\u00edpio, em parceria com a FUNCERB.<\/p>\n\n\n\n<p>Assessoria<\/p>\n\n\n<div class=\"wp-block-image\">\n<figure class=\"aligncenter size-full\"><img fetchpriority=\"high\" decoding=\"async\" width=\"900\" height=\"100\" src=\"https:\/\/msconectado.com.br\/wp-content\/uploads\/2026\/02\/Copia-de-BANNER-WEB-900x100-16168-1.gif\" alt=\"\" class=\"wp-image-27098\"\/><\/figure>\n<\/div>","protected":false},"excerpt":{"rendered":"<p>Proposi\u00e7\u00f5es e projetos importantes para o munic\u00edpio foram aprovados pelos vereadores em Sess\u00e3o Ordin\u00e1ria A C\u00e2mara Municipal de Rio Brilhante realizou, na noite desta segunda-feira (23), a 4\u00aa Sess\u00e3o Ordin\u00e1ria do ano legislativo de 2026, com a aprecia\u00e7\u00e3o de projetos e a apresenta\u00e7\u00e3o de diversas proposi\u00e7\u00f5es voltadas a \u00e1reas como educa\u00e7\u00e3o, infraestrutura, mobilidade urbana, esporte [&hellip;]<\/p>\n","protected":false},"author":3,"featured_media":27122,"comment_status":"open","ping_status":"closed","sticky":false,"template":"","format":"standard","meta":{"footnotes":""},"categories":[35,33],"tags":[],"class_list":["post-27121","post","type-post","status-publish","format-standard","has-post-thumbnail","hentry","category-cidades","category-politica"],"yoast_head":"<!-- This site is optimized with the Yoast SEO plugin v27.5 - https:\/\/yoast.com\/product\/yoast-seo-wordpress\/ -->\n<title>Vereadores aprovam projetos e apresentam propostas que impulsionam o progresso de Rio Brilhante - MsConectado<\/title>\n<meta name=\"robots\" content=\"index, follow, max-snippet:-1, max-image-preview:large, max-video-preview:-1\" \/>\n<link rel=\"canonical\" href=\"https:\/\/msconectado.com.br\/?p=27121\" \/>\n<meta property=\"og:locale\" content=\"pt_BR\" \/>\n<meta property=\"og:type\" content=\"article\" \/>\n<meta property=\"og:title\" content=\"Vereadores aprovam projetos e apresentam propostas que impulsionam o progresso de Rio Brilhante - MsConectado\" \/>\n<meta property=\"og:description\" content=\"Proposi\u00e7\u00f5es e projetos importantes para o munic\u00edpio foram aprovados pelos vereadores em Sess\u00e3o Ordin\u00e1ria A C\u00e2mara Municipal de Rio Brilhante realizou, na noite desta segunda-feira (23), a 4\u00aa Sess\u00e3o Ordin\u00e1ria do ano legislativo de 2026, com a aprecia\u00e7\u00e3o de projetos e a apresenta\u00e7\u00e3o de diversas proposi\u00e7\u00f5es voltadas a \u00e1reas como educa\u00e7\u00e3o, infraestrutura, mobilidade urbana, esporte [&hellip;]\" \/>\n<meta property=\"og:url\" content=\"https:\/\/msconectado.com.br\/?p=27121\" \/>\n<meta property=\"og:site_name\" content=\"MsConectado\" \/>\n<meta property=\"article:published_time\" content=\"2026-02-26T13:30:52+00:00\" \/>\n<meta property=\"article:modified_time\" content=\"2026-02-26T13:30:54+00:00\" \/>\n<meta property=\"og:image\" content=\"https:\/\/msconectado.com.br\/wp-content\/uploads\/2026\/02\/33a84e3a-d8fd-491a-9d90-0be7e8a0e9ec.jpg\" \/>\n\t<meta property=\"og:image:width\" content=\"1280\" \/>\n\t<meta property=\"og:image:height\" content=\"960\" \/>\n\t<meta property=\"og:image:type\" content=\"image\/jpeg\" \/>\n<meta name=\"author\" content=\"Jeferson\" \/>\n<meta name=\"twitter:card\" content=\"summary_large_image\" \/>\n<meta name=\"twitter:label1\" content=\"Escrito por\" \/>\n\t<meta name=\"twitter:data1\" content=\"Jeferson\" \/>\n\t<meta name=\"twitter:label2\" content=\"Est. tempo de leitura\" \/>\n\t<meta name=\"twitter:data2\" content=\"3 minutos\" \/>\n<script type=\"application\/ld+json\" class=\"yoast-schema-graph\">{\"@context\":\"https:\\\/\\\/schema.org\",\"@graph\":[{\"@type\":\"Article\",\"@id\":\"https:\\\/\\\/msconectado.com.br\\\/?p=27121#article\",\"isPartOf\":{\"@id\":\"https:\\\/\\\/msconectado.com.br\\\/?p=27121\"},\"author\":{\"name\":\"Jeferson\",\"@id\":\"https:\\\/\\\/msconectado.com.br\\\/#\\\/schema\\\/person\\\/feb123a95a93eebea36f0ed6a2e5ba48\"},\"headline\":\"Vereadores aprovam projetos e apresentam propostas que impulsionam o progresso de Rio Brilhante\",\"datePublished\":\"2026-02-26T13:30:52+00:00\",\"dateModified\":\"2026-02-26T13:30:54+00:00\",\"mainEntityOfPage\":{\"@id\":\"https:\\\/\\\/msconectado.com.br\\\/?p=27121\"},\"wordCount\":543,\"commentCount\":0,\"publisher\":{\"@id\":\"https:\\\/\\\/msconectado.com.br\\\/#organization\"},\"image\":{\"@id\":\"https:\\\/\\\/msconectado.com.br\\\/?p=27121#primaryimage\"},\"thumbnailUrl\":\"https:\\\/\\\/msconectado.com.br\\\/wp-content\\\/uploads\\\/2026\\\/02\\\/33a84e3a-d8fd-491a-9d90-0be7e8a0e9ec.jpg\",\"articleSection\":[\"Cidades\",\"Pol\u00edtica\"],\"inLanguage\":\"pt-BR\",\"potentialAction\":[{\"@type\":\"CommentAction\",\"name\":\"Comment\",\"target\":[\"https:\\\/\\\/msconectado.com.br\\\/?p=27121#respond\"]}]},{\"@type\":\"WebPage\",\"@id\":\"https:\\\/\\\/msconectado.com.br\\\/?p=27121\",\"url\":\"https:\\\/\\\/msconectado.com.br\\\/?p=27121\",\"name\":\"Vereadores aprovam projetos e apresentam propostas que impulsionam o progresso de Rio Brilhante - MsConectado\",\"isPartOf\":{\"@id\":\"https:\\\/\\\/msconectado.com.br\\\/#website\"},\"primaryImageOfPage\":{\"@id\":\"https:\\\/\\\/msconectado.com.br\\\/?p=27121#primaryimage\"},\"image\":{\"@id\":\"https:\\\/\\\/msconectado.com.br\\\/?p=27121#primaryimage\"},\"thumbnailUrl\":\"https:\\\/\\\/msconectado.com.br\\\/wp-content\\\/uploads\\\/2026\\\/02\\\/33a84e3a-d8fd-491a-9d90-0be7e8a0e9ec.jpg\",\"datePublished\":\"2026-02-26T13:30:52+00:00\",\"dateModified\":\"2026-02-26T13:30:54+00:00\",\"breadcrumb\":{\"@id\":\"https:\\\/\\\/msconectado.com.br\\\/?p=27121#breadcrumb\"},\"inLanguage\":\"pt-BR\",\"potentialAction\":[{\"@type\":\"ReadAction\",\"target\":[\"https:\\\/\\\/msconectado.com.br\\\/?p=27121\"]}]},{\"@type\":\"ImageObject\",\"inLanguage\":\"pt-BR\",\"@id\":\"https:\\\/\\\/msconectado.com.br\\\/?p=27121#primaryimage\",\"url\":\"https:\\\/\\\/msconectado.com.br\\\/wp-content\\\/uploads\\\/2026\\\/02\\\/33a84e3a-d8fd-491a-9d90-0be7e8a0e9ec.jpg\",\"contentUrl\":\"https:\\\/\\\/msconectado.com.br\\\/wp-content\\\/uploads\\\/2026\\\/02\\\/33a84e3a-d8fd-491a-9d90-0be7e8a0e9ec.jpg\",\"width\":1280,\"height\":960},{\"@type\":\"BreadcrumbList\",\"@id\":\"https:\\\/\\\/msconectado.com.br\\\/?p=27121#breadcrumb\",\"itemListElement\":[{\"@type\":\"ListItem\",\"position\":1,\"name\":\"In\u00edcio\",\"item\":\"https:\\\/\\\/msconectado.com.br\\\/?page_id=105\"},{\"@type\":\"ListItem\",\"position\":2,\"name\":\"Vereadores aprovam projetos e apresentam propostas que impulsionam o progresso de Rio Brilhante\"}]},{\"@type\":\"WebSite\",\"@id\":\"https:\\\/\\\/msconectado.com.br\\\/#website\",\"url\":\"https:\\\/\\\/msconectado.com.br\\\/\",\"name\":\"MsConectado\",\"description\":\"Voc\u00ea Conectado com a Not\u00edcia!\",\"publisher\":{\"@id\":\"https:\\\/\\\/msconectado.com.br\\\/#organization\"},\"potentialAction\":[{\"@type\":\"SearchAction\",\"target\":{\"@type\":\"EntryPoint\",\"urlTemplate\":\"https:\\\/\\\/msconectado.com.br\\\/?s={search_term_string}\"},\"query-input\":{\"@type\":\"PropertyValueSpecification\",\"valueRequired\":true,\"valueName\":\"search_term_string\"}}],\"inLanguage\":\"pt-BR\"},{\"@type\":\"Organization\",\"@id\":\"https:\\\/\\\/msconectado.com.br\\\/#organization\",\"name\":\"MsConectado\",\"url\":\"https:\\\/\\\/msconectado.com.br\\\/\",\"logo\":{\"@type\":\"ImageObject\",\"inLanguage\":\"pt-BR\",\"@id\":\"https:\\\/\\\/msconectado.com.br\\\/#\\\/schema\\\/logo\\\/image\\\/\",\"url\":\"https:\\\/\\\/msconectado.com.br\\\/wp-content\\\/uploads\\\/2023\\\/01\\\/cropped-noticia-2.png\",\"contentUrl\":\"https:\\\/\\\/msconectado.com.br\\\/wp-content\\\/uploads\\\/2023\\\/01\\\/cropped-noticia-2.png\",\"width\":720,\"height\":157,\"caption\":\"MsConectado\"},\"image\":{\"@id\":\"https:\\\/\\\/msconectado.com.br\\\/#\\\/schema\\\/logo\\\/image\\\/\"}},{\"@type\":\"Person\",\"@id\":\"https:\\\/\\\/msconectado.com.br\\\/#\\\/schema\\\/person\\\/feb123a95a93eebea36f0ed6a2e5ba48\",\"name\":\"Jeferson\",\"image\":{\"@type\":\"ImageObject\",\"inLanguage\":\"pt-BR\",\"@id\":\"https:\\\/\\\/secure.gravatar.com\\\/avatar\\\/e23e8901c88f0cdc0ad479ef7a39bf3e4c806344549c087c00b721a65549a328?s=96&d=mm&r=g\",\"url\":\"https:\\\/\\\/secure.gravatar.com\\\/avatar\\\/e23e8901c88f0cdc0ad479ef7a39bf3e4c806344549c087c00b721a65549a328?s=96&d=mm&r=g\",\"contentUrl\":\"https:\\\/\\\/secure.gravatar.com\\\/avatar\\\/e23e8901c88f0cdc0ad479ef7a39bf3e4c806344549c087c00b721a65549a328?s=96&d=mm&r=g\",\"caption\":\"Jeferson\"},\"url\":\"https:\\\/\\\/msconectado.com.br\\\/?author=3\"}]}<\/script>\n<!-- \/ Yoast SEO plugin. -->","yoast_head_json":{"title":"Vereadores aprovam projetos e apresentam propostas que impulsionam o progresso de Rio Brilhante - MsConectado","robots":{"index":"index","follow":"follow","max-snippet":"max-snippet:-1","max-image-preview":"max-image-preview:large","max-video-preview":"max-video-preview:-1"},"canonical":"https:\/\/msconectado.com.br\/?p=27121","og_locale":"pt_BR","og_type":"article","og_title":"Vereadores aprovam projetos e apresentam propostas que impulsionam o progresso de Rio Brilhante - MsConectado","og_description":"Proposi\u00e7\u00f5es e projetos importantes para o munic\u00edpio foram aprovados pelos vereadores em Sess\u00e3o Ordin\u00e1ria A C\u00e2mara Municipal de Rio Brilhante realizou, na noite desta segunda-feira (23), a 4\u00aa Sess\u00e3o Ordin\u00e1ria do ano legislativo de 2026, com a aprecia\u00e7\u00e3o de projetos e a apresenta\u00e7\u00e3o de diversas proposi\u00e7\u00f5es voltadas a \u00e1reas como educa\u00e7\u00e3o, infraestrutura, mobilidade urbana, esporte [&hellip;]","og_url":"https:\/\/msconectado.com.br\/?p=27121","og_site_name":"MsConectado","article_published_time":"2026-02-26T13:30:52+00:00","article_modified_time":"2026-02-26T13:30:54+00:00","og_image":[{"width":1280,"height":960,"url":"https:\/\/msconectado.com.br\/wp-content\/uploads\/2026\/02\/33a84e3a-d8fd-491a-9d90-0be7e8a0e9ec.jpg","type":"image\/jpeg"}],"author":"Jeferson","twitter_card":"summary_large_image","twitter_misc":{"Escrito por":"Jeferson","Est. tempo de leitura":"3 minutos"},"schema":{"@context":"https:\/\/schema.org","@graph":[{"@type":"Article","@id":"https:\/\/msconectado.com.br\/?p=27121#article","isPartOf":{"@id":"https:\/\/msconectado.com.br\/?p=27121"},"author":{"name":"Jeferson","@id":"https:\/\/msconectado.com.br\/#\/schema\/person\/feb123a95a93eebea36f0ed6a2e5ba48"},"headline":"Vereadores aprovam projetos e apresentam propostas que impulsionam o progresso de Rio Brilhante","datePublished":"2026-02-26T13:30:52+00:00","dateModified":"2026-02-26T13:30:54+00:00","mainEntityOfPage":{"@id":"https:\/\/msconectado.com.br\/?p=27121"},"wordCount":543,"commentCount":0,"publisher":{"@id":"https:\/\/msconectado.com.br\/#organization"},"image":{"@id":"https:\/\/msconectado.com.br\/?p=27121#primaryimage"},"thumbnailUrl":"https:\/\/msconectado.com.br\/wp-content\/uploads\/2026\/02\/33a84e3a-d8fd-491a-9d90-0be7e8a0e9ec.jpg","articleSection":["Cidades","Pol\u00edtica"],"inLanguage":"pt-BR","potentialAction":[{"@type":"CommentAction","name":"Comment","target":["https:\/\/msconectado.com.br\/?p=27121#respond"]}]},{"@type":"WebPage","@id":"https:\/\/msconectado.com.br\/?p=27121","url":"https:\/\/msconectado.com.br\/?p=27121","name":"Vereadores aprovam projetos e apresentam propostas que impulsionam o progresso de Rio Brilhante - MsConectado","isPartOf":{"@id":"https:\/\/msconectado.com.br\/#website"},"primaryImageOfPage":{"@id":"https:\/\/msconectado.com.br\/?p=27121#primaryimage"},"image":{"@id":"https:\/\/msconectado.com.br\/?p=27121#primaryimage"},"thumbnailUrl":"https:\/\/msconectado.com.br\/wp-content\/uploads\/2026\/02\/33a84e3a-d8fd-491a-9d90-0be7e8a0e9ec.jpg","datePublished":"2026-02-26T13:30:52+00:00","dateModified":"2026-02-26T13:30:54+00:00","breadcrumb":{"@id":"https:\/\/msconectado.com.br\/?p=27121#breadcrumb"},"inLanguage":"pt-BR","potentialAction":[{"@type":"ReadAction","target":["https:\/\/msconectado.com.br\/?p=27121"]}]},{"@type":"ImageObject","inLanguage":"pt-BR","@id":"https:\/\/msconectado.com.br\/?p=27121#primaryimage","url":"https:\/\/msconectado.com.br\/wp-content\/uploads\/2026\/02\/33a84e3a-d8fd-491a-9d90-0be7e8a0e9ec.jpg","contentUrl":"https:\/\/msconectado.com.br\/wp-content\/uploads\/2026\/02\/33a84e3a-d8fd-491a-9d90-0be7e8a0e9ec.jpg","width":1280,"height":960},{"@type":"BreadcrumbList","@id":"https:\/\/msconectado.com.br\/?p=27121#breadcrumb","itemListElement":[{"@type":"ListItem","position":1,"name":"In\u00edcio","item":"https:\/\/msconectado.com.br\/?page_id=105"},{"@type":"ListItem","position":2,"name":"Vereadores aprovam projetos e apresentam propostas que impulsionam o progresso de Rio Brilhante"}]},{"@type":"WebSite","@id":"https:\/\/msconectado.com.br\/#website","url":"https:\/\/msconectado.com.br\/","name":"MsConectado","description":"Voc\u00ea Conectado com a Not\u00edcia!","publisher":{"@id":"https:\/\/msconectado.com.br\/#organization"},"potentialAction":[{"@type":"SearchAction","target":{"@type":"EntryPoint","urlTemplate":"https:\/\/msconectado.com.br\/?s={search_term_string}"},"query-input":{"@type":"PropertyValueSpecification","valueRequired":true,"valueName":"search_term_string"}}],"inLanguage":"pt-BR"},{"@type":"Organization","@id":"https:\/\/msconectado.com.br\/#organization","name":"MsConectado","url":"https:\/\/msconectado.com.br\/","logo":{"@type":"ImageObject","inLanguage":"pt-BR","@id":"https:\/\/msconectado.com.br\/#\/schema\/logo\/image\/","url":"https:\/\/msconectado.com.br\/wp-content\/uploads\/2023\/01\/cropped-noticia-2.png","contentUrl":"https:\/\/msconectado.com.br\/wp-content\/uploads\/2023\/01\/cropped-noticia-2.png","width":720,"height":157,"caption":"MsConectado"},"image":{"@id":"https:\/\/msconectado.com.br\/#\/schema\/logo\/image\/"}},{"@type":"Person","@id":"https:\/\/msconectado.com.br\/#\/schema\/person\/feb123a95a93eebea36f0ed6a2e5ba48","name":"Jeferson","image":{"@type":"ImageObject","inLanguage":"pt-BR","@id":"https:\/\/secure.gravatar.com\/avatar\/e23e8901c88f0cdc0ad479ef7a39bf3e4c806344549c087c00b721a65549a328?s=96&d=mm&r=g","url":"https:\/\/secure.gravatar.com\/avatar\/e23e8901c88f0cdc0ad479ef7a39bf3e4c806344549c087c00b721a65549a328?s=96&d=mm&r=g","contentUrl":"https:\/\/secure.gravatar.com\/avatar\/e23e8901c88f0cdc0ad479ef7a39bf3e4c806344549c087c00b721a65549a328?s=96&d=mm&r=g","caption":"Jeferson"},"url":"https:\/\/msconectado.com.br\/?author=3"}]}},"_links":{"self":[{"href":"https:\/\/msconectado.com.br\/index.php?rest_route=\/wp\/v2\/posts\/27121","targetHints":{"allow":["GET"]}}],"collection":[{"href":"https:\/\/msconectado.com.br\/index.php?rest_route=\/wp\/v2\/posts"}],"about":[{"href":"https:\/\/msconectado.com.br\/index.php?rest_route=\/wp\/v2\/types\/post"}],"author":[{"embeddable":true,"href":"https:\/\/msconectado.com.br\/index.php?rest_route=\/wp\/v2\/users\/3"}],"replies":[{"embeddable":true,"href":"https:\/\/msconectado.com.br\/index.php?rest_route=%2Fwp%2Fv2%2Fcomments&post=27121"}],"version-history":[{"count":1,"href":"https:\/\/msconectado.com.br\/index.php?rest_route=\/wp\/v2\/posts\/27121\/revisions"}],"predecessor-version":[{"id":27123,"href":"https:\/\/msconectado.com.br\/index.php?rest_route=\/wp\/v2\/posts\/27121\/revisions\/27123"}],"wp:featuredmedia":[{"embeddable":true,"href":"https:\/\/msconectado.com.br\/index.php?rest_route=\/wp\/v2\/media\/27122"}],"wp:attachment":[{"href":"https:\/\/msconectado.com.br\/index.php?rest_route=%2Fwp%2Fv2%2Fmedia&parent=27121"}],"wp:term":[{"taxonomy":"category","embeddable":true,"href":"https:\/\/msconectado.com.br\/index.php?rest_route=%2Fwp%2Fv2%2Fcategories&post=27121"},{"taxonomy":"post_tag","embeddable":true,"href":"https:\/\/msconectado.com.br\/index.php?rest_route=%2Fwp%2Fv2%2Ftags&post=27121"}],"curies":[{"name":"wp","href":"https:\/\/api.w.org\/{rel}","templated":true}]}}