{"id":27174,"date":"2026-03-09T21:38:12","date_gmt":"2026-03-09T21:38:12","guid":{"rendered":"https:\/\/msconectado.com.br\/?p=27174"},"modified":"2026-03-09T21:38:14","modified_gmt":"2026-03-09T21:38:14","slug":"camara-de-maracaju-realiza-a-6a-sessao-ordinaria-com-apresentacao-de-requerimentos-e-indicacoes-voltados-a-comunidade","status":"publish","type":"post","link":"https:\/\/msconectado.com.br\/?p=27174","title":{"rendered":"C\u00e2mara de Maracaju realiza a 6\u00aa Sess\u00e3o Ordin\u00e1ria com apresenta\u00e7\u00e3o de requerimentos e indica\u00e7\u00f5es voltados \u00e0 comunidade"},"content":{"rendered":"\n<p>A C\u00e2mara de Maracaju realizou, nesta segunda-feira (09), a 6\u00aa Sess\u00e3o Ordin\u00e1ria do ano, reunindo os Vereadores para a apresenta\u00e7\u00e3o de requerimentos, pedidos e indica\u00e7\u00f5es voltados a diferentes \u00e1reas do munic\u00edpio, como educa\u00e7\u00e3o, infraestrutura, habita\u00e7\u00e3o, ilumina\u00e7\u00e3o p\u00fablica e estradas rurais.<\/p>\n\n\n\n<p>Entre os temas debatidos, o Vereador Rener Barbosa apresentou requerimento \u00e0 Secretaria Municipal de Educa\u00e7\u00e3o solicitando informa\u00e7\u00f5es sobre o n\u00famero de crian\u00e7as matriculadas em per\u00edodo integral, matutino e vespertino, al\u00e9m da quantidade de vagas dispon\u00edveis em cada per\u00edodo. O Vereador tamb\u00e9m indicou \u00e0 Ger\u00eancia Municipal de Tr\u00e2nsito a realiza\u00e7\u00e3o de sinaliza\u00e7\u00e3o horizontal no cruzamento da Rua Geny, pr\u00f3ximo ao Mercado Fortaleza, e solicitou informa\u00e7\u00f5es sobre a instala\u00e7\u00e3o de sem\u00e1foro do cruzamento da Rua Joaquim Murtinho, pr\u00f3ximo ao CIEI Nossa Senhora Auxiliadora.<\/p>\n\n\n\n<p>O Vereador Robert Ziemann apresentou requerimento \u00e0 Secretaria Municipal de Obras solicitando vistoria em cruzamentos onde \u00e1rvores plantadas recentemente podem estar comprometendo a visibilidade no tr\u00e2nsito.<\/p>\n\n\n\n<p>J\u00e1 o Vereador Vilmar Lu\u00eds encaminhou requerimento \u00e0 Senadora Tereza Cristina solicitando a destina\u00e7\u00e3o de emenda parlamentar de R$ 3 milh\u00f5es para a revitaliza\u00e7\u00e3o e alargamento da Rua Zebul\u00e2ndia, al\u00e9m de uma patrulha mecanizada para manuten\u00e7\u00e3o das estradas vicinais do munic\u00edpio.<\/p>\n\n\n\n<p>Na \u00e1rea da educa\u00e7\u00e3o, o Vereador Bruno Barros solicitou esclarecimentos \u00e0 Secretaria Municipal de Educa\u00e7\u00e3o sobre a distribui\u00e7\u00e3o dos kits escolares. O Vereador Gustavo Veterin\u00e1rio tamb\u00e9m apresentou requerimento \u00e0 Secretaria Municipal de Governo pedindo informa\u00e7\u00f5es sobre a data de in\u00edcio das obras da Casa da Mulher.<\/p>\n\n\n\n<p>O Vereador Daniel solicitou informa\u00e7\u00f5es \u00e0 Secretaria Municipal de Habita\u00e7\u00e3o sobre a fiscaliza\u00e7\u00e3o e as notifica\u00e7\u00f5es das casas do programa Lote Urbanizado e tamb\u00e9m apresentou pedido \u00e0 Secretaria Municipal de Obras para o patrolamento da estrada principal da Aldeia Sucury.<\/p>\n\n\n\n<p>As estradas rurais tamb\u00e9m estiveram entre as pautas da sess\u00e3o. O Vereador Diogo Frizzo indicou \u00e0 Secretaria Municipal de Obras o patrolamento das estradas no Quilombo S\u00e3o Miguel e no Assentamento Santa Guilhermina. J\u00e1 o Vereador Ediney Gomes apresentou duas indica\u00e7\u00f5es: uma ao setor de ilumina\u00e7\u00e3o p\u00fablica solicitando manuten\u00e7\u00e3o e troca de l\u00e2mpadas, e outra \u00e0 Secretaria de Obras pedindo cascalhamento na rota do transporte escolar no Assentamento Santa Guilhermina.<\/p>\n\n\n\n<p>O Vereador Jo\u00e3ozinho Rocha solicitou provid\u00eancias quanto \u00e0 limpeza de terrenos pertencentes ao munic\u00edpio e tamb\u00e9m de \u00e1reas de incorporadoras, pedindo o envio de c\u00f3pias das multas aplicadas a empresas respons\u00e1veis por terrenos sem manuten\u00e7\u00e3o, incluindo \u00e1reas da rede f\u00e9rrea. O Vereador Nego do Povo pediu \u00e0 Secretaria de Obras um levantamento das l\u00e2mpadas queimadas em todos os bairros da cidade. J\u00e1 o Vereador Patrick Ribas apresentou requerimento solicitando limpeza na Rua Ant\u00f4nio de Souza Marcondes.<\/p>\n\n\n\n<p>Durante a sess\u00e3o, o Vereador Catito tamb\u00e9m voltou a abordar a situa\u00e7\u00e3o da empresa Energisa, tema que tem sido frequentemente cobrado pelos Vereadores, especialmente em rela\u00e7\u00e3o \u00e0s demandas e reclama\u00e7\u00f5es da popula\u00e7\u00e3o de Maracaju.<\/p>\n\n\n\n<p>A sess\u00e3o refor\u00e7ou o papel do Legislativo municipal na apresenta\u00e7\u00e3o de demandas da comunidade e no acompanhamento das a\u00e7\u00f5es do poder p\u00fablico em diferentes setores do munic\u00edpio.<\/p>\n\n\n\n<p>Assessoria<\/p>\n\n\n<div class=\"wp-block-image\">\n<figure class=\"aligncenter size-full\"><img fetchpriority=\"high\" decoding=\"async\" width=\"900\" height=\"100\" src=\"https:\/\/msconectado.com.br\/wp-content\/uploads\/2026\/02\/Copia-de-BANNER-WEB-900x100-16168-1.gif\" alt=\"\" class=\"wp-image-27098\"\/><\/figure>\n<\/div>","protected":false},"excerpt":{"rendered":"<p>A C\u00e2mara de Maracaju realizou, nesta segunda-feira (09), a 6\u00aa Sess\u00e3o Ordin\u00e1ria do ano, reunindo os Vereadores para a apresenta\u00e7\u00e3o de requerimentos, pedidos e indica\u00e7\u00f5es voltados a diferentes \u00e1reas do munic\u00edpio, como educa\u00e7\u00e3o, infraestrutura, habita\u00e7\u00e3o, ilumina\u00e7\u00e3o p\u00fablica e estradas rurais. Entre os temas debatidos, o Vereador Rener Barbosa apresentou requerimento \u00e0 Secretaria Municipal de Educa\u00e7\u00e3o [&hellip;]<\/p>\n","protected":false},"author":3,"featured_media":27175,"comment_status":"open","ping_status":"closed","sticky":false,"template":"","format":"standard","meta":{"footnotes":""},"categories":[35,33],"tags":[],"class_list":["post-27174","post","type-post","status-publish","format-standard","has-post-thumbnail","hentry","category-cidades","category-politica"],"yoast_head":"<!-- This site is optimized with the Yoast SEO plugin v27.4 - https:\/\/yoast.com\/product\/yoast-seo-wordpress\/ -->\n<title>C\u00e2mara de Maracaju realiza a 6\u00aa Sess\u00e3o Ordin\u00e1ria com apresenta\u00e7\u00e3o de requerimentos e indica\u00e7\u00f5es voltados \u00e0 comunidade - MsConectado<\/title>\n<meta name=\"robots\" content=\"index, follow, max-snippet:-1, max-image-preview:large, max-video-preview:-1\" \/>\n<link rel=\"canonical\" href=\"https:\/\/msconectado.com.br\/?p=27174\" \/>\n<meta property=\"og:locale\" content=\"pt_BR\" \/>\n<meta property=\"og:type\" content=\"article\" \/>\n<meta property=\"og:title\" content=\"C\u00e2mara de Maracaju realiza a 6\u00aa Sess\u00e3o Ordin\u00e1ria com apresenta\u00e7\u00e3o de requerimentos e indica\u00e7\u00f5es voltados \u00e0 comunidade - MsConectado\" \/>\n<meta property=\"og:description\" content=\"A C\u00e2mara de Maracaju realizou, nesta segunda-feira (09), a 6\u00aa Sess\u00e3o Ordin\u00e1ria do ano, reunindo os Vereadores para a apresenta\u00e7\u00e3o de requerimentos, pedidos e indica\u00e7\u00f5es voltados a diferentes \u00e1reas do munic\u00edpio, como educa\u00e7\u00e3o, infraestrutura, habita\u00e7\u00e3o, ilumina\u00e7\u00e3o p\u00fablica e estradas rurais. Entre os temas debatidos, o Vereador Rener Barbosa apresentou requerimento \u00e0 Secretaria Municipal de Educa\u00e7\u00e3o [&hellip;]\" \/>\n<meta property=\"og:url\" content=\"https:\/\/msconectado.com.br\/?p=27174\" \/>\n<meta property=\"og:site_name\" content=\"MsConectado\" \/>\n<meta property=\"article:published_time\" content=\"2026-03-09T21:38:12+00:00\" \/>\n<meta property=\"article:modified_time\" content=\"2026-03-09T21:38:14+00:00\" \/>\n<meta property=\"og:image\" content=\"https:\/\/msconectado.com.br\/wp-content\/uploads\/2026\/03\/reurb-1.jpg\" \/>\n\t<meta property=\"og:image:width\" content=\"800\" \/>\n\t<meta property=\"og:image:height\" content=\"533\" \/>\n\t<meta property=\"og:image:type\" content=\"image\/jpeg\" \/>\n<meta name=\"author\" content=\"Jeferson\" \/>\n<meta name=\"twitter:card\" content=\"summary_large_image\" \/>\n<meta name=\"twitter:label1\" content=\"Escrito por\" \/>\n\t<meta name=\"twitter:data1\" content=\"Jeferson\" \/>\n\t<meta name=\"twitter:label2\" content=\"Est. tempo de leitura\" \/>\n\t<meta name=\"twitter:data2\" content=\"4 minutos\" \/>\n<script type=\"application\/ld+json\" class=\"yoast-schema-graph\">{\"@context\":\"https:\\\/\\\/schema.org\",\"@graph\":[{\"@type\":\"Article\",\"@id\":\"https:\\\/\\\/msconectado.com.br\\\/?p=27174#article\",\"isPartOf\":{\"@id\":\"https:\\\/\\\/msconectado.com.br\\\/?p=27174\"},\"author\":{\"name\":\"Jeferson\",\"@id\":\"https:\\\/\\\/msconectado.com.br\\\/#\\\/schema\\\/person\\\/feb123a95a93eebea36f0ed6a2e5ba48\"},\"headline\":\"C\u00e2mara de Maracaju realiza a 6\u00aa Sess\u00e3o Ordin\u00e1ria com apresenta\u00e7\u00e3o de requerimentos e indica\u00e7\u00f5es voltados \u00e0 comunidade\",\"datePublished\":\"2026-03-09T21:38:12+00:00\",\"dateModified\":\"2026-03-09T21:38:14+00:00\",\"mainEntityOfPage\":{\"@id\":\"https:\\\/\\\/msconectado.com.br\\\/?p=27174\"},\"wordCount\":566,\"commentCount\":0,\"publisher\":{\"@id\":\"https:\\\/\\\/msconectado.com.br\\\/#organization\"},\"image\":{\"@id\":\"https:\\\/\\\/msconectado.com.br\\\/?p=27174#primaryimage\"},\"thumbnailUrl\":\"https:\\\/\\\/msconectado.com.br\\\/wp-content\\\/uploads\\\/2026\\\/03\\\/reurb-1.jpg\",\"articleSection\":[\"Cidades\",\"Pol\u00edtica\"],\"inLanguage\":\"pt-BR\",\"potentialAction\":[{\"@type\":\"CommentAction\",\"name\":\"Comment\",\"target\":[\"https:\\\/\\\/msconectado.com.br\\\/?p=27174#respond\"]}]},{\"@type\":\"WebPage\",\"@id\":\"https:\\\/\\\/msconectado.com.br\\\/?p=27174\",\"url\":\"https:\\\/\\\/msconectado.com.br\\\/?p=27174\",\"name\":\"C\u00e2mara de Maracaju realiza a 6\u00aa Sess\u00e3o Ordin\u00e1ria com apresenta\u00e7\u00e3o de requerimentos e indica\u00e7\u00f5es voltados \u00e0 comunidade - MsConectado\",\"isPartOf\":{\"@id\":\"https:\\\/\\\/msconectado.com.br\\\/#website\"},\"primaryImageOfPage\":{\"@id\":\"https:\\\/\\\/msconectado.com.br\\\/?p=27174#primaryimage\"},\"image\":{\"@id\":\"https:\\\/\\\/msconectado.com.br\\\/?p=27174#primaryimage\"},\"thumbnailUrl\":\"https:\\\/\\\/msconectado.com.br\\\/wp-content\\\/uploads\\\/2026\\\/03\\\/reurb-1.jpg\",\"datePublished\":\"2026-03-09T21:38:12+00:00\",\"dateModified\":\"2026-03-09T21:38:14+00:00\",\"breadcrumb\":{\"@id\":\"https:\\\/\\\/msconectado.com.br\\\/?p=27174#breadcrumb\"},\"inLanguage\":\"pt-BR\",\"potentialAction\":[{\"@type\":\"ReadAction\",\"target\":[\"https:\\\/\\\/msconectado.com.br\\\/?p=27174\"]}]},{\"@type\":\"ImageObject\",\"inLanguage\":\"pt-BR\",\"@id\":\"https:\\\/\\\/msconectado.com.br\\\/?p=27174#primaryimage\",\"url\":\"https:\\\/\\\/msconectado.com.br\\\/wp-content\\\/uploads\\\/2026\\\/03\\\/reurb-1.jpg\",\"contentUrl\":\"https:\\\/\\\/msconectado.com.br\\\/wp-content\\\/uploads\\\/2026\\\/03\\\/reurb-1.jpg\",\"width\":800,\"height\":533},{\"@type\":\"BreadcrumbList\",\"@id\":\"https:\\\/\\\/msconectado.com.br\\\/?p=27174#breadcrumb\",\"itemListElement\":[{\"@type\":\"ListItem\",\"position\":1,\"name\":\"In\u00edcio\",\"item\":\"https:\\\/\\\/msconectado.com.br\\\/?page_id=105\"},{\"@type\":\"ListItem\",\"position\":2,\"name\":\"C\u00e2mara de Maracaju realiza a 6\u00aa Sess\u00e3o Ordin\u00e1ria com apresenta\u00e7\u00e3o de requerimentos e indica\u00e7\u00f5es voltados \u00e0 comunidade\"}]},{\"@type\":\"WebSite\",\"@id\":\"https:\\\/\\\/msconectado.com.br\\\/#website\",\"url\":\"https:\\\/\\\/msconectado.com.br\\\/\",\"name\":\"MsConectado\",\"description\":\"Voc\u00ea Conectado com a Not\u00edcia!\",\"publisher\":{\"@id\":\"https:\\\/\\\/msconectado.com.br\\\/#organization\"},\"potentialAction\":[{\"@type\":\"SearchAction\",\"target\":{\"@type\":\"EntryPoint\",\"urlTemplate\":\"https:\\\/\\\/msconectado.com.br\\\/?s={search_term_string}\"},\"query-input\":{\"@type\":\"PropertyValueSpecification\",\"valueRequired\":true,\"valueName\":\"search_term_string\"}}],\"inLanguage\":\"pt-BR\"},{\"@type\":\"Organization\",\"@id\":\"https:\\\/\\\/msconectado.com.br\\\/#organization\",\"name\":\"MsConectado\",\"url\":\"https:\\\/\\\/msconectado.com.br\\\/\",\"logo\":{\"@type\":\"ImageObject\",\"inLanguage\":\"pt-BR\",\"@id\":\"https:\\\/\\\/msconectado.com.br\\\/#\\\/schema\\\/logo\\\/image\\\/\",\"url\":\"https:\\\/\\\/msconectado.com.br\\\/wp-content\\\/uploads\\\/2023\\\/01\\\/cropped-noticia-2.png\",\"contentUrl\":\"https:\\\/\\\/msconectado.com.br\\\/wp-content\\\/uploads\\\/2023\\\/01\\\/cropped-noticia-2.png\",\"width\":720,\"height\":157,\"caption\":\"MsConectado\"},\"image\":{\"@id\":\"https:\\\/\\\/msconectado.com.br\\\/#\\\/schema\\\/logo\\\/image\\\/\"}},{\"@type\":\"Person\",\"@id\":\"https:\\\/\\\/msconectado.com.br\\\/#\\\/schema\\\/person\\\/feb123a95a93eebea36f0ed6a2e5ba48\",\"name\":\"Jeferson\",\"image\":{\"@type\":\"ImageObject\",\"inLanguage\":\"pt-BR\",\"@id\":\"https:\\\/\\\/secure.gravatar.com\\\/avatar\\\/e23e8901c88f0cdc0ad479ef7a39bf3e4c806344549c087c00b721a65549a328?s=96&d=mm&r=g\",\"url\":\"https:\\\/\\\/secure.gravatar.com\\\/avatar\\\/e23e8901c88f0cdc0ad479ef7a39bf3e4c806344549c087c00b721a65549a328?s=96&d=mm&r=g\",\"contentUrl\":\"https:\\\/\\\/secure.gravatar.com\\\/avatar\\\/e23e8901c88f0cdc0ad479ef7a39bf3e4c806344549c087c00b721a65549a328?s=96&d=mm&r=g\",\"caption\":\"Jeferson\"},\"url\":\"https:\\\/\\\/msconectado.com.br\\\/?author=3\"}]}<\/script>\n<!-- \/ Yoast SEO plugin. -->","yoast_head_json":{"title":"C\u00e2mara de Maracaju realiza a 6\u00aa Sess\u00e3o Ordin\u00e1ria com apresenta\u00e7\u00e3o de requerimentos e indica\u00e7\u00f5es voltados \u00e0 comunidade - MsConectado","robots":{"index":"index","follow":"follow","max-snippet":"max-snippet:-1","max-image-preview":"max-image-preview:large","max-video-preview":"max-video-preview:-1"},"canonical":"https:\/\/msconectado.com.br\/?p=27174","og_locale":"pt_BR","og_type":"article","og_title":"C\u00e2mara de Maracaju realiza a 6\u00aa Sess\u00e3o Ordin\u00e1ria com apresenta\u00e7\u00e3o de requerimentos e indica\u00e7\u00f5es voltados \u00e0 comunidade - MsConectado","og_description":"A C\u00e2mara de Maracaju realizou, nesta segunda-feira (09), a 6\u00aa Sess\u00e3o Ordin\u00e1ria do ano, reunindo os Vereadores para a apresenta\u00e7\u00e3o de requerimentos, pedidos e indica\u00e7\u00f5es voltados a diferentes \u00e1reas do munic\u00edpio, como educa\u00e7\u00e3o, infraestrutura, habita\u00e7\u00e3o, ilumina\u00e7\u00e3o p\u00fablica e estradas rurais. Entre os temas debatidos, o Vereador Rener Barbosa apresentou requerimento \u00e0 Secretaria Municipal de Educa\u00e7\u00e3o [&hellip;]","og_url":"https:\/\/msconectado.com.br\/?p=27174","og_site_name":"MsConectado","article_published_time":"2026-03-09T21:38:12+00:00","article_modified_time":"2026-03-09T21:38:14+00:00","og_image":[{"width":800,"height":533,"url":"https:\/\/msconectado.com.br\/wp-content\/uploads\/2026\/03\/reurb-1.jpg","type":"image\/jpeg"}],"author":"Jeferson","twitter_card":"summary_large_image","twitter_misc":{"Escrito por":"Jeferson","Est. tempo de leitura":"4 minutos"},"schema":{"@context":"https:\/\/schema.org","@graph":[{"@type":"Article","@id":"https:\/\/msconectado.com.br\/?p=27174#article","isPartOf":{"@id":"https:\/\/msconectado.com.br\/?p=27174"},"author":{"name":"Jeferson","@id":"https:\/\/msconectado.com.br\/#\/schema\/person\/feb123a95a93eebea36f0ed6a2e5ba48"},"headline":"C\u00e2mara de Maracaju realiza a 6\u00aa Sess\u00e3o Ordin\u00e1ria com apresenta\u00e7\u00e3o de requerimentos e indica\u00e7\u00f5es voltados \u00e0 comunidade","datePublished":"2026-03-09T21:38:12+00:00","dateModified":"2026-03-09T21:38:14+00:00","mainEntityOfPage":{"@id":"https:\/\/msconectado.com.br\/?p=27174"},"wordCount":566,"commentCount":0,"publisher":{"@id":"https:\/\/msconectado.com.br\/#organization"},"image":{"@id":"https:\/\/msconectado.com.br\/?p=27174#primaryimage"},"thumbnailUrl":"https:\/\/msconectado.com.br\/wp-content\/uploads\/2026\/03\/reurb-1.jpg","articleSection":["Cidades","Pol\u00edtica"],"inLanguage":"pt-BR","potentialAction":[{"@type":"CommentAction","name":"Comment","target":["https:\/\/msconectado.com.br\/?p=27174#respond"]}]},{"@type":"WebPage","@id":"https:\/\/msconectado.com.br\/?p=27174","url":"https:\/\/msconectado.com.br\/?p=27174","name":"C\u00e2mara de Maracaju realiza a 6\u00aa Sess\u00e3o Ordin\u00e1ria com apresenta\u00e7\u00e3o de requerimentos e indica\u00e7\u00f5es voltados \u00e0 comunidade - MsConectado","isPartOf":{"@id":"https:\/\/msconectado.com.br\/#website"},"primaryImageOfPage":{"@id":"https:\/\/msconectado.com.br\/?p=27174#primaryimage"},"image":{"@id":"https:\/\/msconectado.com.br\/?p=27174#primaryimage"},"thumbnailUrl":"https:\/\/msconectado.com.br\/wp-content\/uploads\/2026\/03\/reurb-1.jpg","datePublished":"2026-03-09T21:38:12+00:00","dateModified":"2026-03-09T21:38:14+00:00","breadcrumb":{"@id":"https:\/\/msconectado.com.br\/?p=27174#breadcrumb"},"inLanguage":"pt-BR","potentialAction":[{"@type":"ReadAction","target":["https:\/\/msconectado.com.br\/?p=27174"]}]},{"@type":"ImageObject","inLanguage":"pt-BR","@id":"https:\/\/msconectado.com.br\/?p=27174#primaryimage","url":"https:\/\/msconectado.com.br\/wp-content\/uploads\/2026\/03\/reurb-1.jpg","contentUrl":"https:\/\/msconectado.com.br\/wp-content\/uploads\/2026\/03\/reurb-1.jpg","width":800,"height":533},{"@type":"BreadcrumbList","@id":"https:\/\/msconectado.com.br\/?p=27174#breadcrumb","itemListElement":[{"@type":"ListItem","position":1,"name":"In\u00edcio","item":"https:\/\/msconectado.com.br\/?page_id=105"},{"@type":"ListItem","position":2,"name":"C\u00e2mara de Maracaju realiza a 6\u00aa Sess\u00e3o Ordin\u00e1ria com apresenta\u00e7\u00e3o de requerimentos e indica\u00e7\u00f5es voltados \u00e0 comunidade"}]},{"@type":"WebSite","@id":"https:\/\/msconectado.com.br\/#website","url":"https:\/\/msconectado.com.br\/","name":"MsConectado","description":"Voc\u00ea Conectado com a Not\u00edcia!","publisher":{"@id":"https:\/\/msconectado.com.br\/#organization"},"potentialAction":[{"@type":"SearchAction","target":{"@type":"EntryPoint","urlTemplate":"https:\/\/msconectado.com.br\/?s={search_term_string}"},"query-input":{"@type":"PropertyValueSpecification","valueRequired":true,"valueName":"search_term_string"}}],"inLanguage":"pt-BR"},{"@type":"Organization","@id":"https:\/\/msconectado.com.br\/#organization","name":"MsConectado","url":"https:\/\/msconectado.com.br\/","logo":{"@type":"ImageObject","inLanguage":"pt-BR","@id":"https:\/\/msconectado.com.br\/#\/schema\/logo\/image\/","url":"https:\/\/msconectado.com.br\/wp-content\/uploads\/2023\/01\/cropped-noticia-2.png","contentUrl":"https:\/\/msconectado.com.br\/wp-content\/uploads\/2023\/01\/cropped-noticia-2.png","width":720,"height":157,"caption":"MsConectado"},"image":{"@id":"https:\/\/msconectado.com.br\/#\/schema\/logo\/image\/"}},{"@type":"Person","@id":"https:\/\/msconectado.com.br\/#\/schema\/person\/feb123a95a93eebea36f0ed6a2e5ba48","name":"Jeferson","image":{"@type":"ImageObject","inLanguage":"pt-BR","@id":"https:\/\/secure.gravatar.com\/avatar\/e23e8901c88f0cdc0ad479ef7a39bf3e4c806344549c087c00b721a65549a328?s=96&d=mm&r=g","url":"https:\/\/secure.gravatar.com\/avatar\/e23e8901c88f0cdc0ad479ef7a39bf3e4c806344549c087c00b721a65549a328?s=96&d=mm&r=g","contentUrl":"https:\/\/secure.gravatar.com\/avatar\/e23e8901c88f0cdc0ad479ef7a39bf3e4c806344549c087c00b721a65549a328?s=96&d=mm&r=g","caption":"Jeferson"},"url":"https:\/\/msconectado.com.br\/?author=3"}]}},"_links":{"self":[{"href":"https:\/\/msconectado.com.br\/index.php?rest_route=\/wp\/v2\/posts\/27174","targetHints":{"allow":["GET"]}}],"collection":[{"href":"https:\/\/msconectado.com.br\/index.php?rest_route=\/wp\/v2\/posts"}],"about":[{"href":"https:\/\/msconectado.com.br\/index.php?rest_route=\/wp\/v2\/types\/post"}],"author":[{"embeddable":true,"href":"https:\/\/msconectado.com.br\/index.php?rest_route=\/wp\/v2\/users\/3"}],"replies":[{"embeddable":true,"href":"https:\/\/msconectado.com.br\/index.php?rest_route=%2Fwp%2Fv2%2Fcomments&post=27174"}],"version-history":[{"count":1,"href":"https:\/\/msconectado.com.br\/index.php?rest_route=\/wp\/v2\/posts\/27174\/revisions"}],"predecessor-version":[{"id":27176,"href":"https:\/\/msconectado.com.br\/index.php?rest_route=\/wp\/v2\/posts\/27174\/revisions\/27176"}],"wp:featuredmedia":[{"embeddable":true,"href":"https:\/\/msconectado.com.br\/index.php?rest_route=\/wp\/v2\/media\/27175"}],"wp:attachment":[{"href":"https:\/\/msconectado.com.br\/index.php?rest_route=%2Fwp%2Fv2%2Fmedia&parent=27174"}],"wp:term":[{"taxonomy":"category","embeddable":true,"href":"https:\/\/msconectado.com.br\/index.php?rest_route=%2Fwp%2Fv2%2Fcategories&post=27174"},{"taxonomy":"post_tag","embeddable":true,"href":"https:\/\/msconectado.com.br\/index.php?rest_route=%2Fwp%2Fv2%2Ftags&post=27174"}],"curies":[{"name":"wp","href":"https:\/\/api.w.org\/{rel}","templated":true}]}}