{"id":27184,"date":"2026-03-10T15:17:56","date_gmt":"2026-03-10T15:17:56","guid":{"rendered":"https:\/\/msconectado.com.br\/?p=27184"},"modified":"2026-03-10T15:17:59","modified_gmt":"2026-03-10T15:17:59","slug":"presidente-da-camara-de-sidrolandia-gringo-aparece-em-pesquisa-para-deputado-estadual-e-ganha-projecao-no-estado","status":"publish","type":"post","link":"https:\/\/msconectado.com.br\/?p=27184","title":{"rendered":"Presidente da C\u00e2mara de Sidrol\u00e2ndia, Gringo aparece em pesquisa para deputado estadual e ganha proje\u00e7\u00e3o no Estado"},"content":{"rendered":"\n<p>O presidente da C\u00e2mara Municipal de Sidrol\u00e2ndia, <strong>Gringo<\/strong>, come\u00e7a a ganhar destaque no cen\u00e1rio pol\u00edtico estadual. Em recente levantamento sobre as inten\u00e7\u00f5es de voto para <strong>deputado estadual nas elei\u00e7\u00f5es de 2026<\/strong>, o parlamentar aparece com <strong>0,05% das cita\u00e7\u00f5es na pesquisa espont\u00e2nea<\/strong>, demonstrando que seu nome j\u00e1 come\u00e7a a ser lembrado pelos eleitores de Mato Grosso do Sul.<\/p>\n\n\n\n<p>A pesquisa foi realizada pelo <strong>Instituto Ranking Brasil Intelig\u00eancia<\/strong> entre os dias <strong>1\u00ba e 6 de mar\u00e7o de 2026<\/strong>, ouvindo <strong>2.000 moradores com 16 anos ou mais<\/strong>, distribu\u00eddos em <strong>30 munic\u00edpios do Estado<\/strong>. O estudo possui <strong>intervalo de confian\u00e7a de 95%<\/strong> e <strong>margem de erro de 2,2 pontos percentuais para mais ou para menos<\/strong>. O levantamento est\u00e1 <strong>registrado sob os n\u00fameros MS-08644\/2026 e BR-05359\/2026<\/strong>.<\/p>\n\n\n\n<p>Na <strong>pesquisa espont\u00e2nea<\/strong>, quando o entrevistado responde livremente sem receber uma lista de nomes, Gringo aparece entre os citados, o que \u00e9 considerado um indicativo relevante de reconhecimento p\u00fablico, especialmente em um cen\u00e1rio onde muitos eleitores ainda n\u00e3o definiram seus candidatos.<\/p>\n\n\n\n<p>Conhecido por suas <strong>pautas voltadas \u00e0 defesa dos povos ind\u00edgenas e \u00e0s causas sociais<\/strong>, Gringo tem se destacado em Sidrol\u00e2ndia pela atua\u00e7\u00e3o firme no Legislativo municipal e pela proximidade com as comunidades ind\u00edgenas da regi\u00e3o. Sua postura em defesa dos direitos dessas popula\u00e7\u00f5es tem ampliado sua visibilidade pol\u00edtica e fortalecido sua lideran\u00e7a.<\/p>\n\n\n\n<p>Reda\u00e7\u00e3o<\/p>\n\n\n\n<p>Fonte: <strong><a href=\"http:\/\/www.rankingpesquisa.com.br\/\">www.rankingpesquisa.com.br<\/a>\u00a0\u00a0<\/strong><\/p>\n\n\n<div class=\"wp-block-image\">\n<figure class=\"aligncenter size-full\"><img fetchpriority=\"high\" decoding=\"async\" width=\"900\" height=\"100\" src=\"https:\/\/msconectado.com.br\/wp-content\/uploads\/2026\/02\/Novo-Banner-Celerium-MS-CONECTADO.jpg.jpeg\" alt=\"\" class=\"wp-image-27011\" srcset=\"https:\/\/msconectado.com.br\/wp-content\/uploads\/2026\/02\/Novo-Banner-Celerium-MS-CONECTADO.jpg.jpeg 900w, https:\/\/msconectado.com.br\/wp-content\/uploads\/2026\/02\/Novo-Banner-Celerium-MS-CONECTADO.jpg-300x33.jpeg 300w, https:\/\/msconectado.com.br\/wp-content\/uploads\/2026\/02\/Novo-Banner-Celerium-MS-CONECTADO.jpg-768x85.jpeg 768w\" sizes=\"(max-width: 900px) 100vw, 900px\" \/><\/figure>\n<\/div>\n\n\n<p><\/p>\n","protected":false},"excerpt":{"rendered":"<p>O presidente da C\u00e2mara Municipal de Sidrol\u00e2ndia, Gringo, come\u00e7a a ganhar destaque no cen\u00e1rio pol\u00edtico estadual. Em recente levantamento sobre as inten\u00e7\u00f5es de voto para deputado estadual nas elei\u00e7\u00f5es de 2026, o parlamentar aparece com 0,05% das cita\u00e7\u00f5es na pesquisa espont\u00e2nea, demonstrando que seu nome j\u00e1 come\u00e7a a ser lembrado pelos eleitores de Mato Grosso [&hellip;]<\/p>\n","protected":false},"author":3,"featured_media":27185,"comment_status":"open","ping_status":"closed","sticky":false,"template":"","format":"standard","meta":{"footnotes":""},"categories":[1,33],"tags":[],"class_list":["post-27184","post","type-post","status-publish","format-standard","has-post-thumbnail","hentry","category-noticia","category-politica"],"yoast_head":"<!-- This site is optimized with the Yoast SEO plugin v27.4 - https:\/\/yoast.com\/product\/yoast-seo-wordpress\/ -->\n<title>Presidente da C\u00e2mara de Sidrol\u00e2ndia, Gringo aparece em pesquisa para deputado estadual e ganha proje\u00e7\u00e3o no Estado - MsConectado<\/title>\n<meta name=\"robots\" content=\"index, follow, max-snippet:-1, max-image-preview:large, max-video-preview:-1\" \/>\n<link rel=\"canonical\" href=\"https:\/\/msconectado.com.br\/?p=27184\" \/>\n<meta property=\"og:locale\" content=\"pt_BR\" \/>\n<meta property=\"og:type\" content=\"article\" \/>\n<meta property=\"og:title\" content=\"Presidente da C\u00e2mara de Sidrol\u00e2ndia, Gringo aparece em pesquisa para deputado estadual e ganha proje\u00e7\u00e3o no Estado - MsConectado\" \/>\n<meta property=\"og:description\" content=\"O presidente da C\u00e2mara Municipal de Sidrol\u00e2ndia, Gringo, come\u00e7a a ganhar destaque no cen\u00e1rio pol\u00edtico estadual. Em recente levantamento sobre as inten\u00e7\u00f5es de voto para deputado estadual nas elei\u00e7\u00f5es de 2026, o parlamentar aparece com 0,05% das cita\u00e7\u00f5es na pesquisa espont\u00e2nea, demonstrando que seu nome j\u00e1 come\u00e7a a ser lembrado pelos eleitores de Mato Grosso [&hellip;]\" \/>\n<meta property=\"og:url\" content=\"https:\/\/msconectado.com.br\/?p=27184\" \/>\n<meta property=\"og:site_name\" content=\"MsConectado\" \/>\n<meta property=\"article:published_time\" content=\"2026-03-10T15:17:56+00:00\" \/>\n<meta property=\"article:modified_time\" content=\"2026-03-10T15:17:59+00:00\" \/>\n<meta property=\"og:image\" content=\"https:\/\/msconectado.com.br\/wp-content\/uploads\/2026\/03\/sidro-1.jpg\" \/>\n\t<meta property=\"og:image:width\" content=\"1600\" \/>\n\t<meta property=\"og:image:height\" content=\"863\" \/>\n\t<meta property=\"og:image:type\" content=\"image\/jpeg\" \/>\n<meta name=\"author\" content=\"Jeferson\" \/>\n<meta name=\"twitter:card\" content=\"summary_large_image\" \/>\n<meta name=\"twitter:label1\" content=\"Escrito por\" \/>\n\t<meta name=\"twitter:data1\" content=\"Jeferson\" \/>\n\t<meta name=\"twitter:label2\" content=\"Est. tempo de leitura\" \/>\n\t<meta name=\"twitter:data2\" content=\"2 minutos\" \/>\n<script type=\"application\/ld+json\" class=\"yoast-schema-graph\">{\"@context\":\"https:\\\/\\\/schema.org\",\"@graph\":[{\"@type\":\"Article\",\"@id\":\"https:\\\/\\\/msconectado.com.br\\\/?p=27184#article\",\"isPartOf\":{\"@id\":\"https:\\\/\\\/msconectado.com.br\\\/?p=27184\"},\"author\":{\"name\":\"Jeferson\",\"@id\":\"https:\\\/\\\/msconectado.com.br\\\/#\\\/schema\\\/person\\\/feb123a95a93eebea36f0ed6a2e5ba48\"},\"headline\":\"Presidente da C\u00e2mara de Sidrol\u00e2ndia, Gringo aparece em pesquisa para deputado estadual e ganha proje\u00e7\u00e3o no Estado\",\"datePublished\":\"2026-03-10T15:17:56+00:00\",\"dateModified\":\"2026-03-10T15:17:59+00:00\",\"mainEntityOfPage\":{\"@id\":\"https:\\\/\\\/msconectado.com.br\\\/?p=27184\"},\"wordCount\":257,\"commentCount\":0,\"publisher\":{\"@id\":\"https:\\\/\\\/msconectado.com.br\\\/#organization\"},\"image\":{\"@id\":\"https:\\\/\\\/msconectado.com.br\\\/?p=27184#primaryimage\"},\"thumbnailUrl\":\"https:\\\/\\\/msconectado.com.br\\\/wp-content\\\/uploads\\\/2026\\\/03\\\/sidro-1.jpg\",\"articleSection\":[\"Not\u00edcia\",\"Pol\u00edtica\"],\"inLanguage\":\"pt-BR\",\"potentialAction\":[{\"@type\":\"CommentAction\",\"name\":\"Comment\",\"target\":[\"https:\\\/\\\/msconectado.com.br\\\/?p=27184#respond\"]}]},{\"@type\":\"WebPage\",\"@id\":\"https:\\\/\\\/msconectado.com.br\\\/?p=27184\",\"url\":\"https:\\\/\\\/msconectado.com.br\\\/?p=27184\",\"name\":\"Presidente da C\u00e2mara de Sidrol\u00e2ndia, Gringo aparece em pesquisa para deputado estadual e ganha proje\u00e7\u00e3o no Estado - MsConectado\",\"isPartOf\":{\"@id\":\"https:\\\/\\\/msconectado.com.br\\\/#website\"},\"primaryImageOfPage\":{\"@id\":\"https:\\\/\\\/msconectado.com.br\\\/?p=27184#primaryimage\"},\"image\":{\"@id\":\"https:\\\/\\\/msconectado.com.br\\\/?p=27184#primaryimage\"},\"thumbnailUrl\":\"https:\\\/\\\/msconectado.com.br\\\/wp-content\\\/uploads\\\/2026\\\/03\\\/sidro-1.jpg\",\"datePublished\":\"2026-03-10T15:17:56+00:00\",\"dateModified\":\"2026-03-10T15:17:59+00:00\",\"breadcrumb\":{\"@id\":\"https:\\\/\\\/msconectado.com.br\\\/?p=27184#breadcrumb\"},\"inLanguage\":\"pt-BR\",\"potentialAction\":[{\"@type\":\"ReadAction\",\"target\":[\"https:\\\/\\\/msconectado.com.br\\\/?p=27184\"]}]},{\"@type\":\"ImageObject\",\"inLanguage\":\"pt-BR\",\"@id\":\"https:\\\/\\\/msconectado.com.br\\\/?p=27184#primaryimage\",\"url\":\"https:\\\/\\\/msconectado.com.br\\\/wp-content\\\/uploads\\\/2026\\\/03\\\/sidro-1.jpg\",\"contentUrl\":\"https:\\\/\\\/msconectado.com.br\\\/wp-content\\\/uploads\\\/2026\\\/03\\\/sidro-1.jpg\",\"width\":1600,\"height\":863},{\"@type\":\"BreadcrumbList\",\"@id\":\"https:\\\/\\\/msconectado.com.br\\\/?p=27184#breadcrumb\",\"itemListElement\":[{\"@type\":\"ListItem\",\"position\":1,\"name\":\"In\u00edcio\",\"item\":\"https:\\\/\\\/msconectado.com.br\\\/?page_id=105\"},{\"@type\":\"ListItem\",\"position\":2,\"name\":\"Presidente da C\u00e2mara de Sidrol\u00e2ndia, Gringo aparece em pesquisa para deputado estadual e ganha proje\u00e7\u00e3o no Estado\"}]},{\"@type\":\"WebSite\",\"@id\":\"https:\\\/\\\/msconectado.com.br\\\/#website\",\"url\":\"https:\\\/\\\/msconectado.com.br\\\/\",\"name\":\"MsConectado\",\"description\":\"Voc\u00ea Conectado com a Not\u00edcia!\",\"publisher\":{\"@id\":\"https:\\\/\\\/msconectado.com.br\\\/#organization\"},\"potentialAction\":[{\"@type\":\"SearchAction\",\"target\":{\"@type\":\"EntryPoint\",\"urlTemplate\":\"https:\\\/\\\/msconectado.com.br\\\/?s={search_term_string}\"},\"query-input\":{\"@type\":\"PropertyValueSpecification\",\"valueRequired\":true,\"valueName\":\"search_term_string\"}}],\"inLanguage\":\"pt-BR\"},{\"@type\":\"Organization\",\"@id\":\"https:\\\/\\\/msconectado.com.br\\\/#organization\",\"name\":\"MsConectado\",\"url\":\"https:\\\/\\\/msconectado.com.br\\\/\",\"logo\":{\"@type\":\"ImageObject\",\"inLanguage\":\"pt-BR\",\"@id\":\"https:\\\/\\\/msconectado.com.br\\\/#\\\/schema\\\/logo\\\/image\\\/\",\"url\":\"https:\\\/\\\/msconectado.com.br\\\/wp-content\\\/uploads\\\/2023\\\/01\\\/cropped-noticia-2.png\",\"contentUrl\":\"https:\\\/\\\/msconectado.com.br\\\/wp-content\\\/uploads\\\/2023\\\/01\\\/cropped-noticia-2.png\",\"width\":720,\"height\":157,\"caption\":\"MsConectado\"},\"image\":{\"@id\":\"https:\\\/\\\/msconectado.com.br\\\/#\\\/schema\\\/logo\\\/image\\\/\"}},{\"@type\":\"Person\",\"@id\":\"https:\\\/\\\/msconectado.com.br\\\/#\\\/schema\\\/person\\\/feb123a95a93eebea36f0ed6a2e5ba48\",\"name\":\"Jeferson\",\"image\":{\"@type\":\"ImageObject\",\"inLanguage\":\"pt-BR\",\"@id\":\"https:\\\/\\\/secure.gravatar.com\\\/avatar\\\/e23e8901c88f0cdc0ad479ef7a39bf3e4c806344549c087c00b721a65549a328?s=96&d=mm&r=g\",\"url\":\"https:\\\/\\\/secure.gravatar.com\\\/avatar\\\/e23e8901c88f0cdc0ad479ef7a39bf3e4c806344549c087c00b721a65549a328?s=96&d=mm&r=g\",\"contentUrl\":\"https:\\\/\\\/secure.gravatar.com\\\/avatar\\\/e23e8901c88f0cdc0ad479ef7a39bf3e4c806344549c087c00b721a65549a328?s=96&d=mm&r=g\",\"caption\":\"Jeferson\"},\"url\":\"https:\\\/\\\/msconectado.com.br\\\/?author=3\"}]}<\/script>\n<!-- \/ Yoast SEO plugin. -->","yoast_head_json":{"title":"Presidente da C\u00e2mara de Sidrol\u00e2ndia, Gringo aparece em pesquisa para deputado estadual e ganha proje\u00e7\u00e3o no Estado - MsConectado","robots":{"index":"index","follow":"follow","max-snippet":"max-snippet:-1","max-image-preview":"max-image-preview:large","max-video-preview":"max-video-preview:-1"},"canonical":"https:\/\/msconectado.com.br\/?p=27184","og_locale":"pt_BR","og_type":"article","og_title":"Presidente da C\u00e2mara de Sidrol\u00e2ndia, Gringo aparece em pesquisa para deputado estadual e ganha proje\u00e7\u00e3o no Estado - MsConectado","og_description":"O presidente da C\u00e2mara Municipal de Sidrol\u00e2ndia, Gringo, come\u00e7a a ganhar destaque no cen\u00e1rio pol\u00edtico estadual. Em recente levantamento sobre as inten\u00e7\u00f5es de voto para deputado estadual nas elei\u00e7\u00f5es de 2026, o parlamentar aparece com 0,05% das cita\u00e7\u00f5es na pesquisa espont\u00e2nea, demonstrando que seu nome j\u00e1 come\u00e7a a ser lembrado pelos eleitores de Mato Grosso [&hellip;]","og_url":"https:\/\/msconectado.com.br\/?p=27184","og_site_name":"MsConectado","article_published_time":"2026-03-10T15:17:56+00:00","article_modified_time":"2026-03-10T15:17:59+00:00","og_image":[{"width":1600,"height":863,"url":"https:\/\/msconectado.com.br\/wp-content\/uploads\/2026\/03\/sidro-1.jpg","type":"image\/jpeg"}],"author":"Jeferson","twitter_card":"summary_large_image","twitter_misc":{"Escrito por":"Jeferson","Est. tempo de leitura":"2 minutos"},"schema":{"@context":"https:\/\/schema.org","@graph":[{"@type":"Article","@id":"https:\/\/msconectado.com.br\/?p=27184#article","isPartOf":{"@id":"https:\/\/msconectado.com.br\/?p=27184"},"author":{"name":"Jeferson","@id":"https:\/\/msconectado.com.br\/#\/schema\/person\/feb123a95a93eebea36f0ed6a2e5ba48"},"headline":"Presidente da C\u00e2mara de Sidrol\u00e2ndia, Gringo aparece em pesquisa para deputado estadual e ganha proje\u00e7\u00e3o no Estado","datePublished":"2026-03-10T15:17:56+00:00","dateModified":"2026-03-10T15:17:59+00:00","mainEntityOfPage":{"@id":"https:\/\/msconectado.com.br\/?p=27184"},"wordCount":257,"commentCount":0,"publisher":{"@id":"https:\/\/msconectado.com.br\/#organization"},"image":{"@id":"https:\/\/msconectado.com.br\/?p=27184#primaryimage"},"thumbnailUrl":"https:\/\/msconectado.com.br\/wp-content\/uploads\/2026\/03\/sidro-1.jpg","articleSection":["Not\u00edcia","Pol\u00edtica"],"inLanguage":"pt-BR","potentialAction":[{"@type":"CommentAction","name":"Comment","target":["https:\/\/msconectado.com.br\/?p=27184#respond"]}]},{"@type":"WebPage","@id":"https:\/\/msconectado.com.br\/?p=27184","url":"https:\/\/msconectado.com.br\/?p=27184","name":"Presidente da C\u00e2mara de Sidrol\u00e2ndia, Gringo aparece em pesquisa para deputado estadual e ganha proje\u00e7\u00e3o no Estado - MsConectado","isPartOf":{"@id":"https:\/\/msconectado.com.br\/#website"},"primaryImageOfPage":{"@id":"https:\/\/msconectado.com.br\/?p=27184#primaryimage"},"image":{"@id":"https:\/\/msconectado.com.br\/?p=27184#primaryimage"},"thumbnailUrl":"https:\/\/msconectado.com.br\/wp-content\/uploads\/2026\/03\/sidro-1.jpg","datePublished":"2026-03-10T15:17:56+00:00","dateModified":"2026-03-10T15:17:59+00:00","breadcrumb":{"@id":"https:\/\/msconectado.com.br\/?p=27184#breadcrumb"},"inLanguage":"pt-BR","potentialAction":[{"@type":"ReadAction","target":["https:\/\/msconectado.com.br\/?p=27184"]}]},{"@type":"ImageObject","inLanguage":"pt-BR","@id":"https:\/\/msconectado.com.br\/?p=27184#primaryimage","url":"https:\/\/msconectado.com.br\/wp-content\/uploads\/2026\/03\/sidro-1.jpg","contentUrl":"https:\/\/msconectado.com.br\/wp-content\/uploads\/2026\/03\/sidro-1.jpg","width":1600,"height":863},{"@type":"BreadcrumbList","@id":"https:\/\/msconectado.com.br\/?p=27184#breadcrumb","itemListElement":[{"@type":"ListItem","position":1,"name":"In\u00edcio","item":"https:\/\/msconectado.com.br\/?page_id=105"},{"@type":"ListItem","position":2,"name":"Presidente da C\u00e2mara de Sidrol\u00e2ndia, Gringo aparece em pesquisa para deputado estadual e ganha proje\u00e7\u00e3o no Estado"}]},{"@type":"WebSite","@id":"https:\/\/msconectado.com.br\/#website","url":"https:\/\/msconectado.com.br\/","name":"MsConectado","description":"Voc\u00ea Conectado com a Not\u00edcia!","publisher":{"@id":"https:\/\/msconectado.com.br\/#organization"},"potentialAction":[{"@type":"SearchAction","target":{"@type":"EntryPoint","urlTemplate":"https:\/\/msconectado.com.br\/?s={search_term_string}"},"query-input":{"@type":"PropertyValueSpecification","valueRequired":true,"valueName":"search_term_string"}}],"inLanguage":"pt-BR"},{"@type":"Organization","@id":"https:\/\/msconectado.com.br\/#organization","name":"MsConectado","url":"https:\/\/msconectado.com.br\/","logo":{"@type":"ImageObject","inLanguage":"pt-BR","@id":"https:\/\/msconectado.com.br\/#\/schema\/logo\/image\/","url":"https:\/\/msconectado.com.br\/wp-content\/uploads\/2023\/01\/cropped-noticia-2.png","contentUrl":"https:\/\/msconectado.com.br\/wp-content\/uploads\/2023\/01\/cropped-noticia-2.png","width":720,"height":157,"caption":"MsConectado"},"image":{"@id":"https:\/\/msconectado.com.br\/#\/schema\/logo\/image\/"}},{"@type":"Person","@id":"https:\/\/msconectado.com.br\/#\/schema\/person\/feb123a95a93eebea36f0ed6a2e5ba48","name":"Jeferson","image":{"@type":"ImageObject","inLanguage":"pt-BR","@id":"https:\/\/secure.gravatar.com\/avatar\/e23e8901c88f0cdc0ad479ef7a39bf3e4c806344549c087c00b721a65549a328?s=96&d=mm&r=g","url":"https:\/\/secure.gravatar.com\/avatar\/e23e8901c88f0cdc0ad479ef7a39bf3e4c806344549c087c00b721a65549a328?s=96&d=mm&r=g","contentUrl":"https:\/\/secure.gravatar.com\/avatar\/e23e8901c88f0cdc0ad479ef7a39bf3e4c806344549c087c00b721a65549a328?s=96&d=mm&r=g","caption":"Jeferson"},"url":"https:\/\/msconectado.com.br\/?author=3"}]}},"_links":{"self":[{"href":"https:\/\/msconectado.com.br\/index.php?rest_route=\/wp\/v2\/posts\/27184","targetHints":{"allow":["GET"]}}],"collection":[{"href":"https:\/\/msconectado.com.br\/index.php?rest_route=\/wp\/v2\/posts"}],"about":[{"href":"https:\/\/msconectado.com.br\/index.php?rest_route=\/wp\/v2\/types\/post"}],"author":[{"embeddable":true,"href":"https:\/\/msconectado.com.br\/index.php?rest_route=\/wp\/v2\/users\/3"}],"replies":[{"embeddable":true,"href":"https:\/\/msconectado.com.br\/index.php?rest_route=%2Fwp%2Fv2%2Fcomments&post=27184"}],"version-history":[{"count":1,"href":"https:\/\/msconectado.com.br\/index.php?rest_route=\/wp\/v2\/posts\/27184\/revisions"}],"predecessor-version":[{"id":27186,"href":"https:\/\/msconectado.com.br\/index.php?rest_route=\/wp\/v2\/posts\/27184\/revisions\/27186"}],"wp:featuredmedia":[{"embeddable":true,"href":"https:\/\/msconectado.com.br\/index.php?rest_route=\/wp\/v2\/media\/27185"}],"wp:attachment":[{"href":"https:\/\/msconectado.com.br\/index.php?rest_route=%2Fwp%2Fv2%2Fmedia&parent=27184"}],"wp:term":[{"taxonomy":"category","embeddable":true,"href":"https:\/\/msconectado.com.br\/index.php?rest_route=%2Fwp%2Fv2%2Fcategories&post=27184"},{"taxonomy":"post_tag","embeddable":true,"href":"https:\/\/msconectado.com.br\/index.php?rest_route=%2Fwp%2Fv2%2Ftags&post=27184"}],"curies":[{"name":"wp","href":"https:\/\/api.w.org\/{rel}","templated":true}]}}