{"id":27187,"date":"2026-03-11T12:26:16","date_gmt":"2026-03-11T12:26:16","guid":{"rendered":"https:\/\/msconectado.com.br\/?p=27187"},"modified":"2026-03-11T12:26:17","modified_gmt":"2026-03-11T12:26:17","slug":"vereadora-joana-michalski-recebe-trofeu-celina-jallad-na-assembleia-legislativa-de-ms","status":"publish","type":"post","link":"https:\/\/msconectado.com.br\/?p=27187","title":{"rendered":"Vereadora Joana Michalski recebe Trof\u00e9u Celina Jallad na Assembleia Legislativa de MS"},"content":{"rendered":"\n<p>Nesta ter\u00e7a-feira (10), a <strong>Assembleia Legislativa de Mato Grosso do Sul<\/strong> realizou a solenidade de entrega do <strong>Trof\u00e9u Celina Jallad<\/strong>, homenagem concedida a mulheres que se destacam por sua atua\u00e7\u00e3o e contribui\u00e7\u00e3o para a sociedade sul-mato-grossense.<\/p>\n\n\n\n<p>Entre as homenageadas esteve a vereadora de Sidrol\u00e2ndia, <strong>Joana Marques de Almeida Michalski<\/strong>, que recebeu a honraria por indica\u00e7\u00e3o do deputado estadual <strong>Paulo Duarte<\/strong>. O reconhecimento destaca o trabalho desenvolvido pela parlamentar, especialmente nas a\u00e7\u00f5es voltadas \u00e0s <strong>causas sociais no munic\u00edpio<\/strong>.<\/p>\n\n\n\n<p>Joana tem se destacado pela atua\u00e7\u00e3o pr\u00f3xima \u00e0 comunidade, participando de iniciativas e projetos que buscam melhorar a qualidade de vida da popula\u00e7\u00e3o de Sidrol\u00e2ndia, com aten\u00e7\u00e3o especial \u00e0s fam\u00edlias em situa\u00e7\u00e3o de vulnerabilidade.<\/p>\n\n\n\n<p>Na \u00faltima elei\u00e7\u00e3o municipal, Joana tamb\u00e9m conquistou expressiva vota\u00e7\u00e3o, tornando-se <strong>a segunda vereadora mais bem votada de Sidrol\u00e2ndia<\/strong>, resultado que refor\u00e7a o reconhecimento da popula\u00e7\u00e3o ao trabalho que vem realizando.<\/p>\n\n\n\n<p>O <strong>Trof\u00e9u Celina Jallad<\/strong> \u00e9 uma homenagem tradicional da Assembleia Legislativa que celebra a trajet\u00f3ria de mulheres que contribuem para o desenvolvimento social, pol\u00edtico e comunit\u00e1rio de Mato Grosso do Sul, valorizando o protagonismo feminino no Estado.<\/p>\n\n\n\n<p>Reda\u00e7\u00e3o<\/p>\n\n\n<div class=\"wp-block-image\">\n<figure class=\"aligncenter size-full\"><img fetchpriority=\"high\" decoding=\"async\" width=\"900\" height=\"100\" src=\"https:\/\/msconectado.com.br\/wp-content\/uploads\/2026\/03\/IMG_4855.gif\" alt=\"\" class=\"wp-image-27180\"\/><\/figure>\n<\/div>","protected":false},"excerpt":{"rendered":"<p>Nesta ter\u00e7a-feira (10), a Assembleia Legislativa de Mato Grosso do Sul realizou a solenidade de entrega do Trof\u00e9u Celina Jallad, homenagem concedida a mulheres que se destacam por sua atua\u00e7\u00e3o e contribui\u00e7\u00e3o para a sociedade sul-mato-grossense. Entre as homenageadas esteve a vereadora de Sidrol\u00e2ndia, Joana Marques de Almeida Michalski, que recebeu a honraria por indica\u00e7\u00e3o [&hellip;]<\/p>\n","protected":false},"author":3,"featured_media":27188,"comment_status":"open","ping_status":"closed","sticky":false,"template":"","format":"standard","meta":{"footnotes":""},"categories":[38,35,33],"tags":[],"class_list":["post-27187","post","type-post","status-publish","format-standard","has-post-thumbnail","hentry","category-assembleia-legislativa","category-cidades","category-politica"],"yoast_head":"<!-- This site is optimized with the Yoast SEO plugin v27.4 - https:\/\/yoast.com\/product\/yoast-seo-wordpress\/ -->\n<title>Vereadora Joana Michalski recebe Trof\u00e9u Celina Jallad na Assembleia Legislativa de MS - MsConectado<\/title>\n<meta name=\"robots\" content=\"index, follow, max-snippet:-1, max-image-preview:large, max-video-preview:-1\" \/>\n<link rel=\"canonical\" href=\"https:\/\/msconectado.com.br\/?p=27187\" \/>\n<meta property=\"og:locale\" content=\"pt_BR\" \/>\n<meta property=\"og:type\" content=\"article\" \/>\n<meta property=\"og:title\" content=\"Vereadora Joana Michalski recebe Trof\u00e9u Celina Jallad na Assembleia Legislativa de MS - MsConectado\" \/>\n<meta property=\"og:description\" content=\"Nesta ter\u00e7a-feira (10), a Assembleia Legislativa de Mato Grosso do Sul realizou a solenidade de entrega do Trof\u00e9u Celina Jallad, homenagem concedida a mulheres que se destacam por sua atua\u00e7\u00e3o e contribui\u00e7\u00e3o para a sociedade sul-mato-grossense. Entre as homenageadas esteve a vereadora de Sidrol\u00e2ndia, Joana Marques de Almeida Michalski, que recebeu a honraria por indica\u00e7\u00e3o [&hellip;]\" \/>\n<meta property=\"og:url\" content=\"https:\/\/msconectado.com.br\/?p=27187\" \/>\n<meta property=\"og:site_name\" content=\"MsConectado\" \/>\n<meta property=\"article:published_time\" content=\"2026-03-11T12:26:16+00:00\" \/>\n<meta property=\"article:modified_time\" content=\"2026-03-11T12:26:17+00:00\" \/>\n<meta property=\"og:image\" content=\"https:\/\/msconectado.com.br\/wp-content\/uploads\/2026\/03\/Hoje-vivi-um-momento-muito-especial-na-Assembleia-Legislativa.-Fui-homenageada-pelo-Deputado-Es-e1773231964546.jpg\" \/>\n\t<meta property=\"og:image:width\" content=\"1080\" \/>\n\t<meta property=\"og:image:height\" content=\"658\" \/>\n\t<meta property=\"og:image:type\" content=\"image\/jpeg\" \/>\n<meta name=\"author\" content=\"Jeferson\" \/>\n<meta name=\"twitter:card\" content=\"summary_large_image\" \/>\n<meta name=\"twitter:label1\" content=\"Escrito por\" \/>\n\t<meta name=\"twitter:data1\" content=\"Jeferson\" \/>\n\t<meta name=\"twitter:label2\" content=\"Est. tempo de leitura\" \/>\n\t<meta name=\"twitter:data2\" content=\"2 minutos\" \/>\n<script type=\"application\/ld+json\" class=\"yoast-schema-graph\">{\"@context\":\"https:\\\/\\\/schema.org\",\"@graph\":[{\"@type\":\"Article\",\"@id\":\"https:\\\/\\\/msconectado.com.br\\\/?p=27187#article\",\"isPartOf\":{\"@id\":\"https:\\\/\\\/msconectado.com.br\\\/?p=27187\"},\"author\":{\"name\":\"Jeferson\",\"@id\":\"https:\\\/\\\/msconectado.com.br\\\/#\\\/schema\\\/person\\\/feb123a95a93eebea36f0ed6a2e5ba48\"},\"headline\":\"Vereadora Joana Michalski recebe Trof\u00e9u Celina Jallad na Assembleia Legislativa de MS\",\"datePublished\":\"2026-03-11T12:26:16+00:00\",\"dateModified\":\"2026-03-11T12:26:17+00:00\",\"mainEntityOfPage\":{\"@id\":\"https:\\\/\\\/msconectado.com.br\\\/?p=27187\"},\"wordCount\":215,\"commentCount\":0,\"publisher\":{\"@id\":\"https:\\\/\\\/msconectado.com.br\\\/#organization\"},\"image\":{\"@id\":\"https:\\\/\\\/msconectado.com.br\\\/?p=27187#primaryimage\"},\"thumbnailUrl\":\"https:\\\/\\\/msconectado.com.br\\\/wp-content\\\/uploads\\\/2026\\\/03\\\/Hoje-vivi-um-momento-muito-especial-na-Assembleia-Legislativa.-Fui-homenageada-pelo-Deputado-Es-e1773231964546.jpg\",\"articleSection\":[\"Assembleia Legislativa\",\"Cidades\",\"Pol\u00edtica\"],\"inLanguage\":\"pt-BR\",\"potentialAction\":[{\"@type\":\"CommentAction\",\"name\":\"Comment\",\"target\":[\"https:\\\/\\\/msconectado.com.br\\\/?p=27187#respond\"]}]},{\"@type\":\"WebPage\",\"@id\":\"https:\\\/\\\/msconectado.com.br\\\/?p=27187\",\"url\":\"https:\\\/\\\/msconectado.com.br\\\/?p=27187\",\"name\":\"Vereadora Joana Michalski recebe Trof\u00e9u Celina Jallad na Assembleia Legislativa de MS - MsConectado\",\"isPartOf\":{\"@id\":\"https:\\\/\\\/msconectado.com.br\\\/#website\"},\"primaryImageOfPage\":{\"@id\":\"https:\\\/\\\/msconectado.com.br\\\/?p=27187#primaryimage\"},\"image\":{\"@id\":\"https:\\\/\\\/msconectado.com.br\\\/?p=27187#primaryimage\"},\"thumbnailUrl\":\"https:\\\/\\\/msconectado.com.br\\\/wp-content\\\/uploads\\\/2026\\\/03\\\/Hoje-vivi-um-momento-muito-especial-na-Assembleia-Legislativa.-Fui-homenageada-pelo-Deputado-Es-e1773231964546.jpg\",\"datePublished\":\"2026-03-11T12:26:16+00:00\",\"dateModified\":\"2026-03-11T12:26:17+00:00\",\"breadcrumb\":{\"@id\":\"https:\\\/\\\/msconectado.com.br\\\/?p=27187#breadcrumb\"},\"inLanguage\":\"pt-BR\",\"potentialAction\":[{\"@type\":\"ReadAction\",\"target\":[\"https:\\\/\\\/msconectado.com.br\\\/?p=27187\"]}]},{\"@type\":\"ImageObject\",\"inLanguage\":\"pt-BR\",\"@id\":\"https:\\\/\\\/msconectado.com.br\\\/?p=27187#primaryimage\",\"url\":\"https:\\\/\\\/msconectado.com.br\\\/wp-content\\\/uploads\\\/2026\\\/03\\\/Hoje-vivi-um-momento-muito-especial-na-Assembleia-Legislativa.-Fui-homenageada-pelo-Deputado-Es-e1773231964546.jpg\",\"contentUrl\":\"https:\\\/\\\/msconectado.com.br\\\/wp-content\\\/uploads\\\/2026\\\/03\\\/Hoje-vivi-um-momento-muito-especial-na-Assembleia-Legislativa.-Fui-homenageada-pelo-Deputado-Es-e1773231964546.jpg\",\"width\":1080,\"height\":658},{\"@type\":\"BreadcrumbList\",\"@id\":\"https:\\\/\\\/msconectado.com.br\\\/?p=27187#breadcrumb\",\"itemListElement\":[{\"@type\":\"ListItem\",\"position\":1,\"name\":\"In\u00edcio\",\"item\":\"https:\\\/\\\/msconectado.com.br\\\/?page_id=105\"},{\"@type\":\"ListItem\",\"position\":2,\"name\":\"Vereadora Joana Michalski recebe Trof\u00e9u Celina Jallad na Assembleia Legislativa de MS\"}]},{\"@type\":\"WebSite\",\"@id\":\"https:\\\/\\\/msconectado.com.br\\\/#website\",\"url\":\"https:\\\/\\\/msconectado.com.br\\\/\",\"name\":\"MsConectado\",\"description\":\"Voc\u00ea Conectado com a Not\u00edcia!\",\"publisher\":{\"@id\":\"https:\\\/\\\/msconectado.com.br\\\/#organization\"},\"potentialAction\":[{\"@type\":\"SearchAction\",\"target\":{\"@type\":\"EntryPoint\",\"urlTemplate\":\"https:\\\/\\\/msconectado.com.br\\\/?s={search_term_string}\"},\"query-input\":{\"@type\":\"PropertyValueSpecification\",\"valueRequired\":true,\"valueName\":\"search_term_string\"}}],\"inLanguage\":\"pt-BR\"},{\"@type\":\"Organization\",\"@id\":\"https:\\\/\\\/msconectado.com.br\\\/#organization\",\"name\":\"MsConectado\",\"url\":\"https:\\\/\\\/msconectado.com.br\\\/\",\"logo\":{\"@type\":\"ImageObject\",\"inLanguage\":\"pt-BR\",\"@id\":\"https:\\\/\\\/msconectado.com.br\\\/#\\\/schema\\\/logo\\\/image\\\/\",\"url\":\"https:\\\/\\\/msconectado.com.br\\\/wp-content\\\/uploads\\\/2023\\\/01\\\/cropped-noticia-2.png\",\"contentUrl\":\"https:\\\/\\\/msconectado.com.br\\\/wp-content\\\/uploads\\\/2023\\\/01\\\/cropped-noticia-2.png\",\"width\":720,\"height\":157,\"caption\":\"MsConectado\"},\"image\":{\"@id\":\"https:\\\/\\\/msconectado.com.br\\\/#\\\/schema\\\/logo\\\/image\\\/\"}},{\"@type\":\"Person\",\"@id\":\"https:\\\/\\\/msconectado.com.br\\\/#\\\/schema\\\/person\\\/feb123a95a93eebea36f0ed6a2e5ba48\",\"name\":\"Jeferson\",\"image\":{\"@type\":\"ImageObject\",\"inLanguage\":\"pt-BR\",\"@id\":\"https:\\\/\\\/secure.gravatar.com\\\/avatar\\\/e23e8901c88f0cdc0ad479ef7a39bf3e4c806344549c087c00b721a65549a328?s=96&d=mm&r=g\",\"url\":\"https:\\\/\\\/secure.gravatar.com\\\/avatar\\\/e23e8901c88f0cdc0ad479ef7a39bf3e4c806344549c087c00b721a65549a328?s=96&d=mm&r=g\",\"contentUrl\":\"https:\\\/\\\/secure.gravatar.com\\\/avatar\\\/e23e8901c88f0cdc0ad479ef7a39bf3e4c806344549c087c00b721a65549a328?s=96&d=mm&r=g\",\"caption\":\"Jeferson\"},\"url\":\"https:\\\/\\\/msconectado.com.br\\\/?author=3\"}]}<\/script>\n<!-- \/ Yoast SEO plugin. -->","yoast_head_json":{"title":"Vereadora Joana Michalski recebe Trof\u00e9u Celina Jallad na Assembleia Legislativa de MS - MsConectado","robots":{"index":"index","follow":"follow","max-snippet":"max-snippet:-1","max-image-preview":"max-image-preview:large","max-video-preview":"max-video-preview:-1"},"canonical":"https:\/\/msconectado.com.br\/?p=27187","og_locale":"pt_BR","og_type":"article","og_title":"Vereadora Joana Michalski recebe Trof\u00e9u Celina Jallad na Assembleia Legislativa de MS - MsConectado","og_description":"Nesta ter\u00e7a-feira (10), a Assembleia Legislativa de Mato Grosso do Sul realizou a solenidade de entrega do Trof\u00e9u Celina Jallad, homenagem concedida a mulheres que se destacam por sua atua\u00e7\u00e3o e contribui\u00e7\u00e3o para a sociedade sul-mato-grossense. Entre as homenageadas esteve a vereadora de Sidrol\u00e2ndia, Joana Marques de Almeida Michalski, que recebeu a honraria por indica\u00e7\u00e3o [&hellip;]","og_url":"https:\/\/msconectado.com.br\/?p=27187","og_site_name":"MsConectado","article_published_time":"2026-03-11T12:26:16+00:00","article_modified_time":"2026-03-11T12:26:17+00:00","og_image":[{"width":1080,"height":658,"url":"https:\/\/msconectado.com.br\/wp-content\/uploads\/2026\/03\/Hoje-vivi-um-momento-muito-especial-na-Assembleia-Legislativa.-Fui-homenageada-pelo-Deputado-Es-e1773231964546.jpg","type":"image\/jpeg"}],"author":"Jeferson","twitter_card":"summary_large_image","twitter_misc":{"Escrito por":"Jeferson","Est. tempo de leitura":"2 minutos"},"schema":{"@context":"https:\/\/schema.org","@graph":[{"@type":"Article","@id":"https:\/\/msconectado.com.br\/?p=27187#article","isPartOf":{"@id":"https:\/\/msconectado.com.br\/?p=27187"},"author":{"name":"Jeferson","@id":"https:\/\/msconectado.com.br\/#\/schema\/person\/feb123a95a93eebea36f0ed6a2e5ba48"},"headline":"Vereadora Joana Michalski recebe Trof\u00e9u Celina Jallad na Assembleia Legislativa de MS","datePublished":"2026-03-11T12:26:16+00:00","dateModified":"2026-03-11T12:26:17+00:00","mainEntityOfPage":{"@id":"https:\/\/msconectado.com.br\/?p=27187"},"wordCount":215,"commentCount":0,"publisher":{"@id":"https:\/\/msconectado.com.br\/#organization"},"image":{"@id":"https:\/\/msconectado.com.br\/?p=27187#primaryimage"},"thumbnailUrl":"https:\/\/msconectado.com.br\/wp-content\/uploads\/2026\/03\/Hoje-vivi-um-momento-muito-especial-na-Assembleia-Legislativa.-Fui-homenageada-pelo-Deputado-Es-e1773231964546.jpg","articleSection":["Assembleia Legislativa","Cidades","Pol\u00edtica"],"inLanguage":"pt-BR","potentialAction":[{"@type":"CommentAction","name":"Comment","target":["https:\/\/msconectado.com.br\/?p=27187#respond"]}]},{"@type":"WebPage","@id":"https:\/\/msconectado.com.br\/?p=27187","url":"https:\/\/msconectado.com.br\/?p=27187","name":"Vereadora Joana Michalski recebe Trof\u00e9u Celina Jallad na Assembleia Legislativa de MS - MsConectado","isPartOf":{"@id":"https:\/\/msconectado.com.br\/#website"},"primaryImageOfPage":{"@id":"https:\/\/msconectado.com.br\/?p=27187#primaryimage"},"image":{"@id":"https:\/\/msconectado.com.br\/?p=27187#primaryimage"},"thumbnailUrl":"https:\/\/msconectado.com.br\/wp-content\/uploads\/2026\/03\/Hoje-vivi-um-momento-muito-especial-na-Assembleia-Legislativa.-Fui-homenageada-pelo-Deputado-Es-e1773231964546.jpg","datePublished":"2026-03-11T12:26:16+00:00","dateModified":"2026-03-11T12:26:17+00:00","breadcrumb":{"@id":"https:\/\/msconectado.com.br\/?p=27187#breadcrumb"},"inLanguage":"pt-BR","potentialAction":[{"@type":"ReadAction","target":["https:\/\/msconectado.com.br\/?p=27187"]}]},{"@type":"ImageObject","inLanguage":"pt-BR","@id":"https:\/\/msconectado.com.br\/?p=27187#primaryimage","url":"https:\/\/msconectado.com.br\/wp-content\/uploads\/2026\/03\/Hoje-vivi-um-momento-muito-especial-na-Assembleia-Legislativa.-Fui-homenageada-pelo-Deputado-Es-e1773231964546.jpg","contentUrl":"https:\/\/msconectado.com.br\/wp-content\/uploads\/2026\/03\/Hoje-vivi-um-momento-muito-especial-na-Assembleia-Legislativa.-Fui-homenageada-pelo-Deputado-Es-e1773231964546.jpg","width":1080,"height":658},{"@type":"BreadcrumbList","@id":"https:\/\/msconectado.com.br\/?p=27187#breadcrumb","itemListElement":[{"@type":"ListItem","position":1,"name":"In\u00edcio","item":"https:\/\/msconectado.com.br\/?page_id=105"},{"@type":"ListItem","position":2,"name":"Vereadora Joana Michalski recebe Trof\u00e9u Celina Jallad na Assembleia Legislativa de MS"}]},{"@type":"WebSite","@id":"https:\/\/msconectado.com.br\/#website","url":"https:\/\/msconectado.com.br\/","name":"MsConectado","description":"Voc\u00ea Conectado com a Not\u00edcia!","publisher":{"@id":"https:\/\/msconectado.com.br\/#organization"},"potentialAction":[{"@type":"SearchAction","target":{"@type":"EntryPoint","urlTemplate":"https:\/\/msconectado.com.br\/?s={search_term_string}"},"query-input":{"@type":"PropertyValueSpecification","valueRequired":true,"valueName":"search_term_string"}}],"inLanguage":"pt-BR"},{"@type":"Organization","@id":"https:\/\/msconectado.com.br\/#organization","name":"MsConectado","url":"https:\/\/msconectado.com.br\/","logo":{"@type":"ImageObject","inLanguage":"pt-BR","@id":"https:\/\/msconectado.com.br\/#\/schema\/logo\/image\/","url":"https:\/\/msconectado.com.br\/wp-content\/uploads\/2023\/01\/cropped-noticia-2.png","contentUrl":"https:\/\/msconectado.com.br\/wp-content\/uploads\/2023\/01\/cropped-noticia-2.png","width":720,"height":157,"caption":"MsConectado"},"image":{"@id":"https:\/\/msconectado.com.br\/#\/schema\/logo\/image\/"}},{"@type":"Person","@id":"https:\/\/msconectado.com.br\/#\/schema\/person\/feb123a95a93eebea36f0ed6a2e5ba48","name":"Jeferson","image":{"@type":"ImageObject","inLanguage":"pt-BR","@id":"https:\/\/secure.gravatar.com\/avatar\/e23e8901c88f0cdc0ad479ef7a39bf3e4c806344549c087c00b721a65549a328?s=96&d=mm&r=g","url":"https:\/\/secure.gravatar.com\/avatar\/e23e8901c88f0cdc0ad479ef7a39bf3e4c806344549c087c00b721a65549a328?s=96&d=mm&r=g","contentUrl":"https:\/\/secure.gravatar.com\/avatar\/e23e8901c88f0cdc0ad479ef7a39bf3e4c806344549c087c00b721a65549a328?s=96&d=mm&r=g","caption":"Jeferson"},"url":"https:\/\/msconectado.com.br\/?author=3"}]}},"_links":{"self":[{"href":"https:\/\/msconectado.com.br\/index.php?rest_route=\/wp\/v2\/posts\/27187","targetHints":{"allow":["GET"]}}],"collection":[{"href":"https:\/\/msconectado.com.br\/index.php?rest_route=\/wp\/v2\/posts"}],"about":[{"href":"https:\/\/msconectado.com.br\/index.php?rest_route=\/wp\/v2\/types\/post"}],"author":[{"embeddable":true,"href":"https:\/\/msconectado.com.br\/index.php?rest_route=\/wp\/v2\/users\/3"}],"replies":[{"embeddable":true,"href":"https:\/\/msconectado.com.br\/index.php?rest_route=%2Fwp%2Fv2%2Fcomments&post=27187"}],"version-history":[{"count":1,"href":"https:\/\/msconectado.com.br\/index.php?rest_route=\/wp\/v2\/posts\/27187\/revisions"}],"predecessor-version":[{"id":27189,"href":"https:\/\/msconectado.com.br\/index.php?rest_route=\/wp\/v2\/posts\/27187\/revisions\/27189"}],"wp:featuredmedia":[{"embeddable":true,"href":"https:\/\/msconectado.com.br\/index.php?rest_route=\/wp\/v2\/media\/27188"}],"wp:attachment":[{"href":"https:\/\/msconectado.com.br\/index.php?rest_route=%2Fwp%2Fv2%2Fmedia&parent=27187"}],"wp:term":[{"taxonomy":"category","embeddable":true,"href":"https:\/\/msconectado.com.br\/index.php?rest_route=%2Fwp%2Fv2%2Fcategories&post=27187"},{"taxonomy":"post_tag","embeddable":true,"href":"https:\/\/msconectado.com.br\/index.php?rest_route=%2Fwp%2Fv2%2Ftags&post=27187"}],"curies":[{"name":"wp","href":"https:\/\/api.w.org\/{rel}","templated":true}]}}