
{"id":27206,"date":"2026-03-11T22:30:30","date_gmt":"2026-03-11T22:30:30","guid":{"rendered":"https:\/\/msconectado.com.br\/?p=27206"},"modified":"2026-03-11T22:30:34","modified_gmt":"2026-03-11T22:30:34","slug":"transparencia-e-inclusao-governo-de-ms-assina-decreto-para-tornar-linguagem-publica-mais-clara-ao-cidadao","status":"publish","type":"post","link":"https:\/\/msconectado.com.br\/?p=27206","title":{"rendered":"Transpar\u00eancia e inclus\u00e3o: Governo de MS assina decreto para tornar linguagem p\u00fablica mais clara ao cidad\u00e3o"},"content":{"rendered":"\n<p>Transpar\u00eancia, agilidade e inclus\u00e3o, sem deixar ningu\u00e9m para tr\u00e1s. Com este foco o governador Eduardo Riedel assinou decreto que institui a \u201cPol\u00edtica de Linguagem Simples em MS\u201d. O objetivo \u00e9 que todas as entidades da administra\u00e7\u00e3o estadual possam tornar a comunica\u00e7\u00e3o e linguagem mais clara ao cidad\u00e3o\u00b8 para que as informa\u00e7\u00f5es e servi\u00e7os dispon\u00edveis sejam compreendidos.<\/p>\n\n\n\n<p>A solenidade ocorreu nesta quarta-feira (11), no audit\u00f3rio do Bioparque Pantanal, durante a realiza\u00e7\u00e3o do evento \u201cDa lei \u00e0 pr\u00e1tica: Linguagem Simples para inovar, agilizar e qualificar os servi\u00e7os p\u00fablicos\u201d, que visa justamente orientar e capacitar os servidores sobre este novo modelo.<\/p>\n\n\n\n<p>\u201cSempre discut\u00edamos como reduzir a burocracia no Estado, para melhorar e facilitar a vida do cidad\u00e3o. Atender a sociedade que vive uma transforma\u00e7\u00e3o cada vez mais r\u00e1pida, que n\u00f3s precisamos acompanhar e se adaptar as mudan\u00e7as. Um dos nossos principais eixos \u00e9 a inclus\u00e3o e o digital, principalmente dos servi\u00e7os com uma linguagem acess\u00edvel. Estamos plantando uma semente importante para o futuro\u201d, afirmou o governador.<\/p>\n\n\n\n<p>Riedel destacou que hoje em dia a sociedade vive mais pr\u00f3xima e precisa estar em contato direto com o poder p\u00fablico. \u201cNossa fun\u00e7\u00e3o \u00e9 atender e dar respostas \u00e0 popula\u00e7\u00e3o. Sabemos que a mudan\u00e7a neste modelo n\u00e3o \u00e9 imediata, mas todos os l\u00edderes (entidades) devem promover esta transforma\u00e7\u00e3o dentro de suas pastas\u201d.<\/p>\n\n\n\n<p>O decreto visa garantir que todos os cidad\u00e3os entendam as informa\u00e7\u00f5es p\u00fablicas que orientam o seu dia a dia. Ampliando assim o acesso \u00e0s atividades p\u00fablicas, para profissionalizar ainda mais estes servi\u00e7os, seguindo a norma padr\u00e3o da l\u00edngua portuguesa, mas sempre com foco absoluto nas pessoas.<\/p>\n\n\n\n<p>Esta medida atende uma premissa da gest\u00e3o estadual de ter um Estado cada vez mais inclusivo, que garanta a informa\u00e7\u00e3o de forma \u00e1gil ao cidad\u00e3o, para que eles tenham acesso aos seus direitos. Ela segue os par\u00e2metros da lei federal (n\u00ba 15.263), sendo o primeiro estado a fazer esta regulamenta\u00e7\u00e3o.<\/p>\n\n\n\n<p>\u201cA assinatura deste decreto pelo governador revela nossa conscientiza\u00e7\u00e3o de que a simplifica\u00e7\u00e3o da linguagem \u00e9 uma vis\u00e3o estrat\u00e9gica de inclus\u00e3o e cidadania, pois rompe barreiras no acesso ao servi\u00e7o p\u00fablico, permitindo que a sociedade realmente nos compreenda. Isto fortalece a transpar\u00eancia e d\u00e1 credibilidade para nossas institui\u00e7\u00f5es\u201d, descreveu a procuradora-geral do Estado, Ana Carolina Ali.<\/p>\n\n\n\n<p><strong>Benef\u00edcios e a\u00e7\u00f5es pr\u00e1ticas<\/strong><\/p>\n\n\n\n<p>Entre os benef\u00edcios ao cidad\u00e3o estar\u00e1 a transpar\u00eancia nos servi\u00e7os p\u00fablicos, uma informa\u00e7\u00e3o mais clara para acesso aos direitos e maior efici\u00eancia da m\u00e1quina p\u00fablica, com redu\u00e7\u00e3o de erros, d\u00favidas, filas, com um servi\u00e7o mais \u00e1gil, de menor custo.<\/p>\n\n\n\n<p>O decreto prev\u00ea que os documentos que ter\u00e3o que adotar esta nova linguagem s\u00e3o not\u00edcias, informativos, editais, of\u00edcios de comunica\u00e7\u00e3o interna, cartas de servi\u00e7o, atos normativos administrativos, sites e interfaces digitais de todos os \u00f3rg\u00e3os da administra\u00e7\u00e3o estadual.<\/p>\n\n\n\n<p>Para funcionar este modelo foi criado uma Rede Estadual de Linguagem Simples, que ser\u00e1 coordenada pela Segov (Secretaria Estadual de Governo e Gest\u00e3o Estrat\u00e9gica) e PGE (Procuradoria-Geral do Estado). A SEC (Secretaria Estadual de Cidadania) far\u00e1 parte do comit\u00ea, j\u00e1 que ter\u00e1 um papel importante nesta comunica\u00e7\u00e3o com as comunidades ind\u00edgenas, com um artigo espec\u00edfico a este p\u00fablico.<\/p>\n\n\n\n<p>Pioneiro e inovador, o Governo do Estado j\u00e1 tinha implantado em 2024 o \u201cProjeto Simplifique\u201d, que previa justamente o uso da linguagem simples e de elementos visuais para facilitar a compreens\u00e3o da informa\u00e7\u00e3o nas comunica\u00e7\u00f5es e nas manifesta\u00e7\u00f5es jur\u00eddicas da PGE (Procuradoria-Geral do Estado).<\/p>\n\n\n\n<p>\u201cTeremos que contar com apoio de cada gestor, pois o papel da lideran\u00e7a faz toda diferen\u00e7a. Estamos diante de uma mudan\u00e7a cultural e para isto demanda tempo e esfor\u00e7o. O foco inicial s\u00e3o os servi\u00e7os de maior impacto ao cidad\u00e3o. A busca \u00e9 por um Estado mais simples, mais acess\u00edvel de pol\u00edticas p\u00fablicas efetivas\u201d, completou a procuradora do Estado e gerente do Projeto Simplifique, Jordana Goulart.<\/p>\n\n\n\n<p><strong>*Di\u00e1logo e aprendizado*<\/strong><\/p>\n\n\n\n<p>O evento promovido pela PGE-MS (Procuradoria-Geral do Estado de Mato Grosso do Sul), por meio da ESAP (Escola Superior da Advocacia P\u00fablica) \u00e9 uma grande oportunidade de capacita\u00e7\u00e3o dos servidores p\u00fablicos. Na programa\u00e7\u00e3o est\u00e1 prevista a palestra com Helo\u00edsa Fischer, que apresentar\u00e1 os fundamentos e as diretrizes da Linguagem Simples, abordando sua aplica\u00e7\u00e3o como t\u00e9cnica de comunica\u00e7\u00e3o e como instrumento para qualificar a presta\u00e7\u00e3o de servi\u00e7os p\u00fablico.<\/p>\n\n\n\n<p>Tamb\u00e9m ser\u00e1 um momento de compartilhar experi\u00eancias pr\u00e1ticas, com a participa\u00e7\u00e3o da procuradora do Estado e gerente do Projeto Simplifique, Jordana Goulart e da ju\u00edza auxiliar da Presid\u00eancia do TJMS, Joseliza Vanzela Turine. As convidadas apresentar\u00e3o iniciativas institucionais sobre o tema.<\/p>\n\n\n\n<p><em>Leonardo Rocha, Comunica\u00e7\u00e3o do Governo de MS<\/em><br><em>Fotos: Saul Schramm\/Secom-MS<\/em><\/p>\n\n\n<div class=\"wp-block-image\">\n<figure class=\"aligncenter size-full\"><img fetchpriority=\"high\" decoding=\"async\" width=\"900\" height=\"100\" src=\"https:\/\/msconectado.com.br\/wp-content\/uploads\/2026\/03\/IMG_4855.gif\" alt=\"\" class=\"wp-image-27180\"\/><\/figure>\n<\/div>\n\n\n<p><a href=\"https:\/\/agenciadenoticias.ms.gov.br\/pge-foto-saul-schramm-2-3\/\"><\/a><\/p>\n","protected":false},"excerpt":{"rendered":"<p>Transpar\u00eancia, agilidade e inclus\u00e3o, sem deixar ningu\u00e9m para tr\u00e1s. Com este foco o governador Eduardo Riedel assinou decreto que institui a \u201cPol\u00edtica de Linguagem Simples em MS\u201d. O objetivo \u00e9 que todas as entidades da administra\u00e7\u00e3o estadual possam tornar a comunica\u00e7\u00e3o e linguagem mais clara ao cidad\u00e3o\u00b8 para que as informa\u00e7\u00f5es e servi\u00e7os dispon\u00edveis sejam [&hellip;]<\/p>\n","protected":false},"author":3,"featured_media":27207,"comment_status":"open","ping_status":"closed","sticky":false,"template":"","format":"standard","meta":{"footnotes":""},"categories":[35,33],"tags":[],"class_list":["post-27206","post","type-post","status-publish","format-standard","has-post-thumbnail","hentry","category-cidades","category-politica"],"yoast_head":"<!-- This site is optimized with the Yoast SEO plugin v27.5 - https:\/\/yoast.com\/product\/yoast-seo-wordpress\/ -->\n<title>Transpar\u00eancia e inclus\u00e3o: Governo de MS assina decreto para tornar linguagem p\u00fablica mais clara ao cidad\u00e3o - MsConectado<\/title>\n<meta name=\"robots\" content=\"index, follow, max-snippet:-1, max-image-preview:large, max-video-preview:-1\" \/>\n<link rel=\"canonical\" href=\"https:\/\/msconectado.com.br\/?p=27206\" \/>\n<meta property=\"og:locale\" content=\"pt_BR\" \/>\n<meta property=\"og:type\" content=\"article\" \/>\n<meta property=\"og:title\" content=\"Transpar\u00eancia e inclus\u00e3o: Governo de MS assina decreto para tornar linguagem p\u00fablica mais clara ao cidad\u00e3o - MsConectado\" \/>\n<meta property=\"og:description\" content=\"Transpar\u00eancia, agilidade e inclus\u00e3o, sem deixar ningu\u00e9m para tr\u00e1s. Com este foco o governador Eduardo Riedel assinou decreto que institui a \u201cPol\u00edtica de Linguagem Simples em MS\u201d. O objetivo \u00e9 que todas as entidades da administra\u00e7\u00e3o estadual possam tornar a comunica\u00e7\u00e3o e linguagem mais clara ao cidad\u00e3o\u00b8 para que as informa\u00e7\u00f5es e servi\u00e7os dispon\u00edveis sejam [&hellip;]\" \/>\n<meta property=\"og:url\" content=\"https:\/\/msconectado.com.br\/?p=27206\" \/>\n<meta property=\"og:site_name\" content=\"MsConectado\" \/>\n<meta property=\"article:published_time\" content=\"2026-03-11T22:30:30+00:00\" \/>\n<meta property=\"article:modified_time\" content=\"2026-03-11T22:30:34+00:00\" \/>\n<meta property=\"og:image\" content=\"https:\/\/msconectado.com.br\/wp-content\/uploads\/2026\/03\/492408434_1248995083896270_3796711296750874305_n.jpg\" \/>\n\t<meta property=\"og:image:width\" content=\"730\" \/>\n\t<meta property=\"og:image:height\" content=\"480\" \/>\n\t<meta property=\"og:image:type\" content=\"image\/jpeg\" \/>\n<meta name=\"author\" content=\"Jeferson\" \/>\n<meta name=\"twitter:card\" content=\"summary_large_image\" \/>\n<meta name=\"twitter:label1\" content=\"Escrito por\" \/>\n\t<meta name=\"twitter:data1\" content=\"Jeferson\" \/>\n\t<meta name=\"twitter:label2\" content=\"Est. tempo de leitura\" \/>\n\t<meta name=\"twitter:data2\" content=\"5 minutos\" \/>\n<script type=\"application\/ld+json\" class=\"yoast-schema-graph\">{\"@context\":\"https:\\\/\\\/schema.org\",\"@graph\":[{\"@type\":\"Article\",\"@id\":\"https:\\\/\\\/msconectado.com.br\\\/?p=27206#article\",\"isPartOf\":{\"@id\":\"https:\\\/\\\/msconectado.com.br\\\/?p=27206\"},\"author\":{\"name\":\"Jeferson\",\"@id\":\"https:\\\/\\\/msconectado.com.br\\\/#\\\/schema\\\/person\\\/feb123a95a93eebea36f0ed6a2e5ba48\"},\"headline\":\"Transpar\u00eancia e inclus\u00e3o: Governo de MS assina decreto para tornar linguagem p\u00fablica mais clara ao cidad\u00e3o\",\"datePublished\":\"2026-03-11T22:30:30+00:00\",\"dateModified\":\"2026-03-11T22:30:34+00:00\",\"mainEntityOfPage\":{\"@id\":\"https:\\\/\\\/msconectado.com.br\\\/?p=27206\"},\"wordCount\":864,\"commentCount\":0,\"publisher\":{\"@id\":\"https:\\\/\\\/msconectado.com.br\\\/#organization\"},\"image\":{\"@id\":\"https:\\\/\\\/msconectado.com.br\\\/?p=27206#primaryimage\"},\"thumbnailUrl\":\"https:\\\/\\\/msconectado.com.br\\\/wp-content\\\/uploads\\\/2026\\\/03\\\/492408434_1248995083896270_3796711296750874305_n.jpg\",\"articleSection\":[\"Cidades\",\"Pol\u00edtica\"],\"inLanguage\":\"pt-BR\",\"potentialAction\":[{\"@type\":\"CommentAction\",\"name\":\"Comment\",\"target\":[\"https:\\\/\\\/msconectado.com.br\\\/?p=27206#respond\"]}]},{\"@type\":\"WebPage\",\"@id\":\"https:\\\/\\\/msconectado.com.br\\\/?p=27206\",\"url\":\"https:\\\/\\\/msconectado.com.br\\\/?p=27206\",\"name\":\"Transpar\u00eancia e inclus\u00e3o: Governo de MS assina decreto para tornar linguagem p\u00fablica mais clara ao cidad\u00e3o - MsConectado\",\"isPartOf\":{\"@id\":\"https:\\\/\\\/msconectado.com.br\\\/#website\"},\"primaryImageOfPage\":{\"@id\":\"https:\\\/\\\/msconectado.com.br\\\/?p=27206#primaryimage\"},\"image\":{\"@id\":\"https:\\\/\\\/msconectado.com.br\\\/?p=27206#primaryimage\"},\"thumbnailUrl\":\"https:\\\/\\\/msconectado.com.br\\\/wp-content\\\/uploads\\\/2026\\\/03\\\/492408434_1248995083896270_3796711296750874305_n.jpg\",\"datePublished\":\"2026-03-11T22:30:30+00:00\",\"dateModified\":\"2026-03-11T22:30:34+00:00\",\"breadcrumb\":{\"@id\":\"https:\\\/\\\/msconectado.com.br\\\/?p=27206#breadcrumb\"},\"inLanguage\":\"pt-BR\",\"potentialAction\":[{\"@type\":\"ReadAction\",\"target\":[\"https:\\\/\\\/msconectado.com.br\\\/?p=27206\"]}]},{\"@type\":\"ImageObject\",\"inLanguage\":\"pt-BR\",\"@id\":\"https:\\\/\\\/msconectado.com.br\\\/?p=27206#primaryimage\",\"url\":\"https:\\\/\\\/msconectado.com.br\\\/wp-content\\\/uploads\\\/2026\\\/03\\\/492408434_1248995083896270_3796711296750874305_n.jpg\",\"contentUrl\":\"https:\\\/\\\/msconectado.com.br\\\/wp-content\\\/uploads\\\/2026\\\/03\\\/492408434_1248995083896270_3796711296750874305_n.jpg\",\"width\":730,\"height\":480},{\"@type\":\"BreadcrumbList\",\"@id\":\"https:\\\/\\\/msconectado.com.br\\\/?p=27206#breadcrumb\",\"itemListElement\":[{\"@type\":\"ListItem\",\"position\":1,\"name\":\"In\u00edcio\",\"item\":\"https:\\\/\\\/msconectado.com.br\\\/\"},{\"@type\":\"ListItem\",\"position\":2,\"name\":\"Transpar\u00eancia e inclus\u00e3o: Governo de MS assina decreto para tornar linguagem p\u00fablica mais clara ao cidad\u00e3o\"}]},{\"@type\":\"WebSite\",\"@id\":\"https:\\\/\\\/msconectado.com.br\\\/#website\",\"url\":\"https:\\\/\\\/msconectado.com.br\\\/\",\"name\":\"MsConectado\",\"description\":\"Voc\u00ea Conectado com a Not\u00edcia!\",\"publisher\":{\"@id\":\"https:\\\/\\\/msconectado.com.br\\\/#organization\"},\"potentialAction\":[{\"@type\":\"SearchAction\",\"target\":{\"@type\":\"EntryPoint\",\"urlTemplate\":\"https:\\\/\\\/msconectado.com.br\\\/?s={search_term_string}\"},\"query-input\":{\"@type\":\"PropertyValueSpecification\",\"valueRequired\":true,\"valueName\":\"search_term_string\"}}],\"inLanguage\":\"pt-BR\"},{\"@type\":\"Organization\",\"@id\":\"https:\\\/\\\/msconectado.com.br\\\/#organization\",\"name\":\"MsConectado\",\"url\":\"https:\\\/\\\/msconectado.com.br\\\/\",\"logo\":{\"@type\":\"ImageObject\",\"inLanguage\":\"pt-BR\",\"@id\":\"https:\\\/\\\/msconectado.com.br\\\/#\\\/schema\\\/logo\\\/image\\\/\",\"url\":\"https:\\\/\\\/msconectado.com.br\\\/wp-content\\\/uploads\\\/2023\\\/01\\\/cropped-noticia-2.png\",\"contentUrl\":\"https:\\\/\\\/msconectado.com.br\\\/wp-content\\\/uploads\\\/2023\\\/01\\\/cropped-noticia-2.png\",\"width\":720,\"height\":157,\"caption\":\"MsConectado\"},\"image\":{\"@id\":\"https:\\\/\\\/msconectado.com.br\\\/#\\\/schema\\\/logo\\\/image\\\/\"}},{\"@type\":\"Person\",\"@id\":\"https:\\\/\\\/msconectado.com.br\\\/#\\\/schema\\\/person\\\/feb123a95a93eebea36f0ed6a2e5ba48\",\"name\":\"Jeferson\",\"image\":{\"@type\":\"ImageObject\",\"inLanguage\":\"pt-BR\",\"@id\":\"https:\\\/\\\/secure.gravatar.com\\\/avatar\\\/e23e8901c88f0cdc0ad479ef7a39bf3e4c806344549c087c00b721a65549a328?s=96&d=mm&r=g\",\"url\":\"https:\\\/\\\/secure.gravatar.com\\\/avatar\\\/e23e8901c88f0cdc0ad479ef7a39bf3e4c806344549c087c00b721a65549a328?s=96&d=mm&r=g\",\"contentUrl\":\"https:\\\/\\\/secure.gravatar.com\\\/avatar\\\/e23e8901c88f0cdc0ad479ef7a39bf3e4c806344549c087c00b721a65549a328?s=96&d=mm&r=g\",\"caption\":\"Jeferson\"},\"url\":\"https:\\\/\\\/msconectado.com.br\\\/?author=3\"}]}<\/script>\n<!-- \/ Yoast SEO plugin. -->","yoast_head_json":{"title":"Transpar\u00eancia e inclus\u00e3o: Governo de MS assina decreto para tornar linguagem p\u00fablica mais clara ao cidad\u00e3o - MsConectado","robots":{"index":"index","follow":"follow","max-snippet":"max-snippet:-1","max-image-preview":"max-image-preview:large","max-video-preview":"max-video-preview:-1"},"canonical":"https:\/\/msconectado.com.br\/?p=27206","og_locale":"pt_BR","og_type":"article","og_title":"Transpar\u00eancia e inclus\u00e3o: Governo de MS assina decreto para tornar linguagem p\u00fablica mais clara ao cidad\u00e3o - MsConectado","og_description":"Transpar\u00eancia, agilidade e inclus\u00e3o, sem deixar ningu\u00e9m para tr\u00e1s. Com este foco o governador Eduardo Riedel assinou decreto que institui a \u201cPol\u00edtica de Linguagem Simples em MS\u201d. O objetivo \u00e9 que todas as entidades da administra\u00e7\u00e3o estadual possam tornar a comunica\u00e7\u00e3o e linguagem mais clara ao cidad\u00e3o\u00b8 para que as informa\u00e7\u00f5es e servi\u00e7os dispon\u00edveis sejam [&hellip;]","og_url":"https:\/\/msconectado.com.br\/?p=27206","og_site_name":"MsConectado","article_published_time":"2026-03-11T22:30:30+00:00","article_modified_time":"2026-03-11T22:30:34+00:00","og_image":[{"width":730,"height":480,"url":"https:\/\/msconectado.com.br\/wp-content\/uploads\/2026\/03\/492408434_1248995083896270_3796711296750874305_n.jpg","type":"image\/jpeg"}],"author":"Jeferson","twitter_card":"summary_large_image","twitter_misc":{"Escrito por":"Jeferson","Est. tempo de leitura":"5 minutos"},"schema":{"@context":"https:\/\/schema.org","@graph":[{"@type":"Article","@id":"https:\/\/msconectado.com.br\/?p=27206#article","isPartOf":{"@id":"https:\/\/msconectado.com.br\/?p=27206"},"author":{"name":"Jeferson","@id":"https:\/\/msconectado.com.br\/#\/schema\/person\/feb123a95a93eebea36f0ed6a2e5ba48"},"headline":"Transpar\u00eancia e inclus\u00e3o: Governo de MS assina decreto para tornar linguagem p\u00fablica mais clara ao cidad\u00e3o","datePublished":"2026-03-11T22:30:30+00:00","dateModified":"2026-03-11T22:30:34+00:00","mainEntityOfPage":{"@id":"https:\/\/msconectado.com.br\/?p=27206"},"wordCount":864,"commentCount":0,"publisher":{"@id":"https:\/\/msconectado.com.br\/#organization"},"image":{"@id":"https:\/\/msconectado.com.br\/?p=27206#primaryimage"},"thumbnailUrl":"https:\/\/msconectado.com.br\/wp-content\/uploads\/2026\/03\/492408434_1248995083896270_3796711296750874305_n.jpg","articleSection":["Cidades","Pol\u00edtica"],"inLanguage":"pt-BR","potentialAction":[{"@type":"CommentAction","name":"Comment","target":["https:\/\/msconectado.com.br\/?p=27206#respond"]}]},{"@type":"WebPage","@id":"https:\/\/msconectado.com.br\/?p=27206","url":"https:\/\/msconectado.com.br\/?p=27206","name":"Transpar\u00eancia e inclus\u00e3o: Governo de MS assina decreto para tornar linguagem p\u00fablica mais clara ao cidad\u00e3o - MsConectado","isPartOf":{"@id":"https:\/\/msconectado.com.br\/#website"},"primaryImageOfPage":{"@id":"https:\/\/msconectado.com.br\/?p=27206#primaryimage"},"image":{"@id":"https:\/\/msconectado.com.br\/?p=27206#primaryimage"},"thumbnailUrl":"https:\/\/msconectado.com.br\/wp-content\/uploads\/2026\/03\/492408434_1248995083896270_3796711296750874305_n.jpg","datePublished":"2026-03-11T22:30:30+00:00","dateModified":"2026-03-11T22:30:34+00:00","breadcrumb":{"@id":"https:\/\/msconectado.com.br\/?p=27206#breadcrumb"},"inLanguage":"pt-BR","potentialAction":[{"@type":"ReadAction","target":["https:\/\/msconectado.com.br\/?p=27206"]}]},{"@type":"ImageObject","inLanguage":"pt-BR","@id":"https:\/\/msconectado.com.br\/?p=27206#primaryimage","url":"https:\/\/msconectado.com.br\/wp-content\/uploads\/2026\/03\/492408434_1248995083896270_3796711296750874305_n.jpg","contentUrl":"https:\/\/msconectado.com.br\/wp-content\/uploads\/2026\/03\/492408434_1248995083896270_3796711296750874305_n.jpg","width":730,"height":480},{"@type":"BreadcrumbList","@id":"https:\/\/msconectado.com.br\/?p=27206#breadcrumb","itemListElement":[{"@type":"ListItem","position":1,"name":"In\u00edcio","item":"https:\/\/msconectado.com.br\/"},{"@type":"ListItem","position":2,"name":"Transpar\u00eancia e inclus\u00e3o: Governo de MS assina decreto para tornar linguagem p\u00fablica mais clara ao cidad\u00e3o"}]},{"@type":"WebSite","@id":"https:\/\/msconectado.com.br\/#website","url":"https:\/\/msconectado.com.br\/","name":"MsConectado","description":"Voc\u00ea Conectado com a Not\u00edcia!","publisher":{"@id":"https:\/\/msconectado.com.br\/#organization"},"potentialAction":[{"@type":"SearchAction","target":{"@type":"EntryPoint","urlTemplate":"https:\/\/msconectado.com.br\/?s={search_term_string}"},"query-input":{"@type":"PropertyValueSpecification","valueRequired":true,"valueName":"search_term_string"}}],"inLanguage":"pt-BR"},{"@type":"Organization","@id":"https:\/\/msconectado.com.br\/#organization","name":"MsConectado","url":"https:\/\/msconectado.com.br\/","logo":{"@type":"ImageObject","inLanguage":"pt-BR","@id":"https:\/\/msconectado.com.br\/#\/schema\/logo\/image\/","url":"https:\/\/msconectado.com.br\/wp-content\/uploads\/2023\/01\/cropped-noticia-2.png","contentUrl":"https:\/\/msconectado.com.br\/wp-content\/uploads\/2023\/01\/cropped-noticia-2.png","width":720,"height":157,"caption":"MsConectado"},"image":{"@id":"https:\/\/msconectado.com.br\/#\/schema\/logo\/image\/"}},{"@type":"Person","@id":"https:\/\/msconectado.com.br\/#\/schema\/person\/feb123a95a93eebea36f0ed6a2e5ba48","name":"Jeferson","image":{"@type":"ImageObject","inLanguage":"pt-BR","@id":"https:\/\/secure.gravatar.com\/avatar\/e23e8901c88f0cdc0ad479ef7a39bf3e4c806344549c087c00b721a65549a328?s=96&d=mm&r=g","url":"https:\/\/secure.gravatar.com\/avatar\/e23e8901c88f0cdc0ad479ef7a39bf3e4c806344549c087c00b721a65549a328?s=96&d=mm&r=g","contentUrl":"https:\/\/secure.gravatar.com\/avatar\/e23e8901c88f0cdc0ad479ef7a39bf3e4c806344549c087c00b721a65549a328?s=96&d=mm&r=g","caption":"Jeferson"},"url":"https:\/\/msconectado.com.br\/?author=3"}]}},"_links":{"self":[{"href":"https:\/\/msconectado.com.br\/index.php?rest_route=\/wp\/v2\/posts\/27206","targetHints":{"allow":["GET"]}}],"collection":[{"href":"https:\/\/msconectado.com.br\/index.php?rest_route=\/wp\/v2\/posts"}],"about":[{"href":"https:\/\/msconectado.com.br\/index.php?rest_route=\/wp\/v2\/types\/post"}],"author":[{"embeddable":true,"href":"https:\/\/msconectado.com.br\/index.php?rest_route=\/wp\/v2\/users\/3"}],"replies":[{"embeddable":true,"href":"https:\/\/msconectado.com.br\/index.php?rest_route=%2Fwp%2Fv2%2Fcomments&post=27206"}],"version-history":[{"count":1,"href":"https:\/\/msconectado.com.br\/index.php?rest_route=\/wp\/v2\/posts\/27206\/revisions"}],"predecessor-version":[{"id":27208,"href":"https:\/\/msconectado.com.br\/index.php?rest_route=\/wp\/v2\/posts\/27206\/revisions\/27208"}],"wp:featuredmedia":[{"embeddable":true,"href":"https:\/\/msconectado.com.br\/index.php?rest_route=\/wp\/v2\/media\/27207"}],"wp:attachment":[{"href":"https:\/\/msconectado.com.br\/index.php?rest_route=%2Fwp%2Fv2%2Fmedia&parent=27206"}],"wp:term":[{"taxonomy":"category","embeddable":true,"href":"https:\/\/msconectado.com.br\/index.php?rest_route=%2Fwp%2Fv2%2Fcategories&post=27206"},{"taxonomy":"post_tag","embeddable":true,"href":"https:\/\/msconectado.com.br\/index.php?rest_route=%2Fwp%2Fv2%2Ftags&post=27206"}],"curies":[{"name":"wp","href":"https:\/\/api.w.org\/{rel}","templated":true}]}}