
{"id":27213,"date":"2026-03-12T13:07:36","date_gmt":"2026-03-12T13:07:36","guid":{"rendered":"https:\/\/msconectado.com.br\/?p=27213"},"modified":"2026-03-12T13:07:41","modified_gmt":"2026-03-12T13:07:41","slug":"pesquisa-aponta-nelsinho-trad-como-o-senador-mais-bem-avaliado-de-mato-grosso-do-sul","status":"publish","type":"post","link":"https:\/\/msconectado.com.br\/?p=27213","title":{"rendered":"Pesquisa aponta Nelsinho Trad como o senador mais bem avaliado de Mato Grosso do Sul"},"content":{"rendered":"\n<p>Uma nova pesquisa realizada pelo Instituto Ranking Brasil Intelig\u00eancia aponta que o senador Nelsinho Trad (PSD) \u00e9 atualmente o parlamentar mais bem avaliado entre os tr\u00eas representantes de Mato Grosso do Sul no Senado Federal.<\/p>\n\n\n\n<p>O levantamento, registrado sob os n\u00fameros MS-08644\/2026 e BR-05359\/2026, foi realizado entre os dias 1\u00ba e 6 de mar\u00e7o deste ano. Ao todo, foram ouvidos 2.000 moradores com 16 anos ou mais em 30 munic\u00edpios do Estado. A pesquisa possui intervalo de confian\u00e7a de 95% e margem de erro de 2,2 pontos percentuais para mais ou para menos.<\/p>\n\n\n\n<p>De acordo com os dados divulgados, Nelsinho Trad lidera a avalia\u00e7\u00e3o popular com <strong>37% de aprova\u00e7\u00e3o<\/strong>. Em seguida aparece a senadora Tereza Cristina (PP), com <strong>24%<\/strong>, enquanto a senadora Soraya Thronicke (Podemos) registra <strong>21%<\/strong>. Outros <strong>18% dos entrevistados disseram n\u00e3o saber ou preferiram n\u00e3o responder<\/strong>.<\/p>\n\n\n\n<p>Os n\u00fameros tamb\u00e9m mostram uma evolu\u00e7\u00e3o na avalia\u00e7\u00e3o do senador Nelsinho Trad em rela\u00e7\u00e3o ao levantamento anterior, realizado no mesmo per\u00edodo do m\u00eas passado. Na ocasi\u00e3o, ele j\u00e1 aparecia na lideran\u00e7a com <strong>35% de aprova\u00e7\u00e3o<\/strong>, enquanto Tereza Cristina tinha <strong>26%<\/strong> e Soraya Thronicke <strong>19%<\/strong>, com <strong>20% de indecisos<\/strong>.<\/p>\n\n\n\n<p>O crescimento na avalia\u00e7\u00e3o positiva refor\u00e7a o reconhecimento ao trabalho que Nelsinho Trad vem desenvolvendo no Senado Federal, especialmente na articula\u00e7\u00e3o de pautas voltadas ao desenvolvimento de Mato Grosso do Sul, di\u00e1logo com munic\u00edpios e defesa de investimentos para o Estado.<\/p>\n\n\n\n<p>A pesquisa demonstra ainda que o senador mant\u00e9m uma trajet\u00f3ria consistente de aprova\u00e7\u00e3o junto \u00e0 popula\u00e7\u00e3o sul-mato-grossense, consolidando seu nome como uma das principais lideran\u00e7as pol\u00edticas do Estado no cen\u00e1rio nacional.<\/p>\n\n\n\n<p>Reda\u00e7\u00e3o<\/p>\n\n\n\n<p>Com informa\u00e7\u00f5es: <strong><a href=\"http:\/\/www.rankingpesquisa.com.br\/\">www.rankingpesquisa.com.br<\/a>\u00a0\u00a0<\/strong><\/p>\n\n\n<div class=\"wp-block-image\">\n<figure class=\"aligncenter size-full\"><img fetchpriority=\"high\" decoding=\"async\" width=\"900\" height=\"100\" src=\"https:\/\/msconectado.com.br\/wp-content\/uploads\/2026\/02\/Copia-de-BANNER-WEB-900x100-16168-1.gif\" alt=\"\" class=\"wp-image-27098\"\/><\/figure>\n<\/div>","protected":false},"excerpt":{"rendered":"<p>Uma nova pesquisa realizada pelo Instituto Ranking Brasil Intelig\u00eancia aponta que o senador Nelsinho Trad (PSD) \u00e9 atualmente o parlamentar mais bem avaliado entre os tr\u00eas representantes de Mato Grosso do Sul no Senado Federal. O levantamento, registrado sob os n\u00fameros MS-08644\/2026 e BR-05359\/2026, foi realizado entre os dias 1\u00ba e 6 de mar\u00e7o deste [&hellip;]<\/p>\n","protected":false},"author":3,"featured_media":27214,"comment_status":"open","ping_status":"closed","sticky":false,"template":"","format":"standard","meta":{"footnotes":""},"categories":[35,1,33],"tags":[],"class_list":["post-27213","post","type-post","status-publish","format-standard","has-post-thumbnail","hentry","category-cidades","category-noticia","category-politica"],"yoast_head":"<!-- This site is optimized with the Yoast SEO plugin v27.5 - https:\/\/yoast.com\/product\/yoast-seo-wordpress\/ -->\n<title>Pesquisa aponta Nelsinho Trad como o senador mais bem avaliado de Mato Grosso do Sul - MsConectado<\/title>\n<meta name=\"robots\" content=\"index, follow, max-snippet:-1, max-image-preview:large, max-video-preview:-1\" \/>\n<link rel=\"canonical\" href=\"https:\/\/msconectado.com.br\/?p=27213\" \/>\n<meta property=\"og:locale\" content=\"pt_BR\" \/>\n<meta property=\"og:type\" content=\"article\" \/>\n<meta property=\"og:title\" content=\"Pesquisa aponta Nelsinho Trad como o senador mais bem avaliado de Mato Grosso do Sul - MsConectado\" \/>\n<meta property=\"og:description\" content=\"Uma nova pesquisa realizada pelo Instituto Ranking Brasil Intelig\u00eancia aponta que o senador Nelsinho Trad (PSD) \u00e9 atualmente o parlamentar mais bem avaliado entre os tr\u00eas representantes de Mato Grosso do Sul no Senado Federal. O levantamento, registrado sob os n\u00fameros MS-08644\/2026 e BR-05359\/2026, foi realizado entre os dias 1\u00ba e 6 de mar\u00e7o deste [&hellip;]\" \/>\n<meta property=\"og:url\" content=\"https:\/\/msconectado.com.br\/?p=27213\" \/>\n<meta property=\"og:site_name\" content=\"MsConectado\" \/>\n<meta property=\"article:published_time\" content=\"2026-03-12T13:07:36+00:00\" \/>\n<meta property=\"article:modified_time\" content=\"2026-03-12T13:07:41+00:00\" \/>\n<meta property=\"og:image\" content=\"https:\/\/msconectado.com.br\/wp-content\/uploads\/2026\/03\/IMG_4248.jpg\" \/>\n\t<meta property=\"og:image:width\" content=\"800\" \/>\n\t<meta property=\"og:image:height\" content=\"482\" \/>\n\t<meta property=\"og:image:type\" content=\"image\/jpeg\" \/>\n<meta name=\"author\" content=\"Jeferson\" \/>\n<meta name=\"twitter:card\" content=\"summary_large_image\" \/>\n<meta name=\"twitter:label1\" content=\"Escrito por\" \/>\n\t<meta name=\"twitter:data1\" content=\"Jeferson\" \/>\n\t<meta name=\"twitter:label2\" content=\"Est. tempo de leitura\" \/>\n\t<meta name=\"twitter:data2\" content=\"2 minutos\" \/>\n<script type=\"application\/ld+json\" class=\"yoast-schema-graph\">{\"@context\":\"https:\\\/\\\/schema.org\",\"@graph\":[{\"@type\":\"Article\",\"@id\":\"https:\\\/\\\/msconectado.com.br\\\/?p=27213#article\",\"isPartOf\":{\"@id\":\"https:\\\/\\\/msconectado.com.br\\\/?p=27213\"},\"author\":{\"name\":\"Jeferson\",\"@id\":\"https:\\\/\\\/msconectado.com.br\\\/#\\\/schema\\\/person\\\/feb123a95a93eebea36f0ed6a2e5ba48\"},\"headline\":\"Pesquisa aponta Nelsinho Trad como o senador mais bem avaliado de Mato Grosso do Sul\",\"datePublished\":\"2026-03-12T13:07:36+00:00\",\"dateModified\":\"2026-03-12T13:07:41+00:00\",\"mainEntityOfPage\":{\"@id\":\"https:\\\/\\\/msconectado.com.br\\\/?p=27213\"},\"wordCount\":297,\"commentCount\":0,\"publisher\":{\"@id\":\"https:\\\/\\\/msconectado.com.br\\\/#organization\"},\"image\":{\"@id\":\"https:\\\/\\\/msconectado.com.br\\\/?p=27213#primaryimage\"},\"thumbnailUrl\":\"https:\\\/\\\/msconectado.com.br\\\/wp-content\\\/uploads\\\/2026\\\/03\\\/IMG_4248.jpg\",\"articleSection\":[\"Cidades\",\"Not\u00edcia\",\"Pol\u00edtica\"],\"inLanguage\":\"pt-BR\",\"potentialAction\":[{\"@type\":\"CommentAction\",\"name\":\"Comment\",\"target\":[\"https:\\\/\\\/msconectado.com.br\\\/?p=27213#respond\"]}]},{\"@type\":\"WebPage\",\"@id\":\"https:\\\/\\\/msconectado.com.br\\\/?p=27213\",\"url\":\"https:\\\/\\\/msconectado.com.br\\\/?p=27213\",\"name\":\"Pesquisa aponta Nelsinho Trad como o senador mais bem avaliado de Mato Grosso do Sul - MsConectado\",\"isPartOf\":{\"@id\":\"https:\\\/\\\/msconectado.com.br\\\/#website\"},\"primaryImageOfPage\":{\"@id\":\"https:\\\/\\\/msconectado.com.br\\\/?p=27213#primaryimage\"},\"image\":{\"@id\":\"https:\\\/\\\/msconectado.com.br\\\/?p=27213#primaryimage\"},\"thumbnailUrl\":\"https:\\\/\\\/msconectado.com.br\\\/wp-content\\\/uploads\\\/2026\\\/03\\\/IMG_4248.jpg\",\"datePublished\":\"2026-03-12T13:07:36+00:00\",\"dateModified\":\"2026-03-12T13:07:41+00:00\",\"breadcrumb\":{\"@id\":\"https:\\\/\\\/msconectado.com.br\\\/?p=27213#breadcrumb\"},\"inLanguage\":\"pt-BR\",\"potentialAction\":[{\"@type\":\"ReadAction\",\"target\":[\"https:\\\/\\\/msconectado.com.br\\\/?p=27213\"]}]},{\"@type\":\"ImageObject\",\"inLanguage\":\"pt-BR\",\"@id\":\"https:\\\/\\\/msconectado.com.br\\\/?p=27213#primaryimage\",\"url\":\"https:\\\/\\\/msconectado.com.br\\\/wp-content\\\/uploads\\\/2026\\\/03\\\/IMG_4248.jpg\",\"contentUrl\":\"https:\\\/\\\/msconectado.com.br\\\/wp-content\\\/uploads\\\/2026\\\/03\\\/IMG_4248.jpg\",\"width\":800,\"height\":482},{\"@type\":\"BreadcrumbList\",\"@id\":\"https:\\\/\\\/msconectado.com.br\\\/?p=27213#breadcrumb\",\"itemListElement\":[{\"@type\":\"ListItem\",\"position\":1,\"name\":\"In\u00edcio\",\"item\":\"https:\\\/\\\/msconectado.com.br\\\/\"},{\"@type\":\"ListItem\",\"position\":2,\"name\":\"Pesquisa aponta Nelsinho Trad como o senador mais bem avaliado de Mato Grosso do Sul\"}]},{\"@type\":\"WebSite\",\"@id\":\"https:\\\/\\\/msconectado.com.br\\\/#website\",\"url\":\"https:\\\/\\\/msconectado.com.br\\\/\",\"name\":\"MsConectado\",\"description\":\"Voc\u00ea Conectado com a Not\u00edcia!\",\"publisher\":{\"@id\":\"https:\\\/\\\/msconectado.com.br\\\/#organization\"},\"potentialAction\":[{\"@type\":\"SearchAction\",\"target\":{\"@type\":\"EntryPoint\",\"urlTemplate\":\"https:\\\/\\\/msconectado.com.br\\\/?s={search_term_string}\"},\"query-input\":{\"@type\":\"PropertyValueSpecification\",\"valueRequired\":true,\"valueName\":\"search_term_string\"}}],\"inLanguage\":\"pt-BR\"},{\"@type\":\"Organization\",\"@id\":\"https:\\\/\\\/msconectado.com.br\\\/#organization\",\"name\":\"MsConectado\",\"url\":\"https:\\\/\\\/msconectado.com.br\\\/\",\"logo\":{\"@type\":\"ImageObject\",\"inLanguage\":\"pt-BR\",\"@id\":\"https:\\\/\\\/msconectado.com.br\\\/#\\\/schema\\\/logo\\\/image\\\/\",\"url\":\"https:\\\/\\\/msconectado.com.br\\\/wp-content\\\/uploads\\\/2023\\\/01\\\/cropped-noticia-2.png\",\"contentUrl\":\"https:\\\/\\\/msconectado.com.br\\\/wp-content\\\/uploads\\\/2023\\\/01\\\/cropped-noticia-2.png\",\"width\":720,\"height\":157,\"caption\":\"MsConectado\"},\"image\":{\"@id\":\"https:\\\/\\\/msconectado.com.br\\\/#\\\/schema\\\/logo\\\/image\\\/\"}},{\"@type\":\"Person\",\"@id\":\"https:\\\/\\\/msconectado.com.br\\\/#\\\/schema\\\/person\\\/feb123a95a93eebea36f0ed6a2e5ba48\",\"name\":\"Jeferson\",\"image\":{\"@type\":\"ImageObject\",\"inLanguage\":\"pt-BR\",\"@id\":\"https:\\\/\\\/secure.gravatar.com\\\/avatar\\\/e23e8901c88f0cdc0ad479ef7a39bf3e4c806344549c087c00b721a65549a328?s=96&d=mm&r=g\",\"url\":\"https:\\\/\\\/secure.gravatar.com\\\/avatar\\\/e23e8901c88f0cdc0ad479ef7a39bf3e4c806344549c087c00b721a65549a328?s=96&d=mm&r=g\",\"contentUrl\":\"https:\\\/\\\/secure.gravatar.com\\\/avatar\\\/e23e8901c88f0cdc0ad479ef7a39bf3e4c806344549c087c00b721a65549a328?s=96&d=mm&r=g\",\"caption\":\"Jeferson\"},\"url\":\"https:\\\/\\\/msconectado.com.br\\\/?author=3\"}]}<\/script>\n<!-- \/ Yoast SEO plugin. -->","yoast_head_json":{"title":"Pesquisa aponta Nelsinho Trad como o senador mais bem avaliado de Mato Grosso do Sul - MsConectado","robots":{"index":"index","follow":"follow","max-snippet":"max-snippet:-1","max-image-preview":"max-image-preview:large","max-video-preview":"max-video-preview:-1"},"canonical":"https:\/\/msconectado.com.br\/?p=27213","og_locale":"pt_BR","og_type":"article","og_title":"Pesquisa aponta Nelsinho Trad como o senador mais bem avaliado de Mato Grosso do Sul - MsConectado","og_description":"Uma nova pesquisa realizada pelo Instituto Ranking Brasil Intelig\u00eancia aponta que o senador Nelsinho Trad (PSD) \u00e9 atualmente o parlamentar mais bem avaliado entre os tr\u00eas representantes de Mato Grosso do Sul no Senado Federal. O levantamento, registrado sob os n\u00fameros MS-08644\/2026 e BR-05359\/2026, foi realizado entre os dias 1\u00ba e 6 de mar\u00e7o deste [&hellip;]","og_url":"https:\/\/msconectado.com.br\/?p=27213","og_site_name":"MsConectado","article_published_time":"2026-03-12T13:07:36+00:00","article_modified_time":"2026-03-12T13:07:41+00:00","og_image":[{"width":800,"height":482,"url":"https:\/\/msconectado.com.br\/wp-content\/uploads\/2026\/03\/IMG_4248.jpg","type":"image\/jpeg"}],"author":"Jeferson","twitter_card":"summary_large_image","twitter_misc":{"Escrito por":"Jeferson","Est. tempo de leitura":"2 minutos"},"schema":{"@context":"https:\/\/schema.org","@graph":[{"@type":"Article","@id":"https:\/\/msconectado.com.br\/?p=27213#article","isPartOf":{"@id":"https:\/\/msconectado.com.br\/?p=27213"},"author":{"name":"Jeferson","@id":"https:\/\/msconectado.com.br\/#\/schema\/person\/feb123a95a93eebea36f0ed6a2e5ba48"},"headline":"Pesquisa aponta Nelsinho Trad como o senador mais bem avaliado de Mato Grosso do Sul","datePublished":"2026-03-12T13:07:36+00:00","dateModified":"2026-03-12T13:07:41+00:00","mainEntityOfPage":{"@id":"https:\/\/msconectado.com.br\/?p=27213"},"wordCount":297,"commentCount":0,"publisher":{"@id":"https:\/\/msconectado.com.br\/#organization"},"image":{"@id":"https:\/\/msconectado.com.br\/?p=27213#primaryimage"},"thumbnailUrl":"https:\/\/msconectado.com.br\/wp-content\/uploads\/2026\/03\/IMG_4248.jpg","articleSection":["Cidades","Not\u00edcia","Pol\u00edtica"],"inLanguage":"pt-BR","potentialAction":[{"@type":"CommentAction","name":"Comment","target":["https:\/\/msconectado.com.br\/?p=27213#respond"]}]},{"@type":"WebPage","@id":"https:\/\/msconectado.com.br\/?p=27213","url":"https:\/\/msconectado.com.br\/?p=27213","name":"Pesquisa aponta Nelsinho Trad como o senador mais bem avaliado de Mato Grosso do Sul - MsConectado","isPartOf":{"@id":"https:\/\/msconectado.com.br\/#website"},"primaryImageOfPage":{"@id":"https:\/\/msconectado.com.br\/?p=27213#primaryimage"},"image":{"@id":"https:\/\/msconectado.com.br\/?p=27213#primaryimage"},"thumbnailUrl":"https:\/\/msconectado.com.br\/wp-content\/uploads\/2026\/03\/IMG_4248.jpg","datePublished":"2026-03-12T13:07:36+00:00","dateModified":"2026-03-12T13:07:41+00:00","breadcrumb":{"@id":"https:\/\/msconectado.com.br\/?p=27213#breadcrumb"},"inLanguage":"pt-BR","potentialAction":[{"@type":"ReadAction","target":["https:\/\/msconectado.com.br\/?p=27213"]}]},{"@type":"ImageObject","inLanguage":"pt-BR","@id":"https:\/\/msconectado.com.br\/?p=27213#primaryimage","url":"https:\/\/msconectado.com.br\/wp-content\/uploads\/2026\/03\/IMG_4248.jpg","contentUrl":"https:\/\/msconectado.com.br\/wp-content\/uploads\/2026\/03\/IMG_4248.jpg","width":800,"height":482},{"@type":"BreadcrumbList","@id":"https:\/\/msconectado.com.br\/?p=27213#breadcrumb","itemListElement":[{"@type":"ListItem","position":1,"name":"In\u00edcio","item":"https:\/\/msconectado.com.br\/"},{"@type":"ListItem","position":2,"name":"Pesquisa aponta Nelsinho Trad como o senador mais bem avaliado de Mato Grosso do Sul"}]},{"@type":"WebSite","@id":"https:\/\/msconectado.com.br\/#website","url":"https:\/\/msconectado.com.br\/","name":"MsConectado","description":"Voc\u00ea Conectado com a Not\u00edcia!","publisher":{"@id":"https:\/\/msconectado.com.br\/#organization"},"potentialAction":[{"@type":"SearchAction","target":{"@type":"EntryPoint","urlTemplate":"https:\/\/msconectado.com.br\/?s={search_term_string}"},"query-input":{"@type":"PropertyValueSpecification","valueRequired":true,"valueName":"search_term_string"}}],"inLanguage":"pt-BR"},{"@type":"Organization","@id":"https:\/\/msconectado.com.br\/#organization","name":"MsConectado","url":"https:\/\/msconectado.com.br\/","logo":{"@type":"ImageObject","inLanguage":"pt-BR","@id":"https:\/\/msconectado.com.br\/#\/schema\/logo\/image\/","url":"https:\/\/msconectado.com.br\/wp-content\/uploads\/2023\/01\/cropped-noticia-2.png","contentUrl":"https:\/\/msconectado.com.br\/wp-content\/uploads\/2023\/01\/cropped-noticia-2.png","width":720,"height":157,"caption":"MsConectado"},"image":{"@id":"https:\/\/msconectado.com.br\/#\/schema\/logo\/image\/"}},{"@type":"Person","@id":"https:\/\/msconectado.com.br\/#\/schema\/person\/feb123a95a93eebea36f0ed6a2e5ba48","name":"Jeferson","image":{"@type":"ImageObject","inLanguage":"pt-BR","@id":"https:\/\/secure.gravatar.com\/avatar\/e23e8901c88f0cdc0ad479ef7a39bf3e4c806344549c087c00b721a65549a328?s=96&d=mm&r=g","url":"https:\/\/secure.gravatar.com\/avatar\/e23e8901c88f0cdc0ad479ef7a39bf3e4c806344549c087c00b721a65549a328?s=96&d=mm&r=g","contentUrl":"https:\/\/secure.gravatar.com\/avatar\/e23e8901c88f0cdc0ad479ef7a39bf3e4c806344549c087c00b721a65549a328?s=96&d=mm&r=g","caption":"Jeferson"},"url":"https:\/\/msconectado.com.br\/?author=3"}]}},"_links":{"self":[{"href":"https:\/\/msconectado.com.br\/index.php?rest_route=\/wp\/v2\/posts\/27213","targetHints":{"allow":["GET"]}}],"collection":[{"href":"https:\/\/msconectado.com.br\/index.php?rest_route=\/wp\/v2\/posts"}],"about":[{"href":"https:\/\/msconectado.com.br\/index.php?rest_route=\/wp\/v2\/types\/post"}],"author":[{"embeddable":true,"href":"https:\/\/msconectado.com.br\/index.php?rest_route=\/wp\/v2\/users\/3"}],"replies":[{"embeddable":true,"href":"https:\/\/msconectado.com.br\/index.php?rest_route=%2Fwp%2Fv2%2Fcomments&post=27213"}],"version-history":[{"count":1,"href":"https:\/\/msconectado.com.br\/index.php?rest_route=\/wp\/v2\/posts\/27213\/revisions"}],"predecessor-version":[{"id":27215,"href":"https:\/\/msconectado.com.br\/index.php?rest_route=\/wp\/v2\/posts\/27213\/revisions\/27215"}],"wp:featuredmedia":[{"embeddable":true,"href":"https:\/\/msconectado.com.br\/index.php?rest_route=\/wp\/v2\/media\/27214"}],"wp:attachment":[{"href":"https:\/\/msconectado.com.br\/index.php?rest_route=%2Fwp%2Fv2%2Fmedia&parent=27213"}],"wp:term":[{"taxonomy":"category","embeddable":true,"href":"https:\/\/msconectado.com.br\/index.php?rest_route=%2Fwp%2Fv2%2Fcategories&post=27213"},{"taxonomy":"post_tag","embeddable":true,"href":"https:\/\/msconectado.com.br\/index.php?rest_route=%2Fwp%2Fv2%2Ftags&post=27213"}],"curies":[{"name":"wp","href":"https:\/\/api.w.org\/{rel}","templated":true}]}}