{"id":27216,"date":"2026-03-12T14:10:27","date_gmt":"2026-03-12T14:10:27","guid":{"rendered":"https:\/\/msconectado.com.br\/?p=27216"},"modified":"2026-03-12T14:10:29","modified_gmt":"2026-03-12T14:10:29","slug":"prefeita-nair-se-destaca-por-inovacao-e-transformacao-em-douradina-e-recebe-homenagem-na-assembleia-legislativa","status":"publish","type":"post","link":"https:\/\/msconectado.com.br\/?p=27216","title":{"rendered":"Prefeita Nair se destaca por inova\u00e7\u00e3o e transforma\u00e7\u00e3o em Douradina e recebe homenagem na Assembleia Legislativa"},"content":{"rendered":"\n<p>A gest\u00e3o da prefeita Nair Branti tem se destacado em Mato Grosso do Sul pela busca constante por inova\u00e7\u00e3o administrativa, investimentos em qualidade de vida e projetos que v\u00eam transformando a realidade do munic\u00edpio de Douradina.<\/p>\n\n\n\n<p>Com uma gest\u00e3o marcada pelo planejamento e pela valoriza\u00e7\u00e3o das pessoas, Nair tem apostado em iniciativas que fortalecem \u00e1reas essenciais como infraestrutura, educa\u00e7\u00e3o, sa\u00fade e desenvolvimento social. As a\u00e7\u00f5es t\u00eam contribu\u00eddo para modernizar a administra\u00e7\u00e3o p\u00fablica e ampliar oportunidades para a popula\u00e7\u00e3o douradinense.<\/p>\n\n\n\n<p>O reconhecimento desse trabalho tamb\u00e9m ganhou destaque em \u00e2mbito estadual. No \u00faltimo dia 10 de mar\u00e7o, durante sess\u00e3o solene realizada na Assembleia Legislativa de Mato Grosso do Sul, a prefeita foi homenageada com o <strong>Trof\u00e9u Celina Jallad<\/strong>, honraria concedida a mulheres que se destacam por sua atua\u00e7\u00e3o e contribui\u00e7\u00e3o \u00e0 sociedade sul-mato-grossense.<\/p>\n\n\n\n<p>A premia\u00e7\u00e3o ocorreu em celebra\u00e7\u00e3o ao Dia Internacional da Mulher e reuniu lideran\u00e7as pol\u00edticas e representantes de diversas regi\u00f5es do Estado. A indica\u00e7\u00e3o da prefeita foi feita pelo deputado estadual Caravina, que reconheceu o trabalho desenvolvido por Nair \u00e0 frente do munic\u00edpio.<\/p>\n\n\n\n<p>Ao comentar a homenagem, a prefeita destacou a import\u00e2ncia do reconhecimento e fez quest\u00e3o de dividir o momento com todas as mulheres que fazem a diferen\u00e7a na sociedade.<\/p>\n\n\n\n<p>\u201cReceber essa homenagem \u00e9 um momento de grande honra e emo\u00e7\u00e3o. Recebo esse reconhecimento com muita gratid\u00e3o e humildade, representando tantas mulheres fortes, trabalhadoras e inspiradoras que fazem a diferen\u00e7a todos os dias em nossa sociedade\u201d, afirmou.<\/p>\n\n\n\n<p>Nair tamb\u00e9m agradeceu ao deputado pela indica\u00e7\u00e3o e ressaltou que o reconhecimento fortalece ainda mais seu compromisso com a popula\u00e7\u00e3o. Segundo ela, a premia\u00e7\u00e3o representa n\u00e3o apenas uma conquista pessoal, mas tamb\u00e9m um incentivo para seguir trabalhando pelo desenvolvimento do munic\u00edpio.<\/p>\n\n\n\n<p>Com uma gest\u00e3o voltada para resultados e para o fortalecimento do protagonismo feminino na pol\u00edtica, a prefeita segue conduzindo Douradina por um caminho de crescimento, inova\u00e7\u00e3o e transforma\u00e7\u00e3o, consolidando sua lideran\u00e7a como uma das principais refer\u00eancias de gest\u00e3o municipal na regi\u00e3o.<\/p>\n\n\n\n<p>Reda\u00e7\u00e3o MS Conectado<\/p>\n\n\n<div class=\"wp-block-image\">\n<figure class=\"aligncenter size-full\"><img fetchpriority=\"high\" decoding=\"async\" width=\"900\" height=\"100\" src=\"https:\/\/msconectado.com.br\/wp-content\/uploads\/2026\/03\/IMG_4855.gif\" alt=\"\" class=\"wp-image-27180\"\/><\/figure>\n<\/div>","protected":false},"excerpt":{"rendered":"<p>A gest\u00e3o da prefeita Nair Branti tem se destacado em Mato Grosso do Sul pela busca constante por inova\u00e7\u00e3o administrativa, investimentos em qualidade de vida e projetos que v\u00eam transformando a realidade do munic\u00edpio de Douradina. Com uma gest\u00e3o marcada pelo planejamento e pela valoriza\u00e7\u00e3o das pessoas, Nair tem apostado em iniciativas que fortalecem \u00e1reas [&hellip;]<\/p>\n","protected":false},"author":3,"featured_media":27217,"comment_status":"open","ping_status":"closed","sticky":false,"template":"","format":"standard","meta":{"footnotes":""},"categories":[38,1,33],"tags":[],"class_list":["post-27216","post","type-post","status-publish","format-standard","has-post-thumbnail","hentry","category-assembleia-legislativa","category-noticia","category-politica"],"yoast_head":"<!-- This site is optimized with the Yoast SEO plugin v27.4 - https:\/\/yoast.com\/product\/yoast-seo-wordpress\/ -->\n<title>Prefeita Nair se destaca por inova\u00e7\u00e3o e transforma\u00e7\u00e3o em Douradina e recebe homenagem na Assembleia Legislativa - MsConectado<\/title>\n<meta name=\"robots\" content=\"index, follow, max-snippet:-1, max-image-preview:large, max-video-preview:-1\" \/>\n<link rel=\"canonical\" href=\"https:\/\/msconectado.com.br\/?p=27216\" \/>\n<meta property=\"og:locale\" content=\"pt_BR\" \/>\n<meta property=\"og:type\" content=\"article\" \/>\n<meta property=\"og:title\" content=\"Prefeita Nair se destaca por inova\u00e7\u00e3o e transforma\u00e7\u00e3o em Douradina e recebe homenagem na Assembleia Legislativa - MsConectado\" \/>\n<meta property=\"og:description\" content=\"A gest\u00e3o da prefeita Nair Branti tem se destacado em Mato Grosso do Sul pela busca constante por inova\u00e7\u00e3o administrativa, investimentos em qualidade de vida e projetos que v\u00eam transformando a realidade do munic\u00edpio de Douradina. Com uma gest\u00e3o marcada pelo planejamento e pela valoriza\u00e7\u00e3o das pessoas, Nair tem apostado em iniciativas que fortalecem \u00e1reas [&hellip;]\" \/>\n<meta property=\"og:url\" content=\"https:\/\/msconectado.com.br\/?p=27216\" \/>\n<meta property=\"og:site_name\" content=\"MsConectado\" \/>\n<meta property=\"article:published_time\" content=\"2026-03-12T14:10:27+00:00\" \/>\n<meta property=\"article:modified_time\" content=\"2026-03-12T14:10:29+00:00\" \/>\n<meta property=\"og:image\" content=\"https:\/\/msconectado.com.br\/wp-content\/uploads\/2026\/03\/Receber-a-homenagem-na-Assembleia-Legislativa-de-Mato-Grosso-do-Sul-durante-a-Sessao-Solene-do-.jpg\" \/>\n\t<meta property=\"og:image:width\" content=\"1065\" \/>\n\t<meta property=\"og:image:height\" content=\"710\" \/>\n\t<meta property=\"og:image:type\" content=\"image\/jpeg\" \/>\n<meta name=\"author\" content=\"Jeferson\" \/>\n<meta name=\"twitter:card\" content=\"summary_large_image\" \/>\n<meta name=\"twitter:label1\" content=\"Escrito por\" \/>\n\t<meta name=\"twitter:data1\" content=\"Jeferson\" \/>\n\t<meta name=\"twitter:label2\" content=\"Est. tempo de leitura\" \/>\n\t<meta name=\"twitter:data2\" content=\"3 minutos\" \/>\n<script type=\"application\/ld+json\" class=\"yoast-schema-graph\">{\"@context\":\"https:\\\/\\\/schema.org\",\"@graph\":[{\"@type\":\"Article\",\"@id\":\"https:\\\/\\\/msconectado.com.br\\\/?p=27216#article\",\"isPartOf\":{\"@id\":\"https:\\\/\\\/msconectado.com.br\\\/?p=27216\"},\"author\":{\"name\":\"Jeferson\",\"@id\":\"https:\\\/\\\/msconectado.com.br\\\/#\\\/schema\\\/person\\\/feb123a95a93eebea36f0ed6a2e5ba48\"},\"headline\":\"Prefeita Nair se destaca por inova\u00e7\u00e3o e transforma\u00e7\u00e3o em Douradina e recebe homenagem na Assembleia Legislativa\",\"datePublished\":\"2026-03-12T14:10:27+00:00\",\"dateModified\":\"2026-03-12T14:10:29+00:00\",\"mainEntityOfPage\":{\"@id\":\"https:\\\/\\\/msconectado.com.br\\\/?p=27216\"},\"wordCount\":386,\"commentCount\":0,\"publisher\":{\"@id\":\"https:\\\/\\\/msconectado.com.br\\\/#organization\"},\"image\":{\"@id\":\"https:\\\/\\\/msconectado.com.br\\\/?p=27216#primaryimage\"},\"thumbnailUrl\":\"https:\\\/\\\/msconectado.com.br\\\/wp-content\\\/uploads\\\/2026\\\/03\\\/Receber-a-homenagem-na-Assembleia-Legislativa-de-Mato-Grosso-do-Sul-durante-a-Sessao-Solene-do-.jpg\",\"articleSection\":[\"Assembleia Legislativa\",\"Not\u00edcia\",\"Pol\u00edtica\"],\"inLanguage\":\"pt-BR\",\"potentialAction\":[{\"@type\":\"CommentAction\",\"name\":\"Comment\",\"target\":[\"https:\\\/\\\/msconectado.com.br\\\/?p=27216#respond\"]}]},{\"@type\":\"WebPage\",\"@id\":\"https:\\\/\\\/msconectado.com.br\\\/?p=27216\",\"url\":\"https:\\\/\\\/msconectado.com.br\\\/?p=27216\",\"name\":\"Prefeita Nair se destaca por inova\u00e7\u00e3o e transforma\u00e7\u00e3o em Douradina e recebe homenagem na Assembleia Legislativa - MsConectado\",\"isPartOf\":{\"@id\":\"https:\\\/\\\/msconectado.com.br\\\/#website\"},\"primaryImageOfPage\":{\"@id\":\"https:\\\/\\\/msconectado.com.br\\\/?p=27216#primaryimage\"},\"image\":{\"@id\":\"https:\\\/\\\/msconectado.com.br\\\/?p=27216#primaryimage\"},\"thumbnailUrl\":\"https:\\\/\\\/msconectado.com.br\\\/wp-content\\\/uploads\\\/2026\\\/03\\\/Receber-a-homenagem-na-Assembleia-Legislativa-de-Mato-Grosso-do-Sul-durante-a-Sessao-Solene-do-.jpg\",\"datePublished\":\"2026-03-12T14:10:27+00:00\",\"dateModified\":\"2026-03-12T14:10:29+00:00\",\"breadcrumb\":{\"@id\":\"https:\\\/\\\/msconectado.com.br\\\/?p=27216#breadcrumb\"},\"inLanguage\":\"pt-BR\",\"potentialAction\":[{\"@type\":\"ReadAction\",\"target\":[\"https:\\\/\\\/msconectado.com.br\\\/?p=27216\"]}]},{\"@type\":\"ImageObject\",\"inLanguage\":\"pt-BR\",\"@id\":\"https:\\\/\\\/msconectado.com.br\\\/?p=27216#primaryimage\",\"url\":\"https:\\\/\\\/msconectado.com.br\\\/wp-content\\\/uploads\\\/2026\\\/03\\\/Receber-a-homenagem-na-Assembleia-Legislativa-de-Mato-Grosso-do-Sul-durante-a-Sessao-Solene-do-.jpg\",\"contentUrl\":\"https:\\\/\\\/msconectado.com.br\\\/wp-content\\\/uploads\\\/2026\\\/03\\\/Receber-a-homenagem-na-Assembleia-Legislativa-de-Mato-Grosso-do-Sul-durante-a-Sessao-Solene-do-.jpg\",\"width\":1065,\"height\":710},{\"@type\":\"BreadcrumbList\",\"@id\":\"https:\\\/\\\/msconectado.com.br\\\/?p=27216#breadcrumb\",\"itemListElement\":[{\"@type\":\"ListItem\",\"position\":1,\"name\":\"In\u00edcio\",\"item\":\"https:\\\/\\\/msconectado.com.br\\\/?page_id=105\"},{\"@type\":\"ListItem\",\"position\":2,\"name\":\"Prefeita Nair se destaca por inova\u00e7\u00e3o e transforma\u00e7\u00e3o em Douradina e recebe homenagem na Assembleia Legislativa\"}]},{\"@type\":\"WebSite\",\"@id\":\"https:\\\/\\\/msconectado.com.br\\\/#website\",\"url\":\"https:\\\/\\\/msconectado.com.br\\\/\",\"name\":\"MsConectado\",\"description\":\"Voc\u00ea Conectado com a Not\u00edcia!\",\"publisher\":{\"@id\":\"https:\\\/\\\/msconectado.com.br\\\/#organization\"},\"potentialAction\":[{\"@type\":\"SearchAction\",\"target\":{\"@type\":\"EntryPoint\",\"urlTemplate\":\"https:\\\/\\\/msconectado.com.br\\\/?s={search_term_string}\"},\"query-input\":{\"@type\":\"PropertyValueSpecification\",\"valueRequired\":true,\"valueName\":\"search_term_string\"}}],\"inLanguage\":\"pt-BR\"},{\"@type\":\"Organization\",\"@id\":\"https:\\\/\\\/msconectado.com.br\\\/#organization\",\"name\":\"MsConectado\",\"url\":\"https:\\\/\\\/msconectado.com.br\\\/\",\"logo\":{\"@type\":\"ImageObject\",\"inLanguage\":\"pt-BR\",\"@id\":\"https:\\\/\\\/msconectado.com.br\\\/#\\\/schema\\\/logo\\\/image\\\/\",\"url\":\"https:\\\/\\\/msconectado.com.br\\\/wp-content\\\/uploads\\\/2023\\\/01\\\/cropped-noticia-2.png\",\"contentUrl\":\"https:\\\/\\\/msconectado.com.br\\\/wp-content\\\/uploads\\\/2023\\\/01\\\/cropped-noticia-2.png\",\"width\":720,\"height\":157,\"caption\":\"MsConectado\"},\"image\":{\"@id\":\"https:\\\/\\\/msconectado.com.br\\\/#\\\/schema\\\/logo\\\/image\\\/\"}},{\"@type\":\"Person\",\"@id\":\"https:\\\/\\\/msconectado.com.br\\\/#\\\/schema\\\/person\\\/feb123a95a93eebea36f0ed6a2e5ba48\",\"name\":\"Jeferson\",\"image\":{\"@type\":\"ImageObject\",\"inLanguage\":\"pt-BR\",\"@id\":\"https:\\\/\\\/secure.gravatar.com\\\/avatar\\\/e23e8901c88f0cdc0ad479ef7a39bf3e4c806344549c087c00b721a65549a328?s=96&d=mm&r=g\",\"url\":\"https:\\\/\\\/secure.gravatar.com\\\/avatar\\\/e23e8901c88f0cdc0ad479ef7a39bf3e4c806344549c087c00b721a65549a328?s=96&d=mm&r=g\",\"contentUrl\":\"https:\\\/\\\/secure.gravatar.com\\\/avatar\\\/e23e8901c88f0cdc0ad479ef7a39bf3e4c806344549c087c00b721a65549a328?s=96&d=mm&r=g\",\"caption\":\"Jeferson\"},\"url\":\"https:\\\/\\\/msconectado.com.br\\\/?author=3\"}]}<\/script>\n<!-- \/ Yoast SEO plugin. -->","yoast_head_json":{"title":"Prefeita Nair se destaca por inova\u00e7\u00e3o e transforma\u00e7\u00e3o em Douradina e recebe homenagem na Assembleia Legislativa - MsConectado","robots":{"index":"index","follow":"follow","max-snippet":"max-snippet:-1","max-image-preview":"max-image-preview:large","max-video-preview":"max-video-preview:-1"},"canonical":"https:\/\/msconectado.com.br\/?p=27216","og_locale":"pt_BR","og_type":"article","og_title":"Prefeita Nair se destaca por inova\u00e7\u00e3o e transforma\u00e7\u00e3o em Douradina e recebe homenagem na Assembleia Legislativa - MsConectado","og_description":"A gest\u00e3o da prefeita Nair Branti tem se destacado em Mato Grosso do Sul pela busca constante por inova\u00e7\u00e3o administrativa, investimentos em qualidade de vida e projetos que v\u00eam transformando a realidade do munic\u00edpio de Douradina. Com uma gest\u00e3o marcada pelo planejamento e pela valoriza\u00e7\u00e3o das pessoas, Nair tem apostado em iniciativas que fortalecem \u00e1reas [&hellip;]","og_url":"https:\/\/msconectado.com.br\/?p=27216","og_site_name":"MsConectado","article_published_time":"2026-03-12T14:10:27+00:00","article_modified_time":"2026-03-12T14:10:29+00:00","og_image":[{"width":1065,"height":710,"url":"https:\/\/msconectado.com.br\/wp-content\/uploads\/2026\/03\/Receber-a-homenagem-na-Assembleia-Legislativa-de-Mato-Grosso-do-Sul-durante-a-Sessao-Solene-do-.jpg","type":"image\/jpeg"}],"author":"Jeferson","twitter_card":"summary_large_image","twitter_misc":{"Escrito por":"Jeferson","Est. tempo de leitura":"3 minutos"},"schema":{"@context":"https:\/\/schema.org","@graph":[{"@type":"Article","@id":"https:\/\/msconectado.com.br\/?p=27216#article","isPartOf":{"@id":"https:\/\/msconectado.com.br\/?p=27216"},"author":{"name":"Jeferson","@id":"https:\/\/msconectado.com.br\/#\/schema\/person\/feb123a95a93eebea36f0ed6a2e5ba48"},"headline":"Prefeita Nair se destaca por inova\u00e7\u00e3o e transforma\u00e7\u00e3o em Douradina e recebe homenagem na Assembleia Legislativa","datePublished":"2026-03-12T14:10:27+00:00","dateModified":"2026-03-12T14:10:29+00:00","mainEntityOfPage":{"@id":"https:\/\/msconectado.com.br\/?p=27216"},"wordCount":386,"commentCount":0,"publisher":{"@id":"https:\/\/msconectado.com.br\/#organization"},"image":{"@id":"https:\/\/msconectado.com.br\/?p=27216#primaryimage"},"thumbnailUrl":"https:\/\/msconectado.com.br\/wp-content\/uploads\/2026\/03\/Receber-a-homenagem-na-Assembleia-Legislativa-de-Mato-Grosso-do-Sul-durante-a-Sessao-Solene-do-.jpg","articleSection":["Assembleia Legislativa","Not\u00edcia","Pol\u00edtica"],"inLanguage":"pt-BR","potentialAction":[{"@type":"CommentAction","name":"Comment","target":["https:\/\/msconectado.com.br\/?p=27216#respond"]}]},{"@type":"WebPage","@id":"https:\/\/msconectado.com.br\/?p=27216","url":"https:\/\/msconectado.com.br\/?p=27216","name":"Prefeita Nair se destaca por inova\u00e7\u00e3o e transforma\u00e7\u00e3o em Douradina e recebe homenagem na Assembleia Legislativa - MsConectado","isPartOf":{"@id":"https:\/\/msconectado.com.br\/#website"},"primaryImageOfPage":{"@id":"https:\/\/msconectado.com.br\/?p=27216#primaryimage"},"image":{"@id":"https:\/\/msconectado.com.br\/?p=27216#primaryimage"},"thumbnailUrl":"https:\/\/msconectado.com.br\/wp-content\/uploads\/2026\/03\/Receber-a-homenagem-na-Assembleia-Legislativa-de-Mato-Grosso-do-Sul-durante-a-Sessao-Solene-do-.jpg","datePublished":"2026-03-12T14:10:27+00:00","dateModified":"2026-03-12T14:10:29+00:00","breadcrumb":{"@id":"https:\/\/msconectado.com.br\/?p=27216#breadcrumb"},"inLanguage":"pt-BR","potentialAction":[{"@type":"ReadAction","target":["https:\/\/msconectado.com.br\/?p=27216"]}]},{"@type":"ImageObject","inLanguage":"pt-BR","@id":"https:\/\/msconectado.com.br\/?p=27216#primaryimage","url":"https:\/\/msconectado.com.br\/wp-content\/uploads\/2026\/03\/Receber-a-homenagem-na-Assembleia-Legislativa-de-Mato-Grosso-do-Sul-durante-a-Sessao-Solene-do-.jpg","contentUrl":"https:\/\/msconectado.com.br\/wp-content\/uploads\/2026\/03\/Receber-a-homenagem-na-Assembleia-Legislativa-de-Mato-Grosso-do-Sul-durante-a-Sessao-Solene-do-.jpg","width":1065,"height":710},{"@type":"BreadcrumbList","@id":"https:\/\/msconectado.com.br\/?p=27216#breadcrumb","itemListElement":[{"@type":"ListItem","position":1,"name":"In\u00edcio","item":"https:\/\/msconectado.com.br\/?page_id=105"},{"@type":"ListItem","position":2,"name":"Prefeita Nair se destaca por inova\u00e7\u00e3o e transforma\u00e7\u00e3o em Douradina e recebe homenagem na Assembleia Legislativa"}]},{"@type":"WebSite","@id":"https:\/\/msconectado.com.br\/#website","url":"https:\/\/msconectado.com.br\/","name":"MsConectado","description":"Voc\u00ea Conectado com a Not\u00edcia!","publisher":{"@id":"https:\/\/msconectado.com.br\/#organization"},"potentialAction":[{"@type":"SearchAction","target":{"@type":"EntryPoint","urlTemplate":"https:\/\/msconectado.com.br\/?s={search_term_string}"},"query-input":{"@type":"PropertyValueSpecification","valueRequired":true,"valueName":"search_term_string"}}],"inLanguage":"pt-BR"},{"@type":"Organization","@id":"https:\/\/msconectado.com.br\/#organization","name":"MsConectado","url":"https:\/\/msconectado.com.br\/","logo":{"@type":"ImageObject","inLanguage":"pt-BR","@id":"https:\/\/msconectado.com.br\/#\/schema\/logo\/image\/","url":"https:\/\/msconectado.com.br\/wp-content\/uploads\/2023\/01\/cropped-noticia-2.png","contentUrl":"https:\/\/msconectado.com.br\/wp-content\/uploads\/2023\/01\/cropped-noticia-2.png","width":720,"height":157,"caption":"MsConectado"},"image":{"@id":"https:\/\/msconectado.com.br\/#\/schema\/logo\/image\/"}},{"@type":"Person","@id":"https:\/\/msconectado.com.br\/#\/schema\/person\/feb123a95a93eebea36f0ed6a2e5ba48","name":"Jeferson","image":{"@type":"ImageObject","inLanguage":"pt-BR","@id":"https:\/\/secure.gravatar.com\/avatar\/e23e8901c88f0cdc0ad479ef7a39bf3e4c806344549c087c00b721a65549a328?s=96&d=mm&r=g","url":"https:\/\/secure.gravatar.com\/avatar\/e23e8901c88f0cdc0ad479ef7a39bf3e4c806344549c087c00b721a65549a328?s=96&d=mm&r=g","contentUrl":"https:\/\/secure.gravatar.com\/avatar\/e23e8901c88f0cdc0ad479ef7a39bf3e4c806344549c087c00b721a65549a328?s=96&d=mm&r=g","caption":"Jeferson"},"url":"https:\/\/msconectado.com.br\/?author=3"}]}},"_links":{"self":[{"href":"https:\/\/msconectado.com.br\/index.php?rest_route=\/wp\/v2\/posts\/27216","targetHints":{"allow":["GET"]}}],"collection":[{"href":"https:\/\/msconectado.com.br\/index.php?rest_route=\/wp\/v2\/posts"}],"about":[{"href":"https:\/\/msconectado.com.br\/index.php?rest_route=\/wp\/v2\/types\/post"}],"author":[{"embeddable":true,"href":"https:\/\/msconectado.com.br\/index.php?rest_route=\/wp\/v2\/users\/3"}],"replies":[{"embeddable":true,"href":"https:\/\/msconectado.com.br\/index.php?rest_route=%2Fwp%2Fv2%2Fcomments&post=27216"}],"version-history":[{"count":1,"href":"https:\/\/msconectado.com.br\/index.php?rest_route=\/wp\/v2\/posts\/27216\/revisions"}],"predecessor-version":[{"id":27218,"href":"https:\/\/msconectado.com.br\/index.php?rest_route=\/wp\/v2\/posts\/27216\/revisions\/27218"}],"wp:featuredmedia":[{"embeddable":true,"href":"https:\/\/msconectado.com.br\/index.php?rest_route=\/wp\/v2\/media\/27217"}],"wp:attachment":[{"href":"https:\/\/msconectado.com.br\/index.php?rest_route=%2Fwp%2Fv2%2Fmedia&parent=27216"}],"wp:term":[{"taxonomy":"category","embeddable":true,"href":"https:\/\/msconectado.com.br\/index.php?rest_route=%2Fwp%2Fv2%2Fcategories&post=27216"},{"taxonomy":"post_tag","embeddable":true,"href":"https:\/\/msconectado.com.br\/index.php?rest_route=%2Fwp%2Fv2%2Ftags&post=27216"}],"curies":[{"name":"wp","href":"https:\/\/api.w.org\/{rel}","templated":true}]}}