{"id":27222,"date":"2026-03-13T11:01:43","date_gmt":"2026-03-13T11:01:43","guid":{"rendered":"https:\/\/msconectado.com.br\/?p=27222"},"modified":"2026-03-13T11:01:45","modified_gmt":"2026-03-13T11:01:45","slug":"ordem-do-dia-deputados-aprovam-4-propostas-projeto-sobre-depressao-infantil-avanca-para-2a","status":"publish","type":"post","link":"https:\/\/msconectado.com.br\/?p=27222","title":{"rendered":"Ordem do Dia: Deputados aprovam 4 propostas; projeto sobre depress\u00e3o infantil avan\u00e7a para 2\u00aa"},"content":{"rendered":"\n<p>Quatro propostas foram aprovadas pelos deputados estaduais durante a Ordem do Dia da sess\u00e3o plen\u00e1ria desta quinta-feira (12), na Assembleia Legislativa de Mato Grosso do Sul (ALEMS). Entre as mat\u00e9rias, est\u00e1 o Projeto de Lei 272\/2025, de autoria do deputado Jamilson Name (PSDB), aprovado em primeira discuss\u00e3o e vota\u00e7\u00e3o. A proposta segue agora para segunda an\u00e1lise em plen\u00e1rio.<\/p>\n\n\n\n<p>O projeto disp\u00f5e sobre a afixa\u00e7\u00e3o de cartazes informativos sobre depress\u00e3o infantil em diversos locais. Conforme a mat\u00e9ria, os materiais dever\u00e3o apresentar informa\u00e7\u00f5es a respeito dos principais sinais e sintomas da depress\u00e3o na inf\u00e2ncia e adolesc\u00eancia, orienta\u00e7\u00f5es quanto \u00e0 import\u00e2ncia de buscar atendimento profissional especializado e dados dos Centros de Aten\u00e7\u00e3o Psicossocial Infantojuvenil (CAPS Infantil) dispon\u00edveis no Estado.<\/p>\n\n\n\n<p>Nos cartazes tamb\u00e9m dever\u00e1 constar a rela\u00e7\u00e3o atualizada das unidades de atendimento, com endere\u00e7os, telefones e hor\u00e1rios de funcionamento, facilitando o acesso das fam\u00edlias aos servi\u00e7os especializados.<\/p>\n\n\n\n<p>De acordo com o deputado Jamilson Name, a depress\u00e3o infantil \u00e9 um tema de crescente relev\u00e2ncia na \u00e1rea da sa\u00fade p\u00fablica, mas ainda pouco debatido. \u201cMuitas vezes os sintomas s\u00e3o confundidos com comportamentos t\u00edpicos da inf\u00e2ncia, o que pode retardar o diagn\u00f3stico e o tratamento\u201d, destaca o parlamentar.<\/p>\n\n\n\n<p>Calend\u00e1rio Oficial<\/p>\n\n\n\n<p>Tamb\u00e9m em primeira discuss\u00e3o foram aprovados dois projetos que incluem eventos no calend\u00e1rio oficial de Mato Grosso do Sul. O Projeto de Lei 277\/2025, da deputada Lia Nogueira (PSDB), institui o Baile de Debutantes do Projeto Primavera, realizado anualmente no m\u00eas de outubro no munic\u00edpio de Costa Rica.<\/p>\n\n\n\n<p>J\u00e1 o Projeto de Lei 327\/2025, de autoria do deputado Caravina (PSDB), inclui no calend\u00e1rio estadual o Noven\u00e1rio em honra a S\u00e3o Judas Tadeu e a Festa das Na\u00e7\u00f5es.<\/p>\n\n\n\n<p>Em discuss\u00e3o \u00fanica, foi aprovado o Projeto de Lei 273\/2025, do deputado Marcio Fernandes (MDB), com coautoria do presidente da ALEMS, Gerson Claro (PP). A proposta denomina Emigdio Ant\u00f4nio Sandri a rodovia MS-380, no trecho que liga a sede do munic\u00edpio de Ponta Por\u00e3 \u00e0 BR-463. A mat\u00e9ria segue agora para o expediente.<\/p>\n\n\n\n<p>Assessoria; ALMES <\/p>\n\n\n<div class=\"wp-block-image\">\n<figure class=\"aligncenter size-full\"><img fetchpriority=\"high\" decoding=\"async\" width=\"900\" height=\"100\" src=\"https:\/\/msconectado.com.br\/wp-content\/uploads\/2026\/03\/Fullbanner-Marco-Lilas-900x100px.gif\" alt=\"\" class=\"wp-image-27141\"\/><\/figure>\n<\/div>","protected":false},"excerpt":{"rendered":"<p>Quatro propostas foram aprovadas pelos deputados estaduais durante a Ordem do Dia da sess\u00e3o plen\u00e1ria desta quinta-feira (12), na Assembleia Legislativa de Mato Grosso do Sul (ALEMS). Entre as mat\u00e9rias, est\u00e1 o Projeto de Lei 272\/2025, de autoria do deputado Jamilson Name (PSDB), aprovado em primeira discuss\u00e3o e vota\u00e7\u00e3o. A proposta segue agora para segunda [&hellip;]<\/p>\n","protected":false},"author":3,"featured_media":27223,"comment_status":"open","ping_status":"closed","sticky":false,"template":"","format":"standard","meta":{"footnotes":""},"categories":[38,35,33],"tags":[],"class_list":["post-27222","post","type-post","status-publish","format-standard","has-post-thumbnail","hentry","category-assembleia-legislativa","category-cidades","category-politica"],"yoast_head":"<!-- This site is optimized with the Yoast SEO plugin v27.4 - https:\/\/yoast.com\/product\/yoast-seo-wordpress\/ -->\n<title>Ordem do Dia: Deputados aprovam 4 propostas; projeto sobre depress\u00e3o infantil avan\u00e7a para 2\u00aa - MsConectado<\/title>\n<meta name=\"robots\" content=\"index, follow, max-snippet:-1, max-image-preview:large, max-video-preview:-1\" \/>\n<link rel=\"canonical\" href=\"https:\/\/msconectado.com.br\/?p=27222\" \/>\n<meta property=\"og:locale\" content=\"pt_BR\" \/>\n<meta property=\"og:type\" content=\"article\" \/>\n<meta property=\"og:title\" content=\"Ordem do Dia: Deputados aprovam 4 propostas; projeto sobre depress\u00e3o infantil avan\u00e7a para 2\u00aa - MsConectado\" \/>\n<meta property=\"og:description\" content=\"Quatro propostas foram aprovadas pelos deputados estaduais durante a Ordem do Dia da sess\u00e3o plen\u00e1ria desta quinta-feira (12), na Assembleia Legislativa de Mato Grosso do Sul (ALEMS). Entre as mat\u00e9rias, est\u00e1 o Projeto de Lei 272\/2025, de autoria do deputado Jamilson Name (PSDB), aprovado em primeira discuss\u00e3o e vota\u00e7\u00e3o. A proposta segue agora para segunda [&hellip;]\" \/>\n<meta property=\"og:url\" content=\"https:\/\/msconectado.com.br\/?p=27222\" \/>\n<meta property=\"og:site_name\" content=\"MsConectado\" \/>\n<meta property=\"article:published_time\" content=\"2026-03-13T11:01:43+00:00\" \/>\n<meta property=\"article:modified_time\" content=\"2026-03-13T11:01:45+00:00\" \/>\n<meta property=\"og:image\" content=\"https:\/\/msconectado.com.br\/wp-content\/uploads\/2026\/03\/IMG_4331-1.jpg\" \/>\n\t<meta property=\"og:image:width\" content=\"1028\" \/>\n\t<meta property=\"og:image:height\" content=\"685\" \/>\n\t<meta property=\"og:image:type\" content=\"image\/jpeg\" \/>\n<meta name=\"author\" content=\"Jeferson\" \/>\n<meta name=\"twitter:card\" content=\"summary_large_image\" \/>\n<meta name=\"twitter:label1\" content=\"Escrito por\" \/>\n\t<meta name=\"twitter:data1\" content=\"Jeferson\" \/>\n\t<meta name=\"twitter:label2\" content=\"Est. tempo de leitura\" \/>\n\t<meta name=\"twitter:data2\" content=\"3 minutos\" \/>\n<script type=\"application\/ld+json\" class=\"yoast-schema-graph\">{\"@context\":\"https:\\\/\\\/schema.org\",\"@graph\":[{\"@type\":\"Article\",\"@id\":\"https:\\\/\\\/msconectado.com.br\\\/?p=27222#article\",\"isPartOf\":{\"@id\":\"https:\\\/\\\/msconectado.com.br\\\/?p=27222\"},\"author\":{\"name\":\"Jeferson\",\"@id\":\"https:\\\/\\\/msconectado.com.br\\\/#\\\/schema\\\/person\\\/feb123a95a93eebea36f0ed6a2e5ba48\"},\"headline\":\"Ordem do Dia: Deputados aprovam 4 propostas; projeto sobre depress\u00e3o infantil avan\u00e7a para 2\u00aa\",\"datePublished\":\"2026-03-13T11:01:43+00:00\",\"dateModified\":\"2026-03-13T11:01:45+00:00\",\"mainEntityOfPage\":{\"@id\":\"https:\\\/\\\/msconectado.com.br\\\/?p=27222\"},\"wordCount\":379,\"commentCount\":0,\"publisher\":{\"@id\":\"https:\\\/\\\/msconectado.com.br\\\/#organization\"},\"image\":{\"@id\":\"https:\\\/\\\/msconectado.com.br\\\/?p=27222#primaryimage\"},\"thumbnailUrl\":\"https:\\\/\\\/msconectado.com.br\\\/wp-content\\\/uploads\\\/2026\\\/03\\\/IMG_4331-1.jpg\",\"articleSection\":[\"Assembleia Legislativa\",\"Cidades\",\"Pol\u00edtica\"],\"inLanguage\":\"pt-BR\",\"potentialAction\":[{\"@type\":\"CommentAction\",\"name\":\"Comment\",\"target\":[\"https:\\\/\\\/msconectado.com.br\\\/?p=27222#respond\"]}]},{\"@type\":\"WebPage\",\"@id\":\"https:\\\/\\\/msconectado.com.br\\\/?p=27222\",\"url\":\"https:\\\/\\\/msconectado.com.br\\\/?p=27222\",\"name\":\"Ordem do Dia: Deputados aprovam 4 propostas; projeto sobre depress\u00e3o infantil avan\u00e7a para 2\u00aa - MsConectado\",\"isPartOf\":{\"@id\":\"https:\\\/\\\/msconectado.com.br\\\/#website\"},\"primaryImageOfPage\":{\"@id\":\"https:\\\/\\\/msconectado.com.br\\\/?p=27222#primaryimage\"},\"image\":{\"@id\":\"https:\\\/\\\/msconectado.com.br\\\/?p=27222#primaryimage\"},\"thumbnailUrl\":\"https:\\\/\\\/msconectado.com.br\\\/wp-content\\\/uploads\\\/2026\\\/03\\\/IMG_4331-1.jpg\",\"datePublished\":\"2026-03-13T11:01:43+00:00\",\"dateModified\":\"2026-03-13T11:01:45+00:00\",\"breadcrumb\":{\"@id\":\"https:\\\/\\\/msconectado.com.br\\\/?p=27222#breadcrumb\"},\"inLanguage\":\"pt-BR\",\"potentialAction\":[{\"@type\":\"ReadAction\",\"target\":[\"https:\\\/\\\/msconectado.com.br\\\/?p=27222\"]}]},{\"@type\":\"ImageObject\",\"inLanguage\":\"pt-BR\",\"@id\":\"https:\\\/\\\/msconectado.com.br\\\/?p=27222#primaryimage\",\"url\":\"https:\\\/\\\/msconectado.com.br\\\/wp-content\\\/uploads\\\/2026\\\/03\\\/IMG_4331-1.jpg\",\"contentUrl\":\"https:\\\/\\\/msconectado.com.br\\\/wp-content\\\/uploads\\\/2026\\\/03\\\/IMG_4331-1.jpg\",\"width\":1028,\"height\":685},{\"@type\":\"BreadcrumbList\",\"@id\":\"https:\\\/\\\/msconectado.com.br\\\/?p=27222#breadcrumb\",\"itemListElement\":[{\"@type\":\"ListItem\",\"position\":1,\"name\":\"In\u00edcio\",\"item\":\"https:\\\/\\\/msconectado.com.br\\\/?page_id=105\"},{\"@type\":\"ListItem\",\"position\":2,\"name\":\"Ordem do Dia: Deputados aprovam 4 propostas; projeto sobre depress\u00e3o infantil avan\u00e7a para 2\u00aa\"}]},{\"@type\":\"WebSite\",\"@id\":\"https:\\\/\\\/msconectado.com.br\\\/#website\",\"url\":\"https:\\\/\\\/msconectado.com.br\\\/\",\"name\":\"MsConectado\",\"description\":\"Voc\u00ea Conectado com a Not\u00edcia!\",\"publisher\":{\"@id\":\"https:\\\/\\\/msconectado.com.br\\\/#organization\"},\"potentialAction\":[{\"@type\":\"SearchAction\",\"target\":{\"@type\":\"EntryPoint\",\"urlTemplate\":\"https:\\\/\\\/msconectado.com.br\\\/?s={search_term_string}\"},\"query-input\":{\"@type\":\"PropertyValueSpecification\",\"valueRequired\":true,\"valueName\":\"search_term_string\"}}],\"inLanguage\":\"pt-BR\"},{\"@type\":\"Organization\",\"@id\":\"https:\\\/\\\/msconectado.com.br\\\/#organization\",\"name\":\"MsConectado\",\"url\":\"https:\\\/\\\/msconectado.com.br\\\/\",\"logo\":{\"@type\":\"ImageObject\",\"inLanguage\":\"pt-BR\",\"@id\":\"https:\\\/\\\/msconectado.com.br\\\/#\\\/schema\\\/logo\\\/image\\\/\",\"url\":\"https:\\\/\\\/msconectado.com.br\\\/wp-content\\\/uploads\\\/2023\\\/01\\\/cropped-noticia-2.png\",\"contentUrl\":\"https:\\\/\\\/msconectado.com.br\\\/wp-content\\\/uploads\\\/2023\\\/01\\\/cropped-noticia-2.png\",\"width\":720,\"height\":157,\"caption\":\"MsConectado\"},\"image\":{\"@id\":\"https:\\\/\\\/msconectado.com.br\\\/#\\\/schema\\\/logo\\\/image\\\/\"}},{\"@type\":\"Person\",\"@id\":\"https:\\\/\\\/msconectado.com.br\\\/#\\\/schema\\\/person\\\/feb123a95a93eebea36f0ed6a2e5ba48\",\"name\":\"Jeferson\",\"image\":{\"@type\":\"ImageObject\",\"inLanguage\":\"pt-BR\",\"@id\":\"https:\\\/\\\/secure.gravatar.com\\\/avatar\\\/e23e8901c88f0cdc0ad479ef7a39bf3e4c806344549c087c00b721a65549a328?s=96&d=mm&r=g\",\"url\":\"https:\\\/\\\/secure.gravatar.com\\\/avatar\\\/e23e8901c88f0cdc0ad479ef7a39bf3e4c806344549c087c00b721a65549a328?s=96&d=mm&r=g\",\"contentUrl\":\"https:\\\/\\\/secure.gravatar.com\\\/avatar\\\/e23e8901c88f0cdc0ad479ef7a39bf3e4c806344549c087c00b721a65549a328?s=96&d=mm&r=g\",\"caption\":\"Jeferson\"},\"url\":\"https:\\\/\\\/msconectado.com.br\\\/?author=3\"}]}<\/script>\n<!-- \/ Yoast SEO plugin. -->","yoast_head_json":{"title":"Ordem do Dia: Deputados aprovam 4 propostas; projeto sobre depress\u00e3o infantil avan\u00e7a para 2\u00aa - MsConectado","robots":{"index":"index","follow":"follow","max-snippet":"max-snippet:-1","max-image-preview":"max-image-preview:large","max-video-preview":"max-video-preview:-1"},"canonical":"https:\/\/msconectado.com.br\/?p=27222","og_locale":"pt_BR","og_type":"article","og_title":"Ordem do Dia: Deputados aprovam 4 propostas; projeto sobre depress\u00e3o infantil avan\u00e7a para 2\u00aa - MsConectado","og_description":"Quatro propostas foram aprovadas pelos deputados estaduais durante a Ordem do Dia da sess\u00e3o plen\u00e1ria desta quinta-feira (12), na Assembleia Legislativa de Mato Grosso do Sul (ALEMS). Entre as mat\u00e9rias, est\u00e1 o Projeto de Lei 272\/2025, de autoria do deputado Jamilson Name (PSDB), aprovado em primeira discuss\u00e3o e vota\u00e7\u00e3o. A proposta segue agora para segunda [&hellip;]","og_url":"https:\/\/msconectado.com.br\/?p=27222","og_site_name":"MsConectado","article_published_time":"2026-03-13T11:01:43+00:00","article_modified_time":"2026-03-13T11:01:45+00:00","og_image":[{"width":1028,"height":685,"url":"https:\/\/msconectado.com.br\/wp-content\/uploads\/2026\/03\/IMG_4331-1.jpg","type":"image\/jpeg"}],"author":"Jeferson","twitter_card":"summary_large_image","twitter_misc":{"Escrito por":"Jeferson","Est. tempo de leitura":"3 minutos"},"schema":{"@context":"https:\/\/schema.org","@graph":[{"@type":"Article","@id":"https:\/\/msconectado.com.br\/?p=27222#article","isPartOf":{"@id":"https:\/\/msconectado.com.br\/?p=27222"},"author":{"name":"Jeferson","@id":"https:\/\/msconectado.com.br\/#\/schema\/person\/feb123a95a93eebea36f0ed6a2e5ba48"},"headline":"Ordem do Dia: Deputados aprovam 4 propostas; projeto sobre depress\u00e3o infantil avan\u00e7a para 2\u00aa","datePublished":"2026-03-13T11:01:43+00:00","dateModified":"2026-03-13T11:01:45+00:00","mainEntityOfPage":{"@id":"https:\/\/msconectado.com.br\/?p=27222"},"wordCount":379,"commentCount":0,"publisher":{"@id":"https:\/\/msconectado.com.br\/#organization"},"image":{"@id":"https:\/\/msconectado.com.br\/?p=27222#primaryimage"},"thumbnailUrl":"https:\/\/msconectado.com.br\/wp-content\/uploads\/2026\/03\/IMG_4331-1.jpg","articleSection":["Assembleia Legislativa","Cidades","Pol\u00edtica"],"inLanguage":"pt-BR","potentialAction":[{"@type":"CommentAction","name":"Comment","target":["https:\/\/msconectado.com.br\/?p=27222#respond"]}]},{"@type":"WebPage","@id":"https:\/\/msconectado.com.br\/?p=27222","url":"https:\/\/msconectado.com.br\/?p=27222","name":"Ordem do Dia: Deputados aprovam 4 propostas; projeto sobre depress\u00e3o infantil avan\u00e7a para 2\u00aa - MsConectado","isPartOf":{"@id":"https:\/\/msconectado.com.br\/#website"},"primaryImageOfPage":{"@id":"https:\/\/msconectado.com.br\/?p=27222#primaryimage"},"image":{"@id":"https:\/\/msconectado.com.br\/?p=27222#primaryimage"},"thumbnailUrl":"https:\/\/msconectado.com.br\/wp-content\/uploads\/2026\/03\/IMG_4331-1.jpg","datePublished":"2026-03-13T11:01:43+00:00","dateModified":"2026-03-13T11:01:45+00:00","breadcrumb":{"@id":"https:\/\/msconectado.com.br\/?p=27222#breadcrumb"},"inLanguage":"pt-BR","potentialAction":[{"@type":"ReadAction","target":["https:\/\/msconectado.com.br\/?p=27222"]}]},{"@type":"ImageObject","inLanguage":"pt-BR","@id":"https:\/\/msconectado.com.br\/?p=27222#primaryimage","url":"https:\/\/msconectado.com.br\/wp-content\/uploads\/2026\/03\/IMG_4331-1.jpg","contentUrl":"https:\/\/msconectado.com.br\/wp-content\/uploads\/2026\/03\/IMG_4331-1.jpg","width":1028,"height":685},{"@type":"BreadcrumbList","@id":"https:\/\/msconectado.com.br\/?p=27222#breadcrumb","itemListElement":[{"@type":"ListItem","position":1,"name":"In\u00edcio","item":"https:\/\/msconectado.com.br\/?page_id=105"},{"@type":"ListItem","position":2,"name":"Ordem do Dia: Deputados aprovam 4 propostas; projeto sobre depress\u00e3o infantil avan\u00e7a para 2\u00aa"}]},{"@type":"WebSite","@id":"https:\/\/msconectado.com.br\/#website","url":"https:\/\/msconectado.com.br\/","name":"MsConectado","description":"Voc\u00ea Conectado com a Not\u00edcia!","publisher":{"@id":"https:\/\/msconectado.com.br\/#organization"},"potentialAction":[{"@type":"SearchAction","target":{"@type":"EntryPoint","urlTemplate":"https:\/\/msconectado.com.br\/?s={search_term_string}"},"query-input":{"@type":"PropertyValueSpecification","valueRequired":true,"valueName":"search_term_string"}}],"inLanguage":"pt-BR"},{"@type":"Organization","@id":"https:\/\/msconectado.com.br\/#organization","name":"MsConectado","url":"https:\/\/msconectado.com.br\/","logo":{"@type":"ImageObject","inLanguage":"pt-BR","@id":"https:\/\/msconectado.com.br\/#\/schema\/logo\/image\/","url":"https:\/\/msconectado.com.br\/wp-content\/uploads\/2023\/01\/cropped-noticia-2.png","contentUrl":"https:\/\/msconectado.com.br\/wp-content\/uploads\/2023\/01\/cropped-noticia-2.png","width":720,"height":157,"caption":"MsConectado"},"image":{"@id":"https:\/\/msconectado.com.br\/#\/schema\/logo\/image\/"}},{"@type":"Person","@id":"https:\/\/msconectado.com.br\/#\/schema\/person\/feb123a95a93eebea36f0ed6a2e5ba48","name":"Jeferson","image":{"@type":"ImageObject","inLanguage":"pt-BR","@id":"https:\/\/secure.gravatar.com\/avatar\/e23e8901c88f0cdc0ad479ef7a39bf3e4c806344549c087c00b721a65549a328?s=96&d=mm&r=g","url":"https:\/\/secure.gravatar.com\/avatar\/e23e8901c88f0cdc0ad479ef7a39bf3e4c806344549c087c00b721a65549a328?s=96&d=mm&r=g","contentUrl":"https:\/\/secure.gravatar.com\/avatar\/e23e8901c88f0cdc0ad479ef7a39bf3e4c806344549c087c00b721a65549a328?s=96&d=mm&r=g","caption":"Jeferson"},"url":"https:\/\/msconectado.com.br\/?author=3"}]}},"_links":{"self":[{"href":"https:\/\/msconectado.com.br\/index.php?rest_route=\/wp\/v2\/posts\/27222","targetHints":{"allow":["GET"]}}],"collection":[{"href":"https:\/\/msconectado.com.br\/index.php?rest_route=\/wp\/v2\/posts"}],"about":[{"href":"https:\/\/msconectado.com.br\/index.php?rest_route=\/wp\/v2\/types\/post"}],"author":[{"embeddable":true,"href":"https:\/\/msconectado.com.br\/index.php?rest_route=\/wp\/v2\/users\/3"}],"replies":[{"embeddable":true,"href":"https:\/\/msconectado.com.br\/index.php?rest_route=%2Fwp%2Fv2%2Fcomments&post=27222"}],"version-history":[{"count":1,"href":"https:\/\/msconectado.com.br\/index.php?rest_route=\/wp\/v2\/posts\/27222\/revisions"}],"predecessor-version":[{"id":27224,"href":"https:\/\/msconectado.com.br\/index.php?rest_route=\/wp\/v2\/posts\/27222\/revisions\/27224"}],"wp:featuredmedia":[{"embeddable":true,"href":"https:\/\/msconectado.com.br\/index.php?rest_route=\/wp\/v2\/media\/27223"}],"wp:attachment":[{"href":"https:\/\/msconectado.com.br\/index.php?rest_route=%2Fwp%2Fv2%2Fmedia&parent=27222"}],"wp:term":[{"taxonomy":"category","embeddable":true,"href":"https:\/\/msconectado.com.br\/index.php?rest_route=%2Fwp%2Fv2%2Fcategories&post=27222"},{"taxonomy":"post_tag","embeddable":true,"href":"https:\/\/msconectado.com.br\/index.php?rest_route=%2Fwp%2Fv2%2Ftags&post=27222"}],"curies":[{"name":"wp","href":"https:\/\/api.w.org\/{rel}","templated":true}]}}