
{"id":27228,"date":"2026-03-14T22:39:24","date_gmt":"2026-03-14T22:39:24","guid":{"rendered":"https:\/\/msconectado.com.br\/?p=27228"},"modified":"2026-03-14T22:39:26","modified_gmt":"2026-03-14T22:39:26","slug":"antonio-joao-recebe-pacote-de-obras-em-educacao-infraestrutura-e-ms-384","status":"publish","type":"post","link":"https:\/\/msconectado.com.br\/?p=27228","title":{"rendered":"Ant\u00f4nio Jo\u00e3o recebe pacote de obras em educa\u00e7\u00e3o, infraestrutura e MS-384"},"content":{"rendered":"\n<p>Uma gest\u00e3o municipalista, que pensa nas pessoas. Com este objetivo o governador Eduardo Riedel entregou um pacote de obras em Ant\u00f4nio Jo\u00e3o. S\u00e3o investimentos em infraestrutura urbana, rodovias, saneamento e educa\u00e7\u00e3o. O resultado \u00e9 uma qualidade de vida melhor ao cidad\u00e3o.<\/p>\n\n\n\n<p>\u201cDemos continuidade nas obras e investimentos na cidade, com uma gest\u00e3o que pensa nas pessoas e leva investimentos aos munic\u00edpios. Recapeando ruas, levando pavimenta\u00e7\u00e3o e obras em rodovias. Nosso objetivo \u00e9 atender o que a popula\u00e7\u00e3o precisa e Ant\u00f4nio Jo\u00e3o faz parte deste projeto\u201d, afirmou o governador Eduardo Riedel.<\/p>\n\n\n\n<p>Entre as obras de destaque est\u00e1 a restaura\u00e7\u00e3o e drenagem da rodovia MS-384, que contou com um investimento de R$ 134,1 milh\u00f5es, em uma extens\u00e3o de 67,6 km.<\/p>\n\n\n\n<p>Estrat\u00e9gica, a obra integra o tronco rodovi\u00e1rio na regi\u00e3o de fronteira com o Paraguai, na<br>regi\u00e3o Sul do Estado, trazendo melhorias na capacidade de tr\u00e1fego, que tem um<br>intenso fluxo de ve\u00edculos pesados, em virtude do escoamento de produ\u00e7\u00e3o agropecu\u00e1ria.<\/p>\n\n\n\n<p>Al\u00e9m de alavancar a regi\u00e3o de fronteira, ela contribui com a Rota Bioce\u00e2nica e liga o<br>munic\u00edpio de Ant\u00f4nio Jo\u00e3o \u00e0 Bela Vista. A sa\u00edda de Mato Grosso do Sul rumo ao Pac\u00edfico \u00e9 um dos grandes projetos de futuro do Estado e do Brasil.<\/p>\n\n\n\n<p><strong>Infraestrutura urbana<\/strong><\/p>\n\n\n\n<p>Para atender de forma direta os anseios da popula\u00e7\u00e3o, o governador Riedel entregou a obra de obra de pavimenta\u00e7\u00e3o asf\u00e1ltica e drenagem nas Vilas Penzo, Guarany e P\u00f4r do Sol, com investimentos de R$ 14,5 milh\u00f5es. Ao todo ser\u00e3o pavimentadas 25 rua com o fim da poeira e da lama, nos dias de chuva.<\/p>\n\n\n\n<p>Marcelina Gon\u00e7alves, moradora da vila, ficou muito feliz e agradeceu pelo asfalto chegar em frente a sua casa. \u201cMelhorou muito nossa vida, gra\u00e7as a Deus ganhamos esta obra, que ficou muito bonita. Agora estamos sem poeira e sem barro\u201d.<\/p>\n\n\n\n<p>Tamb\u00e9m foram restauradas 12 ruas do munic\u00edpio, com investimentos de R$ 3,1 milh\u00f5es, por meio do programa MS Ativo.<\/p>\n\n\n\n<p><strong>Educa\u00e7\u00e3o de qualidade<\/strong><\/p>\n\n\n\n<p>Com aprendizado de qualidade e estrutura moderna, o Governo do Estado fez sua parte com a reforma geral da Escola Estadual Pantale\u00e3o Coelho Xavier, respons\u00e1vel pelo atendimento de 497 estudantes, matriculados em turmas que v\u00e3o do 6\u00ba ano do Ensino Fundamental<br>at\u00e9 o 3\u00ba ano do Ensino M\u00e9dio.<\/p>\n\n\n\n<p>Ainda foi inaugurada a obra de reforma da Escola Estadual Aral Moreira, que atende 459<br>estudantes matriculados. Com ambiente adequado e estrutura moderna os alunos e profissionais da Educa\u00e7\u00e3o v\u00e3o gerar cada vez mais resultados positivos ao Estado.<\/p>\n\n\n\n<p>\u201cIsto representa a uni\u00e3o em torno de um prop\u00f3sito. Estamos entregando no Estado uma obra em escola a cada seis dias. Um processo cont\u00ednuo que valoriza a educa\u00e7\u00e3o\u201d, disse Riedel.<\/p>\n\n\n\n<p><strong>Saneamento<\/strong><\/p>\n\n\n\n<p>A pol\u00edtica de amplia\u00e7\u00e3o do saneamento no Estado continua em pleno vapor. Em Ant\u00f4nio Jo\u00e3o foram entregues as obras de perfura\u00e7\u00e3o e ativa\u00e7\u00e3o do po\u00e7o tubular profundo, assim como a execu\u00e7\u00e3o de 4.538 metros de rede coletora de esgoto e 254 liga\u00e7\u00f5es domiciliares (esgoto).<\/p>\n\n\n\n<p>\u201cN\u00e3o tenho o que reclamar do Governo do Estado. Tudo que ocorre em Ant\u00f4nio Jo\u00e3o, 70% s\u00e3o obras e recursos do Estado. A cidade est\u00e1 caminhando para 100% de asfalto e est\u00e1 sendo transformada\u201d, afirmou o prefeito Marcelo P\u00e9.<\/p>\n\n\n\n<p><em>Leonardo Rocha, Comunica\u00e7\u00e3o Governo de MS<\/em><br><em>Fotos: \u00c1lvaro Rezende\/Secom<\/em><\/p>\n\n\n<div class=\"wp-block-image\">\n<figure class=\"aligncenter size-full\"><img fetchpriority=\"high\" decoding=\"async\" width=\"900\" height=\"100\" src=\"https:\/\/msconectado.com.br\/wp-content\/uploads\/2026\/03\/banner_web_pantanal_tech_ms_2026_uems_900X100.gif\" alt=\"\" class=\"wp-image-27209\"\/><\/figure>\n<\/div>","protected":false},"excerpt":{"rendered":"<p>Uma gest\u00e3o municipalista, que pensa nas pessoas. Com este objetivo o governador Eduardo Riedel entregou um pacote de obras em Ant\u00f4nio Jo\u00e3o. S\u00e3o investimentos em infraestrutura urbana, rodovias, saneamento e educa\u00e7\u00e3o. O resultado \u00e9 uma qualidade de vida melhor ao cidad\u00e3o. \u201cDemos continuidade nas obras e investimentos na cidade, com uma gest\u00e3o que pensa nas [&hellip;]<\/p>\n","protected":false},"author":3,"featured_media":27229,"comment_status":"open","ping_status":"closed","sticky":false,"template":"","format":"standard","meta":{"footnotes":""},"categories":[35,1],"tags":[],"class_list":["post-27228","post","type-post","status-publish","format-standard","has-post-thumbnail","hentry","category-cidades","category-noticia"],"yoast_head":"<!-- This site is optimized with the Yoast SEO plugin v27.5 - https:\/\/yoast.com\/product\/yoast-seo-wordpress\/ -->\n<title>Ant\u00f4nio Jo\u00e3o recebe pacote de obras em educa\u00e7\u00e3o, infraestrutura e MS-384 - MsConectado<\/title>\n<meta name=\"robots\" content=\"index, follow, max-snippet:-1, max-image-preview:large, max-video-preview:-1\" \/>\n<link rel=\"canonical\" href=\"https:\/\/msconectado.com.br\/?p=27228\" \/>\n<meta property=\"og:locale\" content=\"pt_BR\" \/>\n<meta property=\"og:type\" content=\"article\" \/>\n<meta property=\"og:title\" content=\"Ant\u00f4nio Jo\u00e3o recebe pacote de obras em educa\u00e7\u00e3o, infraestrutura e MS-384 - MsConectado\" \/>\n<meta property=\"og:description\" content=\"Uma gest\u00e3o municipalista, que pensa nas pessoas. Com este objetivo o governador Eduardo Riedel entregou um pacote de obras em Ant\u00f4nio Jo\u00e3o. S\u00e3o investimentos em infraestrutura urbana, rodovias, saneamento e educa\u00e7\u00e3o. O resultado \u00e9 uma qualidade de vida melhor ao cidad\u00e3o. \u201cDemos continuidade nas obras e investimentos na cidade, com uma gest\u00e3o que pensa nas [&hellip;]\" \/>\n<meta property=\"og:url\" content=\"https:\/\/msconectado.com.br\/?p=27228\" \/>\n<meta property=\"og:site_name\" content=\"MsConectado\" \/>\n<meta property=\"article:published_time\" content=\"2026-03-14T22:39:24+00:00\" \/>\n<meta property=\"article:modified_time\" content=\"2026-03-14T22:39:26+00:00\" \/>\n<meta property=\"og:image\" content=\"https:\/\/msconectado.com.br\/wp-content\/uploads\/2026\/03\/Drenagem-Antonio-Joao-Alvaro-Rezende-768x425-1.jpeg\" \/>\n\t<meta property=\"og:image:width\" content=\"768\" \/>\n\t<meta property=\"og:image:height\" content=\"425\" \/>\n\t<meta property=\"og:image:type\" content=\"image\/jpeg\" \/>\n<meta name=\"author\" content=\"Jeferson\" \/>\n<meta name=\"twitter:card\" content=\"summary_large_image\" \/>\n<meta name=\"twitter:label1\" content=\"Escrito por\" \/>\n\t<meta name=\"twitter:data1\" content=\"Jeferson\" \/>\n\t<meta name=\"twitter:label2\" content=\"Est. tempo de leitura\" \/>\n\t<meta name=\"twitter:data2\" content=\"4 minutos\" \/>\n<script type=\"application\/ld+json\" class=\"yoast-schema-graph\">{\"@context\":\"https:\\\/\\\/schema.org\",\"@graph\":[{\"@type\":\"Article\",\"@id\":\"https:\\\/\\\/msconectado.com.br\\\/?p=27228#article\",\"isPartOf\":{\"@id\":\"https:\\\/\\\/msconectado.com.br\\\/?p=27228\"},\"author\":{\"name\":\"Jeferson\",\"@id\":\"https:\\\/\\\/msconectado.com.br\\\/#\\\/schema\\\/person\\\/feb123a95a93eebea36f0ed6a2e5ba48\"},\"headline\":\"Ant\u00f4nio Jo\u00e3o recebe pacote de obras em educa\u00e7\u00e3o, infraestrutura e MS-384\",\"datePublished\":\"2026-03-14T22:39:24+00:00\",\"dateModified\":\"2026-03-14T22:39:26+00:00\",\"mainEntityOfPage\":{\"@id\":\"https:\\\/\\\/msconectado.com.br\\\/?p=27228\"},\"wordCount\":589,\"commentCount\":0,\"publisher\":{\"@id\":\"https:\\\/\\\/msconectado.com.br\\\/#organization\"},\"image\":{\"@id\":\"https:\\\/\\\/msconectado.com.br\\\/?p=27228#primaryimage\"},\"thumbnailUrl\":\"https:\\\/\\\/msconectado.com.br\\\/wp-content\\\/uploads\\\/2026\\\/03\\\/Drenagem-Antonio-Joao-Alvaro-Rezende-768x425-1.jpeg\",\"articleSection\":[\"Cidades\",\"Not\u00edcia\"],\"inLanguage\":\"pt-BR\",\"potentialAction\":[{\"@type\":\"CommentAction\",\"name\":\"Comment\",\"target\":[\"https:\\\/\\\/msconectado.com.br\\\/?p=27228#respond\"]}]},{\"@type\":\"WebPage\",\"@id\":\"https:\\\/\\\/msconectado.com.br\\\/?p=27228\",\"url\":\"https:\\\/\\\/msconectado.com.br\\\/?p=27228\",\"name\":\"Ant\u00f4nio Jo\u00e3o recebe pacote de obras em educa\u00e7\u00e3o, infraestrutura e MS-384 - MsConectado\",\"isPartOf\":{\"@id\":\"https:\\\/\\\/msconectado.com.br\\\/#website\"},\"primaryImageOfPage\":{\"@id\":\"https:\\\/\\\/msconectado.com.br\\\/?p=27228#primaryimage\"},\"image\":{\"@id\":\"https:\\\/\\\/msconectado.com.br\\\/?p=27228#primaryimage\"},\"thumbnailUrl\":\"https:\\\/\\\/msconectado.com.br\\\/wp-content\\\/uploads\\\/2026\\\/03\\\/Drenagem-Antonio-Joao-Alvaro-Rezende-768x425-1.jpeg\",\"datePublished\":\"2026-03-14T22:39:24+00:00\",\"dateModified\":\"2026-03-14T22:39:26+00:00\",\"breadcrumb\":{\"@id\":\"https:\\\/\\\/msconectado.com.br\\\/?p=27228#breadcrumb\"},\"inLanguage\":\"pt-BR\",\"potentialAction\":[{\"@type\":\"ReadAction\",\"target\":[\"https:\\\/\\\/msconectado.com.br\\\/?p=27228\"]}]},{\"@type\":\"ImageObject\",\"inLanguage\":\"pt-BR\",\"@id\":\"https:\\\/\\\/msconectado.com.br\\\/?p=27228#primaryimage\",\"url\":\"https:\\\/\\\/msconectado.com.br\\\/wp-content\\\/uploads\\\/2026\\\/03\\\/Drenagem-Antonio-Joao-Alvaro-Rezende-768x425-1.jpeg\",\"contentUrl\":\"https:\\\/\\\/msconectado.com.br\\\/wp-content\\\/uploads\\\/2026\\\/03\\\/Drenagem-Antonio-Joao-Alvaro-Rezende-768x425-1.jpeg\",\"width\":768,\"height\":425},{\"@type\":\"BreadcrumbList\",\"@id\":\"https:\\\/\\\/msconectado.com.br\\\/?p=27228#breadcrumb\",\"itemListElement\":[{\"@type\":\"ListItem\",\"position\":1,\"name\":\"In\u00edcio\",\"item\":\"https:\\\/\\\/msconectado.com.br\\\/\"},{\"@type\":\"ListItem\",\"position\":2,\"name\":\"Ant\u00f4nio Jo\u00e3o recebe pacote de obras em educa\u00e7\u00e3o, infraestrutura e MS-384\"}]},{\"@type\":\"WebSite\",\"@id\":\"https:\\\/\\\/msconectado.com.br\\\/#website\",\"url\":\"https:\\\/\\\/msconectado.com.br\\\/\",\"name\":\"MsConectado\",\"description\":\"Voc\u00ea Conectado com a Not\u00edcia!\",\"publisher\":{\"@id\":\"https:\\\/\\\/msconectado.com.br\\\/#organization\"},\"potentialAction\":[{\"@type\":\"SearchAction\",\"target\":{\"@type\":\"EntryPoint\",\"urlTemplate\":\"https:\\\/\\\/msconectado.com.br\\\/?s={search_term_string}\"},\"query-input\":{\"@type\":\"PropertyValueSpecification\",\"valueRequired\":true,\"valueName\":\"search_term_string\"}}],\"inLanguage\":\"pt-BR\"},{\"@type\":\"Organization\",\"@id\":\"https:\\\/\\\/msconectado.com.br\\\/#organization\",\"name\":\"MsConectado\",\"url\":\"https:\\\/\\\/msconectado.com.br\\\/\",\"logo\":{\"@type\":\"ImageObject\",\"inLanguage\":\"pt-BR\",\"@id\":\"https:\\\/\\\/msconectado.com.br\\\/#\\\/schema\\\/logo\\\/image\\\/\",\"url\":\"https:\\\/\\\/msconectado.com.br\\\/wp-content\\\/uploads\\\/2023\\\/01\\\/cropped-noticia-2.png\",\"contentUrl\":\"https:\\\/\\\/msconectado.com.br\\\/wp-content\\\/uploads\\\/2023\\\/01\\\/cropped-noticia-2.png\",\"width\":720,\"height\":157,\"caption\":\"MsConectado\"},\"image\":{\"@id\":\"https:\\\/\\\/msconectado.com.br\\\/#\\\/schema\\\/logo\\\/image\\\/\"}},{\"@type\":\"Person\",\"@id\":\"https:\\\/\\\/msconectado.com.br\\\/#\\\/schema\\\/person\\\/feb123a95a93eebea36f0ed6a2e5ba48\",\"name\":\"Jeferson\",\"image\":{\"@type\":\"ImageObject\",\"inLanguage\":\"pt-BR\",\"@id\":\"https:\\\/\\\/secure.gravatar.com\\\/avatar\\\/e23e8901c88f0cdc0ad479ef7a39bf3e4c806344549c087c00b721a65549a328?s=96&d=mm&r=g\",\"url\":\"https:\\\/\\\/secure.gravatar.com\\\/avatar\\\/e23e8901c88f0cdc0ad479ef7a39bf3e4c806344549c087c00b721a65549a328?s=96&d=mm&r=g\",\"contentUrl\":\"https:\\\/\\\/secure.gravatar.com\\\/avatar\\\/e23e8901c88f0cdc0ad479ef7a39bf3e4c806344549c087c00b721a65549a328?s=96&d=mm&r=g\",\"caption\":\"Jeferson\"},\"url\":\"https:\\\/\\\/msconectado.com.br\\\/?author=3\"}]}<\/script>\n<!-- \/ Yoast SEO plugin. -->","yoast_head_json":{"title":"Ant\u00f4nio Jo\u00e3o recebe pacote de obras em educa\u00e7\u00e3o, infraestrutura e MS-384 - MsConectado","robots":{"index":"index","follow":"follow","max-snippet":"max-snippet:-1","max-image-preview":"max-image-preview:large","max-video-preview":"max-video-preview:-1"},"canonical":"https:\/\/msconectado.com.br\/?p=27228","og_locale":"pt_BR","og_type":"article","og_title":"Ant\u00f4nio Jo\u00e3o recebe pacote de obras em educa\u00e7\u00e3o, infraestrutura e MS-384 - MsConectado","og_description":"Uma gest\u00e3o municipalista, que pensa nas pessoas. Com este objetivo o governador Eduardo Riedel entregou um pacote de obras em Ant\u00f4nio Jo\u00e3o. S\u00e3o investimentos em infraestrutura urbana, rodovias, saneamento e educa\u00e7\u00e3o. O resultado \u00e9 uma qualidade de vida melhor ao cidad\u00e3o. \u201cDemos continuidade nas obras e investimentos na cidade, com uma gest\u00e3o que pensa nas [&hellip;]","og_url":"https:\/\/msconectado.com.br\/?p=27228","og_site_name":"MsConectado","article_published_time":"2026-03-14T22:39:24+00:00","article_modified_time":"2026-03-14T22:39:26+00:00","og_image":[{"width":768,"height":425,"url":"https:\/\/msconectado.com.br\/wp-content\/uploads\/2026\/03\/Drenagem-Antonio-Joao-Alvaro-Rezende-768x425-1.jpeg","type":"image\/jpeg"}],"author":"Jeferson","twitter_card":"summary_large_image","twitter_misc":{"Escrito por":"Jeferson","Est. tempo de leitura":"4 minutos"},"schema":{"@context":"https:\/\/schema.org","@graph":[{"@type":"Article","@id":"https:\/\/msconectado.com.br\/?p=27228#article","isPartOf":{"@id":"https:\/\/msconectado.com.br\/?p=27228"},"author":{"name":"Jeferson","@id":"https:\/\/msconectado.com.br\/#\/schema\/person\/feb123a95a93eebea36f0ed6a2e5ba48"},"headline":"Ant\u00f4nio Jo\u00e3o recebe pacote de obras em educa\u00e7\u00e3o, infraestrutura e MS-384","datePublished":"2026-03-14T22:39:24+00:00","dateModified":"2026-03-14T22:39:26+00:00","mainEntityOfPage":{"@id":"https:\/\/msconectado.com.br\/?p=27228"},"wordCount":589,"commentCount":0,"publisher":{"@id":"https:\/\/msconectado.com.br\/#organization"},"image":{"@id":"https:\/\/msconectado.com.br\/?p=27228#primaryimage"},"thumbnailUrl":"https:\/\/msconectado.com.br\/wp-content\/uploads\/2026\/03\/Drenagem-Antonio-Joao-Alvaro-Rezende-768x425-1.jpeg","articleSection":["Cidades","Not\u00edcia"],"inLanguage":"pt-BR","potentialAction":[{"@type":"CommentAction","name":"Comment","target":["https:\/\/msconectado.com.br\/?p=27228#respond"]}]},{"@type":"WebPage","@id":"https:\/\/msconectado.com.br\/?p=27228","url":"https:\/\/msconectado.com.br\/?p=27228","name":"Ant\u00f4nio Jo\u00e3o recebe pacote de obras em educa\u00e7\u00e3o, infraestrutura e MS-384 - MsConectado","isPartOf":{"@id":"https:\/\/msconectado.com.br\/#website"},"primaryImageOfPage":{"@id":"https:\/\/msconectado.com.br\/?p=27228#primaryimage"},"image":{"@id":"https:\/\/msconectado.com.br\/?p=27228#primaryimage"},"thumbnailUrl":"https:\/\/msconectado.com.br\/wp-content\/uploads\/2026\/03\/Drenagem-Antonio-Joao-Alvaro-Rezende-768x425-1.jpeg","datePublished":"2026-03-14T22:39:24+00:00","dateModified":"2026-03-14T22:39:26+00:00","breadcrumb":{"@id":"https:\/\/msconectado.com.br\/?p=27228#breadcrumb"},"inLanguage":"pt-BR","potentialAction":[{"@type":"ReadAction","target":["https:\/\/msconectado.com.br\/?p=27228"]}]},{"@type":"ImageObject","inLanguage":"pt-BR","@id":"https:\/\/msconectado.com.br\/?p=27228#primaryimage","url":"https:\/\/msconectado.com.br\/wp-content\/uploads\/2026\/03\/Drenagem-Antonio-Joao-Alvaro-Rezende-768x425-1.jpeg","contentUrl":"https:\/\/msconectado.com.br\/wp-content\/uploads\/2026\/03\/Drenagem-Antonio-Joao-Alvaro-Rezende-768x425-1.jpeg","width":768,"height":425},{"@type":"BreadcrumbList","@id":"https:\/\/msconectado.com.br\/?p=27228#breadcrumb","itemListElement":[{"@type":"ListItem","position":1,"name":"In\u00edcio","item":"https:\/\/msconectado.com.br\/"},{"@type":"ListItem","position":2,"name":"Ant\u00f4nio Jo\u00e3o recebe pacote de obras em educa\u00e7\u00e3o, infraestrutura e MS-384"}]},{"@type":"WebSite","@id":"https:\/\/msconectado.com.br\/#website","url":"https:\/\/msconectado.com.br\/","name":"MsConectado","description":"Voc\u00ea Conectado com a Not\u00edcia!","publisher":{"@id":"https:\/\/msconectado.com.br\/#organization"},"potentialAction":[{"@type":"SearchAction","target":{"@type":"EntryPoint","urlTemplate":"https:\/\/msconectado.com.br\/?s={search_term_string}"},"query-input":{"@type":"PropertyValueSpecification","valueRequired":true,"valueName":"search_term_string"}}],"inLanguage":"pt-BR"},{"@type":"Organization","@id":"https:\/\/msconectado.com.br\/#organization","name":"MsConectado","url":"https:\/\/msconectado.com.br\/","logo":{"@type":"ImageObject","inLanguage":"pt-BR","@id":"https:\/\/msconectado.com.br\/#\/schema\/logo\/image\/","url":"https:\/\/msconectado.com.br\/wp-content\/uploads\/2023\/01\/cropped-noticia-2.png","contentUrl":"https:\/\/msconectado.com.br\/wp-content\/uploads\/2023\/01\/cropped-noticia-2.png","width":720,"height":157,"caption":"MsConectado"},"image":{"@id":"https:\/\/msconectado.com.br\/#\/schema\/logo\/image\/"}},{"@type":"Person","@id":"https:\/\/msconectado.com.br\/#\/schema\/person\/feb123a95a93eebea36f0ed6a2e5ba48","name":"Jeferson","image":{"@type":"ImageObject","inLanguage":"pt-BR","@id":"https:\/\/secure.gravatar.com\/avatar\/e23e8901c88f0cdc0ad479ef7a39bf3e4c806344549c087c00b721a65549a328?s=96&d=mm&r=g","url":"https:\/\/secure.gravatar.com\/avatar\/e23e8901c88f0cdc0ad479ef7a39bf3e4c806344549c087c00b721a65549a328?s=96&d=mm&r=g","contentUrl":"https:\/\/secure.gravatar.com\/avatar\/e23e8901c88f0cdc0ad479ef7a39bf3e4c806344549c087c00b721a65549a328?s=96&d=mm&r=g","caption":"Jeferson"},"url":"https:\/\/msconectado.com.br\/?author=3"}]}},"_links":{"self":[{"href":"https:\/\/msconectado.com.br\/index.php?rest_route=\/wp\/v2\/posts\/27228","targetHints":{"allow":["GET"]}}],"collection":[{"href":"https:\/\/msconectado.com.br\/index.php?rest_route=\/wp\/v2\/posts"}],"about":[{"href":"https:\/\/msconectado.com.br\/index.php?rest_route=\/wp\/v2\/types\/post"}],"author":[{"embeddable":true,"href":"https:\/\/msconectado.com.br\/index.php?rest_route=\/wp\/v2\/users\/3"}],"replies":[{"embeddable":true,"href":"https:\/\/msconectado.com.br\/index.php?rest_route=%2Fwp%2Fv2%2Fcomments&post=27228"}],"version-history":[{"count":1,"href":"https:\/\/msconectado.com.br\/index.php?rest_route=\/wp\/v2\/posts\/27228\/revisions"}],"predecessor-version":[{"id":27230,"href":"https:\/\/msconectado.com.br\/index.php?rest_route=\/wp\/v2\/posts\/27228\/revisions\/27230"}],"wp:featuredmedia":[{"embeddable":true,"href":"https:\/\/msconectado.com.br\/index.php?rest_route=\/wp\/v2\/media\/27229"}],"wp:attachment":[{"href":"https:\/\/msconectado.com.br\/index.php?rest_route=%2Fwp%2Fv2%2Fmedia&parent=27228"}],"wp:term":[{"taxonomy":"category","embeddable":true,"href":"https:\/\/msconectado.com.br\/index.php?rest_route=%2Fwp%2Fv2%2Fcategories&post=27228"},{"taxonomy":"post_tag","embeddable":true,"href":"https:\/\/msconectado.com.br\/index.php?rest_route=%2Fwp%2Fv2%2Ftags&post=27228"}],"curies":[{"name":"wp","href":"https:\/\/api.w.org\/{rel}","templated":true}]}}