
{"id":27234,"date":"2026-03-16T00:48:06","date_gmt":"2026-03-16T00:48:06","guid":{"rendered":"https:\/\/msconectado.com.br\/?p=27234"},"modified":"2026-03-16T00:52:36","modified_gmt":"2026-03-16T00:52:36","slug":"dr-maurilio-participa-do-programa-fala-comigo-e-relembra-trajetoria-de-50-anos-na-medicina","status":"publish","type":"post","link":"https:\/\/msconectado.com.br\/?p=27234","title":{"rendered":"Dr. Maur\u00edlio participa do programa \u201cFala Comigo\u201d e relembra trajet\u00f3ria de 50 anos na medicina"},"content":{"rendered":"\n<p>O m\u00e9dico e ex-prefeito de Maracaju, <strong>Dr. Maur\u00edlio<\/strong>, foi o convidado especial do programa <strong>\u201cFala Comigo\u201d<\/strong>, transmitido pela <strong>R\u00e1dio Cidade Maracaju<\/strong>, atendendo ao convite do locutor e vereador <strong>Robert Ziemann<\/strong>. A entrevista exclusiva atraiu grande participa\u00e7\u00e3o dos ouvintes e elevou os \u00edndices de audi\u00eancia da emissora durante a programa\u00e7\u00e3o.<\/p>\n\n\n\n<p>Durante o bate-papo, diversos temas foram abordados, principalmente ligados \u00e0 \u00e1rea da sa\u00fade. Durante a entrevista, <strong>Dr. Maur\u00edlio comentou sobre a import\u00e2ncia da preven\u00e7\u00e3o de doen\u00e7as<\/strong>, destacando que o cuidado com a sa\u00fade come\u00e7a com h\u00e1bitos saud\u00e1veis e acompanhamento m\u00e9dico regular. O m\u00e9dico tamb\u00e9m falou sobre <strong>campanhas de conscientiza\u00e7\u00e3o, a relev\u00e2ncia das vacinas na prote\u00e7\u00e3o da popula\u00e7\u00e3o<\/strong> e os avan\u00e7os da tecnologia na medicina ao longo das \u00faltimas d\u00e9cadas. Entre os exemplos citados por ele, est\u00e3o as <strong>cirurgias por v\u00eddeo<\/strong>, atualmente utilizadas em procedimentos como retirada de ves\u00edcula e interven\u00e7\u00f5es renais, que proporcionam maior precis\u00e3o, menos tempo de interna\u00e7\u00e3o e uma recupera\u00e7\u00e3o mais r\u00e1pida para os pacientes.<\/p>\n\n\n<div class=\"wp-block-image\">\n<figure class=\"aligncenter size-large\"><img fetchpriority=\"high\" decoding=\"async\" width=\"1024\" height=\"682\" src=\"https:\/\/msconectado.com.br\/wp-content\/uploads\/2026\/03\/492408434_1248995083896270_3796711296750874305_n-2-1024x682.jpg\" alt=\"\" class=\"wp-image-27235\" srcset=\"https:\/\/msconectado.com.br\/wp-content\/uploads\/2026\/03\/492408434_1248995083896270_3796711296750874305_n-2-1024x682.jpg 1024w, https:\/\/msconectado.com.br\/wp-content\/uploads\/2026\/03\/492408434_1248995083896270_3796711296750874305_n-2-300x200.jpg 300w, https:\/\/msconectado.com.br\/wp-content\/uploads\/2026\/03\/492408434_1248995083896270_3796711296750874305_n-2-768x512.jpg 768w, https:\/\/msconectado.com.br\/wp-content\/uploads\/2026\/03\/492408434_1248995083896270_3796711296750874305_n-2-360x240.jpg 360w, https:\/\/msconectado.com.br\/wp-content\/uploads\/2026\/03\/492408434_1248995083896270_3796711296750874305_n-2.jpg 1066w\" sizes=\"(max-width: 1024px) 100vw, 1024px\" \/><\/figure>\n<\/div>\n\n\n<p>Com <strong>50 anos de atua\u00e7\u00e3o na medicina<\/strong>, Dr. Maur\u00edlio compartilhou experi\u00eancias marcantes de sua carreira e relembrou como era a pr\u00e1tica m\u00e9dica d\u00e9cadas atr\u00e1s. Segundo ele, no in\u00edcio da profiss\u00e3o havia poucos equipamentos e recursos tecnol\u00f3gicos, o que exigia dos m\u00e9dicos uma aten\u00e7\u00e3o ainda maior aos exames cl\u00ednicos e \u00e0s avalia\u00e7\u00f5es f\u00edsicas.<\/p>\n\n\n\n<p>\u201cNaquela \u00e9poca n\u00e3o existiam tantos aparelhos. O diagn\u00f3stico vinha muito da conversa com o paciente, da observa\u00e7\u00e3o e da experi\u00eancia do m\u00e9dico\u201d, relembrou.<\/p>\n\n\n\n<p>Durante a entrevista, o m\u00e9dico tamb\u00e9m falou sobre o in\u00edcio de sua trajet\u00f3ria profissional. Ele contou que estudou na <strong>Escola Jo\u00e3o Pedro Fernandes<\/strong> e se formou em medicina em <strong>1975<\/strong>, ainda antes da divis\u00e3o do antigo estado de Mato Grosso que deu origem ao <strong>Mato Grosso do Sul<\/strong>.<\/p>\n\n\n\n<p>Al\u00e9m da carreira m\u00e9dica, Dr. Maur\u00edlio tamb\u00e9m recordou momentos marcantes de sua vida p\u00fablica e esportiva. Ele revelou que teve a oportunidade de atuar como m\u00e9dico do <strong>Oper\u00e1rio Futebol Clube<\/strong>, experi\u00eancia que guarda com grande carinho.<\/p>\n\n\n\n<p>Ao falar sobre pol\u00edtica, o ex-prefeito destacou que administrar Maracaju foi um chamado especial em sua vida. \u201cSer prefeito de Maracaju foi uma miss\u00e3o dada por Deus\u201d, afirmou, lembrando com gratid\u00e3o do per\u00edodo em que esteve \u00e0 frente da administra\u00e7\u00e3o municipal.<\/p>\n\n\n<div class=\"wp-block-image\">\n<figure class=\"aligncenter size-large\"><img decoding=\"async\" width=\"1024\" height=\"682\" src=\"https:\/\/msconectado.com.br\/wp-content\/uploads\/2026\/03\/image-1-1024x682.png\" alt=\"\" class=\"wp-image-27240\" srcset=\"https:\/\/msconectado.com.br\/wp-content\/uploads\/2026\/03\/image-1-1024x682.png 1024w, https:\/\/msconectado.com.br\/wp-content\/uploads\/2026\/03\/image-1-300x200.png 300w, https:\/\/msconectado.com.br\/wp-content\/uploads\/2026\/03\/image-1-768x512.png 768w, https:\/\/msconectado.com.br\/wp-content\/uploads\/2026\/03\/image-1-360x240.png 360w, https:\/\/msconectado.com.br\/wp-content\/uploads\/2026\/03\/image-1.png 1066w\" sizes=\"(max-width: 1024px) 100vw, 1024px\" \/><\/figure>\n<\/div>\n\n\n<p>Durante o programa, Robert tamb\u00e9m destacou uma caracter\u00edstica marcante do m\u00e9dico. Segundo o vereador, Dr. Maur\u00edlio tem um dom especial no atendimento \u00e0s pessoas. \u201cEle tem a capacidade de olhar para algu\u00e9m e j\u00e1 ter uma no\u00e7\u00e3o concreta de como ajudar aquela pessoa\u201d, comentou Robert.<\/p>\n\n\n\n<p>No encerramento da entrevista, um tema pol\u00edtico tamb\u00e9m foi abordado. Robert mencionou coment\u00e1rios recorrentes da popula\u00e7\u00e3o de que Dr. Maur\u00edlio teria diverg\u00eancias com o ex-governador <strong>Reinaldo Azambuja<\/strong>. O m\u00e9dico esclareceu que nunca houve qualquer desentendimento.<\/p>\n\n\n\n<p>\u201cEu sempre tive uma grande admira\u00e7\u00e3o e respeito pelo Reinaldo. Nunca fomos brigados, apenas advers\u00e1rios partid\u00e1rios em alguns momentos\u201d, explicou.<\/p>\n\n\n\n<p>Dr. Maur\u00edlio ainda destacou a capacidade pol\u00edtica do ex-governador. Segundo ele, <strong>Reinaldo Azambuja<\/strong> \u00e9 um dos maiores articuladores pol\u00edticos que j\u00e1 conheceu, sempre atuando com habilidade em favor da popula\u00e7\u00e3o. O m\u00e9dico tamb\u00e9m afirmou torcer pelo sucesso do atual governador <strong>Eduardo Riedel<\/strong> na condu\u00e7\u00e3o do estado.<\/p>\n\n\n\n<p>Por fim, Dr. Maur\u00edlio elogiou o desenvolvimento de Maracaju e demonstrou otimismo com o futuro do munic\u00edpio. \u201cMaracaju cresceu muito e ainda vai crescer muito mais\u201d, concluiu.<\/p>\n\n\n\n<p>A entrevista foi marcada por lembran\u00e7as, reflex\u00f5es sobre sa\u00fade, pol\u00edtica e hist\u00f3ria local, refor\u00e7ando o carinho e o respeito da comunidade por um dos profissionais mais tradicionais da medicina em Maracaju.<\/p>\n\n\n\n<p>Reda\u00e7\u00e3o<\/p>\n\n\n<div class=\"wp-block-image\">\n<figure class=\"aligncenter size-full\"><img decoding=\"async\" width=\"900\" height=\"100\" src=\"https:\/\/msconectado.com.br\/wp-content\/uploads\/2026\/02\/Copia-de-BANNER-WEB-900x100-16168-1.gif\" alt=\"\" class=\"wp-image-27098\"\/><\/figure>\n<\/div>","protected":false},"excerpt":{"rendered":"<p>O m\u00e9dico e ex-prefeito de Maracaju, Dr. Maur\u00edlio, foi o convidado especial do programa \u201cFala Comigo\u201d, transmitido pela R\u00e1dio Cidade Maracaju, atendendo ao convite do locutor e vereador Robert Ziemann. A entrevista exclusiva atraiu grande participa\u00e7\u00e3o dos ouvintes e elevou os \u00edndices de audi\u00eancia da emissora durante a programa\u00e7\u00e3o. Durante o bate-papo, diversos temas foram [&hellip;]<\/p>\n","protected":false},"author":3,"featured_media":27236,"comment_status":"open","ping_status":"closed","sticky":false,"template":"","format":"standard","meta":{"footnotes":""},"categories":[35,1,33],"tags":[],"class_list":["post-27234","post","type-post","status-publish","format-standard","has-post-thumbnail","hentry","category-cidades","category-noticia","category-politica"],"yoast_head":"<!-- This site is optimized with the Yoast SEO plugin v27.5 - https:\/\/yoast.com\/product\/yoast-seo-wordpress\/ -->\n<title>Dr. Maur\u00edlio participa do programa \u201cFala Comigo\u201d e relembra trajet\u00f3ria de 50 anos na medicina - MsConectado<\/title>\n<meta name=\"robots\" content=\"index, follow, max-snippet:-1, max-image-preview:large, max-video-preview:-1\" \/>\n<link rel=\"canonical\" href=\"https:\/\/msconectado.com.br\/?p=27234\" \/>\n<meta property=\"og:locale\" content=\"pt_BR\" \/>\n<meta property=\"og:type\" content=\"article\" \/>\n<meta property=\"og:title\" content=\"Dr. Maur\u00edlio participa do programa \u201cFala Comigo\u201d e relembra trajet\u00f3ria de 50 anos na medicina - MsConectado\" \/>\n<meta property=\"og:description\" content=\"O m\u00e9dico e ex-prefeito de Maracaju, Dr. Maur\u00edlio, foi o convidado especial do programa \u201cFala Comigo\u201d, transmitido pela R\u00e1dio Cidade Maracaju, atendendo ao convite do locutor e vereador Robert Ziemann. A entrevista exclusiva atraiu grande participa\u00e7\u00e3o dos ouvintes e elevou os \u00edndices de audi\u00eancia da emissora durante a programa\u00e7\u00e3o. Durante o bate-papo, diversos temas foram [&hellip;]\" \/>\n<meta property=\"og:url\" content=\"https:\/\/msconectado.com.br\/?p=27234\" \/>\n<meta property=\"og:site_name\" content=\"MsConectado\" \/>\n<meta property=\"article:published_time\" content=\"2026-03-16T00:48:06+00:00\" \/>\n<meta property=\"article:modified_time\" content=\"2026-03-16T00:52:36+00:00\" \/>\n<meta property=\"og:image\" content=\"https:\/\/msconectado.com.br\/wp-content\/uploads\/2026\/03\/650781908_18569106814038253_2758727065826465039_n-e1773622133930.jpg\" \/>\n\t<meta property=\"og:image:width\" content=\"1065\" \/>\n\t<meta property=\"og:image:height\" content=\"640\" \/>\n\t<meta property=\"og:image:type\" content=\"image\/jpeg\" \/>\n<meta name=\"author\" content=\"Jeferson\" \/>\n<meta name=\"twitter:card\" content=\"summary_large_image\" \/>\n<meta name=\"twitter:label1\" content=\"Escrito por\" \/>\n\t<meta name=\"twitter:data1\" content=\"Jeferson\" \/>\n\t<meta name=\"twitter:label2\" content=\"Est. tempo de leitura\" \/>\n\t<meta name=\"twitter:data2\" content=\"4 minutos\" \/>\n<script type=\"application\/ld+json\" class=\"yoast-schema-graph\">{\"@context\":\"https:\\\/\\\/schema.org\",\"@graph\":[{\"@type\":\"Article\",\"@id\":\"https:\\\/\\\/msconectado.com.br\\\/?p=27234#article\",\"isPartOf\":{\"@id\":\"https:\\\/\\\/msconectado.com.br\\\/?p=27234\"},\"author\":{\"name\":\"Jeferson\",\"@id\":\"https:\\\/\\\/msconectado.com.br\\\/#\\\/schema\\\/person\\\/feb123a95a93eebea36f0ed6a2e5ba48\"},\"headline\":\"Dr. Maur\u00edlio participa do programa \u201cFala Comigo\u201d e relembra trajet\u00f3ria de 50 anos na medicina\",\"datePublished\":\"2026-03-16T00:48:06+00:00\",\"dateModified\":\"2026-03-16T00:52:36+00:00\",\"mainEntityOfPage\":{\"@id\":\"https:\\\/\\\/msconectado.com.br\\\/?p=27234\"},\"wordCount\":675,\"commentCount\":0,\"publisher\":{\"@id\":\"https:\\\/\\\/msconectado.com.br\\\/#organization\"},\"image\":{\"@id\":\"https:\\\/\\\/msconectado.com.br\\\/?p=27234#primaryimage\"},\"thumbnailUrl\":\"https:\\\/\\\/msconectado.com.br\\\/wp-content\\\/uploads\\\/2026\\\/03\\\/650781908_18569106814038253_2758727065826465039_n-e1773622133930.jpg\",\"articleSection\":[\"Cidades\",\"Not\u00edcia\",\"Pol\u00edtica\"],\"inLanguage\":\"pt-BR\",\"potentialAction\":[{\"@type\":\"CommentAction\",\"name\":\"Comment\",\"target\":[\"https:\\\/\\\/msconectado.com.br\\\/?p=27234#respond\"]}]},{\"@type\":\"WebPage\",\"@id\":\"https:\\\/\\\/msconectado.com.br\\\/?p=27234\",\"url\":\"https:\\\/\\\/msconectado.com.br\\\/?p=27234\",\"name\":\"Dr. Maur\u00edlio participa do programa \u201cFala Comigo\u201d e relembra trajet\u00f3ria de 50 anos na medicina - MsConectado\",\"isPartOf\":{\"@id\":\"https:\\\/\\\/msconectado.com.br\\\/#website\"},\"primaryImageOfPage\":{\"@id\":\"https:\\\/\\\/msconectado.com.br\\\/?p=27234#primaryimage\"},\"image\":{\"@id\":\"https:\\\/\\\/msconectado.com.br\\\/?p=27234#primaryimage\"},\"thumbnailUrl\":\"https:\\\/\\\/msconectado.com.br\\\/wp-content\\\/uploads\\\/2026\\\/03\\\/650781908_18569106814038253_2758727065826465039_n-e1773622133930.jpg\",\"datePublished\":\"2026-03-16T00:48:06+00:00\",\"dateModified\":\"2026-03-16T00:52:36+00:00\",\"breadcrumb\":{\"@id\":\"https:\\\/\\\/msconectado.com.br\\\/?p=27234#breadcrumb\"},\"inLanguage\":\"pt-BR\",\"potentialAction\":[{\"@type\":\"ReadAction\",\"target\":[\"https:\\\/\\\/msconectado.com.br\\\/?p=27234\"]}]},{\"@type\":\"ImageObject\",\"inLanguage\":\"pt-BR\",\"@id\":\"https:\\\/\\\/msconectado.com.br\\\/?p=27234#primaryimage\",\"url\":\"https:\\\/\\\/msconectado.com.br\\\/wp-content\\\/uploads\\\/2026\\\/03\\\/650781908_18569106814038253_2758727065826465039_n-e1773622133930.jpg\",\"contentUrl\":\"https:\\\/\\\/msconectado.com.br\\\/wp-content\\\/uploads\\\/2026\\\/03\\\/650781908_18569106814038253_2758727065826465039_n-e1773622133930.jpg\",\"width\":1065,\"height\":640},{\"@type\":\"BreadcrumbList\",\"@id\":\"https:\\\/\\\/msconectado.com.br\\\/?p=27234#breadcrumb\",\"itemListElement\":[{\"@type\":\"ListItem\",\"position\":1,\"name\":\"In\u00edcio\",\"item\":\"https:\\\/\\\/msconectado.com.br\\\/?page_id=105\"},{\"@type\":\"ListItem\",\"position\":2,\"name\":\"Dr. Maur\u00edlio participa do programa \u201cFala Comigo\u201d e relembra trajet\u00f3ria de 50 anos na medicina\"}]},{\"@type\":\"WebSite\",\"@id\":\"https:\\\/\\\/msconectado.com.br\\\/#website\",\"url\":\"https:\\\/\\\/msconectado.com.br\\\/\",\"name\":\"MsConectado\",\"description\":\"Voc\u00ea Conectado com a Not\u00edcia!\",\"publisher\":{\"@id\":\"https:\\\/\\\/msconectado.com.br\\\/#organization\"},\"potentialAction\":[{\"@type\":\"SearchAction\",\"target\":{\"@type\":\"EntryPoint\",\"urlTemplate\":\"https:\\\/\\\/msconectado.com.br\\\/?s={search_term_string}\"},\"query-input\":{\"@type\":\"PropertyValueSpecification\",\"valueRequired\":true,\"valueName\":\"search_term_string\"}}],\"inLanguage\":\"pt-BR\"},{\"@type\":\"Organization\",\"@id\":\"https:\\\/\\\/msconectado.com.br\\\/#organization\",\"name\":\"MsConectado\",\"url\":\"https:\\\/\\\/msconectado.com.br\\\/\",\"logo\":{\"@type\":\"ImageObject\",\"inLanguage\":\"pt-BR\",\"@id\":\"https:\\\/\\\/msconectado.com.br\\\/#\\\/schema\\\/logo\\\/image\\\/\",\"url\":\"https:\\\/\\\/msconectado.com.br\\\/wp-content\\\/uploads\\\/2023\\\/01\\\/cropped-noticia-2.png\",\"contentUrl\":\"https:\\\/\\\/msconectado.com.br\\\/wp-content\\\/uploads\\\/2023\\\/01\\\/cropped-noticia-2.png\",\"width\":720,\"height\":157,\"caption\":\"MsConectado\"},\"image\":{\"@id\":\"https:\\\/\\\/msconectado.com.br\\\/#\\\/schema\\\/logo\\\/image\\\/\"}},{\"@type\":\"Person\",\"@id\":\"https:\\\/\\\/msconectado.com.br\\\/#\\\/schema\\\/person\\\/feb123a95a93eebea36f0ed6a2e5ba48\",\"name\":\"Jeferson\",\"image\":{\"@type\":\"ImageObject\",\"inLanguage\":\"pt-BR\",\"@id\":\"https:\\\/\\\/secure.gravatar.com\\\/avatar\\\/e23e8901c88f0cdc0ad479ef7a39bf3e4c806344549c087c00b721a65549a328?s=96&d=mm&r=g\",\"url\":\"https:\\\/\\\/secure.gravatar.com\\\/avatar\\\/e23e8901c88f0cdc0ad479ef7a39bf3e4c806344549c087c00b721a65549a328?s=96&d=mm&r=g\",\"contentUrl\":\"https:\\\/\\\/secure.gravatar.com\\\/avatar\\\/e23e8901c88f0cdc0ad479ef7a39bf3e4c806344549c087c00b721a65549a328?s=96&d=mm&r=g\",\"caption\":\"Jeferson\"},\"url\":\"https:\\\/\\\/msconectado.com.br\\\/?author=3\"}]}<\/script>\n<!-- \/ Yoast SEO plugin. -->","yoast_head_json":{"title":"Dr. Maur\u00edlio participa do programa \u201cFala Comigo\u201d e relembra trajet\u00f3ria de 50 anos na medicina - MsConectado","robots":{"index":"index","follow":"follow","max-snippet":"max-snippet:-1","max-image-preview":"max-image-preview:large","max-video-preview":"max-video-preview:-1"},"canonical":"https:\/\/msconectado.com.br\/?p=27234","og_locale":"pt_BR","og_type":"article","og_title":"Dr. Maur\u00edlio participa do programa \u201cFala Comigo\u201d e relembra trajet\u00f3ria de 50 anos na medicina - MsConectado","og_description":"O m\u00e9dico e ex-prefeito de Maracaju, Dr. Maur\u00edlio, foi o convidado especial do programa \u201cFala Comigo\u201d, transmitido pela R\u00e1dio Cidade Maracaju, atendendo ao convite do locutor e vereador Robert Ziemann. A entrevista exclusiva atraiu grande participa\u00e7\u00e3o dos ouvintes e elevou os \u00edndices de audi\u00eancia da emissora durante a programa\u00e7\u00e3o. Durante o bate-papo, diversos temas foram [&hellip;]","og_url":"https:\/\/msconectado.com.br\/?p=27234","og_site_name":"MsConectado","article_published_time":"2026-03-16T00:48:06+00:00","article_modified_time":"2026-03-16T00:52:36+00:00","og_image":[{"width":1065,"height":640,"url":"https:\/\/msconectado.com.br\/wp-content\/uploads\/2026\/03\/650781908_18569106814038253_2758727065826465039_n-e1773622133930.jpg","type":"image\/jpeg"}],"author":"Jeferson","twitter_card":"summary_large_image","twitter_misc":{"Escrito por":"Jeferson","Est. tempo de leitura":"4 minutos"},"schema":{"@context":"https:\/\/schema.org","@graph":[{"@type":"Article","@id":"https:\/\/msconectado.com.br\/?p=27234#article","isPartOf":{"@id":"https:\/\/msconectado.com.br\/?p=27234"},"author":{"name":"Jeferson","@id":"https:\/\/msconectado.com.br\/#\/schema\/person\/feb123a95a93eebea36f0ed6a2e5ba48"},"headline":"Dr. Maur\u00edlio participa do programa \u201cFala Comigo\u201d e relembra trajet\u00f3ria de 50 anos na medicina","datePublished":"2026-03-16T00:48:06+00:00","dateModified":"2026-03-16T00:52:36+00:00","mainEntityOfPage":{"@id":"https:\/\/msconectado.com.br\/?p=27234"},"wordCount":675,"commentCount":0,"publisher":{"@id":"https:\/\/msconectado.com.br\/#organization"},"image":{"@id":"https:\/\/msconectado.com.br\/?p=27234#primaryimage"},"thumbnailUrl":"https:\/\/msconectado.com.br\/wp-content\/uploads\/2026\/03\/650781908_18569106814038253_2758727065826465039_n-e1773622133930.jpg","articleSection":["Cidades","Not\u00edcia","Pol\u00edtica"],"inLanguage":"pt-BR","potentialAction":[{"@type":"CommentAction","name":"Comment","target":["https:\/\/msconectado.com.br\/?p=27234#respond"]}]},{"@type":"WebPage","@id":"https:\/\/msconectado.com.br\/?p=27234","url":"https:\/\/msconectado.com.br\/?p=27234","name":"Dr. Maur\u00edlio participa do programa \u201cFala Comigo\u201d e relembra trajet\u00f3ria de 50 anos na medicina - MsConectado","isPartOf":{"@id":"https:\/\/msconectado.com.br\/#website"},"primaryImageOfPage":{"@id":"https:\/\/msconectado.com.br\/?p=27234#primaryimage"},"image":{"@id":"https:\/\/msconectado.com.br\/?p=27234#primaryimage"},"thumbnailUrl":"https:\/\/msconectado.com.br\/wp-content\/uploads\/2026\/03\/650781908_18569106814038253_2758727065826465039_n-e1773622133930.jpg","datePublished":"2026-03-16T00:48:06+00:00","dateModified":"2026-03-16T00:52:36+00:00","breadcrumb":{"@id":"https:\/\/msconectado.com.br\/?p=27234#breadcrumb"},"inLanguage":"pt-BR","potentialAction":[{"@type":"ReadAction","target":["https:\/\/msconectado.com.br\/?p=27234"]}]},{"@type":"ImageObject","inLanguage":"pt-BR","@id":"https:\/\/msconectado.com.br\/?p=27234#primaryimage","url":"https:\/\/msconectado.com.br\/wp-content\/uploads\/2026\/03\/650781908_18569106814038253_2758727065826465039_n-e1773622133930.jpg","contentUrl":"https:\/\/msconectado.com.br\/wp-content\/uploads\/2026\/03\/650781908_18569106814038253_2758727065826465039_n-e1773622133930.jpg","width":1065,"height":640},{"@type":"BreadcrumbList","@id":"https:\/\/msconectado.com.br\/?p=27234#breadcrumb","itemListElement":[{"@type":"ListItem","position":1,"name":"In\u00edcio","item":"https:\/\/msconectado.com.br\/?page_id=105"},{"@type":"ListItem","position":2,"name":"Dr. Maur\u00edlio participa do programa \u201cFala Comigo\u201d e relembra trajet\u00f3ria de 50 anos na medicina"}]},{"@type":"WebSite","@id":"https:\/\/msconectado.com.br\/#website","url":"https:\/\/msconectado.com.br\/","name":"MsConectado","description":"Voc\u00ea Conectado com a Not\u00edcia!","publisher":{"@id":"https:\/\/msconectado.com.br\/#organization"},"potentialAction":[{"@type":"SearchAction","target":{"@type":"EntryPoint","urlTemplate":"https:\/\/msconectado.com.br\/?s={search_term_string}"},"query-input":{"@type":"PropertyValueSpecification","valueRequired":true,"valueName":"search_term_string"}}],"inLanguage":"pt-BR"},{"@type":"Organization","@id":"https:\/\/msconectado.com.br\/#organization","name":"MsConectado","url":"https:\/\/msconectado.com.br\/","logo":{"@type":"ImageObject","inLanguage":"pt-BR","@id":"https:\/\/msconectado.com.br\/#\/schema\/logo\/image\/","url":"https:\/\/msconectado.com.br\/wp-content\/uploads\/2023\/01\/cropped-noticia-2.png","contentUrl":"https:\/\/msconectado.com.br\/wp-content\/uploads\/2023\/01\/cropped-noticia-2.png","width":720,"height":157,"caption":"MsConectado"},"image":{"@id":"https:\/\/msconectado.com.br\/#\/schema\/logo\/image\/"}},{"@type":"Person","@id":"https:\/\/msconectado.com.br\/#\/schema\/person\/feb123a95a93eebea36f0ed6a2e5ba48","name":"Jeferson","image":{"@type":"ImageObject","inLanguage":"pt-BR","@id":"https:\/\/secure.gravatar.com\/avatar\/e23e8901c88f0cdc0ad479ef7a39bf3e4c806344549c087c00b721a65549a328?s=96&d=mm&r=g","url":"https:\/\/secure.gravatar.com\/avatar\/e23e8901c88f0cdc0ad479ef7a39bf3e4c806344549c087c00b721a65549a328?s=96&d=mm&r=g","contentUrl":"https:\/\/secure.gravatar.com\/avatar\/e23e8901c88f0cdc0ad479ef7a39bf3e4c806344549c087c00b721a65549a328?s=96&d=mm&r=g","caption":"Jeferson"},"url":"https:\/\/msconectado.com.br\/?author=3"}]}},"_links":{"self":[{"href":"https:\/\/msconectado.com.br\/index.php?rest_route=\/wp\/v2\/posts\/27234","targetHints":{"allow":["GET"]}}],"collection":[{"href":"https:\/\/msconectado.com.br\/index.php?rest_route=\/wp\/v2\/posts"}],"about":[{"href":"https:\/\/msconectado.com.br\/index.php?rest_route=\/wp\/v2\/types\/post"}],"author":[{"embeddable":true,"href":"https:\/\/msconectado.com.br\/index.php?rest_route=\/wp\/v2\/users\/3"}],"replies":[{"embeddable":true,"href":"https:\/\/msconectado.com.br\/index.php?rest_route=%2Fwp%2Fv2%2Fcomments&post=27234"}],"version-history":[{"count":2,"href":"https:\/\/msconectado.com.br\/index.php?rest_route=\/wp\/v2\/posts\/27234\/revisions"}],"predecessor-version":[{"id":27241,"href":"https:\/\/msconectado.com.br\/index.php?rest_route=\/wp\/v2\/posts\/27234\/revisions\/27241"}],"wp:featuredmedia":[{"embeddable":true,"href":"https:\/\/msconectado.com.br\/index.php?rest_route=\/wp\/v2\/media\/27236"}],"wp:attachment":[{"href":"https:\/\/msconectado.com.br\/index.php?rest_route=%2Fwp%2Fv2%2Fmedia&parent=27234"}],"wp:term":[{"taxonomy":"category","embeddable":true,"href":"https:\/\/msconectado.com.br\/index.php?rest_route=%2Fwp%2Fv2%2Fcategories&post=27234"},{"taxonomy":"post_tag","embeddable":true,"href":"https:\/\/msconectado.com.br\/index.php?rest_route=%2Fwp%2Fv2%2Ftags&post=27234"}],"curies":[{"name":"wp","href":"https:\/\/api.w.org\/{rel}","templated":true}]}}