{"id":30582,"date":"2026-04-27T14:42:54","date_gmt":"2026-04-27T14:42:54","guid":{"rendered":"https:\/\/msconectado.com.br\/?p=30582"},"modified":"2026-04-27T17:37:13","modified_gmt":"2026-04-27T17:37:13","slug":"com-apoio-do-governo-de-ms-expojardim-movimenta-economia-e-impulsiona-negocios-no-campo","status":"publish","type":"post","link":"https:\/\/msconectado.com.br\/?p=30582","title":{"rendered":"Com apoio do Governo de MS, Expojardim movimenta economia e impulsiona neg\u00f3cios no campo"},"content":{"rendered":"\n<p>Com uma s\u00e9rie de atividades e atra\u00e7\u00f5es culturais, a Expojardim conta com apoio do Governo de Mato Grosso do Sul e movimenta a economia jardinense, valorizando a cultura e tradi\u00e7\u00e3o da regi\u00e3o. O governador Eduardo Riedel participou da feira agropecu\u00e1ria nesta sexta-feira (24), visitou os estandes e participou das atra\u00e7\u00f5es culturais.<\/p>\n\n\n\n<p>&#8220;\u00c9 um evento que acaba atraindo a popula\u00e7\u00e3o n\u00e3o s\u00f3 de Jardim, mas de toda a regi\u00e3o. A feira tem este car\u00e1ter de entretenimento e divers\u00e3o para popula\u00e7\u00e3o, junto com os neg\u00f3cios, leil\u00f5es, exposi\u00e7\u00e3o de insumos, maquin\u00e1rios&#8221;, afirmou o governador.<\/p>\n\n\n\n<p>Riedel destacou ainda que a feira tamb\u00e9m traz as novas tecnologias do campo. &#8220;Um refor\u00e7o no processo de consolida\u00e7\u00e3o das atividades agropecu\u00e1rias, que vem junto com a movimenta\u00e7\u00e3o da economia. A cidade fica lotada nestes dias, com movimento acima da m\u00e9dia nos hot\u00e9is, restaurantes. Mais recursos para Jardim e toda regi\u00e3o. Um evento que tem a parceria de todos.&#8221;<\/p>\n\n\n\n<p>A feira agropecu\u00e1ria do munic\u00edpio \u00e9 uma das principais da regi\u00e3o sudoeste de Mato Grosso do Sul, acontecendo entre os dias 20 e 26 de abril neste ano. O evento re\u00fane leil\u00f5es de gado, exposi\u00e7\u00e3o de m\u00e1quinas e implementos agr\u00edcolas, vitrines tecnol\u00f3gicas, pra\u00e7a de alimenta\u00e7\u00e3o, rodeio profissional (Copa MD Bulls) e shows musicais, atraindo produtores, empres\u00e1rios e fam\u00edlias da regi\u00e3o.<\/p>\n\n\n\n<p>Tradicionalmente integrada \u00e0s comemora\u00e7\u00f5es do anivers\u00e1rio da cidade (14 de maio), a iniciativa fortalece o agroneg\u00f3cio local, movimenta a economia e celebra a cultura rural com atividades para todas as idades. A entrada \u00e9 gratuita, com proposta de ingresso solid\u00e1rio, mediante doa\u00e7\u00e3o de 1 kg de alimento n\u00e3o perec\u00edvel.<\/p>\n\n\n\n<p><strong>Agenda cheia<\/strong><\/p>\n\n\n\n<p>A agenda de neg\u00f3cios da Expojardim \u00e9 um dos grandes pilares desta edi\u00e7\u00e3o. Entre os dias 21 e 25 de abril,.A expectativa \u00e9 de que mais de 7 mil cabe\u00e7as de gado sejam comercializadas ao longo da semana.<\/p>\n\n\n\n<p>A Expojardim tamb\u00e9m fortalece o turismo e a rede de servi\u00e7os da cidade, atraindo visitantes de diferentes regi\u00f5es e promovendo uma semana de oportunidades para empres\u00e1rios, produtores e trabalhadores locais.<\/p>\n\n\n\n<p><em>Leonardo Rocha, Comunica\u00e7\u00e3o Governo de MS<\/em><br><em>Foto: \u00c1lvaro Rezende\/Secom-MS<\/em><\/p>\n\n\n\n<figure class=\"wp-block-image size-full\"><img fetchpriority=\"high\" decoding=\"async\" width=\"900\" height=\"100\" src=\"https:\/\/msconectado.com.br\/wp-content\/uploads\/2026\/04\/900X100_BANNERWEB-16425-.-Campanha-Cidade-de-Oportunidades-.gif\" alt=\"\" class=\"wp-image-30573\"\/><\/figure>\n","protected":false},"excerpt":{"rendered":"<p>Com uma s\u00e9rie de atividades e atra\u00e7\u00f5es culturais, a Expojardim conta com apoio do Governo de Mato Grosso do Sul e movimenta a economia jardinense, valorizando a cultura e tradi\u00e7\u00e3o da regi\u00e3o. O governador Eduardo Riedel participou da feira agropecu\u00e1ria nesta sexta-feira (24), visitou os estandes e participou das atra\u00e7\u00f5es culturais. &#8220;\u00c9 um evento que [&hellip;]<\/p>\n","protected":false},"author":3,"featured_media":30583,"comment_status":"open","ping_status":"closed","sticky":false,"template":"","format":"standard","meta":{"footnotes":""},"categories":[35,33],"tags":[],"class_list":["post-30582","post","type-post","status-publish","format-standard","has-post-thumbnail","hentry","category-cidades","category-politica"],"yoast_head":"<!-- This site is optimized with the Yoast SEO plugin v27.5 - https:\/\/yoast.com\/product\/yoast-seo-wordpress\/ -->\n<title>Com apoio do Governo de MS, Expojardim movimenta economia e impulsiona neg\u00f3cios no campo - MsConectado<\/title>\n<meta name=\"robots\" content=\"index, follow, max-snippet:-1, max-image-preview:large, max-video-preview:-1\" \/>\n<link rel=\"canonical\" href=\"https:\/\/msconectado.com.br\/?p=30582\" \/>\n<meta property=\"og:locale\" content=\"pt_BR\" \/>\n<meta property=\"og:type\" content=\"article\" \/>\n<meta property=\"og:title\" content=\"Com apoio do Governo de MS, Expojardim movimenta economia e impulsiona neg\u00f3cios no campo - MsConectado\" \/>\n<meta property=\"og:description\" content=\"Com uma s\u00e9rie de atividades e atra\u00e7\u00f5es culturais, a Expojardim conta com apoio do Governo de Mato Grosso do Sul e movimenta a economia jardinense, valorizando a cultura e tradi\u00e7\u00e3o da regi\u00e3o. O governador Eduardo Riedel participou da feira agropecu\u00e1ria nesta sexta-feira (24), visitou os estandes e participou das atra\u00e7\u00f5es culturais. &#8220;\u00c9 um evento que [&hellip;]\" \/>\n<meta property=\"og:url\" content=\"https:\/\/msconectado.com.br\/?p=30582\" \/>\n<meta property=\"og:site_name\" content=\"MsConectado\" \/>\n<meta property=\"article:published_time\" content=\"2026-04-27T14:42:54+00:00\" \/>\n<meta property=\"article:modified_time\" content=\"2026-04-27T17:37:13+00:00\" \/>\n<meta property=\"og:image\" content=\"https:\/\/msconectado.com.br\/wp-content\/uploads\/2026\/04\/riedel.jpg\" \/>\n\t<meta property=\"og:image:width\" content=\"1280\" \/>\n\t<meta property=\"og:image:height\" content=\"853\" \/>\n\t<meta property=\"og:image:type\" content=\"image\/jpeg\" \/>\n<meta name=\"author\" content=\"Jeferson\" \/>\n<meta name=\"twitter:card\" content=\"summary_large_image\" \/>\n<meta name=\"twitter:label1\" content=\"Escrito por\" \/>\n\t<meta name=\"twitter:data1\" content=\"Jeferson\" \/>\n\t<meta name=\"twitter:label2\" content=\"Est. tempo de leitura\" \/>\n\t<meta name=\"twitter:data2\" content=\"3 minutos\" \/>\n<script type=\"application\/ld+json\" class=\"yoast-schema-graph\">{\"@context\":\"https:\\\/\\\/schema.org\",\"@graph\":[{\"@type\":\"Article\",\"@id\":\"https:\\\/\\\/msconectado.com.br\\\/?p=30582#article\",\"isPartOf\":{\"@id\":\"https:\\\/\\\/msconectado.com.br\\\/?p=30582\"},\"author\":{\"name\":\"Jeferson\",\"@id\":\"https:\\\/\\\/msconectado.com.br\\\/#\\\/schema\\\/person\\\/feb123a95a93eebea36f0ed6a2e5ba48\"},\"headline\":\"Com apoio do Governo de MS, Expojardim movimenta economia e impulsiona neg\u00f3cios no campo\",\"datePublished\":\"2026-04-27T14:42:54+00:00\",\"dateModified\":\"2026-04-27T17:37:13+00:00\",\"mainEntityOfPage\":{\"@id\":\"https:\\\/\\\/msconectado.com.br\\\/?p=30582\"},\"wordCount\":395,\"commentCount\":0,\"publisher\":{\"@id\":\"https:\\\/\\\/msconectado.com.br\\\/#organization\"},\"image\":{\"@id\":\"https:\\\/\\\/msconectado.com.br\\\/?p=30582#primaryimage\"},\"thumbnailUrl\":\"https:\\\/\\\/msconectado.com.br\\\/wp-content\\\/uploads\\\/2026\\\/04\\\/riedel.jpg\",\"articleSection\":[\"Cidades\",\"Pol\u00edtica\"],\"inLanguage\":\"pt-BR\",\"potentialAction\":[{\"@type\":\"CommentAction\",\"name\":\"Comment\",\"target\":[\"https:\\\/\\\/msconectado.com.br\\\/?p=30582#respond\"]}]},{\"@type\":\"WebPage\",\"@id\":\"https:\\\/\\\/msconectado.com.br\\\/?p=30582\",\"url\":\"https:\\\/\\\/msconectado.com.br\\\/?p=30582\",\"name\":\"Com apoio do Governo de MS, Expojardim movimenta economia e impulsiona neg\u00f3cios no campo - MsConectado\",\"isPartOf\":{\"@id\":\"https:\\\/\\\/msconectado.com.br\\\/#website\"},\"primaryImageOfPage\":{\"@id\":\"https:\\\/\\\/msconectado.com.br\\\/?p=30582#primaryimage\"},\"image\":{\"@id\":\"https:\\\/\\\/msconectado.com.br\\\/?p=30582#primaryimage\"},\"thumbnailUrl\":\"https:\\\/\\\/msconectado.com.br\\\/wp-content\\\/uploads\\\/2026\\\/04\\\/riedel.jpg\",\"datePublished\":\"2026-04-27T14:42:54+00:00\",\"dateModified\":\"2026-04-27T17:37:13+00:00\",\"breadcrumb\":{\"@id\":\"https:\\\/\\\/msconectado.com.br\\\/?p=30582#breadcrumb\"},\"inLanguage\":\"pt-BR\",\"potentialAction\":[{\"@type\":\"ReadAction\",\"target\":[\"https:\\\/\\\/msconectado.com.br\\\/?p=30582\"]}]},{\"@type\":\"ImageObject\",\"inLanguage\":\"pt-BR\",\"@id\":\"https:\\\/\\\/msconectado.com.br\\\/?p=30582#primaryimage\",\"url\":\"https:\\\/\\\/msconectado.com.br\\\/wp-content\\\/uploads\\\/2026\\\/04\\\/riedel.jpg\",\"contentUrl\":\"https:\\\/\\\/msconectado.com.br\\\/wp-content\\\/uploads\\\/2026\\\/04\\\/riedel.jpg\",\"width\":1280,\"height\":853},{\"@type\":\"BreadcrumbList\",\"@id\":\"https:\\\/\\\/msconectado.com.br\\\/?p=30582#breadcrumb\",\"itemListElement\":[{\"@type\":\"ListItem\",\"position\":1,\"name\":\"In\u00edcio\",\"item\":\"https:\\\/\\\/msconectado.com.br\\\/?page_id=105\"},{\"@type\":\"ListItem\",\"position\":2,\"name\":\"Com apoio do Governo de MS, Expojardim movimenta economia e impulsiona neg\u00f3cios no campo\"}]},{\"@type\":\"WebSite\",\"@id\":\"https:\\\/\\\/msconectado.com.br\\\/#website\",\"url\":\"https:\\\/\\\/msconectado.com.br\\\/\",\"name\":\"MsConectado\",\"description\":\"Voc\u00ea Conectado com a Not\u00edcia!\",\"publisher\":{\"@id\":\"https:\\\/\\\/msconectado.com.br\\\/#organization\"},\"potentialAction\":[{\"@type\":\"SearchAction\",\"target\":{\"@type\":\"EntryPoint\",\"urlTemplate\":\"https:\\\/\\\/msconectado.com.br\\\/?s={search_term_string}\"},\"query-input\":{\"@type\":\"PropertyValueSpecification\",\"valueRequired\":true,\"valueName\":\"search_term_string\"}}],\"inLanguage\":\"pt-BR\"},{\"@type\":\"Organization\",\"@id\":\"https:\\\/\\\/msconectado.com.br\\\/#organization\",\"name\":\"MsConectado\",\"url\":\"https:\\\/\\\/msconectado.com.br\\\/\",\"logo\":{\"@type\":\"ImageObject\",\"inLanguage\":\"pt-BR\",\"@id\":\"https:\\\/\\\/msconectado.com.br\\\/#\\\/schema\\\/logo\\\/image\\\/\",\"url\":\"https:\\\/\\\/msconectado.com.br\\\/wp-content\\\/uploads\\\/2023\\\/01\\\/cropped-noticia-2.png\",\"contentUrl\":\"https:\\\/\\\/msconectado.com.br\\\/wp-content\\\/uploads\\\/2023\\\/01\\\/cropped-noticia-2.png\",\"width\":720,\"height\":157,\"caption\":\"MsConectado\"},\"image\":{\"@id\":\"https:\\\/\\\/msconectado.com.br\\\/#\\\/schema\\\/logo\\\/image\\\/\"}},{\"@type\":\"Person\",\"@id\":\"https:\\\/\\\/msconectado.com.br\\\/#\\\/schema\\\/person\\\/feb123a95a93eebea36f0ed6a2e5ba48\",\"name\":\"Jeferson\",\"image\":{\"@type\":\"ImageObject\",\"inLanguage\":\"pt-BR\",\"@id\":\"https:\\\/\\\/secure.gravatar.com\\\/avatar\\\/e23e8901c88f0cdc0ad479ef7a39bf3e4c806344549c087c00b721a65549a328?s=96&d=mm&r=g\",\"url\":\"https:\\\/\\\/secure.gravatar.com\\\/avatar\\\/e23e8901c88f0cdc0ad479ef7a39bf3e4c806344549c087c00b721a65549a328?s=96&d=mm&r=g\",\"contentUrl\":\"https:\\\/\\\/secure.gravatar.com\\\/avatar\\\/e23e8901c88f0cdc0ad479ef7a39bf3e4c806344549c087c00b721a65549a328?s=96&d=mm&r=g\",\"caption\":\"Jeferson\"},\"url\":\"https:\\\/\\\/msconectado.com.br\\\/?author=3\"}]}<\/script>\n<!-- \/ Yoast SEO plugin. -->","yoast_head_json":{"title":"Com apoio do Governo de MS, Expojardim movimenta economia e impulsiona neg\u00f3cios no campo - MsConectado","robots":{"index":"index","follow":"follow","max-snippet":"max-snippet:-1","max-image-preview":"max-image-preview:large","max-video-preview":"max-video-preview:-1"},"canonical":"https:\/\/msconectado.com.br\/?p=30582","og_locale":"pt_BR","og_type":"article","og_title":"Com apoio do Governo de MS, Expojardim movimenta economia e impulsiona neg\u00f3cios no campo - MsConectado","og_description":"Com uma s\u00e9rie de atividades e atra\u00e7\u00f5es culturais, a Expojardim conta com apoio do Governo de Mato Grosso do Sul e movimenta a economia jardinense, valorizando a cultura e tradi\u00e7\u00e3o da regi\u00e3o. O governador Eduardo Riedel participou da feira agropecu\u00e1ria nesta sexta-feira (24), visitou os estandes e participou das atra\u00e7\u00f5es culturais. &#8220;\u00c9 um evento que [&hellip;]","og_url":"https:\/\/msconectado.com.br\/?p=30582","og_site_name":"MsConectado","article_published_time":"2026-04-27T14:42:54+00:00","article_modified_time":"2026-04-27T17:37:13+00:00","og_image":[{"width":1280,"height":853,"url":"https:\/\/msconectado.com.br\/wp-content\/uploads\/2026\/04\/riedel.jpg","type":"image\/jpeg"}],"author":"Jeferson","twitter_card":"summary_large_image","twitter_misc":{"Escrito por":"Jeferson","Est. tempo de leitura":"3 minutos"},"schema":{"@context":"https:\/\/schema.org","@graph":[{"@type":"Article","@id":"https:\/\/msconectado.com.br\/?p=30582#article","isPartOf":{"@id":"https:\/\/msconectado.com.br\/?p=30582"},"author":{"name":"Jeferson","@id":"https:\/\/msconectado.com.br\/#\/schema\/person\/feb123a95a93eebea36f0ed6a2e5ba48"},"headline":"Com apoio do Governo de MS, Expojardim movimenta economia e impulsiona neg\u00f3cios no campo","datePublished":"2026-04-27T14:42:54+00:00","dateModified":"2026-04-27T17:37:13+00:00","mainEntityOfPage":{"@id":"https:\/\/msconectado.com.br\/?p=30582"},"wordCount":395,"commentCount":0,"publisher":{"@id":"https:\/\/msconectado.com.br\/#organization"},"image":{"@id":"https:\/\/msconectado.com.br\/?p=30582#primaryimage"},"thumbnailUrl":"https:\/\/msconectado.com.br\/wp-content\/uploads\/2026\/04\/riedel.jpg","articleSection":["Cidades","Pol\u00edtica"],"inLanguage":"pt-BR","potentialAction":[{"@type":"CommentAction","name":"Comment","target":["https:\/\/msconectado.com.br\/?p=30582#respond"]}]},{"@type":"WebPage","@id":"https:\/\/msconectado.com.br\/?p=30582","url":"https:\/\/msconectado.com.br\/?p=30582","name":"Com apoio do Governo de MS, Expojardim movimenta economia e impulsiona neg\u00f3cios no campo - MsConectado","isPartOf":{"@id":"https:\/\/msconectado.com.br\/#website"},"primaryImageOfPage":{"@id":"https:\/\/msconectado.com.br\/?p=30582#primaryimage"},"image":{"@id":"https:\/\/msconectado.com.br\/?p=30582#primaryimage"},"thumbnailUrl":"https:\/\/msconectado.com.br\/wp-content\/uploads\/2026\/04\/riedel.jpg","datePublished":"2026-04-27T14:42:54+00:00","dateModified":"2026-04-27T17:37:13+00:00","breadcrumb":{"@id":"https:\/\/msconectado.com.br\/?p=30582#breadcrumb"},"inLanguage":"pt-BR","potentialAction":[{"@type":"ReadAction","target":["https:\/\/msconectado.com.br\/?p=30582"]}]},{"@type":"ImageObject","inLanguage":"pt-BR","@id":"https:\/\/msconectado.com.br\/?p=30582#primaryimage","url":"https:\/\/msconectado.com.br\/wp-content\/uploads\/2026\/04\/riedel.jpg","contentUrl":"https:\/\/msconectado.com.br\/wp-content\/uploads\/2026\/04\/riedel.jpg","width":1280,"height":853},{"@type":"BreadcrumbList","@id":"https:\/\/msconectado.com.br\/?p=30582#breadcrumb","itemListElement":[{"@type":"ListItem","position":1,"name":"In\u00edcio","item":"https:\/\/msconectado.com.br\/?page_id=105"},{"@type":"ListItem","position":2,"name":"Com apoio do Governo de MS, Expojardim movimenta economia e impulsiona neg\u00f3cios no campo"}]},{"@type":"WebSite","@id":"https:\/\/msconectado.com.br\/#website","url":"https:\/\/msconectado.com.br\/","name":"MsConectado","description":"Voc\u00ea Conectado com a Not\u00edcia!","publisher":{"@id":"https:\/\/msconectado.com.br\/#organization"},"potentialAction":[{"@type":"SearchAction","target":{"@type":"EntryPoint","urlTemplate":"https:\/\/msconectado.com.br\/?s={search_term_string}"},"query-input":{"@type":"PropertyValueSpecification","valueRequired":true,"valueName":"search_term_string"}}],"inLanguage":"pt-BR"},{"@type":"Organization","@id":"https:\/\/msconectado.com.br\/#organization","name":"MsConectado","url":"https:\/\/msconectado.com.br\/","logo":{"@type":"ImageObject","inLanguage":"pt-BR","@id":"https:\/\/msconectado.com.br\/#\/schema\/logo\/image\/","url":"https:\/\/msconectado.com.br\/wp-content\/uploads\/2023\/01\/cropped-noticia-2.png","contentUrl":"https:\/\/msconectado.com.br\/wp-content\/uploads\/2023\/01\/cropped-noticia-2.png","width":720,"height":157,"caption":"MsConectado"},"image":{"@id":"https:\/\/msconectado.com.br\/#\/schema\/logo\/image\/"}},{"@type":"Person","@id":"https:\/\/msconectado.com.br\/#\/schema\/person\/feb123a95a93eebea36f0ed6a2e5ba48","name":"Jeferson","image":{"@type":"ImageObject","inLanguage":"pt-BR","@id":"https:\/\/secure.gravatar.com\/avatar\/e23e8901c88f0cdc0ad479ef7a39bf3e4c806344549c087c00b721a65549a328?s=96&d=mm&r=g","url":"https:\/\/secure.gravatar.com\/avatar\/e23e8901c88f0cdc0ad479ef7a39bf3e4c806344549c087c00b721a65549a328?s=96&d=mm&r=g","contentUrl":"https:\/\/secure.gravatar.com\/avatar\/e23e8901c88f0cdc0ad479ef7a39bf3e4c806344549c087c00b721a65549a328?s=96&d=mm&r=g","caption":"Jeferson"},"url":"https:\/\/msconectado.com.br\/?author=3"}]}},"_links":{"self":[{"href":"https:\/\/msconectado.com.br\/index.php?rest_route=\/wp\/v2\/posts\/30582","targetHints":{"allow":["GET"]}}],"collection":[{"href":"https:\/\/msconectado.com.br\/index.php?rest_route=\/wp\/v2\/posts"}],"about":[{"href":"https:\/\/msconectado.com.br\/index.php?rest_route=\/wp\/v2\/types\/post"}],"author":[{"embeddable":true,"href":"https:\/\/msconectado.com.br\/index.php?rest_route=\/wp\/v2\/users\/3"}],"replies":[{"embeddable":true,"href":"https:\/\/msconectado.com.br\/index.php?rest_route=%2Fwp%2Fv2%2Fcomments&post=30582"}],"version-history":[{"count":1,"href":"https:\/\/msconectado.com.br\/index.php?rest_route=\/wp\/v2\/posts\/30582\/revisions"}],"predecessor-version":[{"id":30584,"href":"https:\/\/msconectado.com.br\/index.php?rest_route=\/wp\/v2\/posts\/30582\/revisions\/30584"}],"wp:featuredmedia":[{"embeddable":true,"href":"https:\/\/msconectado.com.br\/index.php?rest_route=\/wp\/v2\/media\/30583"}],"wp:attachment":[{"href":"https:\/\/msconectado.com.br\/index.php?rest_route=%2Fwp%2Fv2%2Fmedia&parent=30582"}],"wp:term":[{"taxonomy":"category","embeddable":true,"href":"https:\/\/msconectado.com.br\/index.php?rest_route=%2Fwp%2Fv2%2Fcategories&post=30582"},{"taxonomy":"post_tag","embeddable":true,"href":"https:\/\/msconectado.com.br\/index.php?rest_route=%2Fwp%2Fv2%2Ftags&post=30582"}],"curies":[{"name":"wp","href":"https:\/\/api.w.org\/{rel}","templated":true}]}}