{"id":30635,"date":"2026-04-27T22:28:40","date_gmt":"2026-04-27T22:28:40","guid":{"rendered":"https:\/\/msconectado.com.br\/?p=30635"},"modified":"2026-04-27T22:28:44","modified_gmt":"2026-04-27T22:28:44","slug":"governo-municipal-avanca-com-reurb-e-inicia-regularizacao-fundiaria-em-prudencio-thomaz","status":"publish","type":"post","link":"https:\/\/msconectado.com.br\/?p=30635","title":{"rendered":"Governo Municipal avan\u00e7a com REURB e inicia regulariza\u00e7\u00e3o fundi\u00e1ria em Prud\u00eancio Thomaz"},"content":{"rendered":"\n<p>Os moradores do Distrito de Prud\u00eancio Thomaz t\u00eam, nesta semana, uma oportunidade especial de dar um passo importante rumo \u00e0 seguran\u00e7a e \u00e0 tranquilidade de suas fam\u00edlias. Entre os dias 27 e 30 de abril, o Governo Municipal, em parceria com a C\u00e2mara de Vereadores, inicia os atendimentos voltados \u00e0 regulariza\u00e7\u00e3o fundi\u00e1ria de im\u00f3veis por meio do Programa Meu Lar.<br>A a\u00e7\u00e3o, realizada com o apoio da AGEHAB, acontece de segunda a quinta-feira, no Gin\u00e1sio de Esportes Waldemar Spense e representa muito mais do que um servi\u00e7o p\u00fablico, \u00e9 a chance de transformar a posse em direito garantido, valorizando o patrim\u00f4nio e fortalecendo o futuro de cada morador.<br>Para participar, \u00e9 necess\u00e1rio que o propriet\u00e1rio apresente seus documentos pessoais, RG e CPF ou CNH, al\u00e9m do contrato de compra e venda ou qualquer outro comprovante de posse do im\u00f3vel.<br>Os atendimentos ser\u00e3o realizados em dois per\u00edodos, das 8h \u00e0s 11h e das 13h \u00e0s 16h, oferecendo mais comodidade para a popula\u00e7\u00e3o.<br>N\u00e3o deixe essa oportunidade passar. Regularizar seu im\u00f3vel \u00e9 conquistar mais seguran\u00e7a, dignidade e a certeza de um amanh\u00e3 mais est\u00e1vel para voc\u00ea e sua fam\u00edlia.<\/p>\n\n\n\n<p>Assessoria<\/p>\n\n\n<div class=\"wp-block-image\">\n<figure class=\"aligncenter size-full\"><img fetchpriority=\"high\" decoding=\"async\" width=\"900\" height=\"100\" src=\"https:\/\/msconectado.com.br\/wp-content\/uploads\/2026\/04\/900X100_BANNERWEB-16425-.-Campanha-Cidade-de-Oportunidades-.gif\" alt=\"\" class=\"wp-image-30573\"\/><\/figure>\n<\/div>","protected":false},"excerpt":{"rendered":"<p>Os moradores do Distrito de Prud\u00eancio Thomaz t\u00eam, nesta semana, uma oportunidade especial de dar um passo importante rumo \u00e0 seguran\u00e7a e \u00e0 tranquilidade de suas fam\u00edlias. Entre os dias 27 e 30 de abril, o Governo Municipal, em parceria com a C\u00e2mara de Vereadores, inicia os atendimentos voltados \u00e0 regulariza\u00e7\u00e3o fundi\u00e1ria de im\u00f3veis por [&hellip;]<\/p>\n","protected":false},"author":3,"featured_media":30636,"comment_status":"open","ping_status":"closed","sticky":false,"template":"","format":"standard","meta":{"footnotes":""},"categories":[35,1],"tags":[],"class_list":["post-30635","post","type-post","status-publish","format-standard","has-post-thumbnail","hentry","category-cidades","category-noticia"],"yoast_head":"<!-- This site is optimized with the Yoast SEO plugin v27.5 - https:\/\/yoast.com\/product\/yoast-seo-wordpress\/ -->\n<title>Governo Municipal avan\u00e7a com REURB e inicia regulariza\u00e7\u00e3o fundi\u00e1ria em Prud\u00eancio Thomaz - MsConectado<\/title>\n<meta name=\"robots\" content=\"index, follow, max-snippet:-1, max-image-preview:large, max-video-preview:-1\" \/>\n<link rel=\"canonical\" href=\"https:\/\/msconectado.com.br\/?p=30635\" \/>\n<meta property=\"og:locale\" content=\"pt_BR\" \/>\n<meta property=\"og:type\" content=\"article\" \/>\n<meta property=\"og:title\" content=\"Governo Municipal avan\u00e7a com REURB e inicia regulariza\u00e7\u00e3o fundi\u00e1ria em Prud\u00eancio Thomaz - MsConectado\" \/>\n<meta property=\"og:description\" content=\"Os moradores do Distrito de Prud\u00eancio Thomaz t\u00eam, nesta semana, uma oportunidade especial de dar um passo importante rumo \u00e0 seguran\u00e7a e \u00e0 tranquilidade de suas fam\u00edlias. Entre os dias 27 e 30 de abril, o Governo Municipal, em parceria com a C\u00e2mara de Vereadores, inicia os atendimentos voltados \u00e0 regulariza\u00e7\u00e3o fundi\u00e1ria de im\u00f3veis por [&hellip;]\" \/>\n<meta property=\"og:url\" content=\"https:\/\/msconectado.com.br\/?p=30635\" \/>\n<meta property=\"og:site_name\" content=\"MsConectado\" \/>\n<meta property=\"article:published_time\" content=\"2026-04-27T22:28:40+00:00\" \/>\n<meta property=\"article:modified_time\" content=\"2026-04-27T22:28:44+00:00\" \/>\n<meta property=\"og:image\" content=\"https:\/\/msconectado.com.br\/wp-content\/uploads\/2026\/04\/740d384b-76c7-4a9c-ac47-0cd678d8dcf4.jpg\" \/>\n\t<meta property=\"og:image:width\" content=\"1600\" \/>\n\t<meta property=\"og:image:height\" content=\"900\" \/>\n\t<meta property=\"og:image:type\" content=\"image\/jpeg\" \/>\n<meta name=\"author\" content=\"Jeferson\" \/>\n<meta name=\"twitter:card\" content=\"summary_large_image\" \/>\n<meta name=\"twitter:label1\" content=\"Escrito por\" \/>\n\t<meta name=\"twitter:data1\" content=\"Jeferson\" \/>\n\t<meta name=\"twitter:label2\" content=\"Est. tempo de leitura\" \/>\n\t<meta name=\"twitter:data2\" content=\"2 minutos\" \/>\n<script type=\"application\/ld+json\" class=\"yoast-schema-graph\">{\"@context\":\"https:\\\/\\\/schema.org\",\"@graph\":[{\"@type\":\"Article\",\"@id\":\"https:\\\/\\\/msconectado.com.br\\\/?p=30635#article\",\"isPartOf\":{\"@id\":\"https:\\\/\\\/msconectado.com.br\\\/?p=30635\"},\"author\":{\"name\":\"Jeferson\",\"@id\":\"https:\\\/\\\/msconectado.com.br\\\/#\\\/schema\\\/person\\\/feb123a95a93eebea36f0ed6a2e5ba48\"},\"headline\":\"Governo Municipal avan\u00e7a com REURB e inicia regulariza\u00e7\u00e3o fundi\u00e1ria em Prud\u00eancio Thomaz\",\"datePublished\":\"2026-04-27T22:28:40+00:00\",\"dateModified\":\"2026-04-27T22:28:44+00:00\",\"mainEntityOfPage\":{\"@id\":\"https:\\\/\\\/msconectado.com.br\\\/?p=30635\"},\"wordCount\":221,\"commentCount\":0,\"publisher\":{\"@id\":\"https:\\\/\\\/msconectado.com.br\\\/#organization\"},\"image\":{\"@id\":\"https:\\\/\\\/msconectado.com.br\\\/?p=30635#primaryimage\"},\"thumbnailUrl\":\"https:\\\/\\\/msconectado.com.br\\\/wp-content\\\/uploads\\\/2026\\\/04\\\/740d384b-76c7-4a9c-ac47-0cd678d8dcf4.jpg\",\"articleSection\":[\"Cidades\",\"Not\u00edcia\"],\"inLanguage\":\"pt-BR\",\"potentialAction\":[{\"@type\":\"CommentAction\",\"name\":\"Comment\",\"target\":[\"https:\\\/\\\/msconectado.com.br\\\/?p=30635#respond\"]}]},{\"@type\":\"WebPage\",\"@id\":\"https:\\\/\\\/msconectado.com.br\\\/?p=30635\",\"url\":\"https:\\\/\\\/msconectado.com.br\\\/?p=30635\",\"name\":\"Governo Municipal avan\u00e7a com REURB e inicia regulariza\u00e7\u00e3o fundi\u00e1ria em Prud\u00eancio Thomaz - MsConectado\",\"isPartOf\":{\"@id\":\"https:\\\/\\\/msconectado.com.br\\\/#website\"},\"primaryImageOfPage\":{\"@id\":\"https:\\\/\\\/msconectado.com.br\\\/?p=30635#primaryimage\"},\"image\":{\"@id\":\"https:\\\/\\\/msconectado.com.br\\\/?p=30635#primaryimage\"},\"thumbnailUrl\":\"https:\\\/\\\/msconectado.com.br\\\/wp-content\\\/uploads\\\/2026\\\/04\\\/740d384b-76c7-4a9c-ac47-0cd678d8dcf4.jpg\",\"datePublished\":\"2026-04-27T22:28:40+00:00\",\"dateModified\":\"2026-04-27T22:28:44+00:00\",\"breadcrumb\":{\"@id\":\"https:\\\/\\\/msconectado.com.br\\\/?p=30635#breadcrumb\"},\"inLanguage\":\"pt-BR\",\"potentialAction\":[{\"@type\":\"ReadAction\",\"target\":[\"https:\\\/\\\/msconectado.com.br\\\/?p=30635\"]}]},{\"@type\":\"ImageObject\",\"inLanguage\":\"pt-BR\",\"@id\":\"https:\\\/\\\/msconectado.com.br\\\/?p=30635#primaryimage\",\"url\":\"https:\\\/\\\/msconectado.com.br\\\/wp-content\\\/uploads\\\/2026\\\/04\\\/740d384b-76c7-4a9c-ac47-0cd678d8dcf4.jpg\",\"contentUrl\":\"https:\\\/\\\/msconectado.com.br\\\/wp-content\\\/uploads\\\/2026\\\/04\\\/740d384b-76c7-4a9c-ac47-0cd678d8dcf4.jpg\",\"width\":1600,\"height\":900},{\"@type\":\"BreadcrumbList\",\"@id\":\"https:\\\/\\\/msconectado.com.br\\\/?p=30635#breadcrumb\",\"itemListElement\":[{\"@type\":\"ListItem\",\"position\":1,\"name\":\"In\u00edcio\",\"item\":\"https:\\\/\\\/msconectado.com.br\\\/?page_id=105\"},{\"@type\":\"ListItem\",\"position\":2,\"name\":\"Governo Municipal avan\u00e7a com REURB e inicia regulariza\u00e7\u00e3o fundi\u00e1ria em Prud\u00eancio Thomaz\"}]},{\"@type\":\"WebSite\",\"@id\":\"https:\\\/\\\/msconectado.com.br\\\/#website\",\"url\":\"https:\\\/\\\/msconectado.com.br\\\/\",\"name\":\"MsConectado\",\"description\":\"Voc\u00ea Conectado com a Not\u00edcia!\",\"publisher\":{\"@id\":\"https:\\\/\\\/msconectado.com.br\\\/#organization\"},\"potentialAction\":[{\"@type\":\"SearchAction\",\"target\":{\"@type\":\"EntryPoint\",\"urlTemplate\":\"https:\\\/\\\/msconectado.com.br\\\/?s={search_term_string}\"},\"query-input\":{\"@type\":\"PropertyValueSpecification\",\"valueRequired\":true,\"valueName\":\"search_term_string\"}}],\"inLanguage\":\"pt-BR\"},{\"@type\":\"Organization\",\"@id\":\"https:\\\/\\\/msconectado.com.br\\\/#organization\",\"name\":\"MsConectado\",\"url\":\"https:\\\/\\\/msconectado.com.br\\\/\",\"logo\":{\"@type\":\"ImageObject\",\"inLanguage\":\"pt-BR\",\"@id\":\"https:\\\/\\\/msconectado.com.br\\\/#\\\/schema\\\/logo\\\/image\\\/\",\"url\":\"https:\\\/\\\/msconectado.com.br\\\/wp-content\\\/uploads\\\/2023\\\/01\\\/cropped-noticia-2.png\",\"contentUrl\":\"https:\\\/\\\/msconectado.com.br\\\/wp-content\\\/uploads\\\/2023\\\/01\\\/cropped-noticia-2.png\",\"width\":720,\"height\":157,\"caption\":\"MsConectado\"},\"image\":{\"@id\":\"https:\\\/\\\/msconectado.com.br\\\/#\\\/schema\\\/logo\\\/image\\\/\"}},{\"@type\":\"Person\",\"@id\":\"https:\\\/\\\/msconectado.com.br\\\/#\\\/schema\\\/person\\\/feb123a95a93eebea36f0ed6a2e5ba48\",\"name\":\"Jeferson\",\"image\":{\"@type\":\"ImageObject\",\"inLanguage\":\"pt-BR\",\"@id\":\"https:\\\/\\\/secure.gravatar.com\\\/avatar\\\/e23e8901c88f0cdc0ad479ef7a39bf3e4c806344549c087c00b721a65549a328?s=96&d=mm&r=g\",\"url\":\"https:\\\/\\\/secure.gravatar.com\\\/avatar\\\/e23e8901c88f0cdc0ad479ef7a39bf3e4c806344549c087c00b721a65549a328?s=96&d=mm&r=g\",\"contentUrl\":\"https:\\\/\\\/secure.gravatar.com\\\/avatar\\\/e23e8901c88f0cdc0ad479ef7a39bf3e4c806344549c087c00b721a65549a328?s=96&d=mm&r=g\",\"caption\":\"Jeferson\"},\"url\":\"https:\\\/\\\/msconectado.com.br\\\/?author=3\"}]}<\/script>\n<!-- \/ Yoast SEO plugin. -->","yoast_head_json":{"title":"Governo Municipal avan\u00e7a com REURB e inicia regulariza\u00e7\u00e3o fundi\u00e1ria em Prud\u00eancio Thomaz - MsConectado","robots":{"index":"index","follow":"follow","max-snippet":"max-snippet:-1","max-image-preview":"max-image-preview:large","max-video-preview":"max-video-preview:-1"},"canonical":"https:\/\/msconectado.com.br\/?p=30635","og_locale":"pt_BR","og_type":"article","og_title":"Governo Municipal avan\u00e7a com REURB e inicia regulariza\u00e7\u00e3o fundi\u00e1ria em Prud\u00eancio Thomaz - MsConectado","og_description":"Os moradores do Distrito de Prud\u00eancio Thomaz t\u00eam, nesta semana, uma oportunidade especial de dar um passo importante rumo \u00e0 seguran\u00e7a e \u00e0 tranquilidade de suas fam\u00edlias. Entre os dias 27 e 30 de abril, o Governo Municipal, em parceria com a C\u00e2mara de Vereadores, inicia os atendimentos voltados \u00e0 regulariza\u00e7\u00e3o fundi\u00e1ria de im\u00f3veis por [&hellip;]","og_url":"https:\/\/msconectado.com.br\/?p=30635","og_site_name":"MsConectado","article_published_time":"2026-04-27T22:28:40+00:00","article_modified_time":"2026-04-27T22:28:44+00:00","og_image":[{"width":1600,"height":900,"url":"https:\/\/msconectado.com.br\/wp-content\/uploads\/2026\/04\/740d384b-76c7-4a9c-ac47-0cd678d8dcf4.jpg","type":"image\/jpeg"}],"author":"Jeferson","twitter_card":"summary_large_image","twitter_misc":{"Escrito por":"Jeferson","Est. tempo de leitura":"2 minutos"},"schema":{"@context":"https:\/\/schema.org","@graph":[{"@type":"Article","@id":"https:\/\/msconectado.com.br\/?p=30635#article","isPartOf":{"@id":"https:\/\/msconectado.com.br\/?p=30635"},"author":{"name":"Jeferson","@id":"https:\/\/msconectado.com.br\/#\/schema\/person\/feb123a95a93eebea36f0ed6a2e5ba48"},"headline":"Governo Municipal avan\u00e7a com REURB e inicia regulariza\u00e7\u00e3o fundi\u00e1ria em Prud\u00eancio Thomaz","datePublished":"2026-04-27T22:28:40+00:00","dateModified":"2026-04-27T22:28:44+00:00","mainEntityOfPage":{"@id":"https:\/\/msconectado.com.br\/?p=30635"},"wordCount":221,"commentCount":0,"publisher":{"@id":"https:\/\/msconectado.com.br\/#organization"},"image":{"@id":"https:\/\/msconectado.com.br\/?p=30635#primaryimage"},"thumbnailUrl":"https:\/\/msconectado.com.br\/wp-content\/uploads\/2026\/04\/740d384b-76c7-4a9c-ac47-0cd678d8dcf4.jpg","articleSection":["Cidades","Not\u00edcia"],"inLanguage":"pt-BR","potentialAction":[{"@type":"CommentAction","name":"Comment","target":["https:\/\/msconectado.com.br\/?p=30635#respond"]}]},{"@type":"WebPage","@id":"https:\/\/msconectado.com.br\/?p=30635","url":"https:\/\/msconectado.com.br\/?p=30635","name":"Governo Municipal avan\u00e7a com REURB e inicia regulariza\u00e7\u00e3o fundi\u00e1ria em Prud\u00eancio Thomaz - MsConectado","isPartOf":{"@id":"https:\/\/msconectado.com.br\/#website"},"primaryImageOfPage":{"@id":"https:\/\/msconectado.com.br\/?p=30635#primaryimage"},"image":{"@id":"https:\/\/msconectado.com.br\/?p=30635#primaryimage"},"thumbnailUrl":"https:\/\/msconectado.com.br\/wp-content\/uploads\/2026\/04\/740d384b-76c7-4a9c-ac47-0cd678d8dcf4.jpg","datePublished":"2026-04-27T22:28:40+00:00","dateModified":"2026-04-27T22:28:44+00:00","breadcrumb":{"@id":"https:\/\/msconectado.com.br\/?p=30635#breadcrumb"},"inLanguage":"pt-BR","potentialAction":[{"@type":"ReadAction","target":["https:\/\/msconectado.com.br\/?p=30635"]}]},{"@type":"ImageObject","inLanguage":"pt-BR","@id":"https:\/\/msconectado.com.br\/?p=30635#primaryimage","url":"https:\/\/msconectado.com.br\/wp-content\/uploads\/2026\/04\/740d384b-76c7-4a9c-ac47-0cd678d8dcf4.jpg","contentUrl":"https:\/\/msconectado.com.br\/wp-content\/uploads\/2026\/04\/740d384b-76c7-4a9c-ac47-0cd678d8dcf4.jpg","width":1600,"height":900},{"@type":"BreadcrumbList","@id":"https:\/\/msconectado.com.br\/?p=30635#breadcrumb","itemListElement":[{"@type":"ListItem","position":1,"name":"In\u00edcio","item":"https:\/\/msconectado.com.br\/?page_id=105"},{"@type":"ListItem","position":2,"name":"Governo Municipal avan\u00e7a com REURB e inicia regulariza\u00e7\u00e3o fundi\u00e1ria em Prud\u00eancio Thomaz"}]},{"@type":"WebSite","@id":"https:\/\/msconectado.com.br\/#website","url":"https:\/\/msconectado.com.br\/","name":"MsConectado","description":"Voc\u00ea Conectado com a Not\u00edcia!","publisher":{"@id":"https:\/\/msconectado.com.br\/#organization"},"potentialAction":[{"@type":"SearchAction","target":{"@type":"EntryPoint","urlTemplate":"https:\/\/msconectado.com.br\/?s={search_term_string}"},"query-input":{"@type":"PropertyValueSpecification","valueRequired":true,"valueName":"search_term_string"}}],"inLanguage":"pt-BR"},{"@type":"Organization","@id":"https:\/\/msconectado.com.br\/#organization","name":"MsConectado","url":"https:\/\/msconectado.com.br\/","logo":{"@type":"ImageObject","inLanguage":"pt-BR","@id":"https:\/\/msconectado.com.br\/#\/schema\/logo\/image\/","url":"https:\/\/msconectado.com.br\/wp-content\/uploads\/2023\/01\/cropped-noticia-2.png","contentUrl":"https:\/\/msconectado.com.br\/wp-content\/uploads\/2023\/01\/cropped-noticia-2.png","width":720,"height":157,"caption":"MsConectado"},"image":{"@id":"https:\/\/msconectado.com.br\/#\/schema\/logo\/image\/"}},{"@type":"Person","@id":"https:\/\/msconectado.com.br\/#\/schema\/person\/feb123a95a93eebea36f0ed6a2e5ba48","name":"Jeferson","image":{"@type":"ImageObject","inLanguage":"pt-BR","@id":"https:\/\/secure.gravatar.com\/avatar\/e23e8901c88f0cdc0ad479ef7a39bf3e4c806344549c087c00b721a65549a328?s=96&d=mm&r=g","url":"https:\/\/secure.gravatar.com\/avatar\/e23e8901c88f0cdc0ad479ef7a39bf3e4c806344549c087c00b721a65549a328?s=96&d=mm&r=g","contentUrl":"https:\/\/secure.gravatar.com\/avatar\/e23e8901c88f0cdc0ad479ef7a39bf3e4c806344549c087c00b721a65549a328?s=96&d=mm&r=g","caption":"Jeferson"},"url":"https:\/\/msconectado.com.br\/?author=3"}]}},"_links":{"self":[{"href":"https:\/\/msconectado.com.br\/index.php?rest_route=\/wp\/v2\/posts\/30635","targetHints":{"allow":["GET"]}}],"collection":[{"href":"https:\/\/msconectado.com.br\/index.php?rest_route=\/wp\/v2\/posts"}],"about":[{"href":"https:\/\/msconectado.com.br\/index.php?rest_route=\/wp\/v2\/types\/post"}],"author":[{"embeddable":true,"href":"https:\/\/msconectado.com.br\/index.php?rest_route=\/wp\/v2\/users\/3"}],"replies":[{"embeddable":true,"href":"https:\/\/msconectado.com.br\/index.php?rest_route=%2Fwp%2Fv2%2Fcomments&post=30635"}],"version-history":[{"count":1,"href":"https:\/\/msconectado.com.br\/index.php?rest_route=\/wp\/v2\/posts\/30635\/revisions"}],"predecessor-version":[{"id":30637,"href":"https:\/\/msconectado.com.br\/index.php?rest_route=\/wp\/v2\/posts\/30635\/revisions\/30637"}],"wp:featuredmedia":[{"embeddable":true,"href":"https:\/\/msconectado.com.br\/index.php?rest_route=\/wp\/v2\/media\/30636"}],"wp:attachment":[{"href":"https:\/\/msconectado.com.br\/index.php?rest_route=%2Fwp%2Fv2%2Fmedia&parent=30635"}],"wp:term":[{"taxonomy":"category","embeddable":true,"href":"https:\/\/msconectado.com.br\/index.php?rest_route=%2Fwp%2Fv2%2Fcategories&post=30635"},{"taxonomy":"post_tag","embeddable":true,"href":"https:\/\/msconectado.com.br\/index.php?rest_route=%2Fwp%2Fv2%2Ftags&post=30635"}],"curies":[{"name":"wp","href":"https:\/\/api.w.org\/{rel}","templated":true}]}}