{"id":30643,"date":"2026-04-28T18:20:35","date_gmt":"2026-04-28T18:20:35","guid":{"rendered":"https:\/\/msconectado.com.br\/?p=30643"},"modified":"2026-04-28T18:20:39","modified_gmt":"2026-04-28T18:20:39","slug":"vereador-daniel-esquivel-solicita-estudo-para-reforma-do-terminal-rodoviario-de-maracaju","status":"publish","type":"post","link":"https:\/\/msconectado.com.br\/?p=30643","title":{"rendered":"Vereador Daniel Esquivel solicita estudo para reforma do Terminal Rodovi\u00e1rio de Maracaju"},"content":{"rendered":"\n<p><strong>Pedido foi apresentado na 13\u00aa sess\u00e3o e destaca necessidade de revitaliza\u00e7\u00e3o e melhorias estruturais no espa\u00e7o<\/strong><\/p>\n\n\n\n<p>Durante a 13\u00aa sess\u00e3o ordin\u00e1ria da C\u00e2mara Municipal de Maracaju, realizada na manh\u00e3 de segunda-feira (27), o vereador Daniel Esquivel utilizou a tribuna para apresentar uma demanda voltada \u00e0 melhoria da infraestrutura urbana do munic\u00edpio.<\/p>\n\n\n\n<h2 class=\"wp-block-heading\">Reforma da rodovi\u00e1ria<\/h2>\n\n\n\n<p>O parlamentar solicitou o encaminhamento de requerimento ao Executivo Municipal, direcionado ao prefeito e \u00e0 Secretaria de Obras, pedindo a realiza\u00e7\u00e3o de um estudo t\u00e9cnico para viabilizar a reforma do Terminal Rodovi\u00e1rio de Maracaju.<\/p>\n\n\n\n<p>A solicita\u00e7\u00e3o tem como objetivo promover a revitaliza\u00e7\u00e3o do espa\u00e7o, que h\u00e1 anos n\u00e3o recebe investimentos estruturais mais amplos.<\/p>\n\n\n\n<h2 class=\"wp-block-heading\">Necessidade de melhorias<\/h2>\n\n\n\n<p>A demanda envolve desde interven\u00e7\u00f5es b\u00e1sicas, como pintura e manuten\u00e7\u00e3o, at\u00e9 melhorias mais abrangentes que garantam melhores condi\u00e7\u00f5es de uso para a popula\u00e7\u00e3o.<\/p>\n\n\n\n<p>O terminal \u00e9 um ponto importante de circula\u00e7\u00e3o de pessoas, e a proposta busca proporcionar mais conforto, seguran\u00e7a e melhores condi\u00e7\u00f5es de atendimento aos usu\u00e1rios.<\/p>\n\n\n\n<h2 class=\"wp-block-heading\">Infraestrutura urbana em pauta<\/h2>\n\n\n\n<p>A iniciativa refor\u00e7a a aten\u00e7\u00e3o \u00e0s estruturas p\u00fablicas do munic\u00edpio, destacando a import\u00e2ncia de manuten\u00e7\u00e3o cont\u00ednua e investimentos que acompanhem o uso dos espa\u00e7os pela popula\u00e7\u00e3o.<\/p>\n\n\n\n<h2 class=\"wp-block-heading\">Atua\u00e7\u00e3o legislativa<\/h2>\n\n\n\n<p>A apresenta\u00e7\u00e3o do requerimento evidencia o encaminhamento de demandas voltadas \u00e0 melhoria dos servi\u00e7os e da infraestrutura urbana, com foco na qualidade de vida dos moradores.<\/p>\n\n\n\n<p><strong>As sess\u00f5es da C\u00e2mara Municipal de Maracaju acontecem \u00e0s segundas-feiras, a partir das 8h, no Centro Cultural Francisco Moacir Feitosa, com transmiss\u00e3o ao vivo pelos canais oficiais.<\/strong><\/p>\n\n\n\n<p>Assessoria<\/p>\n\n\n<div class=\"wp-block-image\">\n<figure class=\"aligncenter size-full\"><img fetchpriority=\"high\" decoding=\"async\" width=\"900\" height=\"100\" src=\"https:\/\/msconectado.com.br\/wp-content\/uploads\/2026\/04\/900X100_BANNERWEB-16425-.-Campanha-Cidade-de-Oportunidades-.gif\" alt=\"\" class=\"wp-image-30573\"\/><\/figure>\n<\/div>\n\n\n<p><a href=\"https:\/\/www.camarademaracaju.ms.gov.br\/fotos\/ece50a502664ca2f8e080c31cfca73c9.jpg\"><\/a><\/p>\n","protected":false},"excerpt":{"rendered":"<p>Pedido foi apresentado na 13\u00aa sess\u00e3o e destaca necessidade de revitaliza\u00e7\u00e3o e melhorias estruturais no espa\u00e7o Durante a 13\u00aa sess\u00e3o ordin\u00e1ria da C\u00e2mara Municipal de Maracaju, realizada na manh\u00e3 de segunda-feira (27), o vereador Daniel Esquivel utilizou a tribuna para apresentar uma demanda voltada \u00e0 melhoria da infraestrutura urbana do munic\u00edpio. Reforma da rodovi\u00e1ria O [&hellip;]<\/p>\n","protected":false},"author":3,"featured_media":30644,"comment_status":"open","ping_status":"closed","sticky":false,"template":"","format":"standard","meta":{"footnotes":""},"categories":[1,33],"tags":[],"class_list":["post-30643","post","type-post","status-publish","format-standard","has-post-thumbnail","hentry","category-noticia","category-politica"],"yoast_head":"<!-- This site is optimized with the Yoast SEO plugin v27.5 - https:\/\/yoast.com\/product\/yoast-seo-wordpress\/ -->\n<title>Vereador Daniel Esquivel solicita estudo para reforma do Terminal Rodovi\u00e1rio de Maracaju - MsConectado<\/title>\n<meta name=\"robots\" content=\"index, follow, max-snippet:-1, max-image-preview:large, max-video-preview:-1\" \/>\n<link rel=\"canonical\" href=\"https:\/\/msconectado.com.br\/?p=30643\" \/>\n<meta property=\"og:locale\" content=\"pt_BR\" \/>\n<meta property=\"og:type\" content=\"article\" \/>\n<meta property=\"og:title\" content=\"Vereador Daniel Esquivel solicita estudo para reforma do Terminal Rodovi\u00e1rio de Maracaju - MsConectado\" \/>\n<meta property=\"og:description\" content=\"Pedido foi apresentado na 13\u00aa sess\u00e3o e destaca necessidade de revitaliza\u00e7\u00e3o e melhorias estruturais no espa\u00e7o Durante a 13\u00aa sess\u00e3o ordin\u00e1ria da C\u00e2mara Municipal de Maracaju, realizada na manh\u00e3 de segunda-feira (27), o vereador Daniel Esquivel utilizou a tribuna para apresentar uma demanda voltada \u00e0 melhoria da infraestrutura urbana do munic\u00edpio. Reforma da rodovi\u00e1ria O [&hellip;]\" \/>\n<meta property=\"og:url\" content=\"https:\/\/msconectado.com.br\/?p=30643\" \/>\n<meta property=\"og:site_name\" content=\"MsConectado\" \/>\n<meta property=\"article:published_time\" content=\"2026-04-28T18:20:35+00:00\" \/>\n<meta property=\"article:modified_time\" content=\"2026-04-28T18:20:39+00:00\" \/>\n<meta property=\"og:image\" content=\"https:\/\/msconectado.com.br\/wp-content\/uploads\/2026\/04\/IMG_4161.jpg\" \/>\n\t<meta property=\"og:image:width\" content=\"1600\" \/>\n\t<meta property=\"og:image:height\" content=\"1066\" \/>\n\t<meta property=\"og:image:type\" content=\"image\/jpeg\" \/>\n<meta name=\"author\" content=\"Jeferson\" \/>\n<meta name=\"twitter:card\" content=\"summary_large_image\" \/>\n<meta name=\"twitter:label1\" content=\"Escrito por\" \/>\n\t<meta name=\"twitter:data1\" content=\"Jeferson\" \/>\n\t<meta name=\"twitter:label2\" content=\"Est. tempo de leitura\" \/>\n\t<meta name=\"twitter:data2\" content=\"2 minutos\" \/>\n<script type=\"application\/ld+json\" class=\"yoast-schema-graph\">{\"@context\":\"https:\\\/\\\/schema.org\",\"@graph\":[{\"@type\":\"Article\",\"@id\":\"https:\\\/\\\/msconectado.com.br\\\/?p=30643#article\",\"isPartOf\":{\"@id\":\"https:\\\/\\\/msconectado.com.br\\\/?p=30643\"},\"author\":{\"name\":\"Jeferson\",\"@id\":\"https:\\\/\\\/msconectado.com.br\\\/#\\\/schema\\\/person\\\/feb123a95a93eebea36f0ed6a2e5ba48\"},\"headline\":\"Vereador Daniel Esquivel solicita estudo para reforma do Terminal Rodovi\u00e1rio de Maracaju\",\"datePublished\":\"2026-04-28T18:20:35+00:00\",\"dateModified\":\"2026-04-28T18:20:39+00:00\",\"mainEntityOfPage\":{\"@id\":\"https:\\\/\\\/msconectado.com.br\\\/?p=30643\"},\"wordCount\":289,\"commentCount\":0,\"publisher\":{\"@id\":\"https:\\\/\\\/msconectado.com.br\\\/#organization\"},\"image\":{\"@id\":\"https:\\\/\\\/msconectado.com.br\\\/?p=30643#primaryimage\"},\"thumbnailUrl\":\"https:\\\/\\\/msconectado.com.br\\\/wp-content\\\/uploads\\\/2026\\\/04\\\/IMG_4161.jpg\",\"articleSection\":[\"Not\u00edcia\",\"Pol\u00edtica\"],\"inLanguage\":\"pt-BR\",\"potentialAction\":[{\"@type\":\"CommentAction\",\"name\":\"Comment\",\"target\":[\"https:\\\/\\\/msconectado.com.br\\\/?p=30643#respond\"]}]},{\"@type\":\"WebPage\",\"@id\":\"https:\\\/\\\/msconectado.com.br\\\/?p=30643\",\"url\":\"https:\\\/\\\/msconectado.com.br\\\/?p=30643\",\"name\":\"Vereador Daniel Esquivel solicita estudo para reforma do Terminal Rodovi\u00e1rio de Maracaju - MsConectado\",\"isPartOf\":{\"@id\":\"https:\\\/\\\/msconectado.com.br\\\/#website\"},\"primaryImageOfPage\":{\"@id\":\"https:\\\/\\\/msconectado.com.br\\\/?p=30643#primaryimage\"},\"image\":{\"@id\":\"https:\\\/\\\/msconectado.com.br\\\/?p=30643#primaryimage\"},\"thumbnailUrl\":\"https:\\\/\\\/msconectado.com.br\\\/wp-content\\\/uploads\\\/2026\\\/04\\\/IMG_4161.jpg\",\"datePublished\":\"2026-04-28T18:20:35+00:00\",\"dateModified\":\"2026-04-28T18:20:39+00:00\",\"breadcrumb\":{\"@id\":\"https:\\\/\\\/msconectado.com.br\\\/?p=30643#breadcrumb\"},\"inLanguage\":\"pt-BR\",\"potentialAction\":[{\"@type\":\"ReadAction\",\"target\":[\"https:\\\/\\\/msconectado.com.br\\\/?p=30643\"]}]},{\"@type\":\"ImageObject\",\"inLanguage\":\"pt-BR\",\"@id\":\"https:\\\/\\\/msconectado.com.br\\\/?p=30643#primaryimage\",\"url\":\"https:\\\/\\\/msconectado.com.br\\\/wp-content\\\/uploads\\\/2026\\\/04\\\/IMG_4161.jpg\",\"contentUrl\":\"https:\\\/\\\/msconectado.com.br\\\/wp-content\\\/uploads\\\/2026\\\/04\\\/IMG_4161.jpg\",\"width\":1600,\"height\":1066},{\"@type\":\"BreadcrumbList\",\"@id\":\"https:\\\/\\\/msconectado.com.br\\\/?p=30643#breadcrumb\",\"itemListElement\":[{\"@type\":\"ListItem\",\"position\":1,\"name\":\"In\u00edcio\",\"item\":\"https:\\\/\\\/msconectado.com.br\\\/?page_id=105\"},{\"@type\":\"ListItem\",\"position\":2,\"name\":\"Vereador Daniel Esquivel solicita estudo para reforma do Terminal Rodovi\u00e1rio de Maracaju\"}]},{\"@type\":\"WebSite\",\"@id\":\"https:\\\/\\\/msconectado.com.br\\\/#website\",\"url\":\"https:\\\/\\\/msconectado.com.br\\\/\",\"name\":\"MsConectado\",\"description\":\"Voc\u00ea Conectado com a Not\u00edcia!\",\"publisher\":{\"@id\":\"https:\\\/\\\/msconectado.com.br\\\/#organization\"},\"potentialAction\":[{\"@type\":\"SearchAction\",\"target\":{\"@type\":\"EntryPoint\",\"urlTemplate\":\"https:\\\/\\\/msconectado.com.br\\\/?s={search_term_string}\"},\"query-input\":{\"@type\":\"PropertyValueSpecification\",\"valueRequired\":true,\"valueName\":\"search_term_string\"}}],\"inLanguage\":\"pt-BR\"},{\"@type\":\"Organization\",\"@id\":\"https:\\\/\\\/msconectado.com.br\\\/#organization\",\"name\":\"MsConectado\",\"url\":\"https:\\\/\\\/msconectado.com.br\\\/\",\"logo\":{\"@type\":\"ImageObject\",\"inLanguage\":\"pt-BR\",\"@id\":\"https:\\\/\\\/msconectado.com.br\\\/#\\\/schema\\\/logo\\\/image\\\/\",\"url\":\"https:\\\/\\\/msconectado.com.br\\\/wp-content\\\/uploads\\\/2023\\\/01\\\/cropped-noticia-2.png\",\"contentUrl\":\"https:\\\/\\\/msconectado.com.br\\\/wp-content\\\/uploads\\\/2023\\\/01\\\/cropped-noticia-2.png\",\"width\":720,\"height\":157,\"caption\":\"MsConectado\"},\"image\":{\"@id\":\"https:\\\/\\\/msconectado.com.br\\\/#\\\/schema\\\/logo\\\/image\\\/\"}},{\"@type\":\"Person\",\"@id\":\"https:\\\/\\\/msconectado.com.br\\\/#\\\/schema\\\/person\\\/feb123a95a93eebea36f0ed6a2e5ba48\",\"name\":\"Jeferson\",\"image\":{\"@type\":\"ImageObject\",\"inLanguage\":\"pt-BR\",\"@id\":\"https:\\\/\\\/secure.gravatar.com\\\/avatar\\\/e23e8901c88f0cdc0ad479ef7a39bf3e4c806344549c087c00b721a65549a328?s=96&d=mm&r=g\",\"url\":\"https:\\\/\\\/secure.gravatar.com\\\/avatar\\\/e23e8901c88f0cdc0ad479ef7a39bf3e4c806344549c087c00b721a65549a328?s=96&d=mm&r=g\",\"contentUrl\":\"https:\\\/\\\/secure.gravatar.com\\\/avatar\\\/e23e8901c88f0cdc0ad479ef7a39bf3e4c806344549c087c00b721a65549a328?s=96&d=mm&r=g\",\"caption\":\"Jeferson\"},\"url\":\"https:\\\/\\\/msconectado.com.br\\\/?author=3\"}]}<\/script>\n<!-- \/ Yoast SEO plugin. -->","yoast_head_json":{"title":"Vereador Daniel Esquivel solicita estudo para reforma do Terminal Rodovi\u00e1rio de Maracaju - MsConectado","robots":{"index":"index","follow":"follow","max-snippet":"max-snippet:-1","max-image-preview":"max-image-preview:large","max-video-preview":"max-video-preview:-1"},"canonical":"https:\/\/msconectado.com.br\/?p=30643","og_locale":"pt_BR","og_type":"article","og_title":"Vereador Daniel Esquivel solicita estudo para reforma do Terminal Rodovi\u00e1rio de Maracaju - MsConectado","og_description":"Pedido foi apresentado na 13\u00aa sess\u00e3o e destaca necessidade de revitaliza\u00e7\u00e3o e melhorias estruturais no espa\u00e7o Durante a 13\u00aa sess\u00e3o ordin\u00e1ria da C\u00e2mara Municipal de Maracaju, realizada na manh\u00e3 de segunda-feira (27), o vereador Daniel Esquivel utilizou a tribuna para apresentar uma demanda voltada \u00e0 melhoria da infraestrutura urbana do munic\u00edpio. Reforma da rodovi\u00e1ria O [&hellip;]","og_url":"https:\/\/msconectado.com.br\/?p=30643","og_site_name":"MsConectado","article_published_time":"2026-04-28T18:20:35+00:00","article_modified_time":"2026-04-28T18:20:39+00:00","og_image":[{"width":1600,"height":1066,"url":"https:\/\/msconectado.com.br\/wp-content\/uploads\/2026\/04\/IMG_4161.jpg","type":"image\/jpeg"}],"author":"Jeferson","twitter_card":"summary_large_image","twitter_misc":{"Escrito por":"Jeferson","Est. tempo de leitura":"2 minutos"},"schema":{"@context":"https:\/\/schema.org","@graph":[{"@type":"Article","@id":"https:\/\/msconectado.com.br\/?p=30643#article","isPartOf":{"@id":"https:\/\/msconectado.com.br\/?p=30643"},"author":{"name":"Jeferson","@id":"https:\/\/msconectado.com.br\/#\/schema\/person\/feb123a95a93eebea36f0ed6a2e5ba48"},"headline":"Vereador Daniel Esquivel solicita estudo para reforma do Terminal Rodovi\u00e1rio de Maracaju","datePublished":"2026-04-28T18:20:35+00:00","dateModified":"2026-04-28T18:20:39+00:00","mainEntityOfPage":{"@id":"https:\/\/msconectado.com.br\/?p=30643"},"wordCount":289,"commentCount":0,"publisher":{"@id":"https:\/\/msconectado.com.br\/#organization"},"image":{"@id":"https:\/\/msconectado.com.br\/?p=30643#primaryimage"},"thumbnailUrl":"https:\/\/msconectado.com.br\/wp-content\/uploads\/2026\/04\/IMG_4161.jpg","articleSection":["Not\u00edcia","Pol\u00edtica"],"inLanguage":"pt-BR","potentialAction":[{"@type":"CommentAction","name":"Comment","target":["https:\/\/msconectado.com.br\/?p=30643#respond"]}]},{"@type":"WebPage","@id":"https:\/\/msconectado.com.br\/?p=30643","url":"https:\/\/msconectado.com.br\/?p=30643","name":"Vereador Daniel Esquivel solicita estudo para reforma do Terminal Rodovi\u00e1rio de Maracaju - MsConectado","isPartOf":{"@id":"https:\/\/msconectado.com.br\/#website"},"primaryImageOfPage":{"@id":"https:\/\/msconectado.com.br\/?p=30643#primaryimage"},"image":{"@id":"https:\/\/msconectado.com.br\/?p=30643#primaryimage"},"thumbnailUrl":"https:\/\/msconectado.com.br\/wp-content\/uploads\/2026\/04\/IMG_4161.jpg","datePublished":"2026-04-28T18:20:35+00:00","dateModified":"2026-04-28T18:20:39+00:00","breadcrumb":{"@id":"https:\/\/msconectado.com.br\/?p=30643#breadcrumb"},"inLanguage":"pt-BR","potentialAction":[{"@type":"ReadAction","target":["https:\/\/msconectado.com.br\/?p=30643"]}]},{"@type":"ImageObject","inLanguage":"pt-BR","@id":"https:\/\/msconectado.com.br\/?p=30643#primaryimage","url":"https:\/\/msconectado.com.br\/wp-content\/uploads\/2026\/04\/IMG_4161.jpg","contentUrl":"https:\/\/msconectado.com.br\/wp-content\/uploads\/2026\/04\/IMG_4161.jpg","width":1600,"height":1066},{"@type":"BreadcrumbList","@id":"https:\/\/msconectado.com.br\/?p=30643#breadcrumb","itemListElement":[{"@type":"ListItem","position":1,"name":"In\u00edcio","item":"https:\/\/msconectado.com.br\/?page_id=105"},{"@type":"ListItem","position":2,"name":"Vereador Daniel Esquivel solicita estudo para reforma do Terminal Rodovi\u00e1rio de Maracaju"}]},{"@type":"WebSite","@id":"https:\/\/msconectado.com.br\/#website","url":"https:\/\/msconectado.com.br\/","name":"MsConectado","description":"Voc\u00ea Conectado com a Not\u00edcia!","publisher":{"@id":"https:\/\/msconectado.com.br\/#organization"},"potentialAction":[{"@type":"SearchAction","target":{"@type":"EntryPoint","urlTemplate":"https:\/\/msconectado.com.br\/?s={search_term_string}"},"query-input":{"@type":"PropertyValueSpecification","valueRequired":true,"valueName":"search_term_string"}}],"inLanguage":"pt-BR"},{"@type":"Organization","@id":"https:\/\/msconectado.com.br\/#organization","name":"MsConectado","url":"https:\/\/msconectado.com.br\/","logo":{"@type":"ImageObject","inLanguage":"pt-BR","@id":"https:\/\/msconectado.com.br\/#\/schema\/logo\/image\/","url":"https:\/\/msconectado.com.br\/wp-content\/uploads\/2023\/01\/cropped-noticia-2.png","contentUrl":"https:\/\/msconectado.com.br\/wp-content\/uploads\/2023\/01\/cropped-noticia-2.png","width":720,"height":157,"caption":"MsConectado"},"image":{"@id":"https:\/\/msconectado.com.br\/#\/schema\/logo\/image\/"}},{"@type":"Person","@id":"https:\/\/msconectado.com.br\/#\/schema\/person\/feb123a95a93eebea36f0ed6a2e5ba48","name":"Jeferson","image":{"@type":"ImageObject","inLanguage":"pt-BR","@id":"https:\/\/secure.gravatar.com\/avatar\/e23e8901c88f0cdc0ad479ef7a39bf3e4c806344549c087c00b721a65549a328?s=96&d=mm&r=g","url":"https:\/\/secure.gravatar.com\/avatar\/e23e8901c88f0cdc0ad479ef7a39bf3e4c806344549c087c00b721a65549a328?s=96&d=mm&r=g","contentUrl":"https:\/\/secure.gravatar.com\/avatar\/e23e8901c88f0cdc0ad479ef7a39bf3e4c806344549c087c00b721a65549a328?s=96&d=mm&r=g","caption":"Jeferson"},"url":"https:\/\/msconectado.com.br\/?author=3"}]}},"_links":{"self":[{"href":"https:\/\/msconectado.com.br\/index.php?rest_route=\/wp\/v2\/posts\/30643","targetHints":{"allow":["GET"]}}],"collection":[{"href":"https:\/\/msconectado.com.br\/index.php?rest_route=\/wp\/v2\/posts"}],"about":[{"href":"https:\/\/msconectado.com.br\/index.php?rest_route=\/wp\/v2\/types\/post"}],"author":[{"embeddable":true,"href":"https:\/\/msconectado.com.br\/index.php?rest_route=\/wp\/v2\/users\/3"}],"replies":[{"embeddable":true,"href":"https:\/\/msconectado.com.br\/index.php?rest_route=%2Fwp%2Fv2%2Fcomments&post=30643"}],"version-history":[{"count":1,"href":"https:\/\/msconectado.com.br\/index.php?rest_route=\/wp\/v2\/posts\/30643\/revisions"}],"predecessor-version":[{"id":30645,"href":"https:\/\/msconectado.com.br\/index.php?rest_route=\/wp\/v2\/posts\/30643\/revisions\/30645"}],"wp:featuredmedia":[{"embeddable":true,"href":"https:\/\/msconectado.com.br\/index.php?rest_route=\/wp\/v2\/media\/30644"}],"wp:attachment":[{"href":"https:\/\/msconectado.com.br\/index.php?rest_route=%2Fwp%2Fv2%2Fmedia&parent=30643"}],"wp:term":[{"taxonomy":"category","embeddable":true,"href":"https:\/\/msconectado.com.br\/index.php?rest_route=%2Fwp%2Fv2%2Fcategories&post=30643"},{"taxonomy":"post_tag","embeddable":true,"href":"https:\/\/msconectado.com.br\/index.php?rest_route=%2Fwp%2Fv2%2Ftags&post=30643"}],"curies":[{"name":"wp","href":"https:\/\/api.w.org\/{rel}","templated":true}]}}