
{"id":30646,"date":"2026-04-29T14:14:06","date_gmt":"2026-04-29T14:14:06","guid":{"rendered":"https:\/\/msconectado.com.br\/?p=30646"},"modified":"2026-04-29T14:14:11","modified_gmt":"2026-04-29T14:14:11","slug":"30a-festa-da-linguica-de-maracaju-edicao-historica-comeca-amanha-com-grandes-atracoes-e-entrada-franca","status":"publish","type":"post","link":"https:\/\/msconectado.com.br\/?p=30646","title":{"rendered":"30\u00aa Festa da Lingui\u00e7a de Maracaju: Edi\u00e7\u00e3o hist\u00f3rica come\u00e7a amanh\u00e3 com grandes atra\u00e7\u00f5es e entrada franca"},"content":{"rendered":"\n<p><em>O munic\u00edpio de Maracaju se prepara para um dos eventos mais aguardados do Mato Grosso do Sul. Com uma estrutura que promete superar expectativas, a 30\u00aa edi\u00e7\u00e3o da Festa da Lingui\u00e7a abre as portas nesta quinta-feira, 30 de abril, trazendo o sabor inconfund\u00edvel da gastronomia local e uma agenda repleta de grandes nomes da m\u00fasica nacional.<\/em><\/p>\n\n\n\n<p>Considerada a maior festa gastron\u00f4mica do estado, a celebra\u00e7\u00e3o chega ao seu trig\u00e9simo ano consolidada como um marco cultural. Al\u00e9m da culin\u00e1ria t\u00edpica, que atrai turistas de toda a regi\u00e3o, a organiza\u00e7\u00e3o preparou uma grade de shows com entrada gratuita, garantindo tr\u00eas dias de intensa celebra\u00e7\u00e3o, alegria e muita m\u00fasica.<\/p>\n\n\n\n<h3 class=\"wp-block-heading\">Confira a programa\u00e7\u00e3o oficial:<\/h3>\n\n\n\n<ul class=\"wp-block-list\">\n<li><strong>30 de abril:<\/strong> Luan Pereira<\/li>\n\n\n\n<li><strong>01 de maio:<\/strong> Country Beat &amp; Mulherada e Dj Celso<\/li>\n\n\n\n<li><strong>02 de maio:<\/strong> US Agroboy e Dj Celso<\/li>\n<\/ul>\n\n\n\n<h3 class=\"wp-block-heading\">Ingressos: Garanta seu lugar com conforto<\/h3>\n\n\n\n<p>Embora o acesso \u00e0 festa seja aberto ao p\u00fablico, a organiza\u00e7\u00e3o refor\u00e7a que o <strong>1\u00ba lote de ingressos<\/strong> para camarotes, \u00e1reas VIP e mesas j\u00e1 est\u00e1 \u00e0 venda e possui quantidade limitada. A recomenda\u00e7\u00e3o \u00e9 garantir a compra antecipadamente para evitar transtornos e garantir o melhor conforto durante os shows.<\/p>\n\n\n\n<p><strong>Onde comprar (Pontos f\u00edsicos):<\/strong><\/p>\n\n\n\n<ul class=\"wp-block-list\">\n<li>Conveni\u00eancia Carlonga<\/li>\n\n\n\n<li>Mercadisk<\/li>\n\n\n\n<li>JW Conveni\u00eancia<\/li>\n\n\n\n<li>Hookah Lounge Bar<\/li>\n\n\n\n<li>Loja Florenza<\/li>\n<\/ul>\n\n\n\n<p><strong>Vendas online:<\/strong> Para quem prefere a comodidade da compra digital, os ingressos tamb\u00e9m est\u00e3o dispon\u00edveis atrav\u00e9s do site: <a target=\"_blank\" rel=\"noreferrer noopener\" href=\"http:\/\/www.ingressonacional.com.br\">www.ingressonacional.com.br<\/a><\/p>\n\n\n\n<p>A 30\u00aa Festa da Lingui\u00e7a de Maracaju promete ser um evento para ficar na mem\u00f3ria. Organize sua agenda, avise os amigos e prepare-se para viver a tradi\u00e7\u00e3o em grande estilo.<\/p>\n\n\n\n<p><em>Fique atento \u00e0s redes sociais do evento para atualiza\u00e7\u00f5es e prepare o cora\u00e7\u00e3o: a festa come\u00e7a amanh\u00e3!<\/em><\/p>\n\n\n\n<p>Reda\u00e7\u00e3o<\/p>\n\n\n<div class=\"wp-block-image\">\n<figure class=\"aligncenter size-full\"><img fetchpriority=\"high\" decoding=\"async\" width=\"900\" height=\"100\" src=\"https:\/\/msconectado.com.br\/wp-content\/uploads\/2026\/04\/900X100_BANNERWEB-16425-.-Campanha-Cidade-de-Oportunidades-.gif\" alt=\"\" class=\"wp-image-30573\"\/><\/figure>\n<\/div>","protected":false},"excerpt":{"rendered":"<p>O munic\u00edpio de Maracaju se prepara para um dos eventos mais aguardados do Mato Grosso do Sul. Com uma estrutura que promete superar expectativas, a 30\u00aa edi\u00e7\u00e3o da Festa da Lingui\u00e7a abre as portas nesta quinta-feira, 30 de abril, trazendo o sabor inconfund\u00edvel da gastronomia local e uma agenda repleta de grandes nomes da m\u00fasica [&hellip;]<\/p>\n","protected":false},"author":3,"featured_media":30648,"comment_status":"open","ping_status":"closed","sticky":false,"template":"","format":"standard","meta":{"footnotes":""},"categories":[36],"tags":[],"class_list":["post-30646","post","type-post","status-publish","format-standard","has-post-thumbnail","hentry","category-eventos"],"yoast_head":"<!-- This site is optimized with the Yoast SEO plugin v27.5 - https:\/\/yoast.com\/product\/yoast-seo-wordpress\/ -->\n<title>30\u00aa Festa da Lingui\u00e7a de Maracaju: Edi\u00e7\u00e3o hist\u00f3rica come\u00e7a amanh\u00e3 com grandes atra\u00e7\u00f5es e entrada franca - MsConectado<\/title>\n<meta name=\"robots\" content=\"index, follow, max-snippet:-1, max-image-preview:large, max-video-preview:-1\" \/>\n<link rel=\"canonical\" href=\"https:\/\/msconectado.com.br\/?p=30646\" \/>\n<meta property=\"og:locale\" content=\"pt_BR\" \/>\n<meta property=\"og:type\" content=\"article\" \/>\n<meta property=\"og:title\" content=\"30\u00aa Festa da Lingui\u00e7a de Maracaju: Edi\u00e7\u00e3o hist\u00f3rica come\u00e7a amanh\u00e3 com grandes atra\u00e7\u00f5es e entrada franca - MsConectado\" \/>\n<meta property=\"og:description\" content=\"O munic\u00edpio de Maracaju se prepara para um dos eventos mais aguardados do Mato Grosso do Sul. Com uma estrutura que promete superar expectativas, a 30\u00aa edi\u00e7\u00e3o da Festa da Lingui\u00e7a abre as portas nesta quinta-feira, 30 de abril, trazendo o sabor inconfund\u00edvel da gastronomia local e uma agenda repleta de grandes nomes da m\u00fasica [&hellip;]\" \/>\n<meta property=\"og:url\" content=\"https:\/\/msconectado.com.br\/?p=30646\" \/>\n<meta property=\"og:site_name\" content=\"MsConectado\" \/>\n<meta property=\"article:published_time\" content=\"2026-04-29T14:14:06+00:00\" \/>\n<meta property=\"article:modified_time\" content=\"2026-04-29T14:14:11+00:00\" \/>\n<meta property=\"og:image\" content=\"https:\/\/msconectado.com.br\/wp-content\/uploads\/2026\/04\/riedel-1.jpg\" \/>\n\t<meta property=\"og:image:width\" content=\"800\" \/>\n\t<meta property=\"og:image:height\" content=\"439\" \/>\n\t<meta property=\"og:image:type\" content=\"image\/jpeg\" \/>\n<meta name=\"author\" content=\"Jeferson\" \/>\n<meta name=\"twitter:card\" content=\"summary_large_image\" \/>\n<meta name=\"twitter:label1\" content=\"Escrito por\" \/>\n\t<meta name=\"twitter:data1\" content=\"Jeferson\" \/>\n\t<meta name=\"twitter:label2\" content=\"Est. tempo de leitura\" \/>\n\t<meta name=\"twitter:data2\" content=\"2 minutos\" \/>\n<script type=\"application\/ld+json\" class=\"yoast-schema-graph\">{\"@context\":\"https:\\\/\\\/schema.org\",\"@graph\":[{\"@type\":\"Article\",\"@id\":\"https:\\\/\\\/msconectado.com.br\\\/?p=30646#article\",\"isPartOf\":{\"@id\":\"https:\\\/\\\/msconectado.com.br\\\/?p=30646\"},\"author\":{\"name\":\"Jeferson\",\"@id\":\"https:\\\/\\\/msconectado.com.br\\\/#\\\/schema\\\/person\\\/feb123a95a93eebea36f0ed6a2e5ba48\"},\"headline\":\"30\u00aa Festa da Lingui\u00e7a de Maracaju: Edi\u00e7\u00e3o hist\u00f3rica come\u00e7a amanh\u00e3 com grandes atra\u00e7\u00f5es e entrada franca\",\"datePublished\":\"2026-04-29T14:14:06+00:00\",\"dateModified\":\"2026-04-29T14:14:11+00:00\",\"mainEntityOfPage\":{\"@id\":\"https:\\\/\\\/msconectado.com.br\\\/?p=30646\"},\"wordCount\":318,\"commentCount\":0,\"publisher\":{\"@id\":\"https:\\\/\\\/msconectado.com.br\\\/#organization\"},\"image\":{\"@id\":\"https:\\\/\\\/msconectado.com.br\\\/?p=30646#primaryimage\"},\"thumbnailUrl\":\"https:\\\/\\\/msconectado.com.br\\\/wp-content\\\/uploads\\\/2026\\\/04\\\/riedel-1.jpg\",\"articleSection\":[\"Eventos\"],\"inLanguage\":\"pt-BR\",\"potentialAction\":[{\"@type\":\"CommentAction\",\"name\":\"Comment\",\"target\":[\"https:\\\/\\\/msconectado.com.br\\\/?p=30646#respond\"]}]},{\"@type\":\"WebPage\",\"@id\":\"https:\\\/\\\/msconectado.com.br\\\/?p=30646\",\"url\":\"https:\\\/\\\/msconectado.com.br\\\/?p=30646\",\"name\":\"30\u00aa Festa da Lingui\u00e7a de Maracaju: Edi\u00e7\u00e3o hist\u00f3rica come\u00e7a amanh\u00e3 com grandes atra\u00e7\u00f5es e entrada franca - MsConectado\",\"isPartOf\":{\"@id\":\"https:\\\/\\\/msconectado.com.br\\\/#website\"},\"primaryImageOfPage\":{\"@id\":\"https:\\\/\\\/msconectado.com.br\\\/?p=30646#primaryimage\"},\"image\":{\"@id\":\"https:\\\/\\\/msconectado.com.br\\\/?p=30646#primaryimage\"},\"thumbnailUrl\":\"https:\\\/\\\/msconectado.com.br\\\/wp-content\\\/uploads\\\/2026\\\/04\\\/riedel-1.jpg\",\"datePublished\":\"2026-04-29T14:14:06+00:00\",\"dateModified\":\"2026-04-29T14:14:11+00:00\",\"breadcrumb\":{\"@id\":\"https:\\\/\\\/msconectado.com.br\\\/?p=30646#breadcrumb\"},\"inLanguage\":\"pt-BR\",\"potentialAction\":[{\"@type\":\"ReadAction\",\"target\":[\"https:\\\/\\\/msconectado.com.br\\\/?p=30646\"]}]},{\"@type\":\"ImageObject\",\"inLanguage\":\"pt-BR\",\"@id\":\"https:\\\/\\\/msconectado.com.br\\\/?p=30646#primaryimage\",\"url\":\"https:\\\/\\\/msconectado.com.br\\\/wp-content\\\/uploads\\\/2026\\\/04\\\/riedel-1.jpg\",\"contentUrl\":\"https:\\\/\\\/msconectado.com.br\\\/wp-content\\\/uploads\\\/2026\\\/04\\\/riedel-1.jpg\",\"width\":800,\"height\":439},{\"@type\":\"BreadcrumbList\",\"@id\":\"https:\\\/\\\/msconectado.com.br\\\/?p=30646#breadcrumb\",\"itemListElement\":[{\"@type\":\"ListItem\",\"position\":1,\"name\":\"In\u00edcio\",\"item\":\"https:\\\/\\\/msconectado.com.br\\\/\"},{\"@type\":\"ListItem\",\"position\":2,\"name\":\"30\u00aa Festa da Lingui\u00e7a de Maracaju: Edi\u00e7\u00e3o hist\u00f3rica come\u00e7a amanh\u00e3 com grandes atra\u00e7\u00f5es e entrada franca\"}]},{\"@type\":\"WebSite\",\"@id\":\"https:\\\/\\\/msconectado.com.br\\\/#website\",\"url\":\"https:\\\/\\\/msconectado.com.br\\\/\",\"name\":\"MsConectado\",\"description\":\"Voc\u00ea Conectado com a Not\u00edcia!\",\"publisher\":{\"@id\":\"https:\\\/\\\/msconectado.com.br\\\/#organization\"},\"potentialAction\":[{\"@type\":\"SearchAction\",\"target\":{\"@type\":\"EntryPoint\",\"urlTemplate\":\"https:\\\/\\\/msconectado.com.br\\\/?s={search_term_string}\"},\"query-input\":{\"@type\":\"PropertyValueSpecification\",\"valueRequired\":true,\"valueName\":\"search_term_string\"}}],\"inLanguage\":\"pt-BR\"},{\"@type\":\"Organization\",\"@id\":\"https:\\\/\\\/msconectado.com.br\\\/#organization\",\"name\":\"MsConectado\",\"url\":\"https:\\\/\\\/msconectado.com.br\\\/\",\"logo\":{\"@type\":\"ImageObject\",\"inLanguage\":\"pt-BR\",\"@id\":\"https:\\\/\\\/msconectado.com.br\\\/#\\\/schema\\\/logo\\\/image\\\/\",\"url\":\"https:\\\/\\\/msconectado.com.br\\\/wp-content\\\/uploads\\\/2023\\\/01\\\/cropped-noticia-2.png\",\"contentUrl\":\"https:\\\/\\\/msconectado.com.br\\\/wp-content\\\/uploads\\\/2023\\\/01\\\/cropped-noticia-2.png\",\"width\":720,\"height\":157,\"caption\":\"MsConectado\"},\"image\":{\"@id\":\"https:\\\/\\\/msconectado.com.br\\\/#\\\/schema\\\/logo\\\/image\\\/\"}},{\"@type\":\"Person\",\"@id\":\"https:\\\/\\\/msconectado.com.br\\\/#\\\/schema\\\/person\\\/feb123a95a93eebea36f0ed6a2e5ba48\",\"name\":\"Jeferson\",\"image\":{\"@type\":\"ImageObject\",\"inLanguage\":\"pt-BR\",\"@id\":\"https:\\\/\\\/secure.gravatar.com\\\/avatar\\\/e23e8901c88f0cdc0ad479ef7a39bf3e4c806344549c087c00b721a65549a328?s=96&d=mm&r=g\",\"url\":\"https:\\\/\\\/secure.gravatar.com\\\/avatar\\\/e23e8901c88f0cdc0ad479ef7a39bf3e4c806344549c087c00b721a65549a328?s=96&d=mm&r=g\",\"contentUrl\":\"https:\\\/\\\/secure.gravatar.com\\\/avatar\\\/e23e8901c88f0cdc0ad479ef7a39bf3e4c806344549c087c00b721a65549a328?s=96&d=mm&r=g\",\"caption\":\"Jeferson\"},\"url\":\"https:\\\/\\\/msconectado.com.br\\\/?author=3\"}]}<\/script>\n<!-- \/ Yoast SEO plugin. -->","yoast_head_json":{"title":"30\u00aa Festa da Lingui\u00e7a de Maracaju: Edi\u00e7\u00e3o hist\u00f3rica come\u00e7a amanh\u00e3 com grandes atra\u00e7\u00f5es e entrada franca - MsConectado","robots":{"index":"index","follow":"follow","max-snippet":"max-snippet:-1","max-image-preview":"max-image-preview:large","max-video-preview":"max-video-preview:-1"},"canonical":"https:\/\/msconectado.com.br\/?p=30646","og_locale":"pt_BR","og_type":"article","og_title":"30\u00aa Festa da Lingui\u00e7a de Maracaju: Edi\u00e7\u00e3o hist\u00f3rica come\u00e7a amanh\u00e3 com grandes atra\u00e7\u00f5es e entrada franca - MsConectado","og_description":"O munic\u00edpio de Maracaju se prepara para um dos eventos mais aguardados do Mato Grosso do Sul. Com uma estrutura que promete superar expectativas, a 30\u00aa edi\u00e7\u00e3o da Festa da Lingui\u00e7a abre as portas nesta quinta-feira, 30 de abril, trazendo o sabor inconfund\u00edvel da gastronomia local e uma agenda repleta de grandes nomes da m\u00fasica [&hellip;]","og_url":"https:\/\/msconectado.com.br\/?p=30646","og_site_name":"MsConectado","article_published_time":"2026-04-29T14:14:06+00:00","article_modified_time":"2026-04-29T14:14:11+00:00","og_image":[{"width":800,"height":439,"url":"https:\/\/msconectado.com.br\/wp-content\/uploads\/2026\/04\/riedel-1.jpg","type":"image\/jpeg"}],"author":"Jeferson","twitter_card":"summary_large_image","twitter_misc":{"Escrito por":"Jeferson","Est. tempo de leitura":"2 minutos"},"schema":{"@context":"https:\/\/schema.org","@graph":[{"@type":"Article","@id":"https:\/\/msconectado.com.br\/?p=30646#article","isPartOf":{"@id":"https:\/\/msconectado.com.br\/?p=30646"},"author":{"name":"Jeferson","@id":"https:\/\/msconectado.com.br\/#\/schema\/person\/feb123a95a93eebea36f0ed6a2e5ba48"},"headline":"30\u00aa Festa da Lingui\u00e7a de Maracaju: Edi\u00e7\u00e3o hist\u00f3rica come\u00e7a amanh\u00e3 com grandes atra\u00e7\u00f5es e entrada franca","datePublished":"2026-04-29T14:14:06+00:00","dateModified":"2026-04-29T14:14:11+00:00","mainEntityOfPage":{"@id":"https:\/\/msconectado.com.br\/?p=30646"},"wordCount":318,"commentCount":0,"publisher":{"@id":"https:\/\/msconectado.com.br\/#organization"},"image":{"@id":"https:\/\/msconectado.com.br\/?p=30646#primaryimage"},"thumbnailUrl":"https:\/\/msconectado.com.br\/wp-content\/uploads\/2026\/04\/riedel-1.jpg","articleSection":["Eventos"],"inLanguage":"pt-BR","potentialAction":[{"@type":"CommentAction","name":"Comment","target":["https:\/\/msconectado.com.br\/?p=30646#respond"]}]},{"@type":"WebPage","@id":"https:\/\/msconectado.com.br\/?p=30646","url":"https:\/\/msconectado.com.br\/?p=30646","name":"30\u00aa Festa da Lingui\u00e7a de Maracaju: Edi\u00e7\u00e3o hist\u00f3rica come\u00e7a amanh\u00e3 com grandes atra\u00e7\u00f5es e entrada franca - MsConectado","isPartOf":{"@id":"https:\/\/msconectado.com.br\/#website"},"primaryImageOfPage":{"@id":"https:\/\/msconectado.com.br\/?p=30646#primaryimage"},"image":{"@id":"https:\/\/msconectado.com.br\/?p=30646#primaryimage"},"thumbnailUrl":"https:\/\/msconectado.com.br\/wp-content\/uploads\/2026\/04\/riedel-1.jpg","datePublished":"2026-04-29T14:14:06+00:00","dateModified":"2026-04-29T14:14:11+00:00","breadcrumb":{"@id":"https:\/\/msconectado.com.br\/?p=30646#breadcrumb"},"inLanguage":"pt-BR","potentialAction":[{"@type":"ReadAction","target":["https:\/\/msconectado.com.br\/?p=30646"]}]},{"@type":"ImageObject","inLanguage":"pt-BR","@id":"https:\/\/msconectado.com.br\/?p=30646#primaryimage","url":"https:\/\/msconectado.com.br\/wp-content\/uploads\/2026\/04\/riedel-1.jpg","contentUrl":"https:\/\/msconectado.com.br\/wp-content\/uploads\/2026\/04\/riedel-1.jpg","width":800,"height":439},{"@type":"BreadcrumbList","@id":"https:\/\/msconectado.com.br\/?p=30646#breadcrumb","itemListElement":[{"@type":"ListItem","position":1,"name":"In\u00edcio","item":"https:\/\/msconectado.com.br\/"},{"@type":"ListItem","position":2,"name":"30\u00aa Festa da Lingui\u00e7a de Maracaju: Edi\u00e7\u00e3o hist\u00f3rica come\u00e7a amanh\u00e3 com grandes atra\u00e7\u00f5es e entrada franca"}]},{"@type":"WebSite","@id":"https:\/\/msconectado.com.br\/#website","url":"https:\/\/msconectado.com.br\/","name":"MsConectado","description":"Voc\u00ea Conectado com a Not\u00edcia!","publisher":{"@id":"https:\/\/msconectado.com.br\/#organization"},"potentialAction":[{"@type":"SearchAction","target":{"@type":"EntryPoint","urlTemplate":"https:\/\/msconectado.com.br\/?s={search_term_string}"},"query-input":{"@type":"PropertyValueSpecification","valueRequired":true,"valueName":"search_term_string"}}],"inLanguage":"pt-BR"},{"@type":"Organization","@id":"https:\/\/msconectado.com.br\/#organization","name":"MsConectado","url":"https:\/\/msconectado.com.br\/","logo":{"@type":"ImageObject","inLanguage":"pt-BR","@id":"https:\/\/msconectado.com.br\/#\/schema\/logo\/image\/","url":"https:\/\/msconectado.com.br\/wp-content\/uploads\/2023\/01\/cropped-noticia-2.png","contentUrl":"https:\/\/msconectado.com.br\/wp-content\/uploads\/2023\/01\/cropped-noticia-2.png","width":720,"height":157,"caption":"MsConectado"},"image":{"@id":"https:\/\/msconectado.com.br\/#\/schema\/logo\/image\/"}},{"@type":"Person","@id":"https:\/\/msconectado.com.br\/#\/schema\/person\/feb123a95a93eebea36f0ed6a2e5ba48","name":"Jeferson","image":{"@type":"ImageObject","inLanguage":"pt-BR","@id":"https:\/\/secure.gravatar.com\/avatar\/e23e8901c88f0cdc0ad479ef7a39bf3e4c806344549c087c00b721a65549a328?s=96&d=mm&r=g","url":"https:\/\/secure.gravatar.com\/avatar\/e23e8901c88f0cdc0ad479ef7a39bf3e4c806344549c087c00b721a65549a328?s=96&d=mm&r=g","contentUrl":"https:\/\/secure.gravatar.com\/avatar\/e23e8901c88f0cdc0ad479ef7a39bf3e4c806344549c087c00b721a65549a328?s=96&d=mm&r=g","caption":"Jeferson"},"url":"https:\/\/msconectado.com.br\/?author=3"}]}},"_links":{"self":[{"href":"https:\/\/msconectado.com.br\/index.php?rest_route=\/wp\/v2\/posts\/30646","targetHints":{"allow":["GET"]}}],"collection":[{"href":"https:\/\/msconectado.com.br\/index.php?rest_route=\/wp\/v2\/posts"}],"about":[{"href":"https:\/\/msconectado.com.br\/index.php?rest_route=\/wp\/v2\/types\/post"}],"author":[{"embeddable":true,"href":"https:\/\/msconectado.com.br\/index.php?rest_route=\/wp\/v2\/users\/3"}],"replies":[{"embeddable":true,"href":"https:\/\/msconectado.com.br\/index.php?rest_route=%2Fwp%2Fv2%2Fcomments&post=30646"}],"version-history":[{"count":1,"href":"https:\/\/msconectado.com.br\/index.php?rest_route=\/wp\/v2\/posts\/30646\/revisions"}],"predecessor-version":[{"id":30649,"href":"https:\/\/msconectado.com.br\/index.php?rest_route=\/wp\/v2\/posts\/30646\/revisions\/30649"}],"wp:featuredmedia":[{"embeddable":true,"href":"https:\/\/msconectado.com.br\/index.php?rest_route=\/wp\/v2\/media\/30648"}],"wp:attachment":[{"href":"https:\/\/msconectado.com.br\/index.php?rest_route=%2Fwp%2Fv2%2Fmedia&parent=30646"}],"wp:term":[{"taxonomy":"category","embeddable":true,"href":"https:\/\/msconectado.com.br\/index.php?rest_route=%2Fwp%2Fv2%2Fcategories&post=30646"},{"taxonomy":"post_tag","embeddable":true,"href":"https:\/\/msconectado.com.br\/index.php?rest_route=%2Fwp%2Fv2%2Ftags&post=30646"}],"curies":[{"name":"wp","href":"https:\/\/api.w.org\/{rel}","templated":true}]}}