
{"id":30681,"date":"2026-04-30T13:47:31","date_gmt":"2026-04-30T13:47:31","guid":{"rendered":"https:\/\/msconectado.com.br\/?p=30681"},"modified":"2026-04-30T13:47:34","modified_gmt":"2026-04-30T13:47:34","slug":"circula-cultura-ms-chega-a-30a-festa-da-linguica-e-amplia-acesso-a-cultura-em-maracaju","status":"publish","type":"post","link":"https:\/\/msconectado.com.br\/?p=30681","title":{"rendered":"Circula Cultura MS chega \u00e0 30\u00aa Festa da Lingui\u00e7a e amplia acesso \u00e0 cultura em Maracaju"},"content":{"rendered":"\n<p>O projeto Circula Cultura MS chega \u00e0 30\u00aa edi\u00e7\u00e3o da tradicional Festa da Lingui\u00e7a de Maracaju, nesta quinta-feira (30), ap\u00f3s j\u00e1 ter passado por 23 munic\u00edpios de Mato Grosso do Sul e realizar mais de 100 atra\u00e7\u00f5es de artistas locais e regionais.<\/p>\n\n\n\n<p>A iniciativa leva uma programa\u00e7\u00e3o cultural diversificada por meio de uma carreta-palco que percorre diferentes regi\u00f5es do Estado.<\/p>\n\n\n\n<p>A estrutura itinerante, montada em um caminh\u00e3o adaptado, funciona como palco e unidade m\u00f3vel de eventos para a realiza\u00e7\u00e3o de espet\u00e1culos e atividades culturais.<\/p>\n\n\n\n<p>\u201cEstar na programa\u00e7\u00e3o de um evento t\u00e3o tradicional como a Festa da Lingui\u00e7a de Maracaju refor\u00e7a o quanto cultura, arte e identidade caminham juntas no desenvolvimento do nosso Estado. O Circula Cultura MS refor\u00e7a essas ra\u00edzes, ao mesmo tempo em que impulsiona a economia criativa, gera oportunidades para nossos artistas e fortalece a cultura como um ativo essencial para Mato Grosso do Sul\u201d, afirma o diretor-presidente da Funda\u00e7\u00e3o de Cultura de Mato Grosso do Sul (FCMS), Eduardo Mendes.<\/p>\n\n\n\n<p>A Festa da Lingui\u00e7a de Maracaju \u00e9 um dos principais eventos do calend\u00e1rio sul-mato-grossense, que re\u00fane gastronomia, cultura e entretenimento. Em sua 30\u00aa edi\u00e7\u00e3o, o evento promete para os quatro dias de programa\u00e7\u00e3o movimentar a economia local e valorizar a tradicional receita artesanal da lingui\u00e7a produzida na regi\u00e3o. Toda a renda arrecadada \u00e9 destinada a entidades filantr\u00f3picas de Maracaju.<\/p>\n\n\n\n<p>\u201cA exemplo do que j\u00e1 realizamos nos 23 munic\u00edpios por onde passamos, o projeto valoriza o envolvimento da comunidade e promove o protagonismo dos locais com suas tradi\u00e7\u00f5es, hist\u00f3ria e viv\u00eancias por onde passa, como acontecer\u00e1 na Festa da Lingui\u00e7a\u201d, pontua o coordenador do projeto e diretor da Organiza\u00e7\u00e3o da Sociedade Civil (OSC) respons\u00e1vel pela execu\u00e7\u00e3o do Circula Cultura MS, Flor e Espinho Teatro, Anderson Lima.<\/p>\n\n\n\n<p>A programa\u00e7\u00e3o do Circula Cultura MS varia em cada cidade e inclui apresenta\u00e7\u00f5es de m\u00fasica, dan\u00e7a, teatro, circo, capoeira e manifesta\u00e7\u00f5es da cultura popular.<\/p>\n\n\n\n<p>Na estrada<br>O circuito de mostras do Circula Cultura MS \u2013 2026 teve in\u00edcio no dia 23 de mar\u00e7o e j\u00e1 passou por 23 munic\u00edpios: Sonora, Coxim, Alcin\u00f3polis, Figueir\u00e3o, Camapu\u00e3, Rio Verde de Mato Grosso, Bandeirantes, Jaraguari, Rochedo, Corguinho, Terenos, Dois Irm\u00e3os do Buriti, Anast\u00e1cio, Miranda, Bodoquena, Porto Murtinho, Ant\u00f4nio Jo\u00e3o, Jardim, Nioaque, Vicentina, Douradina, Laguna Carap\u00e3 e Guia Lopes da Laguna. A programa\u00e7\u00e3o segue at\u00e9 o dia 22 de maio de 2026, com encerramento previsto no munic\u00edpio de Para\u00edso das \u00c1guas.<\/p>\n\n\n\n<p>Confira a programa\u00e7\u00e3o completa dos pr\u00f3ximos dias:<br>30\/04 \u2013 Maracaju<br>Espet\u00e1culo de circo: O Grande Salto<br>Grupo: Jo\u00e3o Rocha<\/p>\n\n\n\n<p>01\/05 \u2013 Maracaju<br>Espet\u00e1culo de teatro: Navegantes<br>Grupo: Deslimites<br>Espet\u00e1culo de circo: Gran Finalle<br>Grupo: Cia Pisando Alto<\/p>\n\n\n\n<p>02\/05 \u2013 Aral Moreira<br>Espet\u00e1culo de teatro: Navegantes<br>Grupo: Deslimites<\/p>\n\n\n\n<p>03\/05 &#8211; Coronel Sapucaia<br>Espet\u00e1culo de teatro: Revolu\u00e7\u00e3o<br>Grupo: Teatral Grupo de Risco<\/p>\n\n\n\n<p>08\/05 \u2013 Paranhos<br>Espet\u00e1culo de teatro: A Fabulosa Hist\u00f3ria do Guri-\u00c1rvore<br>Grupo: Fulano Di Tal<\/p>\n\n\n\n<p>09\/05 \u2013 Tacuru<br>Espet\u00e1culo de teatro: A Fabulosa Hist\u00f3ria do Guri-\u00c1rvore<br>Grupo: Fulano Di Tal<\/p>\n\n\n\n<p>11\/05 \u2013 Eldorado<br>Espet\u00e1culo de circo: Fuzarca<br>Grupo: Trupior<\/p>\n\n\n\n<p>12\/05 \u2013 Itaquira\u00ed<br>Espet\u00e1culo de circo: Rick Thibau<br>Grupo: Eu sei o que voc\u00ea est\u00e1 pensando<\/p>\n\n\n\n<p>13\/05 \u2013 Deod\u00e1polis<br>Espet\u00e1culo de circo: Rick Thibau<br>Grupo: Eu sei o que voc\u00ea est\u00e1 pensando<\/p>\n\n\n\n<p>14\/05 \u2013 Deod\u00e1polis<br>Espet\u00e1culo de dan\u00e7a: Aleando<br>Grupo: Embrujos de Espa\u00f1a<\/p>\n\n\n\n<p>Circula Cultura MS \u2013 2026<br>O Circula Cultura MS \u00e9 um projeto financiado pela Pol\u00edtica Nacional Aldir Blanc do Governo Federal, operacionalizado pelo Governo do Estado de Mato Grosso do Sul, por meio da Secretaria de Estado de Turismo, Esporte e Cultura (Setesc) e da Funda\u00e7\u00e3o de Cultura de MS (FCMS), com produ\u00e7\u00e3o da Flor e Espinho Teatro.<\/p>\n\n\n\n<p>Mais informa\u00e7\u00f5es<br>Associa\u00e7\u00e3o Flor e Espinho\u2028Atendimento de segunda a sexta-feira, das 8h \u00e0s 11h30 e das 13h30 \u00e0s 17h30\u2028Rua Pedro Celestino, 3750, Monte Castelo \u2013 Campo Grande (MS)\u2028E-mail: floreespinho@gmail.com<\/p>\n\n\n\n<p>Assessoria<\/p>\n\n\n<div class=\"wp-block-image\">\n<figure class=\"aligncenter size-full\"><img fetchpriority=\"high\" decoding=\"async\" width=\"900\" height=\"100\" src=\"https:\/\/msconectado.com.br\/wp-content\/uploads\/2026\/04\/900X100_BANNERWEB-16425-.-Campanha-Cidade-de-Oportunidades-.gif\" alt=\"\" class=\"wp-image-30573\"\/><\/figure>\n<\/div>","protected":false},"excerpt":{"rendered":"<p>O projeto Circula Cultura MS chega \u00e0 30\u00aa edi\u00e7\u00e3o da tradicional Festa da Lingui\u00e7a de Maracaju, nesta quinta-feira (30), ap\u00f3s j\u00e1 ter passado por 23 munic\u00edpios de Mato Grosso do Sul e realizar mais de 100 atra\u00e7\u00f5es de artistas locais e regionais. A iniciativa leva uma programa\u00e7\u00e3o cultural diversificada por meio de uma carreta-palco que [&hellip;]<\/p>\n","protected":false},"author":3,"featured_media":30682,"comment_status":"open","ping_status":"closed","sticky":false,"template":"","format":"standard","meta":{"footnotes":""},"categories":[35,1],"tags":[],"class_list":["post-30681","post","type-post","status-publish","format-standard","has-post-thumbnail","hentry","category-cidades","category-noticia"],"yoast_head":"<!-- This site is optimized with the Yoast SEO plugin v27.5 - https:\/\/yoast.com\/product\/yoast-seo-wordpress\/ -->\n<title>Circula Cultura MS chega \u00e0 30\u00aa Festa da Lingui\u00e7a e amplia acesso \u00e0 cultura em Maracaju - MsConectado<\/title>\n<meta name=\"robots\" content=\"index, follow, max-snippet:-1, max-image-preview:large, max-video-preview:-1\" \/>\n<link rel=\"canonical\" href=\"https:\/\/msconectado.com.br\/?p=30681\" \/>\n<meta property=\"og:locale\" content=\"pt_BR\" \/>\n<meta property=\"og:type\" content=\"article\" \/>\n<meta property=\"og:title\" content=\"Circula Cultura MS chega \u00e0 30\u00aa Festa da Lingui\u00e7a e amplia acesso \u00e0 cultura em Maracaju - MsConectado\" \/>\n<meta property=\"og:description\" content=\"O projeto Circula Cultura MS chega \u00e0 30\u00aa edi\u00e7\u00e3o da tradicional Festa da Lingui\u00e7a de Maracaju, nesta quinta-feira (30), ap\u00f3s j\u00e1 ter passado por 23 munic\u00edpios de Mato Grosso do Sul e realizar mais de 100 atra\u00e7\u00f5es de artistas locais e regionais. A iniciativa leva uma programa\u00e7\u00e3o cultural diversificada por meio de uma carreta-palco que [&hellip;]\" \/>\n<meta property=\"og:url\" content=\"https:\/\/msconectado.com.br\/?p=30681\" \/>\n<meta property=\"og:site_name\" content=\"MsConectado\" \/>\n<meta property=\"article:published_time\" content=\"2026-04-30T13:47:31+00:00\" \/>\n<meta property=\"article:modified_time\" content=\"2026-04-30T13:47:34+00:00\" \/>\n<meta property=\"og:image\" content=\"https:\/\/msconectado.com.br\/wp-content\/uploads\/2026\/04\/IMG_4154-e1777556838500.jpg\" \/>\n\t<meta property=\"og:image:width\" content=\"800\" \/>\n\t<meta property=\"og:image:height\" content=\"504\" \/>\n\t<meta property=\"og:image:type\" content=\"image\/jpeg\" \/>\n<meta name=\"author\" content=\"Jeferson\" \/>\n<meta name=\"twitter:card\" content=\"summary_large_image\" \/>\n<meta name=\"twitter:label1\" content=\"Escrito por\" \/>\n\t<meta name=\"twitter:data1\" content=\"Jeferson\" \/>\n\t<meta name=\"twitter:label2\" content=\"Est. tempo de leitura\" \/>\n\t<meta name=\"twitter:data2\" content=\"4 minutos\" \/>\n<script type=\"application\/ld+json\" class=\"yoast-schema-graph\">{\"@context\":\"https:\\\/\\\/schema.org\",\"@graph\":[{\"@type\":\"Article\",\"@id\":\"https:\\\/\\\/msconectado.com.br\\\/?p=30681#article\",\"isPartOf\":{\"@id\":\"https:\\\/\\\/msconectado.com.br\\\/?p=30681\"},\"author\":{\"name\":\"Jeferson\",\"@id\":\"https:\\\/\\\/msconectado.com.br\\\/#\\\/schema\\\/person\\\/feb123a95a93eebea36f0ed6a2e5ba48\"},\"headline\":\"Circula Cultura MS chega \u00e0 30\u00aa Festa da Lingui\u00e7a e amplia acesso \u00e0 cultura em Maracaju\",\"datePublished\":\"2026-04-30T13:47:31+00:00\",\"dateModified\":\"2026-04-30T13:47:34+00:00\",\"mainEntityOfPage\":{\"@id\":\"https:\\\/\\\/msconectado.com.br\\\/?p=30681\"},\"wordCount\":659,\"commentCount\":0,\"publisher\":{\"@id\":\"https:\\\/\\\/msconectado.com.br\\\/#organization\"},\"image\":{\"@id\":\"https:\\\/\\\/msconectado.com.br\\\/?p=30681#primaryimage\"},\"thumbnailUrl\":\"https:\\\/\\\/msconectado.com.br\\\/wp-content\\\/uploads\\\/2026\\\/04\\\/IMG_4154-e1777556838500.jpg\",\"articleSection\":[\"Cidades\",\"Not\u00edcia\"],\"inLanguage\":\"pt-BR\",\"potentialAction\":[{\"@type\":\"CommentAction\",\"name\":\"Comment\",\"target\":[\"https:\\\/\\\/msconectado.com.br\\\/?p=30681#respond\"]}]},{\"@type\":\"WebPage\",\"@id\":\"https:\\\/\\\/msconectado.com.br\\\/?p=30681\",\"url\":\"https:\\\/\\\/msconectado.com.br\\\/?p=30681\",\"name\":\"Circula Cultura MS chega \u00e0 30\u00aa Festa da Lingui\u00e7a e amplia acesso \u00e0 cultura em Maracaju - MsConectado\",\"isPartOf\":{\"@id\":\"https:\\\/\\\/msconectado.com.br\\\/#website\"},\"primaryImageOfPage\":{\"@id\":\"https:\\\/\\\/msconectado.com.br\\\/?p=30681#primaryimage\"},\"image\":{\"@id\":\"https:\\\/\\\/msconectado.com.br\\\/?p=30681#primaryimage\"},\"thumbnailUrl\":\"https:\\\/\\\/msconectado.com.br\\\/wp-content\\\/uploads\\\/2026\\\/04\\\/IMG_4154-e1777556838500.jpg\",\"datePublished\":\"2026-04-30T13:47:31+00:00\",\"dateModified\":\"2026-04-30T13:47:34+00:00\",\"breadcrumb\":{\"@id\":\"https:\\\/\\\/msconectado.com.br\\\/?p=30681#breadcrumb\"},\"inLanguage\":\"pt-BR\",\"potentialAction\":[{\"@type\":\"ReadAction\",\"target\":[\"https:\\\/\\\/msconectado.com.br\\\/?p=30681\"]}]},{\"@type\":\"ImageObject\",\"inLanguage\":\"pt-BR\",\"@id\":\"https:\\\/\\\/msconectado.com.br\\\/?p=30681#primaryimage\",\"url\":\"https:\\\/\\\/msconectado.com.br\\\/wp-content\\\/uploads\\\/2026\\\/04\\\/IMG_4154-e1777556838500.jpg\",\"contentUrl\":\"https:\\\/\\\/msconectado.com.br\\\/wp-content\\\/uploads\\\/2026\\\/04\\\/IMG_4154-e1777556838500.jpg\",\"width\":800,\"height\":504},{\"@type\":\"BreadcrumbList\",\"@id\":\"https:\\\/\\\/msconectado.com.br\\\/?p=30681#breadcrumb\",\"itemListElement\":[{\"@type\":\"ListItem\",\"position\":1,\"name\":\"In\u00edcio\",\"item\":\"https:\\\/\\\/msconectado.com.br\\\/?page_id=105\"},{\"@type\":\"ListItem\",\"position\":2,\"name\":\"Circula Cultura MS chega \u00e0 30\u00aa Festa da Lingui\u00e7a e amplia acesso \u00e0 cultura em Maracaju\"}]},{\"@type\":\"WebSite\",\"@id\":\"https:\\\/\\\/msconectado.com.br\\\/#website\",\"url\":\"https:\\\/\\\/msconectado.com.br\\\/\",\"name\":\"MsConectado\",\"description\":\"Voc\u00ea Conectado com a Not\u00edcia!\",\"publisher\":{\"@id\":\"https:\\\/\\\/msconectado.com.br\\\/#organization\"},\"potentialAction\":[{\"@type\":\"SearchAction\",\"target\":{\"@type\":\"EntryPoint\",\"urlTemplate\":\"https:\\\/\\\/msconectado.com.br\\\/?s={search_term_string}\"},\"query-input\":{\"@type\":\"PropertyValueSpecification\",\"valueRequired\":true,\"valueName\":\"search_term_string\"}}],\"inLanguage\":\"pt-BR\"},{\"@type\":\"Organization\",\"@id\":\"https:\\\/\\\/msconectado.com.br\\\/#organization\",\"name\":\"MsConectado\",\"url\":\"https:\\\/\\\/msconectado.com.br\\\/\",\"logo\":{\"@type\":\"ImageObject\",\"inLanguage\":\"pt-BR\",\"@id\":\"https:\\\/\\\/msconectado.com.br\\\/#\\\/schema\\\/logo\\\/image\\\/\",\"url\":\"https:\\\/\\\/msconectado.com.br\\\/wp-content\\\/uploads\\\/2023\\\/01\\\/cropped-noticia-2.png\",\"contentUrl\":\"https:\\\/\\\/msconectado.com.br\\\/wp-content\\\/uploads\\\/2023\\\/01\\\/cropped-noticia-2.png\",\"width\":720,\"height\":157,\"caption\":\"MsConectado\"},\"image\":{\"@id\":\"https:\\\/\\\/msconectado.com.br\\\/#\\\/schema\\\/logo\\\/image\\\/\"}},{\"@type\":\"Person\",\"@id\":\"https:\\\/\\\/msconectado.com.br\\\/#\\\/schema\\\/person\\\/feb123a95a93eebea36f0ed6a2e5ba48\",\"name\":\"Jeferson\",\"image\":{\"@type\":\"ImageObject\",\"inLanguage\":\"pt-BR\",\"@id\":\"https:\\\/\\\/secure.gravatar.com\\\/avatar\\\/e23e8901c88f0cdc0ad479ef7a39bf3e4c806344549c087c00b721a65549a328?s=96&d=mm&r=g\",\"url\":\"https:\\\/\\\/secure.gravatar.com\\\/avatar\\\/e23e8901c88f0cdc0ad479ef7a39bf3e4c806344549c087c00b721a65549a328?s=96&d=mm&r=g\",\"contentUrl\":\"https:\\\/\\\/secure.gravatar.com\\\/avatar\\\/e23e8901c88f0cdc0ad479ef7a39bf3e4c806344549c087c00b721a65549a328?s=96&d=mm&r=g\",\"caption\":\"Jeferson\"},\"url\":\"https:\\\/\\\/msconectado.com.br\\\/?author=3\"}]}<\/script>\n<!-- \/ Yoast SEO plugin. -->","yoast_head_json":{"title":"Circula Cultura MS chega \u00e0 30\u00aa Festa da Lingui\u00e7a e amplia acesso \u00e0 cultura em Maracaju - MsConectado","robots":{"index":"index","follow":"follow","max-snippet":"max-snippet:-1","max-image-preview":"max-image-preview:large","max-video-preview":"max-video-preview:-1"},"canonical":"https:\/\/msconectado.com.br\/?p=30681","og_locale":"pt_BR","og_type":"article","og_title":"Circula Cultura MS chega \u00e0 30\u00aa Festa da Lingui\u00e7a e amplia acesso \u00e0 cultura em Maracaju - MsConectado","og_description":"O projeto Circula Cultura MS chega \u00e0 30\u00aa edi\u00e7\u00e3o da tradicional Festa da Lingui\u00e7a de Maracaju, nesta quinta-feira (30), ap\u00f3s j\u00e1 ter passado por 23 munic\u00edpios de Mato Grosso do Sul e realizar mais de 100 atra\u00e7\u00f5es de artistas locais e regionais. A iniciativa leva uma programa\u00e7\u00e3o cultural diversificada por meio de uma carreta-palco que [&hellip;]","og_url":"https:\/\/msconectado.com.br\/?p=30681","og_site_name":"MsConectado","article_published_time":"2026-04-30T13:47:31+00:00","article_modified_time":"2026-04-30T13:47:34+00:00","og_image":[{"width":800,"height":504,"url":"https:\/\/msconectado.com.br\/wp-content\/uploads\/2026\/04\/IMG_4154-e1777556838500.jpg","type":"image\/jpeg"}],"author":"Jeferson","twitter_card":"summary_large_image","twitter_misc":{"Escrito por":"Jeferson","Est. tempo de leitura":"4 minutos"},"schema":{"@context":"https:\/\/schema.org","@graph":[{"@type":"Article","@id":"https:\/\/msconectado.com.br\/?p=30681#article","isPartOf":{"@id":"https:\/\/msconectado.com.br\/?p=30681"},"author":{"name":"Jeferson","@id":"https:\/\/msconectado.com.br\/#\/schema\/person\/feb123a95a93eebea36f0ed6a2e5ba48"},"headline":"Circula Cultura MS chega \u00e0 30\u00aa Festa da Lingui\u00e7a e amplia acesso \u00e0 cultura em Maracaju","datePublished":"2026-04-30T13:47:31+00:00","dateModified":"2026-04-30T13:47:34+00:00","mainEntityOfPage":{"@id":"https:\/\/msconectado.com.br\/?p=30681"},"wordCount":659,"commentCount":0,"publisher":{"@id":"https:\/\/msconectado.com.br\/#organization"},"image":{"@id":"https:\/\/msconectado.com.br\/?p=30681#primaryimage"},"thumbnailUrl":"https:\/\/msconectado.com.br\/wp-content\/uploads\/2026\/04\/IMG_4154-e1777556838500.jpg","articleSection":["Cidades","Not\u00edcia"],"inLanguage":"pt-BR","potentialAction":[{"@type":"CommentAction","name":"Comment","target":["https:\/\/msconectado.com.br\/?p=30681#respond"]}]},{"@type":"WebPage","@id":"https:\/\/msconectado.com.br\/?p=30681","url":"https:\/\/msconectado.com.br\/?p=30681","name":"Circula Cultura MS chega \u00e0 30\u00aa Festa da Lingui\u00e7a e amplia acesso \u00e0 cultura em Maracaju - MsConectado","isPartOf":{"@id":"https:\/\/msconectado.com.br\/#website"},"primaryImageOfPage":{"@id":"https:\/\/msconectado.com.br\/?p=30681#primaryimage"},"image":{"@id":"https:\/\/msconectado.com.br\/?p=30681#primaryimage"},"thumbnailUrl":"https:\/\/msconectado.com.br\/wp-content\/uploads\/2026\/04\/IMG_4154-e1777556838500.jpg","datePublished":"2026-04-30T13:47:31+00:00","dateModified":"2026-04-30T13:47:34+00:00","breadcrumb":{"@id":"https:\/\/msconectado.com.br\/?p=30681#breadcrumb"},"inLanguage":"pt-BR","potentialAction":[{"@type":"ReadAction","target":["https:\/\/msconectado.com.br\/?p=30681"]}]},{"@type":"ImageObject","inLanguage":"pt-BR","@id":"https:\/\/msconectado.com.br\/?p=30681#primaryimage","url":"https:\/\/msconectado.com.br\/wp-content\/uploads\/2026\/04\/IMG_4154-e1777556838500.jpg","contentUrl":"https:\/\/msconectado.com.br\/wp-content\/uploads\/2026\/04\/IMG_4154-e1777556838500.jpg","width":800,"height":504},{"@type":"BreadcrumbList","@id":"https:\/\/msconectado.com.br\/?p=30681#breadcrumb","itemListElement":[{"@type":"ListItem","position":1,"name":"In\u00edcio","item":"https:\/\/msconectado.com.br\/?page_id=105"},{"@type":"ListItem","position":2,"name":"Circula Cultura MS chega \u00e0 30\u00aa Festa da Lingui\u00e7a e amplia acesso \u00e0 cultura em Maracaju"}]},{"@type":"WebSite","@id":"https:\/\/msconectado.com.br\/#website","url":"https:\/\/msconectado.com.br\/","name":"MsConectado","description":"Voc\u00ea Conectado com a Not\u00edcia!","publisher":{"@id":"https:\/\/msconectado.com.br\/#organization"},"potentialAction":[{"@type":"SearchAction","target":{"@type":"EntryPoint","urlTemplate":"https:\/\/msconectado.com.br\/?s={search_term_string}"},"query-input":{"@type":"PropertyValueSpecification","valueRequired":true,"valueName":"search_term_string"}}],"inLanguage":"pt-BR"},{"@type":"Organization","@id":"https:\/\/msconectado.com.br\/#organization","name":"MsConectado","url":"https:\/\/msconectado.com.br\/","logo":{"@type":"ImageObject","inLanguage":"pt-BR","@id":"https:\/\/msconectado.com.br\/#\/schema\/logo\/image\/","url":"https:\/\/msconectado.com.br\/wp-content\/uploads\/2023\/01\/cropped-noticia-2.png","contentUrl":"https:\/\/msconectado.com.br\/wp-content\/uploads\/2023\/01\/cropped-noticia-2.png","width":720,"height":157,"caption":"MsConectado"},"image":{"@id":"https:\/\/msconectado.com.br\/#\/schema\/logo\/image\/"}},{"@type":"Person","@id":"https:\/\/msconectado.com.br\/#\/schema\/person\/feb123a95a93eebea36f0ed6a2e5ba48","name":"Jeferson","image":{"@type":"ImageObject","inLanguage":"pt-BR","@id":"https:\/\/secure.gravatar.com\/avatar\/e23e8901c88f0cdc0ad479ef7a39bf3e4c806344549c087c00b721a65549a328?s=96&d=mm&r=g","url":"https:\/\/secure.gravatar.com\/avatar\/e23e8901c88f0cdc0ad479ef7a39bf3e4c806344549c087c00b721a65549a328?s=96&d=mm&r=g","contentUrl":"https:\/\/secure.gravatar.com\/avatar\/e23e8901c88f0cdc0ad479ef7a39bf3e4c806344549c087c00b721a65549a328?s=96&d=mm&r=g","caption":"Jeferson"},"url":"https:\/\/msconectado.com.br\/?author=3"}]}},"_links":{"self":[{"href":"https:\/\/msconectado.com.br\/index.php?rest_route=\/wp\/v2\/posts\/30681","targetHints":{"allow":["GET"]}}],"collection":[{"href":"https:\/\/msconectado.com.br\/index.php?rest_route=\/wp\/v2\/posts"}],"about":[{"href":"https:\/\/msconectado.com.br\/index.php?rest_route=\/wp\/v2\/types\/post"}],"author":[{"embeddable":true,"href":"https:\/\/msconectado.com.br\/index.php?rest_route=\/wp\/v2\/users\/3"}],"replies":[{"embeddable":true,"href":"https:\/\/msconectado.com.br\/index.php?rest_route=%2Fwp%2Fv2%2Fcomments&post=30681"}],"version-history":[{"count":1,"href":"https:\/\/msconectado.com.br\/index.php?rest_route=\/wp\/v2\/posts\/30681\/revisions"}],"predecessor-version":[{"id":30683,"href":"https:\/\/msconectado.com.br\/index.php?rest_route=\/wp\/v2\/posts\/30681\/revisions\/30683"}],"wp:featuredmedia":[{"embeddable":true,"href":"https:\/\/msconectado.com.br\/index.php?rest_route=\/wp\/v2\/media\/30682"}],"wp:attachment":[{"href":"https:\/\/msconectado.com.br\/index.php?rest_route=%2Fwp%2Fv2%2Fmedia&parent=30681"}],"wp:term":[{"taxonomy":"category","embeddable":true,"href":"https:\/\/msconectado.com.br\/index.php?rest_route=%2Fwp%2Fv2%2Fcategories&post=30681"},{"taxonomy":"post_tag","embeddable":true,"href":"https:\/\/msconectado.com.br\/index.php?rest_route=%2Fwp%2Fv2%2Ftags&post=30681"}],"curies":[{"name":"wp","href":"https:\/\/api.w.org\/{rel}","templated":true}]}}